{"id":156651,"date":"2025-07-28T11:11:16","date_gmt":"2025-07-28T11:11:16","guid":{"rendered":"https:\/\/all-car-news.com\/nicht-jeder-wird-ueber-diese-neue-mercedes-funktion-gluecklich-sein\/"},"modified":"2025-07-28T11:11:16","modified_gmt":"2025-07-28T11:11:16","slug":"nicht-jeder-wird-ueber-diese-neue-mercedes-funktion-gluecklich-sein","status":"publish","type":"post","link":"https:\/\/all-car-news.com\/de\/nicht-jeder-wird-ueber-diese-neue-mercedes-funktion-gluecklich-sein\/","title":{"rendered":"Nicht jeder wird \u00fcber diese neue Mercedes-Funktion gl\u00fccklich sein"},"content":{"rendered":"<h2><strong>Das Auto als dritter Arbeitsplatz  &nbsp;<\/strong><\/h2>\n<p>Mercedes-Benz baut sein digitales \u00d6kosystem aus: Ab diesem Sommer werden neue Modelle mit einer verbesserten Microsoft Teams-Integration ausgestattet sein. Mercedes selbst nennt es &#8222;einen neuen Standard f\u00fcr Produktivit\u00e4t unterwegs&#8220;. Zugegeben, es klingt beeindruckend: Im neuen <a href=\"https:\/\/youtube.com\/shorts\/xHivRssBmlQ?si=v43ENCR4AG9KlYvp\" target=\"_blank\" rel=\"noreferrer noopener\">CLA<\/a> k\u00f6nnen Sie sich bald bei Microsoft Teams anmelden, die eingebaute Kamera nutzen und sich in einem Online-Meeting zeigen, w\u00e4hrend Sie zu Ihrem n\u00e4chsten Termin fahren. Oder naja, nicht wirklich zeigen, denn um Ablenkungen zu vermeiden, schaltet das System die Bildanzeige automatisch ab, sobald Sie losfahren. Sie sind also dabei, aber ohne Folien, Bildschirmfreigabe oder visuellen Input. Denn zum Gl\u00fcck hat die Sicherheit immer noch Vorrang vor der Produktivit\u00e4t.     <\/p>\n<h2><strong>MB.OS<\/strong><\/h2>\n<p>Die Integration von Microsoft Teams ist Teil einer umfassenderen Zusammenarbeit zwischen Mercedes-Benz und Microsoft. In der Tat bauen die Deutschen ihr MB.OS-Betriebssystem zu einer Art fahrendem Laptop aus. Nicht nur Teams, sondern auch Microsoft Intune wird integriert sein &#8211; ein Verwaltungstool, mit dem Unternehmen Ger\u00e4te und Apps zentral steuern k\u00f6nnen. Damit wird Ihr Arbeitgeber bald kontrollieren k\u00f6nnen, welche Apps Sie im Auto nutzen k\u00f6nnen, auf welche Daten Sie zugreifen k\u00f6nnen und ob Sie \u00fcberhaupt auf bestimmte Funktionen zugreifen k\u00f6nnen.   <\/p>\n<h2><strong><strong>F\u00fcr wen ist das?<\/strong><\/strong><\/h2>\n<p>Als ob das nicht schon verr\u00fcckt genug w\u00e4re: Mercedes will auch Microsoft 365 Copilot in Ihr Auto einbauen: ein KI-Assistent, der Ihre E-Mails zusammenfasst, Meetings vorbereitet und Kundendaten ausgr\u00e4bt. Klingt praktisch? Oder erschreckend? Denn geben Sie es zu: Haben Sie wirklich auf einen weiteren Ort gewartet, um Ihren Posteingang loszuwerden?    Wahrscheinlich nicht. Die Vorstellung, im Stau zu tagen, klingt f\u00fcr viele wie ein Albtraum. Aber f\u00fcr den Meeting-hungrigen Manager mit einem unstillbaren Durst nach Effizienz &#8211; selbst in einem Tunnel ohne Empfang &#8211; k\u00f6nnte dies der ultimative Luxus sein&#8230;. <\/p>\n<p>Lesen Sie auch: <a href=\"https:\/\/autorai.nl\/mercedes-cla-shooting-brake-station-2025\/\" target=\"_blank\" rel=\"noreferrer noopener\">Dieser neue Mercedes ist der am schnellsten aufladbare Kombi mit der gr\u00f6\u00dften Reichweite<\/a><\/p>\n<figure class=\"wp-block-embed is-type-wp-embed is-provider-autorai-nl wp-block-embed-autorai-nl\">\n<div class=\"wp-block-embed__wrapper\">\n<blockquote class=\"wp-embedded-content\" data-secret=\"stklEEk3Ya\"><p><a href=\"https:\/\/autorai.nl\/mercedes-cla-shooting-brake-station-2025\/\">Dieser neue Mercedes ist der am schnellsten aufladbare Kombi mit der gr\u00f6\u00dften Reichweite<\/a><\/p><\/blockquote>\n<\/div>\n<\/figure>\n","protected":false},"excerpt":{"rendered":"Das Auto als dritter Arbeitsplatz Mercedes-Benz erweitert sein digitales \u00d6kosystem: Ab diesem Sommer werden neue Modelle mit einer verbesserten Microsoft&hellip;","protected":false},"author":0,"featured_media":156637,"comment_status":"","ping_status":"open","sticky":false,"template":"","format":"standard","meta":{"footnotes":""},"categories":[125],"tags":[],"class_list":["post-156651","post","type-post","status-publish","format-standard","has-post-thumbnail","hentry","category-auto-nachrichten"],"acf":[],"yoast_head":"<!-- This site is optimized with the Yoast SEO plugin v21.2 - https:\/\/yoast.com\/wordpress\/plugins\/seo\/ -->\n<title>Nicht jeder wird \u00fcber diese neue Mercedes-Funktion gl\u00fccklich sein - All cars news<\/title>\n<meta name=\"robots\" content=\"index, follow, max-snippet:-1, max-image-preview:large, max-video-preview:-1\" \/>\n<link rel=\"canonical\" href=\"https:\/\/all-car-news.com\/de\/nicht-jeder-wird-ueber-diese-neue-mercedes-funktion-gluecklich-sein\/\" \/>\n<meta property=\"og:locale\" content=\"de_DE\" \/>\n<meta property=\"og:type\" content=\"article\" \/>\n<meta property=\"og:title\" content=\"Nicht jeder wird \u00fcber diese neue Mercedes-Funktion gl\u00fccklich sein - All cars news\" \/>\n<meta property=\"og:description\" content=\"Das Auto als dritter Arbeitsplatz Mercedes-Benz erweitert sein digitales \u00d6kosystem: Ab diesem Sommer werden neue Modelle mit einer verbesserten Microsoft Teams-Integration ausgestattet sein. Mercedes selbst nennt es &quot;einen neuen Standard f\u00fcr Produktivit\u00e4t unterwegs&quot;. Zugegeben, es klingt beeindruckend: Im neuen CLA k\u00f6nnen Sie sich bald bei Microsoft Teams anmelden, die eingebaute Kamera [...]\" \/>\n<meta property=\"og:url\" content=\"https:\/\/all-car-news.com\/de\/nicht-jeder-wird-ueber-diese-neue-mercedes-funktion-gluecklich-sein\/\" \/>\n<meta property=\"og:site_name\" content=\"All cars news\" \/>\n<meta property=\"article:published_time\" content=\"2025-07-28T11:11:16+00:00\" \/>\n<meta name=\"twitter:card\" content=\"summary_large_image\" \/>\n<meta name=\"twitter:label1\" content=\"Gesch\u00e4tzte Lesezeit\" \/>\n\t<meta name=\"twitter:data1\" content=\"2\u00a0Minuten\" \/>\n<script type=\"application\/ld+json\" class=\"yoast-schema-graph\">{\"@context\":\"https:\/\/schema.org\",\"@graph\":[{\"@type\":\"Article\",\"@id\":\"https:\/\/all-car-news.com\/de\/nicht-jeder-wird-ueber-diese-neue-mercedes-funktion-gluecklich-sein\/#article\",\"isPartOf\":{\"@id\":\"https:\/\/all-car-news.com\/de\/nicht-jeder-wird-ueber-diese-neue-mercedes-funktion-gluecklich-sein\/\"},\"author\":{\"name\":\"\",\"@id\":\"\"},\"headline\":\"Nicht jeder wird \u00fcber diese neue Mercedes-Funktion gl\u00fccklich sein\",\"datePublished\":\"2025-07-28T11:11:16+00:00\",\"dateModified\":\"2025-07-28T11:11:16+00:00\",\"mainEntityOfPage\":{\"@id\":\"https:\/\/all-car-news.com\/de\/nicht-jeder-wird-ueber-diese-neue-mercedes-funktion-gluecklich-sein\/\"},\"wordCount\":345,\"publisher\":{\"@id\":\"https:\/\/all-car-news.com\/de\/#organization\"},\"articleSection\":[\"Auto Nachrichten\"],\"inLanguage\":\"de\"},{\"@type\":\"WebPage\",\"@id\":\"https:\/\/all-car-news.com\/de\/nicht-jeder-wird-ueber-diese-neue-mercedes-funktion-gluecklich-sein\/\",\"url\":\"https:\/\/all-car-news.com\/de\/nicht-jeder-wird-ueber-diese-neue-mercedes-funktion-gluecklich-sein\/\",\"name\":\"Nicht jeder wird \u00fcber diese neue Mercedes-Funktion gl\u00fccklich sein - All cars news\",\"isPartOf\":{\"@id\":\"https:\/\/all-car-news.com\/de\/#website\"},\"datePublished\":\"2025-07-28T11:11:16+00:00\",\"dateModified\":\"2025-07-28T11:11:16+00:00\",\"breadcrumb\":{\"@id\":\"https:\/\/all-car-news.com\/de\/nicht-jeder-wird-ueber-diese-neue-mercedes-funktion-gluecklich-sein\/#breadcrumb\"},\"inLanguage\":\"de\",\"potentialAction\":[{\"@type\":\"ReadAction\",\"target\":[\"https:\/\/all-car-news.com\/de\/nicht-jeder-wird-ueber-diese-neue-mercedes-funktion-gluecklich-sein\/\"]}]},{\"@type\":\"BreadcrumbList\",\"@id\":\"https:\/\/all-car-news.com\/de\/nicht-jeder-wird-ueber-diese-neue-mercedes-funktion-gluecklich-sein\/#breadcrumb\",\"itemListElement\":[{\"@type\":\"ListItem\",\"position\":1,\"name\":\"Home\",\"item\":\"https:\/\/all-car-news.com\/de\/\"},{\"@type\":\"ListItem\",\"position\":2,\"name\":\"Nicht jeder wird \u00fcber diese neue Mercedes-Funktion gl\u00fccklich sein\"}]},{\"@type\":\"WebSite\",\"@id\":\"https:\/\/all-car-news.com\/de\/#website\",\"url\":\"https:\/\/all-car-news.com\/de\/\",\"name\":\"All cars news\",\"description\":\"\",\"publisher\":{\"@id\":\"https:\/\/all-car-news.com\/de\/#organization\"},\"potentialAction\":[{\"@type\":\"SearchAction\",\"target\":{\"@type\":\"EntryPoint\",\"urlTemplate\":\"https:\/\/all-car-news.com\/de\/?s={search_term_string}\"},\"query-input\":\"required name=search_term_string\"}],\"inLanguage\":\"de\"},{\"@type\":\"Organization\",\"@id\":\"https:\/\/all-car-news.com\/de\/#organization\",\"name\":\"All cars news\",\"url\":\"https:\/\/all-car-news.com\/de\/\",\"logo\":{\"@type\":\"ImageObject\",\"inLanguage\":\"de\",\"@id\":\"https:\/\/all-car-news.com\/de\/#\/schema\/logo\/image\/\",\"url\":\"https:\/\/all-car-news.com\/wp-content\/uploads\/2022\/02\/CMYK-AllCarNews_LANDSCAPE_300px-1.png\",\"contentUrl\":\"https:\/\/all-car-news.com\/wp-content\/uploads\/2022\/02\/CMYK-AllCarNews_LANDSCAPE_300px-1.png\",\"width\":300,\"height\":100,\"caption\":\"All cars news\"},\"image\":{\"@id\":\"https:\/\/all-car-news.com\/de\/#\/schema\/logo\/image\/\"}}]}<\/script>\n<!-- \/ Yoast SEO plugin. -->","yoast_head_json":{"title":"Nicht jeder wird \u00fcber diese neue Mercedes-Funktion gl\u00fccklich sein - All cars news","robots":{"index":"index","follow":"follow","max-snippet":"max-snippet:-1","max-image-preview":"max-image-preview:large","max-video-preview":"max-video-preview:-1"},"canonical":"https:\/\/all-car-news.com\/de\/nicht-jeder-wird-ueber-diese-neue-mercedes-funktion-gluecklich-sein\/","og_locale":"de_DE","og_type":"article","og_title":"Nicht jeder wird \u00fcber diese neue Mercedes-Funktion gl\u00fccklich sein - All cars news","og_description":"Das Auto als dritter Arbeitsplatz Mercedes-Benz erweitert sein digitales \u00d6kosystem: Ab diesem Sommer werden neue Modelle mit einer verbesserten Microsoft Teams-Integration ausgestattet sein. Mercedes selbst nennt es \"einen neuen Standard f\u00fcr Produktivit\u00e4t unterwegs\". Zugegeben, es klingt beeindruckend: Im neuen CLA k\u00f6nnen Sie sich bald bei Microsoft Teams anmelden, die eingebaute Kamera [...]","og_url":"https:\/\/all-car-news.com\/de\/nicht-jeder-wird-ueber-diese-neue-mercedes-funktion-gluecklich-sein\/","og_site_name":"All cars news","article_published_time":"2025-07-28T11:11:16+00:00","twitter_card":"summary_large_image","twitter_misc":{"Gesch\u00e4tzte Lesezeit":"2\u00a0Minuten"},"schema":{"@context":"https:\/\/schema.org","@graph":[{"@type":"Article","@id":"https:\/\/all-car-news.com\/de\/nicht-jeder-wird-ueber-diese-neue-mercedes-funktion-gluecklich-sein\/#article","isPartOf":{"@id":"https:\/\/all-car-news.com\/de\/nicht-jeder-wird-ueber-diese-neue-mercedes-funktion-gluecklich-sein\/"},"author":{"name":"","@id":""},"headline":"Nicht jeder wird \u00fcber diese neue Mercedes-Funktion gl\u00fccklich sein","datePublished":"2025-07-28T11:11:16+00:00","dateModified":"2025-07-28T11:11:16+00:00","mainEntityOfPage":{"@id":"https:\/\/all-car-news.com\/de\/nicht-jeder-wird-ueber-diese-neue-mercedes-funktion-gluecklich-sein\/"},"wordCount":345,"publisher":{"@id":"https:\/\/all-car-news.com\/de\/#organization"},"articleSection":["Auto Nachrichten"],"inLanguage":"de"},{"@type":"WebPage","@id":"https:\/\/all-car-news.com\/de\/nicht-jeder-wird-ueber-diese-neue-mercedes-funktion-gluecklich-sein\/","url":"https:\/\/all-car-news.com\/de\/nicht-jeder-wird-ueber-diese-neue-mercedes-funktion-gluecklich-sein\/","name":"Nicht jeder wird \u00fcber diese neue Mercedes-Funktion gl\u00fccklich sein - All cars news","isPartOf":{"@id":"https:\/\/all-car-news.com\/de\/#website"},"datePublished":"2025-07-28T11:11:16+00:00","dateModified":"2025-07-28T11:11:16+00:00","breadcrumb":{"@id":"https:\/\/all-car-news.com\/de\/nicht-jeder-wird-ueber-diese-neue-mercedes-funktion-gluecklich-sein\/#breadcrumb"},"inLanguage":"de","potentialAction":[{"@type":"ReadAction","target":["https:\/\/all-car-news.com\/de\/nicht-jeder-wird-ueber-diese-neue-mercedes-funktion-gluecklich-sein\/"]}]},{"@type":"BreadcrumbList","@id":"https:\/\/all-car-news.com\/de\/nicht-jeder-wird-ueber-diese-neue-mercedes-funktion-gluecklich-sein\/#breadcrumb","itemListElement":[{"@type":"ListItem","position":1,"name":"Home","item":"https:\/\/all-car-news.com\/de\/"},{"@type":"ListItem","position":2,"name":"Nicht jeder wird \u00fcber diese neue Mercedes-Funktion gl\u00fccklich sein"}]},{"@type":"WebSite","@id":"https:\/\/all-car-news.com\/de\/#website","url":"https:\/\/all-car-news.com\/de\/","name":"All cars news","description":"","publisher":{"@id":"https:\/\/all-car-news.com\/de\/#organization"},"potentialAction":[{"@type":"SearchAction","target":{"@type":"EntryPoint","urlTemplate":"https:\/\/all-car-news.com\/de\/?s={search_term_string}"},"query-input":"required name=search_term_string"}],"inLanguage":"de"},{"@type":"Organization","@id":"https:\/\/all-car-news.com\/de\/#organization","name":"All cars news","url":"https:\/\/all-car-news.com\/de\/","logo":{"@type":"ImageObject","inLanguage":"de","@id":"https:\/\/all-car-news.com\/de\/#\/schema\/logo\/image\/","url":"https:\/\/all-car-news.com\/wp-content\/uploads\/2022\/02\/CMYK-AllCarNews_LANDSCAPE_300px-1.png","contentUrl":"https:\/\/all-car-news.com\/wp-content\/uploads\/2022\/02\/CMYK-AllCarNews_LANDSCAPE_300px-1.png","width":300,"height":100,"caption":"All cars news"},"image":{"@id":"https:\/\/all-car-news.com\/de\/#\/schema\/logo\/image\/"}}]}},"_links":{"self":[{"href":"https:\/\/all-car-news.com\/de\/wp-json\/wp\/v2\/posts\/156651","targetHints":{"allow":["GET"]}}],"collection":[{"href":"https:\/\/all-car-news.com\/de\/wp-json\/wp\/v2\/posts"}],"about":[{"href":"https:\/\/all-car-news.com\/de\/wp-json\/wp\/v2\/types\/post"}],"replies":[{"embeddable":true,"href":"https:\/\/all-car-news.com\/de\/wp-json\/wp\/v2\/comments?post=156651"}],"version-history":[{"count":0,"href":"https:\/\/all-car-news.com\/de\/wp-json\/wp\/v2\/posts\/156651\/revisions"}],"wp:featuredmedia":[{"embeddable":true,"href":"https:\/\/all-car-news.com\/de\/wp-json\/wp\/v2\/media\/156637"}],"wp:attachment":[{"href":"https:\/\/all-car-news.com\/de\/wp-json\/wp\/v2\/media?parent=156651"}],"wp:term":[{"taxonomy":"category","embeddable":true,"href":"https:\/\/all-car-news.com\/de\/wp-json\/wp\/v2\/categories?post=156651"},{"taxonomy":"post_tag","embeddable":true,"href":"https:\/\/all-car-news.com\/de\/wp-json\/wp\/v2\/tags?post=156651"}],"curies":[{"name":"wp","href":"https:\/\/api.w.org\/{rel}","templated":true}]}}