{"id":154127,"date":"2025-04-09T09:05:01","date_gmt":"2025-04-09T09:05:01","guid":{"rendered":"https:\/\/all-car-news.com\/campen-in-einem-honda-cr-v-das-koennen-sie-in-diesem-fahrzeug-tun\/"},"modified":"2025-04-09T09:05:01","modified_gmt":"2025-04-09T09:05:01","slug":"campen-in-einem-honda-cr-v-das-koennen-sie-in-diesem-fahrzeug-tun","status":"publish","type":"post","link":"https:\/\/all-car-news.com\/de\/campen-in-einem-honda-cr-v-das-koennen-sie-in-diesem-fahrzeug-tun\/","title":{"rendered":"Campen in einem Honda CR-V: Das k\u00f6nnen Sie in diesem Fahrzeug tun"},"content":{"rendered":"<h2>Honda CR-V feiert sein 30-j\u00e4hriges Jubil\u00e4um<\/h2>\n<p>Der erste Honda CR-V kam 1995 auf den Markt, also vor 30 Jahren. CR-V steht f\u00fcr Compact Recreational Vehicle. Heute befindet sich der CR-V in seiner sechsten Generation und war bis 2024 der drittmeistverkaufte SUV der Welt, mit mehr als 1 Million verkauften Einheiten in Europa seit seiner Einf\u00fchrung. Der Honda CR-V &#8218;Dream Pod&#8216; feiert drei Jahrzehnte CR-V.   <\/p>\n<h2>Campingausr\u00fcstung<\/h2>\n<p>Der Honda CR-V Dream Pod verf\u00fcgt \u00fcber eine spezielle Campingausr\u00fcstung, Originalzubeh\u00f6r von Honda und verschiedene Komfortmerkmale. Das Herzst\u00fcck des &#8222;Dream Pod&#8220; ist das EGOE Nestboard 650, eine kompakte Camping-Einbaul\u00f6sung, die in den 617 Liter fassenden Kofferraum des CR-V passt. <\/p>\n<figure class=\"wp-block-image size-content\"><img decoding=\"async\" loading=\"lazy\" width=\"1140\" height=\"713\" src=\"https:\/\/autorai.nl\/wp-content\/uploads\/2025\/04\/honda-crv-dream-pod-foto2-1140x713.jpg\" alt=\"Honda CR-V Dream Pod Konzept\" class=\"wp-image-197084\"><\/figure>\n<h2>Doppelmatratze<\/h2>\n<p>Wenn die R\u00fccksitze umgeklappt sind, l\u00e4sst sich die Doppelmatratze leicht zu einem gem\u00fctlichen Schlafplatz f\u00fcr zwei Erwachsene ausklappen. Der Unterbau enth\u00e4lt eine ausziehbare Schublade mit einem Kocher, eine klappbare Sp\u00fcle und viel Stauraum f\u00fcr Utensilien, Besteck und Geschirr. <\/p>\n<h2>Traumschiff<\/h2>\n<p>Im Innenraum verf\u00fcgt der Dream Pod \u00fcber ma\u00dfgeschneiderte Komfortmerkmale wie &#8222;Tech Pods&#8220; mit LED-Leselampen, ausziehbaren Seitentischen und USB-Ladepunkten. Speziell angefertigte Verdunkelungspaneele f\u00fcr die hinteren Fenster und ein ausziehbarer Vorhang hinter den Vordersitzen sorgen f\u00fcr zus\u00e4tzliche Privatsph\u00e4re. <\/p>\n<h2>Beleuchtete Einstiegsleisten<\/h2>\n<p>Mehrere Honda-Originalzubeh\u00f6rteile erweitern die Campingf\u00e4higkeiten des Dream Pods. Dazu geh\u00f6rt ein von Honda zertifizierter Thule-Fahrradtr\u00e4ger an der abnehmbaren hinteren Anh\u00e4ngerkupplung, der auch die volle Nutzung der 1.500 kg Anh\u00e4ngelast erm\u00f6glicht. Ma\u00dfgefertigte Gummifu\u00dfmatten halten den Innenraum nach einem schlammigen Spaziergang sauber. Die Einstiegsleisten sind beleuchtet.   <\/p>\n","protected":false},"excerpt":{"rendered":"Honda CR-V feiert 30 Jahre Der erste Honda CR-V kam 1995 auf den Markt, also vor 30 Jahren. CR-V steht&hellip;","protected":false},"author":0,"featured_media":154100,"comment_status":"","ping_status":"open","sticky":false,"template":"","format":"standard","meta":{"footnotes":""},"categories":[125],"tags":[],"class_list":["post-154127","post","type-post","status-publish","format-standard","has-post-thumbnail","hentry","category-auto-nachrichten"],"acf":[],"yoast_head":"<!-- This site is optimized with the Yoast SEO plugin v21.2 - https:\/\/yoast.com\/wordpress\/plugins\/seo\/ -->\n<title>Campen in einem Honda CR-V: Das k\u00f6nnen Sie in diesem Fahrzeug tun - All cars news<\/title>\n<meta name=\"robots\" content=\"index, follow, max-snippet:-1, max-image-preview:large, max-video-preview:-1\" \/>\n<link rel=\"canonical\" href=\"https:\/\/all-car-news.com\/de\/campen-in-einem-honda-cr-v-das-koennen-sie-in-diesem-fahrzeug-tun\/\" \/>\n<meta property=\"og:locale\" content=\"de_DE\" \/>\n<meta property=\"og:type\" content=\"article\" \/>\n<meta property=\"og:title\" content=\"Campen in einem Honda CR-V: Das k\u00f6nnen Sie in diesem Fahrzeug tun - All cars news\" \/>\n<meta property=\"og:description\" content=\"Honda CR-V feiert 30 Jahre Der erste Honda CR-V kam 1995 auf den Markt, also vor 30 Jahren. CR-V steht f\u00fcr Compact Recreational Vehicle. Heute befindet sich der CR-V in seiner sechsten Generation und war bis 2024 mit mehr als 1 Million verkauften Einheiten der drittmeistverkaufte SUV der Welt [...]\" \/>\n<meta property=\"og:url\" content=\"https:\/\/all-car-news.com\/de\/campen-in-einem-honda-cr-v-das-koennen-sie-in-diesem-fahrzeug-tun\/\" \/>\n<meta property=\"og:site_name\" content=\"All cars news\" \/>\n<meta property=\"article:published_time\" content=\"2025-04-09T09:05:01+00:00\" \/>\n<meta property=\"og:image\" content=\"https:\/\/autorai.nl\/wp-content\/uploads\/2025\/04\/honda-crv-dream-pod-foto2-1140x713.jpg\" \/>\n<meta name=\"twitter:card\" content=\"summary_large_image\" \/>\n<meta name=\"twitter:label1\" content=\"Gesch\u00e4tzte Lesezeit\" \/>\n\t<meta name=\"twitter:data1\" content=\"1\u00a0Minute\" \/>\n<script type=\"application\/ld+json\" class=\"yoast-schema-graph\">{\"@context\":\"https:\/\/schema.org\",\"@graph\":[{\"@type\":\"Article\",\"@id\":\"https:\/\/all-car-news.com\/de\/campen-in-einem-honda-cr-v-das-koennen-sie-in-diesem-fahrzeug-tun\/#article\",\"isPartOf\":{\"@id\":\"https:\/\/all-car-news.com\/de\/campen-in-einem-honda-cr-v-das-koennen-sie-in-diesem-fahrzeug-tun\/\"},\"author\":{\"name\":\"\",\"@id\":\"\"},\"headline\":\"Campen in einem Honda CR-V: Das k\u00f6nnen Sie in diesem Fahrzeug tun\",\"datePublished\":\"2025-04-09T09:05:01+00:00\",\"dateModified\":\"2025-04-09T09:05:01+00:00\",\"mainEntityOfPage\":{\"@id\":\"https:\/\/all-car-news.com\/de\/campen-in-einem-honda-cr-v-das-koennen-sie-in-diesem-fahrzeug-tun\/\"},\"wordCount\":264,\"publisher\":{\"@id\":\"https:\/\/all-car-news.com\/de\/#organization\"},\"articleSection\":[\"Auto Nachrichten\"],\"inLanguage\":\"de\"},{\"@type\":\"WebPage\",\"@id\":\"https:\/\/all-car-news.com\/de\/campen-in-einem-honda-cr-v-das-koennen-sie-in-diesem-fahrzeug-tun\/\",\"url\":\"https:\/\/all-car-news.com\/de\/campen-in-einem-honda-cr-v-das-koennen-sie-in-diesem-fahrzeug-tun\/\",\"name\":\"Campen in einem Honda CR-V: Das k\u00f6nnen Sie in diesem Fahrzeug tun - All cars news\",\"isPartOf\":{\"@id\":\"https:\/\/all-car-news.com\/de\/#website\"},\"datePublished\":\"2025-04-09T09:05:01+00:00\",\"dateModified\":\"2025-04-09T09:05:01+00:00\",\"breadcrumb\":{\"@id\":\"https:\/\/all-car-news.com\/de\/campen-in-einem-honda-cr-v-das-koennen-sie-in-diesem-fahrzeug-tun\/#breadcrumb\"},\"inLanguage\":\"de\",\"potentialAction\":[{\"@type\":\"ReadAction\",\"target\":[\"https:\/\/all-car-news.com\/de\/campen-in-einem-honda-cr-v-das-koennen-sie-in-diesem-fahrzeug-tun\/\"]}]},{\"@type\":\"BreadcrumbList\",\"@id\":\"https:\/\/all-car-news.com\/de\/campen-in-einem-honda-cr-v-das-koennen-sie-in-diesem-fahrzeug-tun\/#breadcrumb\",\"itemListElement\":[{\"@type\":\"ListItem\",\"position\":1,\"name\":\"Home\",\"item\":\"https:\/\/all-car-news.com\/de\/\"},{\"@type\":\"ListItem\",\"position\":2,\"name\":\"Campen in einem Honda CR-V: Das k\u00f6nnen Sie in diesem Fahrzeug tun\"}]},{\"@type\":\"WebSite\",\"@id\":\"https:\/\/all-car-news.com\/de\/#website\",\"url\":\"https:\/\/all-car-news.com\/de\/\",\"name\":\"All cars news\",\"description\":\"\",\"publisher\":{\"@id\":\"https:\/\/all-car-news.com\/de\/#organization\"},\"potentialAction\":[{\"@type\":\"SearchAction\",\"target\":{\"@type\":\"EntryPoint\",\"urlTemplate\":\"https:\/\/all-car-news.com\/de\/?s={search_term_string}\"},\"query-input\":\"required name=search_term_string\"}],\"inLanguage\":\"de\"},{\"@type\":\"Organization\",\"@id\":\"https:\/\/all-car-news.com\/de\/#organization\",\"name\":\"All cars news\",\"url\":\"https:\/\/all-car-news.com\/de\/\",\"logo\":{\"@type\":\"ImageObject\",\"inLanguage\":\"de\",\"@id\":\"https:\/\/all-car-news.com\/de\/#\/schema\/logo\/image\/\",\"url\":\"https:\/\/all-car-news.com\/wp-content\/uploads\/2022\/02\/CMYK-AllCarNews_LANDSCAPE_300px-1.png\",\"contentUrl\":\"https:\/\/all-car-news.com\/wp-content\/uploads\/2022\/02\/CMYK-AllCarNews_LANDSCAPE_300px-1.png\",\"width\":300,\"height\":100,\"caption\":\"All cars news\"},\"image\":{\"@id\":\"https:\/\/all-car-news.com\/de\/#\/schema\/logo\/image\/\"}}]}<\/script>\n<!-- \/ Yoast SEO plugin. -->","yoast_head_json":{"title":"Campen in einem Honda CR-V: Das k\u00f6nnen Sie in diesem Fahrzeug tun - All cars news","robots":{"index":"index","follow":"follow","max-snippet":"max-snippet:-1","max-image-preview":"max-image-preview:large","max-video-preview":"max-video-preview:-1"},"canonical":"https:\/\/all-car-news.com\/de\/campen-in-einem-honda-cr-v-das-koennen-sie-in-diesem-fahrzeug-tun\/","og_locale":"de_DE","og_type":"article","og_title":"Campen in einem Honda CR-V: Das k\u00f6nnen Sie in diesem Fahrzeug tun - All cars news","og_description":"Honda CR-V feiert 30 Jahre Der erste Honda CR-V kam 1995 auf den Markt, also vor 30 Jahren. CR-V steht f\u00fcr Compact Recreational Vehicle. Heute befindet sich der CR-V in seiner sechsten Generation und war bis 2024 mit mehr als 1 Million verkauften Einheiten der drittmeistverkaufte SUV der Welt [...]","og_url":"https:\/\/all-car-news.com\/de\/campen-in-einem-honda-cr-v-das-koennen-sie-in-diesem-fahrzeug-tun\/","og_site_name":"All cars news","article_published_time":"2025-04-09T09:05:01+00:00","og_image":[{"url":"https:\/\/autorai.nl\/wp-content\/uploads\/2025\/04\/honda-crv-dream-pod-foto2-1140x713.jpg"}],"twitter_card":"summary_large_image","twitter_misc":{"Gesch\u00e4tzte Lesezeit":"1\u00a0Minute"},"schema":{"@context":"https:\/\/schema.org","@graph":[{"@type":"Article","@id":"https:\/\/all-car-news.com\/de\/campen-in-einem-honda-cr-v-das-koennen-sie-in-diesem-fahrzeug-tun\/#article","isPartOf":{"@id":"https:\/\/all-car-news.com\/de\/campen-in-einem-honda-cr-v-das-koennen-sie-in-diesem-fahrzeug-tun\/"},"author":{"name":"","@id":""},"headline":"Campen in einem Honda CR-V: Das k\u00f6nnen Sie in diesem Fahrzeug tun","datePublished":"2025-04-09T09:05:01+00:00","dateModified":"2025-04-09T09:05:01+00:00","mainEntityOfPage":{"@id":"https:\/\/all-car-news.com\/de\/campen-in-einem-honda-cr-v-das-koennen-sie-in-diesem-fahrzeug-tun\/"},"wordCount":264,"publisher":{"@id":"https:\/\/all-car-news.com\/de\/#organization"},"articleSection":["Auto Nachrichten"],"inLanguage":"de"},{"@type":"WebPage","@id":"https:\/\/all-car-news.com\/de\/campen-in-einem-honda-cr-v-das-koennen-sie-in-diesem-fahrzeug-tun\/","url":"https:\/\/all-car-news.com\/de\/campen-in-einem-honda-cr-v-das-koennen-sie-in-diesem-fahrzeug-tun\/","name":"Campen in einem Honda CR-V: Das k\u00f6nnen Sie in diesem Fahrzeug tun - All cars news","isPartOf":{"@id":"https:\/\/all-car-news.com\/de\/#website"},"datePublished":"2025-04-09T09:05:01+00:00","dateModified":"2025-04-09T09:05:01+00:00","breadcrumb":{"@id":"https:\/\/all-car-news.com\/de\/campen-in-einem-honda-cr-v-das-koennen-sie-in-diesem-fahrzeug-tun\/#breadcrumb"},"inLanguage":"de","potentialAction":[{"@type":"ReadAction","target":["https:\/\/all-car-news.com\/de\/campen-in-einem-honda-cr-v-das-koennen-sie-in-diesem-fahrzeug-tun\/"]}]},{"@type":"BreadcrumbList","@id":"https:\/\/all-car-news.com\/de\/campen-in-einem-honda-cr-v-das-koennen-sie-in-diesem-fahrzeug-tun\/#breadcrumb","itemListElement":[{"@type":"ListItem","position":1,"name":"Home","item":"https:\/\/all-car-news.com\/de\/"},{"@type":"ListItem","position":2,"name":"Campen in einem Honda CR-V: Das k\u00f6nnen Sie in diesem Fahrzeug tun"}]},{"@type":"WebSite","@id":"https:\/\/all-car-news.com\/de\/#website","url":"https:\/\/all-car-news.com\/de\/","name":"All cars news","description":"","publisher":{"@id":"https:\/\/all-car-news.com\/de\/#organization"},"potentialAction":[{"@type":"SearchAction","target":{"@type":"EntryPoint","urlTemplate":"https:\/\/all-car-news.com\/de\/?s={search_term_string}"},"query-input":"required name=search_term_string"}],"inLanguage":"de"},{"@type":"Organization","@id":"https:\/\/all-car-news.com\/de\/#organization","name":"All cars news","url":"https:\/\/all-car-news.com\/de\/","logo":{"@type":"ImageObject","inLanguage":"de","@id":"https:\/\/all-car-news.com\/de\/#\/schema\/logo\/image\/","url":"https:\/\/all-car-news.com\/wp-content\/uploads\/2022\/02\/CMYK-AllCarNews_LANDSCAPE_300px-1.png","contentUrl":"https:\/\/all-car-news.com\/wp-content\/uploads\/2022\/02\/CMYK-AllCarNews_LANDSCAPE_300px-1.png","width":300,"height":100,"caption":"All cars news"},"image":{"@id":"https:\/\/all-car-news.com\/de\/#\/schema\/logo\/image\/"}}]}},"_links":{"self":[{"href":"https:\/\/all-car-news.com\/de\/wp-json\/wp\/v2\/posts\/154127","targetHints":{"allow":["GET"]}}],"collection":[{"href":"https:\/\/all-car-news.com\/de\/wp-json\/wp\/v2\/posts"}],"about":[{"href":"https:\/\/all-car-news.com\/de\/wp-json\/wp\/v2\/types\/post"}],"replies":[{"embeddable":true,"href":"https:\/\/all-car-news.com\/de\/wp-json\/wp\/v2\/comments?post=154127"}],"version-history":[{"count":0,"href":"https:\/\/all-car-news.com\/de\/wp-json\/wp\/v2\/posts\/154127\/revisions"}],"wp:featuredmedia":[{"embeddable":true,"href":"https:\/\/all-car-news.com\/de\/wp-json\/wp\/v2\/media\/154100"}],"wp:attachment":[{"href":"https:\/\/all-car-news.com\/de\/wp-json\/wp\/v2\/media?parent=154127"}],"wp:term":[{"taxonomy":"category","embeddable":true,"href":"https:\/\/all-car-news.com\/de\/wp-json\/wp\/v2\/categories?post=154127"},{"taxonomy":"post_tag","embeddable":true,"href":"https:\/\/all-car-news.com\/de\/wp-json\/wp\/v2\/tags?post=154127"}],"curies":[{"name":"wp","href":"https:\/\/api.w.org\/{rel}","templated":true}]}}