{"id":154052,"date":"2025-04-07T08:12:49","date_gmt":"2025-04-07T08:12:49","guid":{"rendered":"https:\/\/all-car-news.com\/der-leistungsstaerkste-v12-motor-der-jemals-in-ein-strassenauto-eingebaut-wurde-interview\/"},"modified":"2025-04-07T08:12:49","modified_gmt":"2025-04-07T08:12:49","slug":"der-leistungsstaerkste-v12-motor-der-jemals-in-ein-strassenauto-eingebaut-wurde-interview","status":"publish","type":"post","link":"https:\/\/all-car-news.com\/de\/der-leistungsstaerkste-v12-motor-der-jemals-in-ein-strassenauto-eingebaut-wurde-interview\/","title":{"rendered":"Der leistungsst\u00e4rkste V12-Motor, der jemals in ein Stra\u00dfenauto eingebaut wurde &#8211; INTERVIEW"},"content":{"rendered":"<h2>Ein V12, der alles andere kann<\/h2>\n<p>&#8222;Es kommt nicht jeden Tag vor, dass man einen V12-Motor entwickelt&#8220;, beginnt Jens Sverdrup mit einem breiten Grinsen. &#8222;Der Mj\u00f8lner ist ein Projekt, das aus reiner Leidenschaft entstanden ist. Wir wollten nicht nur Leistung. Wir wollten Emotionen, Erfahrungen &#8211; einen Motor, der Ihre Sinne anregt, den Sie h\u00f6ren, f\u00fchlen und sogar riechen, wenn Sie beschleunigen.&#8220; <\/p>\n<p>Die Zahlen sind schlichtweg erstaunlich: Mit vier Turboladern allein erzeugt Mj\u00f8lner 918 kW (1.250 PS). In Kombination mit der Elektro-Hybridtechnologie steigt diese Leistung auf satte 1.359 kW (1.850 PS). Das alles ist f\u00fcr den Einsatz auf \u00f6ffentlichen Stra\u00dfen gedacht.  <\/p>\n<h2>Vom Motorsport zur Benutzerfreundlichkeit<\/h2>\n<p>&#8222;Was diesen Block einzigartig macht, ist, dass er nicht von einem Rennwagen stammt&#8220;, erkl\u00e4rt Jens. &#8222;Dies ist ein V12, der <em>von Grund auf<\/em> f\u00fcr den t\u00e4glichen Gebrauch entwickelt wurde. Ja, er ist extrem, mit einer Drehzahl von 9.800 U\/min, aber er ist \u00fcberraschend brauchbar und erf\u00fcllt die strengsten Abgasnormen &#8211; jetzt und in Zukunft.&#8220;  <\/p>\n<p>Letzteres ist zum Teil auf die innovative Jet Ignition Technologie von MAHLE zur\u00fcckzuf\u00fchren. John Hollingworth von MAHLE Powertrain f\u00fcgt hinzu: &#8222;MAHLE hat diese Technologie seit \u00fcber einem Jahrzehnt entwickelt. Sie erm\u00f6glicht es uns, den Motor mit Lambda1 zu betreiben &#8211; ein entscheidender Faktor f\u00fcr zuk\u00fcnftige Emissionsstandards weltweit.&#8220; <\/p>\n<figure class=\"wp-block-image size-content\"><img decoding=\"async\" loading=\"lazy\" width=\"1140\" height=\"761\" src=\"https:\/\/autorai.nl\/wp-content\/uploads\/2025\/04\/zenvo-automotive-mjolner-foto3-1140x761.jpg\" alt=\"Zenvo Automotive Mj\u00f8lner\" class=\"wp-image-196930\"><\/figure>\n<h2>Eine Ode an Technologie und Emotionen<\/h2>\n<p>Mj\u00f8lner ist nicht nur eine technische Meisterleistung, sondern auch ein emotionaler Meilenstein. &#8222;Bei Zenvo dreht sich alles um die Beteiligung des Fahrers&#8220;, betont Jens. &#8222;Wir wollen, dass Sie ihn sp\u00fcren &#8211; jede Vibration, jede Explosion in den Zylindern. Deshalb wollen wir auch kein dumpfes elektrisches Brummen, sondern ein dramatisches Orchester von Kl\u00e4ngen. Wir haben die Lautst\u00e4rke auf 11 gestellt.&#8220;  <\/p>\n<p>Die Zusammenarbeit mit MAHLE Powertrain, die den Motor und die Hybridsysteme in Northampton, Gro\u00dfbritannien, bauen, war entscheidend. &#8222;Es war wirklich eine &#8218;Arbeit aus Liebe'&#8220;, sagt John. &#8222;Unsere Ingenieure bissen sich an jedem technischen Hindernis fest. Wir wollten etwas, das es noch nicht gab. Jetzt werden wir es in echt h\u00f6ren &#8211; der Moment, in dem der Mj\u00f8lner zum ersten Mal br\u00fcllt, wird historisch sein.&#8220;  <\/p>\n<h2>Modulare Motorarchitektur f\u00fcr die Zukunft<\/h2>\n<p>Das Besondere am Mj\u00f8lner ist, dass es nicht bei diesem einen Motorblock bleibt. Vielmehr f\u00fchrt Zenvo mit diesem V12 eine v\u00f6llig neue, modulare Motorarchitektur ein. Diese Basis wird in Zukunft auch f\u00fcr andere Konfigurationen innerhalb der Zenvo-Reihe verwendet werden.  <\/p>\n<p>&#8222;Das ist erst der Anfang&#8220;, sagt Jens. &#8222;Die Motorarchitektur erlaubt uns, flexibel zu sein. Denken Sie an verschiedene Layouts, Zylinderkonfigurationen und Anpassungen f\u00fcr zuk\u00fcnftige Modelle. Der Mj\u00f8lner ist also nicht nur ein Kraftpaket f\u00fcr sich &#8211; er l\u00e4utet auch eine ganz neue \u00c4ra f\u00fcr Zenvo Automotive ein.&#8220; <\/p>\n<figure class=\"wp-block-image size-content\"><img decoding=\"async\" loading=\"lazy\" width=\"1140\" height=\"761\" src=\"https:\/\/autorai.nl\/wp-content\/uploads\/2025\/04\/zenvo-automotive-mjolner-foto2-1140x761.jpg\" alt=\"Zenvo Automotive Mj\u00f8lner\" class=\"wp-image-196929\"><\/figure>\n<h2>Hardware ist fertig<\/h2>\n<p>Die ersten Testphasen k\u00f6nnen nun beginnen. Die Hardware ist fertig, die Systeme wurden \u00fcberpr\u00fcft und die Ingenieure haben den Atem angehalten. Was nun folgt, ist der gro\u00dfe Moment: das erste Br\u00fcllen von Mj\u00f8lner. John l\u00e4chelt: &#8222;Alle warten auf diesen ersten Startmoment. Wir wissen bereits, dass er G\u00e4nsehaut verursachen wird. Das ist es, wof\u00fcr wir es tun &#8211; Technologie, die nicht nur funktioniert, sondern auch etwas mit Ihnen macht. Etwas, das bei Ihnen bleibt.&#8220;   <\/p>\n<h2>Beginn der Testphase<\/h2>\n<p>Nachdem der erste handgefertigte Motor fertig ist, beginnt nun die umfangreiche Testphase des Aurora-Programms. Dabei werden die ersten Prototypen mit dem neuen Antriebsstrang ausgestattet. Dies ist ein weiterer Schritt in Richtung Produktionsphase, denn Zenvo hofft, den Motor in absehbarer Zeit zum Leben erwecken zu k\u00f6nnen. In den kommenden Monaten wird sich zeigen, wie sich der neue V12 unter realen Bedingungen verh\u00e4lt.   <\/p>\n<h2>Zenvo Automobilindustrie<\/h2>\n<p>Zenvo Automotive ist ein exklusiver Hypercar-Hersteller aus Pr\u00e6st\u00f8, D\u00e4nemark. Seit der Gr\u00fcndung im Jahr 2007 kombiniert Zenvo fortschrittliche Technologien und innovative L\u00f6sungen mit einer <em>analogen Erfahrung<\/em> hinter dem Lenkrad. Die Marke steht f\u00fcr reine Fahrerautos mit au\u00dfergew\u00f6hnlicher Leistung und intensiver Einbeziehung des Fahrers.  <\/p>\n<p>Im Jahr 2023 pr\u00e4sentiert Zenvo den Aurora, ein v\u00f6llig neues V12-Hypercar, das als &#8218;Agil&#8216; (f\u00fcr die Rennstrecke) und &#8218;Tur&#8216; (eher GT-orientiert) erh\u00e4ltlich sein wird. Von jedem Modell werden jedes Jahr nur wenige Exemplare gebaut. Jeder Aurora wird in D\u00e4nemark von Hand zusammengebaut, wobei der weltweite Kundenservice durch ein ausgew\u00e4hltes Netzwerk von Fachh\u00e4ndlern gew\u00e4hrleistet wird. Die ersten Auslieferungen sind f\u00fcr Ende 2026 geplant.   <\/p>\n<figure class=\"wp-block-image size-content\"><img decoding=\"async\" loading=\"lazy\" width=\"1140\" height=\"641\" src=\"https:\/\/autorai.nl\/wp-content\/uploads\/2023\/08\/zenvo-aurora-tur-2023-foto4-1140x641.jpg\" alt=\"Ein futuristischer, blau-gr\u00fcner Zenvo Aurora Sportwagen mit vertikal ge\u00f6ffneten T\u00fcren, geparkt unter einem Sternenhimmel mit schneebedeckten Bergen im Hintergrund.\" class=\"wp-image-164844\"><\/figure>\n<div class=\"galery shuffle galery-0\">\n<figure>\n\t\t\t\t\t<span style=\"cursor: pointer\" data-src=\"https:\/\/autorai.nl\/wp-content\/uploads\/2025\/04\/zenvo-automotive-mjolner-foto6-1600x1068.jpg\" data-fancybox=\"galery-0\" title=\"\"><br \/>\n\t\t\t\t\t\t\t<img decoding=\"async\" width=\"640\" height=\"480\" src=\"https:\/\/autorai.nl\/wp-content\/uploads\/2025\/04\/zenvo-automotive-mjolner-foto6-640x480.jpg\" class=\"attachment-medium size-medium\" alt=\"Zenvo Automotive Mj\u00f8lner\" loading=\"lazy\"><i class=\"fa fa-search-plus\" aria-hidden=\"true\"><\/i><br \/>\n\t\t\t\t\t\t<\/span><br \/>\n\t\t\t\t\t<\/figure>\n<figure>\n\t\t\t\t\t<span style=\"cursor: pointer\" data-src=\"https:\/\/autorai.nl\/wp-content\/uploads\/2025\/04\/zenvo-automotive-mjolner-foto5-1600x1068.jpg\" data-fancybox=\"galery-0\" title=\"\"><br \/>\n\t\t\t\t\t\t\t<img decoding=\"async\" width=\"360\" height=\"270\" src=\"https:\/\/autorai.nl\/wp-content\/uploads\/2025\/04\/zenvo-automotive-mjolner-foto5-360x270.jpg\" class=\"attachment-small size-small\" alt=\"Zenvo Automotive Mj\u00f8lner\" loading=\"lazy\"><i class=\"fa fa-search-plus\" aria-hidden=\"true\"><\/i><br \/>\n\t\t\t\t\t\t<\/span><br \/>\n\t\t\t\t\t<\/figure>\n<figure>\n\t\t\t\t\t<span style=\"cursor: pointer\" data-src=\"https:\/\/autorai.nl\/wp-content\/uploads\/2025\/04\/zenvo-automotive-mjolner-foto4-1600x1068.jpg\" data-fancybox=\"galery-0\" title=\"\"><br \/>\n\t\t\t\t\t\t\t<img decoding=\"async\" width=\"360\" height=\"270\" src=\"https:\/\/autorai.nl\/wp-content\/uploads\/2025\/04\/zenvo-automotive-mjolner-foto4-360x270.jpg\" class=\"attachment-small size-small\" alt=\"Zenvo Automotive Mj\u00f8lner\" loading=\"lazy\"><i class=\"fa fa-search-plus\" aria-hidden=\"true\"><\/i><br \/>\n\t\t\t\t\t\t<\/span><br \/>\n\t\t\t\t\t<\/figure>\n<figure>\n\t\t\t\t\t<span style=\"cursor: pointer\" data-src=\"https:\/\/autorai.nl\/wp-content\/uploads\/2025\/04\/zenvo-automotive-mjolner-foto3-1600x1068.jpg\" data-fancybox=\"galery-0\" title=\"\"><br \/>\n\t\t\t\t\t\t\t<img decoding=\"async\" width=\"640\" height=\"480\" src=\"https:\/\/autorai.nl\/wp-content\/uploads\/2025\/04\/zenvo-automotive-mjolner-foto3-640x480.jpg\" class=\"attachment-medium size-medium\" alt=\"Zenvo Automotive Mj\u00f8lner\" loading=\"lazy\"><i class=\"fa fa-search-plus\" aria-hidden=\"true\"><\/i><br \/>\n\t\t\t\t\t\t<\/span><br \/>\n\t\t\t\t\t<\/figure>\n<figure>\n\t\t\t\t\t<span style=\"cursor: pointer\" data-src=\"https:\/\/autorai.nl\/wp-content\/uploads\/2025\/04\/zenvo-automotive-mjolner-foto2-1600x1068.jpg\" data-fancybox=\"galery-0\" title=\"\"><br \/>\n\t\t\t\t\t\t\t<img decoding=\"async\" width=\"360\" height=\"270\" src=\"https:\/\/autorai.nl\/wp-content\/uploads\/2025\/04\/zenvo-automotive-mjolner-foto2-360x270.jpg\" class=\"attachment-small size-small\" alt=\"Zenvo Automotive Mj\u00f8lner\" loading=\"lazy\"><i class=\"fa fa-search-plus\" aria-hidden=\"true\"><\/i><br \/>\n\t\t\t\t\t\t<\/span><br \/>\n\t\t\t\t\t<\/figure>\n<figure>\n\t\t\t\t\t<span style=\"cursor: pointer\" data-src=\"https:\/\/autorai.nl\/wp-content\/uploads\/2025\/04\/zenvo-automotive-mjolner-foto1-1600x1068.jpg\" data-fancybox=\"galery-0\" title=\"\"><br \/>\n\t\t\t\t\t\t\t<img decoding=\"async\" width=\"360\" height=\"270\" src=\"https:\/\/autorai.nl\/wp-content\/uploads\/2025\/04\/zenvo-automotive-mjolner-foto1-360x270.jpg\" class=\"attachment-small size-small\" alt=\"Zenvo Automotive Mj\u00f8lner\" loading=\"lazy\"><i class=\"fa fa-search-plus\" aria-hidden=\"true\"><\/i><br \/>\n\t\t\t\t\t\t<\/span><br \/>\n\t\t\t\t\t<\/figure>\n<div class=\"clear\"><\/div>\n<\/div>\n","protected":false},"excerpt":{"rendered":"Ein V12, der alles anders macht \"Es kommt nicht jeden Tag vor, dass man einen V12-Motor entwickelt\", beginnt Jens Sverdrup&hellip;","protected":false},"author":0,"featured_media":154036,"comment_status":"","ping_status":"open","sticky":false,"template":"","format":"standard","meta":{"footnotes":""},"categories":[125,217],"tags":[],"class_list":["post-154052","post","type-post","status-publish","format-standard","has-post-thumbnail","hentry","category-auto-nachrichten","category-interview-de"],"acf":[],"yoast_head":"<!-- This site is optimized with the Yoast SEO plugin v21.2 - https:\/\/yoast.com\/wordpress\/plugins\/seo\/ -->\n<title>Der leistungsst\u00e4rkste V12-Motor, der jemals in ein Stra\u00dfenauto eingebaut wurde - INTERVIEW - All cars news<\/title>\n<meta name=\"robots\" content=\"index, follow, max-snippet:-1, max-image-preview:large, max-video-preview:-1\" \/>\n<link rel=\"canonical\" href=\"https:\/\/all-car-news.com\/de\/der-leistungsstaerkste-v12-motor-der-jemals-in-ein-strassenauto-eingebaut-wurde-interview\/\" \/>\n<meta property=\"og:locale\" content=\"de_DE\" \/>\n<meta property=\"og:type\" content=\"article\" \/>\n<meta property=\"og:title\" content=\"Der leistungsst\u00e4rkste V12-Motor, der jemals in ein Stra\u00dfenauto eingebaut wurde - INTERVIEW - All cars news\" \/>\n<meta property=\"og:description\" content=\"Ein V12, der alles anders macht &quot;Es kommt nicht jeden Tag vor, dass man einen V12-Motor entwickelt&quot;, beginnt Jens Sverdrup mit einem breiten Grinsen. &quot;Der Mj\u00f8lner ist ein Projekt, das aus reiner Leidenschaft entstanden ist. Wir wollten nicht nur Leistung. Wir wollten Emotionen, Erfahrungen - einen Motor, der Ihre Sinne anregt, den Sie h\u00f6ren, f\u00fchlen und [...]\" \/>\n<meta property=\"og:url\" content=\"https:\/\/all-car-news.com\/de\/der-leistungsstaerkste-v12-motor-der-jemals-in-ein-strassenauto-eingebaut-wurde-interview\/\" \/>\n<meta property=\"og:site_name\" content=\"All cars news\" \/>\n<meta property=\"article:published_time\" content=\"2025-04-07T08:12:49+00:00\" \/>\n<meta property=\"og:image\" content=\"https:\/\/autorai.nl\/wp-content\/uploads\/2025\/04\/zenvo-automotive-mjolner-foto3-1140x761.jpg\" \/>\n<meta name=\"twitter:card\" content=\"summary_large_image\" \/>\n<meta name=\"twitter:label1\" content=\"Gesch\u00e4tzte Lesezeit\" \/>\n\t<meta name=\"twitter:data1\" content=\"4\u00a0Minuten\" \/>\n<script type=\"application\/ld+json\" class=\"yoast-schema-graph\">{\"@context\":\"https:\/\/schema.org\",\"@graph\":[{\"@type\":\"Article\",\"@id\":\"https:\/\/all-car-news.com\/de\/der-leistungsstaerkste-v12-motor-der-jemals-in-ein-strassenauto-eingebaut-wurde-interview\/#article\",\"isPartOf\":{\"@id\":\"https:\/\/all-car-news.com\/de\/der-leistungsstaerkste-v12-motor-der-jemals-in-ein-strassenauto-eingebaut-wurde-interview\/\"},\"author\":{\"name\":\"\",\"@id\":\"\"},\"headline\":\"Der leistungsst\u00e4rkste V12-Motor, der jemals in ein Stra\u00dfenauto eingebaut wurde &#8211; INTERVIEW\",\"datePublished\":\"2025-04-07T08:12:49+00:00\",\"dateModified\":\"2025-04-07T08:12:49+00:00\",\"mainEntityOfPage\":{\"@id\":\"https:\/\/all-car-news.com\/de\/der-leistungsstaerkste-v12-motor-der-jemals-in-ein-strassenauto-eingebaut-wurde-interview\/\"},\"wordCount\":742,\"publisher\":{\"@id\":\"https:\/\/all-car-news.com\/de\/#organization\"},\"articleSection\":[\"Auto Nachrichten\",\"Interview\"],\"inLanguage\":\"de\"},{\"@type\":\"WebPage\",\"@id\":\"https:\/\/all-car-news.com\/de\/der-leistungsstaerkste-v12-motor-der-jemals-in-ein-strassenauto-eingebaut-wurde-interview\/\",\"url\":\"https:\/\/all-car-news.com\/de\/der-leistungsstaerkste-v12-motor-der-jemals-in-ein-strassenauto-eingebaut-wurde-interview\/\",\"name\":\"Der leistungsst\u00e4rkste V12-Motor, der jemals in ein Stra\u00dfenauto eingebaut wurde - INTERVIEW - All cars news\",\"isPartOf\":{\"@id\":\"https:\/\/all-car-news.com\/de\/#website\"},\"datePublished\":\"2025-04-07T08:12:49+00:00\",\"dateModified\":\"2025-04-07T08:12:49+00:00\",\"breadcrumb\":{\"@id\":\"https:\/\/all-car-news.com\/de\/der-leistungsstaerkste-v12-motor-der-jemals-in-ein-strassenauto-eingebaut-wurde-interview\/#breadcrumb\"},\"inLanguage\":\"de\",\"potentialAction\":[{\"@type\":\"ReadAction\",\"target\":[\"https:\/\/all-car-news.com\/de\/der-leistungsstaerkste-v12-motor-der-jemals-in-ein-strassenauto-eingebaut-wurde-interview\/\"]}]},{\"@type\":\"BreadcrumbList\",\"@id\":\"https:\/\/all-car-news.com\/de\/der-leistungsstaerkste-v12-motor-der-jemals-in-ein-strassenauto-eingebaut-wurde-interview\/#breadcrumb\",\"itemListElement\":[{\"@type\":\"ListItem\",\"position\":1,\"name\":\"Home\",\"item\":\"https:\/\/all-car-news.com\/de\/\"},{\"@type\":\"ListItem\",\"position\":2,\"name\":\"Der leistungsst\u00e4rkste V12-Motor, der jemals in ein Stra\u00dfenauto eingebaut wurde &#8211; INTERVIEW\"}]},{\"@type\":\"WebSite\",\"@id\":\"https:\/\/all-car-news.com\/de\/#website\",\"url\":\"https:\/\/all-car-news.com\/de\/\",\"name\":\"All cars news\",\"description\":\"\",\"publisher\":{\"@id\":\"https:\/\/all-car-news.com\/de\/#organization\"},\"potentialAction\":[{\"@type\":\"SearchAction\",\"target\":{\"@type\":\"EntryPoint\",\"urlTemplate\":\"https:\/\/all-car-news.com\/de\/?s={search_term_string}\"},\"query-input\":\"required name=search_term_string\"}],\"inLanguage\":\"de\"},{\"@type\":\"Organization\",\"@id\":\"https:\/\/all-car-news.com\/de\/#organization\",\"name\":\"All cars news\",\"url\":\"https:\/\/all-car-news.com\/de\/\",\"logo\":{\"@type\":\"ImageObject\",\"inLanguage\":\"de\",\"@id\":\"https:\/\/all-car-news.com\/de\/#\/schema\/logo\/image\/\",\"url\":\"https:\/\/all-car-news.com\/wp-content\/uploads\/2022\/02\/CMYK-AllCarNews_LANDSCAPE_300px-1.png\",\"contentUrl\":\"https:\/\/all-car-news.com\/wp-content\/uploads\/2022\/02\/CMYK-AllCarNews_LANDSCAPE_300px-1.png\",\"width\":300,\"height\":100,\"caption\":\"All cars news\"},\"image\":{\"@id\":\"https:\/\/all-car-news.com\/de\/#\/schema\/logo\/image\/\"}}]}<\/script>\n<!-- \/ Yoast SEO plugin. -->","yoast_head_json":{"title":"Der leistungsst\u00e4rkste V12-Motor, der jemals in ein Stra\u00dfenauto eingebaut wurde - INTERVIEW - All cars news","robots":{"index":"index","follow":"follow","max-snippet":"max-snippet:-1","max-image-preview":"max-image-preview:large","max-video-preview":"max-video-preview:-1"},"canonical":"https:\/\/all-car-news.com\/de\/der-leistungsstaerkste-v12-motor-der-jemals-in-ein-strassenauto-eingebaut-wurde-interview\/","og_locale":"de_DE","og_type":"article","og_title":"Der leistungsst\u00e4rkste V12-Motor, der jemals in ein Stra\u00dfenauto eingebaut wurde - INTERVIEW - All cars news","og_description":"Ein V12, der alles anders macht \"Es kommt nicht jeden Tag vor, dass man einen V12-Motor entwickelt\", beginnt Jens Sverdrup mit einem breiten Grinsen. \"Der Mj\u00f8lner ist ein Projekt, das aus reiner Leidenschaft entstanden ist. Wir wollten nicht nur Leistung. Wir wollten Emotionen, Erfahrungen - einen Motor, der Ihre Sinne anregt, den Sie h\u00f6ren, f\u00fchlen und [...]","og_url":"https:\/\/all-car-news.com\/de\/der-leistungsstaerkste-v12-motor-der-jemals-in-ein-strassenauto-eingebaut-wurde-interview\/","og_site_name":"All cars news","article_published_time":"2025-04-07T08:12:49+00:00","og_image":[{"url":"https:\/\/autorai.nl\/wp-content\/uploads\/2025\/04\/zenvo-automotive-mjolner-foto3-1140x761.jpg"}],"twitter_card":"summary_large_image","twitter_misc":{"Gesch\u00e4tzte Lesezeit":"4\u00a0Minuten"},"schema":{"@context":"https:\/\/schema.org","@graph":[{"@type":"Article","@id":"https:\/\/all-car-news.com\/de\/der-leistungsstaerkste-v12-motor-der-jemals-in-ein-strassenauto-eingebaut-wurde-interview\/#article","isPartOf":{"@id":"https:\/\/all-car-news.com\/de\/der-leistungsstaerkste-v12-motor-der-jemals-in-ein-strassenauto-eingebaut-wurde-interview\/"},"author":{"name":"","@id":""},"headline":"Der leistungsst\u00e4rkste V12-Motor, der jemals in ein Stra\u00dfenauto eingebaut wurde &#8211; INTERVIEW","datePublished":"2025-04-07T08:12:49+00:00","dateModified":"2025-04-07T08:12:49+00:00","mainEntityOfPage":{"@id":"https:\/\/all-car-news.com\/de\/der-leistungsstaerkste-v12-motor-der-jemals-in-ein-strassenauto-eingebaut-wurde-interview\/"},"wordCount":742,"publisher":{"@id":"https:\/\/all-car-news.com\/de\/#organization"},"articleSection":["Auto Nachrichten","Interview"],"inLanguage":"de"},{"@type":"WebPage","@id":"https:\/\/all-car-news.com\/de\/der-leistungsstaerkste-v12-motor-der-jemals-in-ein-strassenauto-eingebaut-wurde-interview\/","url":"https:\/\/all-car-news.com\/de\/der-leistungsstaerkste-v12-motor-der-jemals-in-ein-strassenauto-eingebaut-wurde-interview\/","name":"Der leistungsst\u00e4rkste V12-Motor, der jemals in ein Stra\u00dfenauto eingebaut wurde - INTERVIEW - All cars news","isPartOf":{"@id":"https:\/\/all-car-news.com\/de\/#website"},"datePublished":"2025-04-07T08:12:49+00:00","dateModified":"2025-04-07T08:12:49+00:00","breadcrumb":{"@id":"https:\/\/all-car-news.com\/de\/der-leistungsstaerkste-v12-motor-der-jemals-in-ein-strassenauto-eingebaut-wurde-interview\/#breadcrumb"},"inLanguage":"de","potentialAction":[{"@type":"ReadAction","target":["https:\/\/all-car-news.com\/de\/der-leistungsstaerkste-v12-motor-der-jemals-in-ein-strassenauto-eingebaut-wurde-interview\/"]}]},{"@type":"BreadcrumbList","@id":"https:\/\/all-car-news.com\/de\/der-leistungsstaerkste-v12-motor-der-jemals-in-ein-strassenauto-eingebaut-wurde-interview\/#breadcrumb","itemListElement":[{"@type":"ListItem","position":1,"name":"Home","item":"https:\/\/all-car-news.com\/de\/"},{"@type":"ListItem","position":2,"name":"Der leistungsst\u00e4rkste V12-Motor, der jemals in ein Stra\u00dfenauto eingebaut wurde &#8211; INTERVIEW"}]},{"@type":"WebSite","@id":"https:\/\/all-car-news.com\/de\/#website","url":"https:\/\/all-car-news.com\/de\/","name":"All cars news","description":"","publisher":{"@id":"https:\/\/all-car-news.com\/de\/#organization"},"potentialAction":[{"@type":"SearchAction","target":{"@type":"EntryPoint","urlTemplate":"https:\/\/all-car-news.com\/de\/?s={search_term_string}"},"query-input":"required name=search_term_string"}],"inLanguage":"de"},{"@type":"Organization","@id":"https:\/\/all-car-news.com\/de\/#organization","name":"All cars news","url":"https:\/\/all-car-news.com\/de\/","logo":{"@type":"ImageObject","inLanguage":"de","@id":"https:\/\/all-car-news.com\/de\/#\/schema\/logo\/image\/","url":"https:\/\/all-car-news.com\/wp-content\/uploads\/2022\/02\/CMYK-AllCarNews_LANDSCAPE_300px-1.png","contentUrl":"https:\/\/all-car-news.com\/wp-content\/uploads\/2022\/02\/CMYK-AllCarNews_LANDSCAPE_300px-1.png","width":300,"height":100,"caption":"All cars news"},"image":{"@id":"https:\/\/all-car-news.com\/de\/#\/schema\/logo\/image\/"}}]}},"_links":{"self":[{"href":"https:\/\/all-car-news.com\/de\/wp-json\/wp\/v2\/posts\/154052","targetHints":{"allow":["GET"]}}],"collection":[{"href":"https:\/\/all-car-news.com\/de\/wp-json\/wp\/v2\/posts"}],"about":[{"href":"https:\/\/all-car-news.com\/de\/wp-json\/wp\/v2\/types\/post"}],"replies":[{"embeddable":true,"href":"https:\/\/all-car-news.com\/de\/wp-json\/wp\/v2\/comments?post=154052"}],"version-history":[{"count":0,"href":"https:\/\/all-car-news.com\/de\/wp-json\/wp\/v2\/posts\/154052\/revisions"}],"wp:featuredmedia":[{"embeddable":true,"href":"https:\/\/all-car-news.com\/de\/wp-json\/wp\/v2\/media\/154036"}],"wp:attachment":[{"href":"https:\/\/all-car-news.com\/de\/wp-json\/wp\/v2\/media?parent=154052"}],"wp:term":[{"taxonomy":"category","embeddable":true,"href":"https:\/\/all-car-news.com\/de\/wp-json\/wp\/v2\/categories?post=154052"},{"taxonomy":"post_tag","embeddable":true,"href":"https:\/\/all-car-news.com\/de\/wp-json\/wp\/v2\/tags?post=154052"}],"curies":[{"name":"wp","href":"https:\/\/api.w.org\/{rel}","templated":true}]}}