{"id":153772,"date":"2025-03-28T15:15:00","date_gmt":"2025-03-28T15:15:00","guid":{"rendered":"https:\/\/all-car-news.com\/gesichtet-ein-byd-han\/"},"modified":"2025-03-28T15:15:00","modified_gmt":"2025-03-28T15:15:00","slug":"gesichtet-ein-byd-han","status":"publish","type":"post","link":"https:\/\/all-car-news.com\/de\/gesichtet-ein-byd-han\/","title":{"rendered":"Gesichtet: ein BYD Han"},"content":{"rendered":"<h2><strong>Das gefleckte Exemplar<\/strong><\/h2>\n<p>In einem Parkhaus in Zeist haben wir diesen BYD Han gesehen. Das ist eines der Modelle, mit denen die Marke BYD im Jahr 2022 auf dem niederl\u00e4ndischen Markt eingef\u00fchrt wurde. Obwohl BYD inzwischen zu einer recht bekannten Automarke auf den Stra\u00dfen geworden ist, kam der Verkauf des Han nie in Schwung. In der Tat ist dies nur das erste Modell, das wir in freier Wildbahn gesehen haben. Etwa drei Jahre nach der Einf\u00fchrung&#8230;    <\/p>\n<p>Laut dem Fahrzeugregister sind derzeit 46 Exemplare des BYD Han in den Niederlanden zugelassen. Das von uns gesichtete Exemplar geh\u00f6rt nicht dazu, denn es hat, wie Sie sehen k\u00f6nnen, belgische Kennzeichen. Wir haben keine Ahnung, ob sich das Auto dort besser verkauft hat. Auf jeden Fall wird es in den Niederlanden in absehbarer Zeit keine weiteren Exemplare mehr geben, denn der Han wird im Jahr 2024 aus dem niederl\u00e4ndischen Programm genommen.   <\/p>\n<figure class=\"wp-block-image size-content\"><img decoding=\"async\" loading=\"lazy\" width=\"1140\" height=\"641\" src=\"https:\/\/autorai.nl\/wp-content\/uploads\/2025\/03\/AutoRAI-Gespot-BYD-Han-1140x641.jpg\" alt=\"\" class=\"wp-image-196290\"><\/figure>\n<h2><strong>Der BYD Han in den Niederlanden<\/strong><\/h2>\n<p>In den Niederlanden war der <a href=\"https:\/\/autorai.nl\/autozoeker\/byd\/han\/\" target=\"_blank\" rel=\"noreferrer noopener\">BYD Han<\/a> mit einem einzigen Antriebsstrang und in zwei Ausstattungsvarianten erh\u00e4ltlich: die bereits reichhaltig ausgestattete Executive und die noch exklusivere Emerald Edition. In beiden F\u00e4llen verf\u00fcgen Sie \u00fcber 380 kW (517 PS) und ein maximales Drehmoment von nicht weniger als 700 Nm. Gut f\u00fcr einen Sprint von 0-100 in nur 3,9 Sekunden. Die H\u00f6chstgeschwindigkeit wiederum ist bei bescheidenen 180 km\/h gedeckelt. Noch wichtiger ist die Reichweite. Der 83 kWh-Akku (netto) reicht f\u00fcr eine Reichweite von 521 km nach dem WLTP-Zyklus.     <\/p>\n<h2><strong>Mehrere Varianten des BYD Han<\/strong><\/h2>\n<p>Au\u00dferhalb Europas gibt es eine ganze Reihe von Varianten des BYD Han. Der Han kam 2020 in China auf den Markt, sowohl als Plug-in-Hybrid als auch mit vollem Elektroantrieb. Bemerkenswerterweise hat die EV-Version eine andere Frontpartie als die Plug-in-Version. Mehr abgerundete Formen anstelle eines schnittigen Designs. Im Jahr 2022 wurde der Han bereits einem weiteren Facelift unterzogen, wobei vor allem das Heck etwas besser zur abgerundeten Front der EV-Version passt. Dieses Facelift-Modell ist auch der Han, wie er nach Europa kam. Sie k\u00f6nnen die verschiedenen Designvarianten in einer Reihe am Ende dieses Artikels sehen.      <\/p>\n<h2><strong>Warum hat sich der BYD Han so schlecht verkauft?<\/strong><\/h2>\n<p>In der Zwischenzeit ist der BYD Han also bereits aus den niederl\u00e4ndischen Angeboten verschwunden. Es war irgendwann im Jahr 2024, aber wir k\u00f6nnen nicht genau herausfinden, wann. Angesichts der geringen Verkaufszahlen hat niemand den Lieferstopp wirklich bemerkt&#8230; Aber warum hat sich das Modell nicht verkauft? Es sieht an sich nicht schlecht aus, und nach einer Probefahrt waren wir von dem BYD <a href=\"https:\/\/autorai.nl\/review-byd-han-2023-deze-draak-van-een-auto-zit-steengoed-in-elkaar-maar-mist-een-ding\/\" target=\"_blank\" rel=\"noreferrer noopener\">ziemlich \u00fcberzeugt<\/a>. Au\u00dferdem war er serienm\u00e4\u00dfig ziemlich reichhaltig ausgestattet. Andererseits: Das brachte den Einstiegspreis auf \u00fcber 70.000 Euro. Das war zwar <a href=\"https:\/\/autorai.nl\/walkaround-byd-han-een-budget-tesla-model-s\/\" target=\"_blank\" rel=\"noreferrer noopener\">immer noch g\u00fcnstig<\/a> im Vergleich zu seinen direkten &#8211; meist deutschen &#8211; Konkurrenten, aber in dieser Preisklasse entscheiden sich die Leute schnell f\u00fcr eine Marke, die sich bereits bew\u00e4hrt hat&#8230;.      <\/p>\n<div class=\"galery galery-0\">\n<figure>\n\t\t\t\t\t<span style=\"cursor: pointer\" data-src=\"https:\/\/autorai.nl\/wp-content\/uploads\/2025\/03\/BYD-Han-1-1600x1200.jpg\" data-fancybox=\"galery-0\" title=\"\"><br \/>\n\t\t\t\t\t\t\t<img decoding=\"async\" width=\"360\" height=\"270\" src=\"https:\/\/autorai.nl\/wp-content\/uploads\/2025\/03\/BYD-Han-1-360x270.jpg\" class=\"attachment-small size-small\" alt=\"\" loading=\"lazy\"><i class=\"fa fa-search-plus\" aria-hidden=\"true\"><\/i><br \/>\n\t\t\t\t\t\t<\/span><br \/>\n\t\t\t\t\t<\/figure>\n<figure>\n\t\t\t\t\t<span style=\"cursor: pointer\" data-src=\"https:\/\/autorai.nl\/wp-content\/uploads\/2025\/03\/BYD-Han-2-1600x1200.jpg\" data-fancybox=\"galery-0\" title=\"\"><br \/>\n\t\t\t\t\t\t\t<img decoding=\"async\" width=\"360\" height=\"270\" src=\"https:\/\/autorai.nl\/wp-content\/uploads\/2025\/03\/BYD-Han-2-360x270.jpg\" class=\"attachment-small size-small\" alt=\"\" loading=\"lazy\"><i class=\"fa fa-search-plus\" aria-hidden=\"true\"><\/i><br \/>\n\t\t\t\t\t\t<\/span><br \/>\n\t\t\t\t\t<\/figure>\n<figure>\n\t\t\t\t\t<span style=\"cursor: pointer\" data-src=\"https:\/\/autorai.nl\/wp-content\/uploads\/2025\/03\/BYD-Han-3-1600x1200.jpg\" data-fancybox=\"galery-0\" title=\"\"><br \/>\n\t\t\t\t\t\t\t<img decoding=\"async\" width=\"360\" height=\"270\" src=\"https:\/\/autorai.nl\/wp-content\/uploads\/2025\/03\/BYD-Han-3-360x270.jpg\" class=\"attachment-small size-small\" alt=\"\" loading=\"lazy\"><i class=\"fa fa-search-plus\" aria-hidden=\"true\"><\/i><br \/>\n\t\t\t\t\t\t<\/span><br \/>\n\t\t\t\t\t<\/figure>\n<figure>\n\t\t\t\t\t<span style=\"cursor: pointer\" data-src=\"https:\/\/autorai.nl\/wp-content\/uploads\/2025\/03\/BYD-Han-4-1600x1200.jpg\" data-fancybox=\"galery-0\" title=\"\"><br \/>\n\t\t\t\t\t\t\t<img decoding=\"async\" width=\"360\" height=\"270\" src=\"https:\/\/autorai.nl\/wp-content\/uploads\/2025\/03\/BYD-Han-4-360x270.jpg\" class=\"attachment-small size-small\" alt=\"\" loading=\"lazy\"><i class=\"fa fa-search-plus\" aria-hidden=\"true\"><\/i><br \/>\n\t\t\t\t\t\t<\/span><br \/>\n\t\t\t\t\t<\/figure>\n<figure>\n\t\t\t\t\t<span style=\"cursor: pointer\" data-src=\"https:\/\/autorai.nl\/wp-content\/uploads\/2025\/03\/BYD-Han-5-1600x1200.jpg\" data-fancybox=\"galery-0\" title=\"\"><br \/>\n\t\t\t\t\t\t\t<img decoding=\"async\" width=\"360\" height=\"270\" src=\"https:\/\/autorai.nl\/wp-content\/uploads\/2025\/03\/BYD-Han-5-360x270.jpg\" class=\"attachment-small size-small\" alt=\"\" loading=\"lazy\"><i class=\"fa fa-search-plus\" aria-hidden=\"true\"><\/i><br \/>\n\t\t\t\t\t\t<\/span><br \/>\n\t\t\t\t\t<\/figure>\n<figure>\n\t\t\t\t\t<span style=\"cursor: pointer\" data-src=\"https:\/\/autorai.nl\/wp-content\/uploads\/2025\/03\/BYD-Han-6-1600x1200.jpg\" data-fancybox=\"galery-0\" title=\"\"><br \/>\n\t\t\t\t\t\t\t<img decoding=\"async\" width=\"360\" height=\"270\" src=\"https:\/\/autorai.nl\/wp-content\/uploads\/2025\/03\/BYD-Han-6-360x270.jpg\" class=\"attachment-small size-small\" alt=\"\" loading=\"lazy\"><i class=\"fa fa-search-plus\" aria-hidden=\"true\"><\/i><br \/>\n\t\t\t\t\t\t<\/span><br \/>\n\t\t\t\t\t<\/figure>\n<figure>\n\t\t\t\t\t<span style=\"cursor: pointer\" data-src=\"https:\/\/autorai.nl\/wp-content\/uploads\/2025\/03\/BYD-Han-7-1600x1200.jpg\" data-fancybox=\"galery-0\" title=\"\"><br \/>\n\t\t\t\t\t\t\t<img decoding=\"async\" width=\"360\" height=\"270\" src=\"https:\/\/autorai.nl\/wp-content\/uploads\/2025\/03\/BYD-Han-7-360x270.jpg\" class=\"attachment-small size-small\" alt=\"\" loading=\"lazy\"><i class=\"fa fa-search-plus\" aria-hidden=\"true\"><\/i><br \/>\n\t\t\t\t\t\t<\/span><br \/>\n\t\t\t\t\t<\/figure>\n<figure>\n\t\t\t\t\t<span style=\"cursor: pointer\" data-src=\"https:\/\/autorai.nl\/wp-content\/uploads\/2025\/03\/BYD-Han-8-1600x1200.jpg\" data-fancybox=\"galery-0\" title=\"\"><br \/>\n\t\t\t\t\t\t\t<img decoding=\"async\" width=\"360\" height=\"270\" src=\"https:\/\/autorai.nl\/wp-content\/uploads\/2025\/03\/BYD-Han-8-360x270.jpg\" class=\"attachment-small size-small\" alt=\"\" loading=\"lazy\"><i class=\"fa fa-search-plus\" aria-hidden=\"true\"><\/i><br \/>\n\t\t\t\t\t\t<\/span><br \/>\n\t\t\t\t\t<\/figure>\n<div class=\"clear\"><\/div>\n<\/div>\n","protected":false},"excerpt":{"rendered":"Einige chinesische Neulinge verkaufen sich gut, w\u00e4hrend der Absatz anderer Modelle einfach nicht in Schwung kommt. Nehmen Sie den BYD&hellip;","protected":false},"author":0,"featured_media":153770,"comment_status":"","ping_status":"open","sticky":false,"template":"","format":"standard","meta":{"footnotes":""},"categories":[125,174],"tags":[],"class_list":["post-153772","post","type-post","status-publish","format-standard","has-post-thumbnail","hentry","category-auto-nachrichten","category-spas"],"acf":[],"yoast_head":"<!-- This site is optimized with the Yoast SEO plugin v21.2 - https:\/\/yoast.com\/wordpress\/plugins\/seo\/ -->\n<title>Gesichtet: ein BYD Han - All cars news<\/title>\n<meta name=\"robots\" content=\"index, follow, max-snippet:-1, max-image-preview:large, max-video-preview:-1\" \/>\n<link rel=\"canonical\" href=\"https:\/\/all-car-news.com\/de\/gesichtet-ein-byd-han\/\" \/>\n<meta property=\"og:locale\" content=\"de_DE\" \/>\n<meta property=\"og:type\" content=\"article\" \/>\n<meta property=\"og:title\" content=\"Gesichtet: ein BYD Han - All cars news\" \/>\n<meta property=\"og:description\" content=\"Einige chinesische Neulinge verkaufen sich gut, w\u00e4hrend der Absatz anderer Modelle einfach nicht in Schwung kommt. Nehmen Sie den BYD Han, der auf den Stra\u00dfen immer noch eine Seltenheit ist. Wir sind dennoch auf einen gesto\u00dfen.\" \/>\n<meta property=\"og:url\" content=\"https:\/\/all-car-news.com\/de\/gesichtet-ein-byd-han\/\" \/>\n<meta property=\"og:site_name\" content=\"All cars news\" \/>\n<meta property=\"article:published_time\" content=\"2025-03-28T15:15:00+00:00\" \/>\n<meta property=\"og:image\" content=\"https:\/\/autorai.nl\/wp-content\/uploads\/2025\/03\/AutoRAI-Gespot-BYD-Han-1140x641.jpg\" \/>\n<meta name=\"twitter:card\" content=\"summary_large_image\" \/>\n<meta name=\"twitter:label1\" content=\"Gesch\u00e4tzte Lesezeit\" \/>\n\t<meta name=\"twitter:data1\" content=\"2\u00a0Minuten\" \/>\n<script type=\"application\/ld+json\" class=\"yoast-schema-graph\">{\"@context\":\"https:\/\/schema.org\",\"@graph\":[{\"@type\":\"Article\",\"@id\":\"https:\/\/all-car-news.com\/de\/gesichtet-ein-byd-han\/#article\",\"isPartOf\":{\"@id\":\"https:\/\/all-car-news.com\/de\/gesichtet-ein-byd-han\/\"},\"author\":{\"name\":\"\",\"@id\":\"\"},\"headline\":\"Gesichtet: ein BYD Han\",\"datePublished\":\"2025-03-28T15:15:00+00:00\",\"dateModified\":\"2025-03-28T15:15:00+00:00\",\"mainEntityOfPage\":{\"@id\":\"https:\/\/all-car-news.com\/de\/gesichtet-ein-byd-han\/\"},\"wordCount\":471,\"publisher\":{\"@id\":\"https:\/\/all-car-news.com\/de\/#organization\"},\"articleSection\":[\"Auto Nachrichten\",\"Spa\u00df\"],\"inLanguage\":\"de\"},{\"@type\":\"WebPage\",\"@id\":\"https:\/\/all-car-news.com\/de\/gesichtet-ein-byd-han\/\",\"url\":\"https:\/\/all-car-news.com\/de\/gesichtet-ein-byd-han\/\",\"name\":\"Gesichtet: ein BYD Han - All cars news\",\"isPartOf\":{\"@id\":\"https:\/\/all-car-news.com\/de\/#website\"},\"datePublished\":\"2025-03-28T15:15:00+00:00\",\"dateModified\":\"2025-03-28T15:15:00+00:00\",\"breadcrumb\":{\"@id\":\"https:\/\/all-car-news.com\/de\/gesichtet-ein-byd-han\/#breadcrumb\"},\"inLanguage\":\"de\",\"potentialAction\":[{\"@type\":\"ReadAction\",\"target\":[\"https:\/\/all-car-news.com\/de\/gesichtet-ein-byd-han\/\"]}]},{\"@type\":\"BreadcrumbList\",\"@id\":\"https:\/\/all-car-news.com\/de\/gesichtet-ein-byd-han\/#breadcrumb\",\"itemListElement\":[{\"@type\":\"ListItem\",\"position\":1,\"name\":\"Home\",\"item\":\"https:\/\/all-car-news.com\/de\/\"},{\"@type\":\"ListItem\",\"position\":2,\"name\":\"Gesichtet: ein BYD Han\"}]},{\"@type\":\"WebSite\",\"@id\":\"https:\/\/all-car-news.com\/de\/#website\",\"url\":\"https:\/\/all-car-news.com\/de\/\",\"name\":\"All cars news\",\"description\":\"\",\"publisher\":{\"@id\":\"https:\/\/all-car-news.com\/de\/#organization\"},\"potentialAction\":[{\"@type\":\"SearchAction\",\"target\":{\"@type\":\"EntryPoint\",\"urlTemplate\":\"https:\/\/all-car-news.com\/de\/?s={search_term_string}\"},\"query-input\":\"required name=search_term_string\"}],\"inLanguage\":\"de\"},{\"@type\":\"Organization\",\"@id\":\"https:\/\/all-car-news.com\/de\/#organization\",\"name\":\"All cars news\",\"url\":\"https:\/\/all-car-news.com\/de\/\",\"logo\":{\"@type\":\"ImageObject\",\"inLanguage\":\"de\",\"@id\":\"https:\/\/all-car-news.com\/de\/#\/schema\/logo\/image\/\",\"url\":\"https:\/\/all-car-news.com\/wp-content\/uploads\/2022\/02\/CMYK-AllCarNews_LANDSCAPE_300px-1.png\",\"contentUrl\":\"https:\/\/all-car-news.com\/wp-content\/uploads\/2022\/02\/CMYK-AllCarNews_LANDSCAPE_300px-1.png\",\"width\":300,\"height\":100,\"caption\":\"All cars news\"},\"image\":{\"@id\":\"https:\/\/all-car-news.com\/de\/#\/schema\/logo\/image\/\"}}]}<\/script>\n<!-- \/ Yoast SEO plugin. -->","yoast_head_json":{"title":"Gesichtet: ein BYD Han - All cars news","robots":{"index":"index","follow":"follow","max-snippet":"max-snippet:-1","max-image-preview":"max-image-preview:large","max-video-preview":"max-video-preview:-1"},"canonical":"https:\/\/all-car-news.com\/de\/gesichtet-ein-byd-han\/","og_locale":"de_DE","og_type":"article","og_title":"Gesichtet: ein BYD Han - All cars news","og_description":"Einige chinesische Neulinge verkaufen sich gut, w\u00e4hrend der Absatz anderer Modelle einfach nicht in Schwung kommt. Nehmen Sie den BYD Han, der auf den Stra\u00dfen immer noch eine Seltenheit ist. Wir sind dennoch auf einen gesto\u00dfen.","og_url":"https:\/\/all-car-news.com\/de\/gesichtet-ein-byd-han\/","og_site_name":"All cars news","article_published_time":"2025-03-28T15:15:00+00:00","og_image":[{"url":"https:\/\/autorai.nl\/wp-content\/uploads\/2025\/03\/AutoRAI-Gespot-BYD-Han-1140x641.jpg"}],"twitter_card":"summary_large_image","twitter_misc":{"Gesch\u00e4tzte Lesezeit":"2\u00a0Minuten"},"schema":{"@context":"https:\/\/schema.org","@graph":[{"@type":"Article","@id":"https:\/\/all-car-news.com\/de\/gesichtet-ein-byd-han\/#article","isPartOf":{"@id":"https:\/\/all-car-news.com\/de\/gesichtet-ein-byd-han\/"},"author":{"name":"","@id":""},"headline":"Gesichtet: ein BYD Han","datePublished":"2025-03-28T15:15:00+00:00","dateModified":"2025-03-28T15:15:00+00:00","mainEntityOfPage":{"@id":"https:\/\/all-car-news.com\/de\/gesichtet-ein-byd-han\/"},"wordCount":471,"publisher":{"@id":"https:\/\/all-car-news.com\/de\/#organization"},"articleSection":["Auto Nachrichten","Spa\u00df"],"inLanguage":"de"},{"@type":"WebPage","@id":"https:\/\/all-car-news.com\/de\/gesichtet-ein-byd-han\/","url":"https:\/\/all-car-news.com\/de\/gesichtet-ein-byd-han\/","name":"Gesichtet: ein BYD Han - All cars news","isPartOf":{"@id":"https:\/\/all-car-news.com\/de\/#website"},"datePublished":"2025-03-28T15:15:00+00:00","dateModified":"2025-03-28T15:15:00+00:00","breadcrumb":{"@id":"https:\/\/all-car-news.com\/de\/gesichtet-ein-byd-han\/#breadcrumb"},"inLanguage":"de","potentialAction":[{"@type":"ReadAction","target":["https:\/\/all-car-news.com\/de\/gesichtet-ein-byd-han\/"]}]},{"@type":"BreadcrumbList","@id":"https:\/\/all-car-news.com\/de\/gesichtet-ein-byd-han\/#breadcrumb","itemListElement":[{"@type":"ListItem","position":1,"name":"Home","item":"https:\/\/all-car-news.com\/de\/"},{"@type":"ListItem","position":2,"name":"Gesichtet: ein BYD Han"}]},{"@type":"WebSite","@id":"https:\/\/all-car-news.com\/de\/#website","url":"https:\/\/all-car-news.com\/de\/","name":"All cars news","description":"","publisher":{"@id":"https:\/\/all-car-news.com\/de\/#organization"},"potentialAction":[{"@type":"SearchAction","target":{"@type":"EntryPoint","urlTemplate":"https:\/\/all-car-news.com\/de\/?s={search_term_string}"},"query-input":"required name=search_term_string"}],"inLanguage":"de"},{"@type":"Organization","@id":"https:\/\/all-car-news.com\/de\/#organization","name":"All cars news","url":"https:\/\/all-car-news.com\/de\/","logo":{"@type":"ImageObject","inLanguage":"de","@id":"https:\/\/all-car-news.com\/de\/#\/schema\/logo\/image\/","url":"https:\/\/all-car-news.com\/wp-content\/uploads\/2022\/02\/CMYK-AllCarNews_LANDSCAPE_300px-1.png","contentUrl":"https:\/\/all-car-news.com\/wp-content\/uploads\/2022\/02\/CMYK-AllCarNews_LANDSCAPE_300px-1.png","width":300,"height":100,"caption":"All cars news"},"image":{"@id":"https:\/\/all-car-news.com\/de\/#\/schema\/logo\/image\/"}}]}},"_links":{"self":[{"href":"https:\/\/all-car-news.com\/de\/wp-json\/wp\/v2\/posts\/153772","targetHints":{"allow":["GET"]}}],"collection":[{"href":"https:\/\/all-car-news.com\/de\/wp-json\/wp\/v2\/posts"}],"about":[{"href":"https:\/\/all-car-news.com\/de\/wp-json\/wp\/v2\/types\/post"}],"replies":[{"embeddable":true,"href":"https:\/\/all-car-news.com\/de\/wp-json\/wp\/v2\/comments?post=153772"}],"version-history":[{"count":0,"href":"https:\/\/all-car-news.com\/de\/wp-json\/wp\/v2\/posts\/153772\/revisions"}],"wp:featuredmedia":[{"embeddable":true,"href":"https:\/\/all-car-news.com\/de\/wp-json\/wp\/v2\/media\/153770"}],"wp:attachment":[{"href":"https:\/\/all-car-news.com\/de\/wp-json\/wp\/v2\/media?parent=153772"}],"wp:term":[{"taxonomy":"category","embeddable":true,"href":"https:\/\/all-car-news.com\/de\/wp-json\/wp\/v2\/categories?post=153772"},{"taxonomy":"post_tag","embeddable":true,"href":"https:\/\/all-car-news.com\/de\/wp-json\/wp\/v2\/tags?post=153772"}],"curies":[{"name":"wp","href":"https:\/\/api.w.org\/{rel}","templated":true}]}}