{"id":153575,"date":"2025-03-21T11:31:46","date_gmt":"2025-03-21T11:31:46","guid":{"rendered":"https:\/\/all-car-news.com\/spektakulaerer-scheunenfund-43-audis-aus-den-80er-jahren-und-ein-berg-von-teilen\/"},"modified":"2025-03-21T11:31:46","modified_gmt":"2025-03-21T11:31:46","slug":"spektakulaerer-scheunenfund-43-audis-aus-den-80er-jahren-und-ein-berg-von-teilen","status":"publish","type":"post","link":"https:\/\/all-car-news.com\/de\/spektakulaerer-scheunenfund-43-audis-aus-den-80er-jahren-und-ein-berg-von-teilen\/","title":{"rendered":"Spektakul\u00e4rer Scheunenfund: 43 Audis aus den 80er Jahren (und ein Berg von Teilen)"},"content":{"rendered":"<h2>Sommerprojekt<\/h2>\n<p>Der Sommer r\u00fcckt langsam n\u00e4her, und f\u00fcr viele Auto-Bastler bedeutet das: Zeit f\u00fcr ein neues Projekt. Wer einen gro\u00dfen Schuppen und eine Schw\u00e4che f\u00fcr Audi Autos hat, kann sich jetzt auf einen Schlag eine komplette Sammlung zulegen. Sie m\u00fcssen auch ein paar Transportbeh\u00e4lter organisieren. Immerhin stehen die Autos auf einem Hof im US-Bundesstaat New York. Au\u00dferdem bekommen Sie einen riesigen Haufen Teile dazu.    <\/p>\n<figure class=\"wp-block-image size-content\"><img decoding=\"async\" loading=\"lazy\" width=\"1140\" height=\"641\" src=\"https:\/\/autorai.nl\/wp-content\/uploads\/2025\/03\/Audi-barnfind-2-1140x641.jpg\" alt=\"\" class=\"wp-image-196096\"><figcaption>Foto: eBay<\/figcaption><\/figure>\n<h3>Eine Zeitkapsel voll mit Audis<\/h3>\n<p>Die Sammlung umfasst Modelle aus den Jahren 1983 bis 1991. Fast die gesamte US-Audi-Palette aus dieser Zeit ist dabei. Audi 80, 90, 4000, 5000 &#8211; alles ist dabei. Es gibt sogar etwas dazwischen, das stark an einen Quattro erinnert.     <\/p>\n<figure class=\"wp-block-image size-content is-resized\"><img decoding=\"async\" loading=\"lazy\" src=\"https:\/\/autorai.nl\/wp-content\/uploads\/2025\/03\/Audi-barnfind-1-1-1140x641.jpg\" alt=\"\" class=\"wp-image-196099\" width=\"840\" height=\"472\"><figcaption>Foto: eBay<\/figcaption><\/figure>\n<h3>Anpassung der Erwartungen<\/h3>\n<p>So wie es aussieht, haben die Autos eine harte Zeit hinter sich. Die meisten stehen schon seit Jahren drau\u00dfen oder unter einem behelfsm\u00e4\u00dfigen Carport. Und die Winter im Staat New York sind nicht gerade mild. Schnee, Frost und Feuchtigkeit haben eindeutig ihre Spuren hinterlassen. Viele der Autos sind verrostet, verstaubt und unvollst\u00e4ndig. Dennoch ist es eine Goldgrube f\u00fcr Enthusiasten, die eine Herausforderung nicht scheuen. Beeindruckend ist auch die gro\u00dfe Menge an Teilen, die Sie dazu erhalten. Komplette Aufh\u00e4ngungen, Bremsteile, Karosserieteile, Felgen aller Art und wir sch\u00e4tzen etwa 30 T\u00fcren.       <\/p>\n<figure class=\"wp-block-image size-content\"><img decoding=\"async\" loading=\"lazy\" width=\"1140\" height=\"641\" src=\"https:\/\/autorai.nl\/wp-content\/uploads\/2025\/03\/Audi-barnfind-3-1140x641.jpg\" alt=\"\" class=\"wp-image-196097\"><figcaption>Foto: eBay<\/figcaption><\/figure>\n<figure class=\"wp-block-image size-content\"><img decoding=\"async\" loading=\"lazy\" width=\"1140\" height=\"641\" src=\"https:\/\/autorai.nl\/wp-content\/uploads\/2025\/03\/Audi-barnfind-4-1140x641.jpg\" alt=\"\" class=\"wp-image-196098\"><figcaption>Foto: eBay<\/figcaption><\/figure>\n<h3>Alles oder nichts<\/h3>\n<p>Es gibt eine wichtige Bedingung: alles muss auf einmal gehen. Der Verk\u00e4ufer schlie\u00dft lose Verk\u00e4ufe aus. Keine Verhandlungen \u00fcber einen bestimmten Audi oder diese eine Schachtel Ventilkappen. Er sucht einen K\u00e4ufer, der die gesamte Sammlung \u00fcbernehmen m\u00f6chte &#8211; Autos und Teile. Und das vorzugsweise so schnell wie m\u00f6glich. Die Preisvorstellung ist saftig: etwa 350.000 Dollar (322.000 Euro), was etwa 8.000 Dollar pro Auto entspricht &#8211; die Teile nicht mitgerechnet.      Sie k\u00f6nnen <a href=\"https:\/\/www.ebay.com\/itm\/235895549380?_skw=car&amp;itmmeta=01JPR931KFQZHGBWXANA0A4MEH&amp;hash=item36ec786dc4:g:oc8AAOSwHOVndXIi&amp;itmprp=enc%3AAQAKAAAAwFkggFvd1GGDu0w3yXCmi1eY4SfqxU1afesyNeptk2Itiay%2FOfU69riv2ZkhMTFnNqjkw5VyWVMMncgiYUbSSj8%2Fb2vpEihWfscLAzmPjpIaZP0x0t2uvZ%2FSZd2gQqVcnH%2B1wjK7XMOROl4GwMryGtG6054%2BCS5tGOHCZzbysQCApEpkr1AAuByjyXF2pcwSmNfV5NHZXhChkJTb%2BUQdiDhUwmKKqVmch2KMeUJac7vNAjAbSXu%2ButhCD6H0E5KgUQ%3D%3D%7Ctkp%3ABk9SR4yajIm2ZQ\" target=\"_blank\" rel=\"noreferrer noopener\">hier<\/a> bieten.  <\/p>\n<p>Lesen Sie auch: <a href=\"https:\/\/autorai.nl\/waarom-je-binnenkort-nooit-meer-je-remvloeistof-hoeft-te-vervangen\/\" target=\"_blank\" rel=\"noreferrer noopener\">Warum Sie bald nie mehr Ihre Bremsfl\u00fcssigkeit wechseln m\u00fcssen<\/a><\/p>\n<figure class=\"wp-block-embed is-type-wp-embed is-provider-autorai-nl wp-block-embed-autorai-nl\">\n<div class=\"wp-block-embed__wrapper\">\n<blockquote class=\"wp-embedded-content\" data-secret=\"Wsq6H2yzNq\"><p><a href=\"https:\/\/autorai.nl\/waarom-je-binnenkort-nooit-meer-je-remvloeistof-hoeft-te-vervangen\/\">Warum Sie bald nie wieder Ihre Bremsfl\u00fcssigkeit wechseln m\u00fcssen<\/a><\/p><\/blockquote>\n<\/div>\n<\/figure>\n","protected":false},"excerpt":{"rendered":"Sommerprojekt Der Sommer r\u00fcckt langsam n\u00e4her, und f\u00fcr viele Auto-Bastler bedeutet das: Zeit f\u00fcr ein neues Projekt. Wer einen gro\u00dfen&hellip;","protected":false},"author":0,"featured_media":153556,"comment_status":"","ping_status":"open","sticky":false,"template":"","format":"standard","meta":{"footnotes":""},"categories":[125],"tags":[],"class_list":["post-153575","post","type-post","status-publish","format-standard","has-post-thumbnail","hentry","category-auto-nachrichten"],"acf":[],"yoast_head":"<!-- This site is optimized with the Yoast SEO plugin v21.2 - https:\/\/yoast.com\/wordpress\/plugins\/seo\/ -->\n<title>Spektakul\u00e4rer Scheunenfund: 43 Audis aus den 80er Jahren (und ein Berg von Teilen) - All cars news<\/title>\n<meta name=\"robots\" content=\"index, follow, max-snippet:-1, max-image-preview:large, max-video-preview:-1\" \/>\n<link rel=\"canonical\" href=\"https:\/\/all-car-news.com\/de\/spektakulaerer-scheunenfund-43-audis-aus-den-80er-jahren-und-ein-berg-von-teilen\/\" \/>\n<meta property=\"og:locale\" content=\"de_DE\" \/>\n<meta property=\"og:type\" content=\"article\" \/>\n<meta property=\"og:title\" content=\"Spektakul\u00e4rer Scheunenfund: 43 Audis aus den 80er Jahren (und ein Berg von Teilen) - All cars news\" \/>\n<meta property=\"og:description\" content=\"Sommerprojekt Der Sommer r\u00fcckt langsam n\u00e4her, und f\u00fcr viele Auto-Bastler bedeutet das: Zeit f\u00fcr ein neues Projekt. Wer einen gro\u00dfen Schuppen und eine Schw\u00e4che f\u00fcr Audis hat, kann sich jetzt auf einen Schlag eine komplette Sammlung zulegen. Sie werden auch ein paar Transportbeh\u00e4lter organisieren m\u00fcssen. Schlie\u00dflich stehen die Autos auf einem Hof in [...]\" \/>\n<meta property=\"og:url\" content=\"https:\/\/all-car-news.com\/de\/spektakulaerer-scheunenfund-43-audis-aus-den-80er-jahren-und-ein-berg-von-teilen\/\" \/>\n<meta property=\"og:site_name\" content=\"All cars news\" \/>\n<meta property=\"article:published_time\" content=\"2025-03-21T11:31:46+00:00\" \/>\n<meta property=\"og:image\" content=\"https:\/\/autorai.nl\/wp-content\/uploads\/2025\/03\/Audi-barnfind-2-1140x641.jpg\" \/>\n<meta name=\"twitter:card\" content=\"summary_large_image\" \/>\n<meta name=\"twitter:label1\" content=\"Gesch\u00e4tzte Lesezeit\" \/>\n\t<meta name=\"twitter:data1\" content=\"2\u00a0Minuten\" \/>\n<script type=\"application\/ld+json\" class=\"yoast-schema-graph\">{\"@context\":\"https:\/\/schema.org\",\"@graph\":[{\"@type\":\"Article\",\"@id\":\"https:\/\/all-car-news.com\/de\/spektakulaerer-scheunenfund-43-audis-aus-den-80er-jahren-und-ein-berg-von-teilen\/#article\",\"isPartOf\":{\"@id\":\"https:\/\/all-car-news.com\/de\/spektakulaerer-scheunenfund-43-audis-aus-den-80er-jahren-und-ein-berg-von-teilen\/\"},\"author\":{\"name\":\"\",\"@id\":\"\"},\"headline\":\"Spektakul\u00e4rer Scheunenfund: 43 Audis aus den 80er Jahren (und ein Berg von Teilen)\",\"datePublished\":\"2025-03-21T11:31:46+00:00\",\"dateModified\":\"2025-03-21T11:31:46+00:00\",\"mainEntityOfPage\":{\"@id\":\"https:\/\/all-car-news.com\/de\/spektakulaerer-scheunenfund-43-audis-aus-den-80er-jahren-und-ein-berg-von-teilen\/\"},\"wordCount\":337,\"publisher\":{\"@id\":\"https:\/\/all-car-news.com\/de\/#organization\"},\"articleSection\":[\"Auto Nachrichten\"],\"inLanguage\":\"de\"},{\"@type\":\"WebPage\",\"@id\":\"https:\/\/all-car-news.com\/de\/spektakulaerer-scheunenfund-43-audis-aus-den-80er-jahren-und-ein-berg-von-teilen\/\",\"url\":\"https:\/\/all-car-news.com\/de\/spektakulaerer-scheunenfund-43-audis-aus-den-80er-jahren-und-ein-berg-von-teilen\/\",\"name\":\"Spektakul\u00e4rer Scheunenfund: 43 Audis aus den 80er Jahren (und ein Berg von Teilen) - All cars news\",\"isPartOf\":{\"@id\":\"https:\/\/all-car-news.com\/de\/#website\"},\"datePublished\":\"2025-03-21T11:31:46+00:00\",\"dateModified\":\"2025-03-21T11:31:46+00:00\",\"breadcrumb\":{\"@id\":\"https:\/\/all-car-news.com\/de\/spektakulaerer-scheunenfund-43-audis-aus-den-80er-jahren-und-ein-berg-von-teilen\/#breadcrumb\"},\"inLanguage\":\"de\",\"potentialAction\":[{\"@type\":\"ReadAction\",\"target\":[\"https:\/\/all-car-news.com\/de\/spektakulaerer-scheunenfund-43-audis-aus-den-80er-jahren-und-ein-berg-von-teilen\/\"]}]},{\"@type\":\"BreadcrumbList\",\"@id\":\"https:\/\/all-car-news.com\/de\/spektakulaerer-scheunenfund-43-audis-aus-den-80er-jahren-und-ein-berg-von-teilen\/#breadcrumb\",\"itemListElement\":[{\"@type\":\"ListItem\",\"position\":1,\"name\":\"Home\",\"item\":\"https:\/\/all-car-news.com\/de\/\"},{\"@type\":\"ListItem\",\"position\":2,\"name\":\"Spektakul\u00e4rer Scheunenfund: 43 Audis aus den 80er Jahren (und ein Berg von Teilen)\"}]},{\"@type\":\"WebSite\",\"@id\":\"https:\/\/all-car-news.com\/de\/#website\",\"url\":\"https:\/\/all-car-news.com\/de\/\",\"name\":\"All cars news\",\"description\":\"\",\"publisher\":{\"@id\":\"https:\/\/all-car-news.com\/de\/#organization\"},\"potentialAction\":[{\"@type\":\"SearchAction\",\"target\":{\"@type\":\"EntryPoint\",\"urlTemplate\":\"https:\/\/all-car-news.com\/de\/?s={search_term_string}\"},\"query-input\":\"required name=search_term_string\"}],\"inLanguage\":\"de\"},{\"@type\":\"Organization\",\"@id\":\"https:\/\/all-car-news.com\/de\/#organization\",\"name\":\"All cars news\",\"url\":\"https:\/\/all-car-news.com\/de\/\",\"logo\":{\"@type\":\"ImageObject\",\"inLanguage\":\"de\",\"@id\":\"https:\/\/all-car-news.com\/de\/#\/schema\/logo\/image\/\",\"url\":\"https:\/\/all-car-news.com\/wp-content\/uploads\/2022\/02\/CMYK-AllCarNews_LANDSCAPE_300px-1.png\",\"contentUrl\":\"https:\/\/all-car-news.com\/wp-content\/uploads\/2022\/02\/CMYK-AllCarNews_LANDSCAPE_300px-1.png\",\"width\":300,\"height\":100,\"caption\":\"All cars news\"},\"image\":{\"@id\":\"https:\/\/all-car-news.com\/de\/#\/schema\/logo\/image\/\"}}]}<\/script>\n<!-- \/ Yoast SEO plugin. -->","yoast_head_json":{"title":"Spektakul\u00e4rer Scheunenfund: 43 Audis aus den 80er Jahren (und ein Berg von Teilen) - All cars news","robots":{"index":"index","follow":"follow","max-snippet":"max-snippet:-1","max-image-preview":"max-image-preview:large","max-video-preview":"max-video-preview:-1"},"canonical":"https:\/\/all-car-news.com\/de\/spektakulaerer-scheunenfund-43-audis-aus-den-80er-jahren-und-ein-berg-von-teilen\/","og_locale":"de_DE","og_type":"article","og_title":"Spektakul\u00e4rer Scheunenfund: 43 Audis aus den 80er Jahren (und ein Berg von Teilen) - All cars news","og_description":"Sommerprojekt Der Sommer r\u00fcckt langsam n\u00e4her, und f\u00fcr viele Auto-Bastler bedeutet das: Zeit f\u00fcr ein neues Projekt. Wer einen gro\u00dfen Schuppen und eine Schw\u00e4che f\u00fcr Audis hat, kann sich jetzt auf einen Schlag eine komplette Sammlung zulegen. Sie werden auch ein paar Transportbeh\u00e4lter organisieren m\u00fcssen. Schlie\u00dflich stehen die Autos auf einem Hof in [...]","og_url":"https:\/\/all-car-news.com\/de\/spektakulaerer-scheunenfund-43-audis-aus-den-80er-jahren-und-ein-berg-von-teilen\/","og_site_name":"All cars news","article_published_time":"2025-03-21T11:31:46+00:00","og_image":[{"url":"https:\/\/autorai.nl\/wp-content\/uploads\/2025\/03\/Audi-barnfind-2-1140x641.jpg"}],"twitter_card":"summary_large_image","twitter_misc":{"Gesch\u00e4tzte Lesezeit":"2\u00a0Minuten"},"schema":{"@context":"https:\/\/schema.org","@graph":[{"@type":"Article","@id":"https:\/\/all-car-news.com\/de\/spektakulaerer-scheunenfund-43-audis-aus-den-80er-jahren-und-ein-berg-von-teilen\/#article","isPartOf":{"@id":"https:\/\/all-car-news.com\/de\/spektakulaerer-scheunenfund-43-audis-aus-den-80er-jahren-und-ein-berg-von-teilen\/"},"author":{"name":"","@id":""},"headline":"Spektakul\u00e4rer Scheunenfund: 43 Audis aus den 80er Jahren (und ein Berg von Teilen)","datePublished":"2025-03-21T11:31:46+00:00","dateModified":"2025-03-21T11:31:46+00:00","mainEntityOfPage":{"@id":"https:\/\/all-car-news.com\/de\/spektakulaerer-scheunenfund-43-audis-aus-den-80er-jahren-und-ein-berg-von-teilen\/"},"wordCount":337,"publisher":{"@id":"https:\/\/all-car-news.com\/de\/#organization"},"articleSection":["Auto Nachrichten"],"inLanguage":"de"},{"@type":"WebPage","@id":"https:\/\/all-car-news.com\/de\/spektakulaerer-scheunenfund-43-audis-aus-den-80er-jahren-und-ein-berg-von-teilen\/","url":"https:\/\/all-car-news.com\/de\/spektakulaerer-scheunenfund-43-audis-aus-den-80er-jahren-und-ein-berg-von-teilen\/","name":"Spektakul\u00e4rer Scheunenfund: 43 Audis aus den 80er Jahren (und ein Berg von Teilen) - All cars news","isPartOf":{"@id":"https:\/\/all-car-news.com\/de\/#website"},"datePublished":"2025-03-21T11:31:46+00:00","dateModified":"2025-03-21T11:31:46+00:00","breadcrumb":{"@id":"https:\/\/all-car-news.com\/de\/spektakulaerer-scheunenfund-43-audis-aus-den-80er-jahren-und-ein-berg-von-teilen\/#breadcrumb"},"inLanguage":"de","potentialAction":[{"@type":"ReadAction","target":["https:\/\/all-car-news.com\/de\/spektakulaerer-scheunenfund-43-audis-aus-den-80er-jahren-und-ein-berg-von-teilen\/"]}]},{"@type":"BreadcrumbList","@id":"https:\/\/all-car-news.com\/de\/spektakulaerer-scheunenfund-43-audis-aus-den-80er-jahren-und-ein-berg-von-teilen\/#breadcrumb","itemListElement":[{"@type":"ListItem","position":1,"name":"Home","item":"https:\/\/all-car-news.com\/de\/"},{"@type":"ListItem","position":2,"name":"Spektakul\u00e4rer Scheunenfund: 43 Audis aus den 80er Jahren (und ein Berg von Teilen)"}]},{"@type":"WebSite","@id":"https:\/\/all-car-news.com\/de\/#website","url":"https:\/\/all-car-news.com\/de\/","name":"All cars news","description":"","publisher":{"@id":"https:\/\/all-car-news.com\/de\/#organization"},"potentialAction":[{"@type":"SearchAction","target":{"@type":"EntryPoint","urlTemplate":"https:\/\/all-car-news.com\/de\/?s={search_term_string}"},"query-input":"required name=search_term_string"}],"inLanguage":"de"},{"@type":"Organization","@id":"https:\/\/all-car-news.com\/de\/#organization","name":"All cars news","url":"https:\/\/all-car-news.com\/de\/","logo":{"@type":"ImageObject","inLanguage":"de","@id":"https:\/\/all-car-news.com\/de\/#\/schema\/logo\/image\/","url":"https:\/\/all-car-news.com\/wp-content\/uploads\/2022\/02\/CMYK-AllCarNews_LANDSCAPE_300px-1.png","contentUrl":"https:\/\/all-car-news.com\/wp-content\/uploads\/2022\/02\/CMYK-AllCarNews_LANDSCAPE_300px-1.png","width":300,"height":100,"caption":"All cars news"},"image":{"@id":"https:\/\/all-car-news.com\/de\/#\/schema\/logo\/image\/"}}]}},"_links":{"self":[{"href":"https:\/\/all-car-news.com\/de\/wp-json\/wp\/v2\/posts\/153575","targetHints":{"allow":["GET"]}}],"collection":[{"href":"https:\/\/all-car-news.com\/de\/wp-json\/wp\/v2\/posts"}],"about":[{"href":"https:\/\/all-car-news.com\/de\/wp-json\/wp\/v2\/types\/post"}],"replies":[{"embeddable":true,"href":"https:\/\/all-car-news.com\/de\/wp-json\/wp\/v2\/comments?post=153575"}],"version-history":[{"count":0,"href":"https:\/\/all-car-news.com\/de\/wp-json\/wp\/v2\/posts\/153575\/revisions"}],"wp:featuredmedia":[{"embeddable":true,"href":"https:\/\/all-car-news.com\/de\/wp-json\/wp\/v2\/media\/153556"}],"wp:attachment":[{"href":"https:\/\/all-car-news.com\/de\/wp-json\/wp\/v2\/media?parent=153575"}],"wp:term":[{"taxonomy":"category","embeddable":true,"href":"https:\/\/all-car-news.com\/de\/wp-json\/wp\/v2\/categories?post=153575"},{"taxonomy":"post_tag","embeddable":true,"href":"https:\/\/all-car-news.com\/de\/wp-json\/wp\/v2\/tags?post=153575"}],"curies":[{"name":"wp","href":"https:\/\/api.w.org\/{rel}","templated":true}]}}