{"id":153376,"date":"2025-03-14T15:51:00","date_gmt":"2025-03-14T15:51:00","guid":{"rendered":"https:\/\/all-car-news.com\/gesichtet-ein-mclaren-570s\/"},"modified":"2025-03-14T15:51:00","modified_gmt":"2025-03-14T15:51:00","slug":"gesichtet-ein-mclaren-570s","status":"publish","type":"post","link":"https:\/\/all-car-news.com\/de\/gesichtet-ein-mclaren-570s\/","title":{"rendered":"Gesichtet: ein McLaren 570S"},"content":{"rendered":"<h2><strong>Das gefleckte Exemplar<\/strong><\/h2>\n<p>Auf dem Parkplatz des Wohnboulevards von Hoorn, wo wir letzte Woche auch den <a href=\"https:\/\/autorai.nl\/gespot-een-volkswagen-passat-uit-1991\/\" target=\"_blank\" rel=\"noreferrer noopener\">Volkswagen Passat B3<\/a> gesehen haben, stand noch etwas anderes, das man nicht jeden Tag zu Gesicht bekommt. Ein 2017er McLaren 570S, der seit Juni in den Niederlanden steht. Nicht gerade das naheliegendste Auto, um ein M\u00f6belhaus zu besuchen. Aber andererseits lassen Sie sich Ihre neuen M\u00f6bel ja offensichtlich sowieso liefern.   <\/p>\n<div class=\"galery shuffle galery-0\">\n<figure>\n\t\t\t\t\t<span style=\"cursor: pointer\" data-src=\"https:\/\/autorai.nl\/wp-content\/uploads\/2025\/03\/AutoRAI-Gespot-McLaren-570S-1-1600x1200.jpg\" data-fancybox=\"galery-0\" title=\"\"><br \/>\n\t\t\t\t\t\t\t<img decoding=\"async\" width=\"640\" height=\"480\" src=\"https:\/\/autorai.nl\/wp-content\/uploads\/2025\/03\/AutoRAI-Gespot-McLaren-570S-1-640x480.jpg\" class=\"attachment-medium size-medium\" alt=\"\" loading=\"lazy\"><i class=\"fa fa-search-plus\" aria-hidden=\"true\"><\/i><br \/>\n\t\t\t\t\t\t<\/span><br \/>\n\t\t\t\t\t<\/figure>\n<figure>\n\t\t\t\t\t<span style=\"cursor: pointer\" data-src=\"https:\/\/autorai.nl\/wp-content\/uploads\/2025\/03\/AutoRAI-Gespot-McLaren-570S-2-1600x1200.jpg\" data-fancybox=\"galery-0\" title=\"\"><br \/>\n\t\t\t\t\t\t\t<img decoding=\"async\" width=\"360\" height=\"270\" src=\"https:\/\/autorai.nl\/wp-content\/uploads\/2025\/03\/AutoRAI-Gespot-McLaren-570S-2-360x270.jpg\" class=\"attachment-small size-small\" alt=\"\" loading=\"lazy\"><i class=\"fa fa-search-plus\" aria-hidden=\"true\"><\/i><br \/>\n\t\t\t\t\t\t<\/span><br \/>\n\t\t\t\t\t<\/figure>\n<figure>\n\t\t\t\t\t<span style=\"cursor: pointer\" data-src=\"https:\/\/autorai.nl\/wp-content\/uploads\/2025\/03\/AutoRAI-Gespot-McLaren-570S-3-1600x1200.jpg\" data-fancybox=\"galery-0\" title=\"\"><br \/>\n\t\t\t\t\t\t\t<img decoding=\"async\" width=\"360\" height=\"270\" src=\"https:\/\/autorai.nl\/wp-content\/uploads\/2025\/03\/AutoRAI-Gespot-McLaren-570S-3-360x270.jpg\" class=\"attachment-small size-small\" alt=\"\" loading=\"lazy\"><i class=\"fa fa-search-plus\" aria-hidden=\"true\"><\/i><br \/>\n\t\t\t\t\t\t<\/span><br \/>\n\t\t\t\t\t<\/figure>\n<div class=\"clear\"><\/div>\n<\/div>\n<h2><strong>McLaren Sport Serie<\/strong><\/h2>\n<p>Der McLaren 570S ist Teil der McLaren Sports Series, einer Modellreihe, die wir bereits im letzten Jahr nach dem damals gesichteten <a href=\"https:\/\/autorai.nl\/gespot-een-mclaren-600lt-spider\/\" target=\"_blank\" rel=\"noreferrer noopener\">McLaren 600LT Spider<\/a> besprochen haben. Im Jahr 2015 war der jetzt gesichtete 570S das erste Modell der damals brandneuen Modellreihe. <\/p>\n<h2><strong>Der McLaren 570S<\/strong><\/h2>\n<p>Obwohl der Mclaren 570S das erste Modell der Spots-Serie ist, bildet er heutzutage das Mittelfeld innerhalb der Serie. Es gibt n\u00e4mlich auch die Modelle 540, 600 und 620, wobei diese Zahlen die Leistung angeben. Der 570S hat also eine Leistung von 419 kW (570 PS), die von einem 3,8-Liter-V8 mit Doppelturboaufladung stammt. Das Drehmoment betr\u00e4gt 601 Nm. Ein Siebengang-Automatikgetriebe \u00fcbertr\u00e4gt diese Leistung auf die Hinterr\u00e4der. Die 100 km\/h werden in 3,2 Sekunden erreicht und die H\u00f6chstgeschwindigkeit betr\u00e4gt 328 km\/h.     <\/p>\n<div class=\"galery shuffle galery-1\">\n<figure>\n\t\t\t\t\t<span style=\"cursor: pointer\" data-src=\"https:\/\/autorai.nl\/wp-content\/uploads\/2025\/03\/McLaren-570S-1-1600x1200.jpg\" data-fancybox=\"galery-1\" title=\"\"><br \/>\n\t\t\t\t\t\t\t<img decoding=\"async\" width=\"640\" height=\"480\" src=\"https:\/\/autorai.nl\/wp-content\/uploads\/2025\/03\/McLaren-570S-1-640x480.jpg\" class=\"attachment-medium size-medium\" alt=\"\" loading=\"lazy\"><i class=\"fa fa-search-plus\" aria-hidden=\"true\"><\/i><br \/>\n\t\t\t\t\t\t<\/span><br \/>\n\t\t\t\t\t<\/figure>\n<figure>\n\t\t\t\t\t<span style=\"cursor: pointer\" data-src=\"https:\/\/autorai.nl\/wp-content\/uploads\/2025\/03\/McLaren-570S-2-1600x1200.jpg\" data-fancybox=\"galery-1\" title=\"\"><br \/>\n\t\t\t\t\t\t\t<img decoding=\"async\" width=\"360\" height=\"270\" src=\"https:\/\/autorai.nl\/wp-content\/uploads\/2025\/03\/McLaren-570S-2-360x270.jpg\" class=\"attachment-small size-small\" alt=\"\" loading=\"lazy\"><i class=\"fa fa-search-plus\" aria-hidden=\"true\"><\/i><br \/>\n\t\t\t\t\t\t<\/span><br \/>\n\t\t\t\t\t<\/figure>\n<figure>\n\t\t\t\t\t<span style=\"cursor: pointer\" data-src=\"https:\/\/autorai.nl\/wp-content\/uploads\/2025\/03\/McLaren-570S-3-1600x1200.jpg\" data-fancybox=\"galery-1\" title=\"\"><br \/>\n\t\t\t\t\t\t\t<img decoding=\"async\" width=\"360\" height=\"270\" src=\"https:\/\/autorai.nl\/wp-content\/uploads\/2025\/03\/McLaren-570S-3-360x270.jpg\" class=\"attachment-small size-small\" alt=\"\" loading=\"lazy\"><i class=\"fa fa-search-plus\" aria-hidden=\"true\"><\/i><br \/>\n\t\t\t\t\t\t<\/span><br \/>\n\t\t\t\t\t<\/figure>\n<div class=\"clear\"><\/div>\n<\/div>\n<h2><strong>McLaren f\u00fcr den t\u00e4glichen Gebrauch<\/strong><\/h2>\n<p>Obwohl ein Wohnboulevard ein unerwarteter Ort ist, ist es genau das, wof\u00fcr McLaren das Auto vorgesehen hat. Das hei\u00dft, neben der sportlichen Leistung stand bei der Entwicklung auch der Alltagskomfort ganz oben auf der Priorit\u00e4tenliste. Daher hat der McLaren 570S einen etwas gr\u00f6\u00dferen Kofferraum und einen ger\u00e4umigeren und luxuri\u00f6seren Innenraum als andere McLaren Modelle. Alles ist relativ, denn mit 145 Litern k\u00f6nnen Sie immer noch nicht wirklich viel transportieren. F\u00fcr noch mehr Praktikabilit\u00e4t gab es 2016 den 570GT.    <\/p>\n<h2><strong>McLaren 570S Spider<\/strong><\/h2>\n<p>2017 wurde auch die Cabrio-Version vorgestellt, der McLaren 570S Spider. Dieser verf\u00fcgt \u00fcber ein zweiteiliges Aluminium-Faltdach, das zuvor f\u00fcr die h\u00f6heren Modelle der Super Series verwendet wurde. Da der 570S eine Kohlefaser-&#8222;Monozelle&#8220; verwendet, waren f\u00fcr das offene Dach kaum \u00c4nderungen an der Struktur des Autos erforderlich. Daher wiegt die Cabrio-Version nur 46 kg mehr als die geschlossene Version.   <\/p>\n<figure class=\"wp-block-image size-content\"><img decoding=\"async\" loading=\"lazy\" width=\"1140\" height=\"641\" src=\"https:\/\/autorai.nl\/wp-content\/uploads\/2025\/03\/McLaren-570S-Spider-1140x641.jpg\" alt=\"\" class=\"wp-image-195492\"><\/figure>\n","protected":false},"excerpt":{"rendered":"Man sieht nicht oft einen McLaren, geschweige denn einen, der einfach auf einem Parkplatz steht. Wir hatten Gl\u00fcck und konnten&hellip;","protected":false},"author":0,"featured_media":153371,"comment_status":"","ping_status":"open","sticky":false,"template":"","format":"standard","meta":{"footnotes":""},"categories":[125,174],"tags":[],"class_list":["post-153376","post","type-post","status-publish","format-standard","has-post-thumbnail","hentry","category-auto-nachrichten","category-spas"],"acf":[],"yoast_head":"<!-- This site is optimized with the Yoast SEO plugin v21.2 - https:\/\/yoast.com\/wordpress\/plugins\/seo\/ -->\n<title>Gesichtet: ein McLaren 570S - All cars news<\/title>\n<meta name=\"robots\" content=\"index, follow, max-snippet:-1, max-image-preview:large, max-video-preview:-1\" \/>\n<link rel=\"canonical\" href=\"https:\/\/all-car-news.com\/de\/gesichtet-ein-mclaren-570s\/\" \/>\n<meta property=\"og:locale\" content=\"de_DE\" \/>\n<meta property=\"og:type\" content=\"article\" \/>\n<meta property=\"og:title\" content=\"Gesichtet: ein McLaren 570S - All cars news\" \/>\n<meta property=\"og:description\" content=\"Man sieht nicht oft einen McLaren, geschweige denn einen, der einfach auf einem Parkplatz steht. Wir hatten Gl\u00fcck und konnten diesen Wagen f\u00fcr Sie fotografieren.\" \/>\n<meta property=\"og:url\" content=\"https:\/\/all-car-news.com\/de\/gesichtet-ein-mclaren-570s\/\" \/>\n<meta property=\"og:site_name\" content=\"All cars news\" \/>\n<meta property=\"article:published_time\" content=\"2025-03-14T15:51:00+00:00\" \/>\n<meta property=\"og:image\" content=\"https:\/\/autorai.nl\/wp-content\/uploads\/2025\/03\/AutoRAI-Gespot-McLaren-570S-1-640x480.jpg\" \/>\n<meta name=\"twitter:card\" content=\"summary_large_image\" \/>\n<meta name=\"twitter:label1\" content=\"Gesch\u00e4tzte Lesezeit\" \/>\n\t<meta name=\"twitter:data1\" content=\"2\u00a0Minuten\" \/>\n<script type=\"application\/ld+json\" class=\"yoast-schema-graph\">{\"@context\":\"https:\/\/schema.org\",\"@graph\":[{\"@type\":\"Article\",\"@id\":\"https:\/\/all-car-news.com\/de\/gesichtet-ein-mclaren-570s\/#article\",\"isPartOf\":{\"@id\":\"https:\/\/all-car-news.com\/de\/gesichtet-ein-mclaren-570s\/\"},\"author\":{\"name\":\"\",\"@id\":\"\"},\"headline\":\"Gesichtet: ein McLaren 570S\",\"datePublished\":\"2025-03-14T15:51:00+00:00\",\"dateModified\":\"2025-03-14T15:51:00+00:00\",\"mainEntityOfPage\":{\"@id\":\"https:\/\/all-car-news.com\/de\/gesichtet-ein-mclaren-570s\/\"},\"wordCount\":352,\"publisher\":{\"@id\":\"https:\/\/all-car-news.com\/de\/#organization\"},\"articleSection\":[\"Auto Nachrichten\",\"Spa\u00df\"],\"inLanguage\":\"de\"},{\"@type\":\"WebPage\",\"@id\":\"https:\/\/all-car-news.com\/de\/gesichtet-ein-mclaren-570s\/\",\"url\":\"https:\/\/all-car-news.com\/de\/gesichtet-ein-mclaren-570s\/\",\"name\":\"Gesichtet: ein McLaren 570S - All cars news\",\"isPartOf\":{\"@id\":\"https:\/\/all-car-news.com\/de\/#website\"},\"datePublished\":\"2025-03-14T15:51:00+00:00\",\"dateModified\":\"2025-03-14T15:51:00+00:00\",\"breadcrumb\":{\"@id\":\"https:\/\/all-car-news.com\/de\/gesichtet-ein-mclaren-570s\/#breadcrumb\"},\"inLanguage\":\"de\",\"potentialAction\":[{\"@type\":\"ReadAction\",\"target\":[\"https:\/\/all-car-news.com\/de\/gesichtet-ein-mclaren-570s\/\"]}]},{\"@type\":\"BreadcrumbList\",\"@id\":\"https:\/\/all-car-news.com\/de\/gesichtet-ein-mclaren-570s\/#breadcrumb\",\"itemListElement\":[{\"@type\":\"ListItem\",\"position\":1,\"name\":\"Home\",\"item\":\"https:\/\/all-car-news.com\/de\/\"},{\"@type\":\"ListItem\",\"position\":2,\"name\":\"Gesichtet: ein McLaren 570S\"}]},{\"@type\":\"WebSite\",\"@id\":\"https:\/\/all-car-news.com\/de\/#website\",\"url\":\"https:\/\/all-car-news.com\/de\/\",\"name\":\"All cars news\",\"description\":\"\",\"publisher\":{\"@id\":\"https:\/\/all-car-news.com\/de\/#organization\"},\"potentialAction\":[{\"@type\":\"SearchAction\",\"target\":{\"@type\":\"EntryPoint\",\"urlTemplate\":\"https:\/\/all-car-news.com\/de\/?s={search_term_string}\"},\"query-input\":\"required name=search_term_string\"}],\"inLanguage\":\"de\"},{\"@type\":\"Organization\",\"@id\":\"https:\/\/all-car-news.com\/de\/#organization\",\"name\":\"All cars news\",\"url\":\"https:\/\/all-car-news.com\/de\/\",\"logo\":{\"@type\":\"ImageObject\",\"inLanguage\":\"de\",\"@id\":\"https:\/\/all-car-news.com\/de\/#\/schema\/logo\/image\/\",\"url\":\"https:\/\/all-car-news.com\/wp-content\/uploads\/2022\/02\/CMYK-AllCarNews_LANDSCAPE_300px-1.png\",\"contentUrl\":\"https:\/\/all-car-news.com\/wp-content\/uploads\/2022\/02\/CMYK-AllCarNews_LANDSCAPE_300px-1.png\",\"width\":300,\"height\":100,\"caption\":\"All cars news\"},\"image\":{\"@id\":\"https:\/\/all-car-news.com\/de\/#\/schema\/logo\/image\/\"}}]}<\/script>\n<!-- \/ Yoast SEO plugin. -->","yoast_head_json":{"title":"Gesichtet: ein McLaren 570S - All cars news","robots":{"index":"index","follow":"follow","max-snippet":"max-snippet:-1","max-image-preview":"max-image-preview:large","max-video-preview":"max-video-preview:-1"},"canonical":"https:\/\/all-car-news.com\/de\/gesichtet-ein-mclaren-570s\/","og_locale":"de_DE","og_type":"article","og_title":"Gesichtet: ein McLaren 570S - All cars news","og_description":"Man sieht nicht oft einen McLaren, geschweige denn einen, der einfach auf einem Parkplatz steht. Wir hatten Gl\u00fcck und konnten diesen Wagen f\u00fcr Sie fotografieren.","og_url":"https:\/\/all-car-news.com\/de\/gesichtet-ein-mclaren-570s\/","og_site_name":"All cars news","article_published_time":"2025-03-14T15:51:00+00:00","og_image":[{"url":"https:\/\/autorai.nl\/wp-content\/uploads\/2025\/03\/AutoRAI-Gespot-McLaren-570S-1-640x480.jpg"}],"twitter_card":"summary_large_image","twitter_misc":{"Gesch\u00e4tzte Lesezeit":"2\u00a0Minuten"},"schema":{"@context":"https:\/\/schema.org","@graph":[{"@type":"Article","@id":"https:\/\/all-car-news.com\/de\/gesichtet-ein-mclaren-570s\/#article","isPartOf":{"@id":"https:\/\/all-car-news.com\/de\/gesichtet-ein-mclaren-570s\/"},"author":{"name":"","@id":""},"headline":"Gesichtet: ein McLaren 570S","datePublished":"2025-03-14T15:51:00+00:00","dateModified":"2025-03-14T15:51:00+00:00","mainEntityOfPage":{"@id":"https:\/\/all-car-news.com\/de\/gesichtet-ein-mclaren-570s\/"},"wordCount":352,"publisher":{"@id":"https:\/\/all-car-news.com\/de\/#organization"},"articleSection":["Auto Nachrichten","Spa\u00df"],"inLanguage":"de"},{"@type":"WebPage","@id":"https:\/\/all-car-news.com\/de\/gesichtet-ein-mclaren-570s\/","url":"https:\/\/all-car-news.com\/de\/gesichtet-ein-mclaren-570s\/","name":"Gesichtet: ein McLaren 570S - All cars news","isPartOf":{"@id":"https:\/\/all-car-news.com\/de\/#website"},"datePublished":"2025-03-14T15:51:00+00:00","dateModified":"2025-03-14T15:51:00+00:00","breadcrumb":{"@id":"https:\/\/all-car-news.com\/de\/gesichtet-ein-mclaren-570s\/#breadcrumb"},"inLanguage":"de","potentialAction":[{"@type":"ReadAction","target":["https:\/\/all-car-news.com\/de\/gesichtet-ein-mclaren-570s\/"]}]},{"@type":"BreadcrumbList","@id":"https:\/\/all-car-news.com\/de\/gesichtet-ein-mclaren-570s\/#breadcrumb","itemListElement":[{"@type":"ListItem","position":1,"name":"Home","item":"https:\/\/all-car-news.com\/de\/"},{"@type":"ListItem","position":2,"name":"Gesichtet: ein McLaren 570S"}]},{"@type":"WebSite","@id":"https:\/\/all-car-news.com\/de\/#website","url":"https:\/\/all-car-news.com\/de\/","name":"All cars news","description":"","publisher":{"@id":"https:\/\/all-car-news.com\/de\/#organization"},"potentialAction":[{"@type":"SearchAction","target":{"@type":"EntryPoint","urlTemplate":"https:\/\/all-car-news.com\/de\/?s={search_term_string}"},"query-input":"required name=search_term_string"}],"inLanguage":"de"},{"@type":"Organization","@id":"https:\/\/all-car-news.com\/de\/#organization","name":"All cars news","url":"https:\/\/all-car-news.com\/de\/","logo":{"@type":"ImageObject","inLanguage":"de","@id":"https:\/\/all-car-news.com\/de\/#\/schema\/logo\/image\/","url":"https:\/\/all-car-news.com\/wp-content\/uploads\/2022\/02\/CMYK-AllCarNews_LANDSCAPE_300px-1.png","contentUrl":"https:\/\/all-car-news.com\/wp-content\/uploads\/2022\/02\/CMYK-AllCarNews_LANDSCAPE_300px-1.png","width":300,"height":100,"caption":"All cars news"},"image":{"@id":"https:\/\/all-car-news.com\/de\/#\/schema\/logo\/image\/"}}]}},"_links":{"self":[{"href":"https:\/\/all-car-news.com\/de\/wp-json\/wp\/v2\/posts\/153376","targetHints":{"allow":["GET"]}}],"collection":[{"href":"https:\/\/all-car-news.com\/de\/wp-json\/wp\/v2\/posts"}],"about":[{"href":"https:\/\/all-car-news.com\/de\/wp-json\/wp\/v2\/types\/post"}],"replies":[{"embeddable":true,"href":"https:\/\/all-car-news.com\/de\/wp-json\/wp\/v2\/comments?post=153376"}],"version-history":[{"count":0,"href":"https:\/\/all-car-news.com\/de\/wp-json\/wp\/v2\/posts\/153376\/revisions"}],"wp:featuredmedia":[{"embeddable":true,"href":"https:\/\/all-car-news.com\/de\/wp-json\/wp\/v2\/media\/153371"}],"wp:attachment":[{"href":"https:\/\/all-car-news.com\/de\/wp-json\/wp\/v2\/media?parent=153376"}],"wp:term":[{"taxonomy":"category","embeddable":true,"href":"https:\/\/all-car-news.com\/de\/wp-json\/wp\/v2\/categories?post=153376"},{"taxonomy":"post_tag","embeddable":true,"href":"https:\/\/all-car-news.com\/de\/wp-json\/wp\/v2\/tags?post=153376"}],"curies":[{"name":"wp","href":"https:\/\/api.w.org\/{rel}","templated":true}]}}