{"id":153261,"date":"2025-03-10T16:44:35","date_gmt":"2025-03-10T16:44:35","guid":{"rendered":"https:\/\/all-car-news.com\/pvv-will-weniger-tankstellen-und-mehr-ladestationen-an-autobahnen\/"},"modified":"2025-03-10T16:44:35","modified_gmt":"2025-03-10T16:44:35","slug":"pvv-will-weniger-tankstellen-und-mehr-ladestationen-an-autobahnen","status":"publish","type":"post","link":"https:\/\/all-car-news.com\/de\/pvv-will-weniger-tankstellen-und-mehr-ladestationen-an-autobahnen\/","title":{"rendered":"PVV will weniger Tankstellen und mehr Ladestationen an Autobahnen"},"content":{"rendered":"<h2>Versorgungspunkte  <\/h2>\n<p>Da Elektroautos immer beliebter werden und Dieselfahrer bereits in der Minderheit sind, m\u00fcssen die Autobahnrastst\u00e4tten nach Ansicht der Regierung erneuert werden. In den Niederlanden gibt es fast 300 dieser Rastst\u00e4tten, von denen die meisten noch von traditionellen Tankstellen dominiert werden. Das muss sich \u00e4ndern, meint PVV-Minister Madlener. Er will mehr Ladestationen, zus\u00e4tzliche Parkpl\u00e4tze (insbesondere f\u00fcr Lastwagen) und weniger Platz f\u00fcr altmodische Tankstellen. In einem <a href=\"https:\/\/www.tweedekamer.nl\/kamerstukken\/brieven_regering\/detail?id=2025Z04124&amp;did=2025D09437\" target=\"_blank\" rel=\"noreferrer noopener\">Brief an die Abgeordnetenkammer<\/a> erkl\u00e4rt er: &#8222;Ausgehend von den aktuellen Prognosen f\u00fcr den Bedarf der Verkehrsteilnehmer scheint es, dass bald nicht mehr an jeder Tankstelle eine Tankstelle n\u00f6tig sein wird.&#8220;      <\/p>\n<h2>Lizenzen  <\/h2>\n<p>Ab 2028 laufen die Lizenzen von mehr als 160 Tankstellen aus. Die Regierung will diesen Moment nutzen, um die Dinge neu zu ordnen. W\u00e4hrend die Regierung fr\u00fcher die Lizenzen verloste, will sie sie jetzt versteigern. Die Idee dahinter? Die besten Unternehmer an Bord zu holen, damit die Ladestationen und Gesch\u00e4fte von h\u00f6herer Qualit\u00e4t sind und es mehr Wettbewerb gibt.    <\/p>\n<p>Es \u00e4ndert auch die Art und Weise, wie Lizenzen vergeben werden. Derzeit werden Ladestationen und Gesch\u00e4fte oft zusammen in einem Paket vergeben. Bald wird ein Unternehmer eine separate Genehmigung f\u00fcr ein Gesch\u00e4ft erhalten k\u00f6nnen, ohne dass er verpflichtet ist, auch Ladestationen zu installieren. Und andersherum.   <\/p>\n<h3>Stra\u00dfenkarte<\/h3>\n<p>Um diese ganze Operation zu steuern, wird ein &#8218;Fahrplan&#8216; erstellt. Dieser wird zeigen, wann und wo die Genehmigungen versteigert werden. Nicht jeder Tankstellenplatz wird sofort verschwinden; einige Standorte werden vorerst ungest\u00f6rt bleiben, je nach Bedarf an Ladestationen. Es wird auch Pl\u00e4ne geben, die Tankstellen intelligenter und sicherer zu machen. Denken Sie an bessere Parkm\u00f6glichkeiten, sauberere Stra\u00dfen und gen\u00fcgend Platz f\u00fcr Lastwagen.      <\/p>\n<h3>Lesen Sie auch: <a href=\"https:\/\/autorai.nl\/zomerbandentest-2025-deze-zomerbanden-zijn-gevaarlijk-en-deze-zijn-juist-top\/\">Sommerreifentest 2025: Diese Sommerreifen sind gef\u00e4hrlich (und diese sind genau richtig oben)<\/a><\/h3>\n<\/p>\n<figure class=\"wp-block-embed is-type-wp-embed is-provider-autorai-nl wp-block-embed-autorai-nl\">\n<div class=\"wp-block-embed__wrapper\">\n<blockquote class=\"wp-embedded-content\" data-secret=\"FP9xWddLiG\"><p><a href=\"https:\/\/autorai.nl\/zomerbandentest-2025-deze-zomerbanden-zijn-gevaarlijk-en-deze-zijn-juist-top\/\">Sommerreifentest 2025: Diese Sommerreifen sind gef\u00e4hrlich (und diese sind genau richtig oben)<\/a><\/p><\/blockquote>\n<\/div>\n<\/figure>\n<h3><\/h3><\/p>\n","protected":false},"excerpt":{"rendered":"Rastst\u00e4tten Da Elektroautos immer beliebter werden und Dieselfahrer bereits in der Minderheit sind, m\u00fcssen nach Ansicht der Regierung die Autobahnrastst\u00e4tten&hellip;","protected":false},"author":0,"featured_media":151556,"comment_status":"","ping_status":"open","sticky":false,"template":"","format":"standard","meta":{"footnotes":""},"categories":[125],"tags":[],"class_list":["post-153261","post","type-post","status-publish","format-standard","has-post-thumbnail","hentry","category-auto-nachrichten"],"acf":[],"yoast_head":"<!-- This site is optimized with the Yoast SEO plugin v21.2 - https:\/\/yoast.com\/wordpress\/plugins\/seo\/ -->\n<title>PVV will weniger Tankstellen und mehr Ladestationen an Autobahnen - All cars news<\/title>\n<meta name=\"robots\" content=\"index, follow, max-snippet:-1, max-image-preview:large, max-video-preview:-1\" \/>\n<link rel=\"canonical\" href=\"https:\/\/all-car-news.com\/de\/pvv-will-weniger-tankstellen-und-mehr-ladestationen-an-autobahnen\/\" \/>\n<meta property=\"og:locale\" content=\"de_DE\" \/>\n<meta property=\"og:type\" content=\"article\" \/>\n<meta property=\"og:title\" content=\"PVV will weniger Tankstellen und mehr Ladestationen an Autobahnen - All cars news\" \/>\n<meta property=\"og:description\" content=\"Rastst\u00e4tten Da Elektroautos immer beliebter werden und Dieselfahrer bereits in der Minderheit sind, m\u00fcssen nach Ansicht der Regierung die Autobahnrastst\u00e4tten erneuert werden. In den Niederlanden gibt es fast 300 dieser Rastst\u00e4tten, von denen die meisten noch von traditionellen Tankstellen dominiert werden. Das muss sich \u00e4ndern, meint PVV-Minister Madlener. Er will mehr Ladestationen, zus\u00e4tzliche Parkpl\u00e4tze (insbesondere [...]\" \/>\n<meta property=\"og:url\" content=\"https:\/\/all-car-news.com\/de\/pvv-will-weniger-tankstellen-und-mehr-ladestationen-an-autobahnen\/\" \/>\n<meta property=\"og:site_name\" content=\"All cars news\" \/>\n<meta property=\"article:published_time\" content=\"2025-03-10T16:44:35+00:00\" \/>\n<meta name=\"twitter:card\" content=\"summary_large_image\" \/>\n<meta name=\"twitter:label1\" content=\"Gesch\u00e4tzte Lesezeit\" \/>\n\t<meta name=\"twitter:data1\" content=\"2\u00a0Minuten\" \/>\n<script type=\"application\/ld+json\" class=\"yoast-schema-graph\">{\"@context\":\"https:\/\/schema.org\",\"@graph\":[{\"@type\":\"Article\",\"@id\":\"https:\/\/all-car-news.com\/de\/pvv-will-weniger-tankstellen-und-mehr-ladestationen-an-autobahnen\/#article\",\"isPartOf\":{\"@id\":\"https:\/\/all-car-news.com\/de\/pvv-will-weniger-tankstellen-und-mehr-ladestationen-an-autobahnen\/\"},\"author\":{\"name\":\"\",\"@id\":\"\"},\"headline\":\"PVV will weniger Tankstellen und mehr Ladestationen an Autobahnen\",\"datePublished\":\"2025-03-10T16:44:35+00:00\",\"dateModified\":\"2025-03-10T16:44:35+00:00\",\"mainEntityOfPage\":{\"@id\":\"https:\/\/all-car-news.com\/de\/pvv-will-weniger-tankstellen-und-mehr-ladestationen-an-autobahnen\/\"},\"wordCount\":321,\"publisher\":{\"@id\":\"https:\/\/all-car-news.com\/de\/#organization\"},\"articleSection\":[\"Auto Nachrichten\"],\"inLanguage\":\"de\"},{\"@type\":\"WebPage\",\"@id\":\"https:\/\/all-car-news.com\/de\/pvv-will-weniger-tankstellen-und-mehr-ladestationen-an-autobahnen\/\",\"url\":\"https:\/\/all-car-news.com\/de\/pvv-will-weniger-tankstellen-und-mehr-ladestationen-an-autobahnen\/\",\"name\":\"PVV will weniger Tankstellen und mehr Ladestationen an Autobahnen - All cars news\",\"isPartOf\":{\"@id\":\"https:\/\/all-car-news.com\/de\/#website\"},\"datePublished\":\"2025-03-10T16:44:35+00:00\",\"dateModified\":\"2025-03-10T16:44:35+00:00\",\"breadcrumb\":{\"@id\":\"https:\/\/all-car-news.com\/de\/pvv-will-weniger-tankstellen-und-mehr-ladestationen-an-autobahnen\/#breadcrumb\"},\"inLanguage\":\"de\",\"potentialAction\":[{\"@type\":\"ReadAction\",\"target\":[\"https:\/\/all-car-news.com\/de\/pvv-will-weniger-tankstellen-und-mehr-ladestationen-an-autobahnen\/\"]}]},{\"@type\":\"BreadcrumbList\",\"@id\":\"https:\/\/all-car-news.com\/de\/pvv-will-weniger-tankstellen-und-mehr-ladestationen-an-autobahnen\/#breadcrumb\",\"itemListElement\":[{\"@type\":\"ListItem\",\"position\":1,\"name\":\"Home\",\"item\":\"https:\/\/all-car-news.com\/de\/\"},{\"@type\":\"ListItem\",\"position\":2,\"name\":\"PVV will weniger Tankstellen und mehr Ladestationen an Autobahnen\"}]},{\"@type\":\"WebSite\",\"@id\":\"https:\/\/all-car-news.com\/de\/#website\",\"url\":\"https:\/\/all-car-news.com\/de\/\",\"name\":\"All cars news\",\"description\":\"\",\"publisher\":{\"@id\":\"https:\/\/all-car-news.com\/de\/#organization\"},\"potentialAction\":[{\"@type\":\"SearchAction\",\"target\":{\"@type\":\"EntryPoint\",\"urlTemplate\":\"https:\/\/all-car-news.com\/de\/?s={search_term_string}\"},\"query-input\":\"required name=search_term_string\"}],\"inLanguage\":\"de\"},{\"@type\":\"Organization\",\"@id\":\"https:\/\/all-car-news.com\/de\/#organization\",\"name\":\"All cars news\",\"url\":\"https:\/\/all-car-news.com\/de\/\",\"logo\":{\"@type\":\"ImageObject\",\"inLanguage\":\"de\",\"@id\":\"https:\/\/all-car-news.com\/de\/#\/schema\/logo\/image\/\",\"url\":\"https:\/\/all-car-news.com\/wp-content\/uploads\/2022\/02\/CMYK-AllCarNews_LANDSCAPE_300px-1.png\",\"contentUrl\":\"https:\/\/all-car-news.com\/wp-content\/uploads\/2022\/02\/CMYK-AllCarNews_LANDSCAPE_300px-1.png\",\"width\":300,\"height\":100,\"caption\":\"All cars news\"},\"image\":{\"@id\":\"https:\/\/all-car-news.com\/de\/#\/schema\/logo\/image\/\"}}]}<\/script>\n<!-- \/ Yoast SEO plugin. -->","yoast_head_json":{"title":"PVV will weniger Tankstellen und mehr Ladestationen an Autobahnen - All cars news","robots":{"index":"index","follow":"follow","max-snippet":"max-snippet:-1","max-image-preview":"max-image-preview:large","max-video-preview":"max-video-preview:-1"},"canonical":"https:\/\/all-car-news.com\/de\/pvv-will-weniger-tankstellen-und-mehr-ladestationen-an-autobahnen\/","og_locale":"de_DE","og_type":"article","og_title":"PVV will weniger Tankstellen und mehr Ladestationen an Autobahnen - All cars news","og_description":"Rastst\u00e4tten Da Elektroautos immer beliebter werden und Dieselfahrer bereits in der Minderheit sind, m\u00fcssen nach Ansicht der Regierung die Autobahnrastst\u00e4tten erneuert werden. In den Niederlanden gibt es fast 300 dieser Rastst\u00e4tten, von denen die meisten noch von traditionellen Tankstellen dominiert werden. Das muss sich \u00e4ndern, meint PVV-Minister Madlener. Er will mehr Ladestationen, zus\u00e4tzliche Parkpl\u00e4tze (insbesondere [...]","og_url":"https:\/\/all-car-news.com\/de\/pvv-will-weniger-tankstellen-und-mehr-ladestationen-an-autobahnen\/","og_site_name":"All cars news","article_published_time":"2025-03-10T16:44:35+00:00","twitter_card":"summary_large_image","twitter_misc":{"Gesch\u00e4tzte Lesezeit":"2\u00a0Minuten"},"schema":{"@context":"https:\/\/schema.org","@graph":[{"@type":"Article","@id":"https:\/\/all-car-news.com\/de\/pvv-will-weniger-tankstellen-und-mehr-ladestationen-an-autobahnen\/#article","isPartOf":{"@id":"https:\/\/all-car-news.com\/de\/pvv-will-weniger-tankstellen-und-mehr-ladestationen-an-autobahnen\/"},"author":{"name":"","@id":""},"headline":"PVV will weniger Tankstellen und mehr Ladestationen an Autobahnen","datePublished":"2025-03-10T16:44:35+00:00","dateModified":"2025-03-10T16:44:35+00:00","mainEntityOfPage":{"@id":"https:\/\/all-car-news.com\/de\/pvv-will-weniger-tankstellen-und-mehr-ladestationen-an-autobahnen\/"},"wordCount":321,"publisher":{"@id":"https:\/\/all-car-news.com\/de\/#organization"},"articleSection":["Auto Nachrichten"],"inLanguage":"de"},{"@type":"WebPage","@id":"https:\/\/all-car-news.com\/de\/pvv-will-weniger-tankstellen-und-mehr-ladestationen-an-autobahnen\/","url":"https:\/\/all-car-news.com\/de\/pvv-will-weniger-tankstellen-und-mehr-ladestationen-an-autobahnen\/","name":"PVV will weniger Tankstellen und mehr Ladestationen an Autobahnen - All cars news","isPartOf":{"@id":"https:\/\/all-car-news.com\/de\/#website"},"datePublished":"2025-03-10T16:44:35+00:00","dateModified":"2025-03-10T16:44:35+00:00","breadcrumb":{"@id":"https:\/\/all-car-news.com\/de\/pvv-will-weniger-tankstellen-und-mehr-ladestationen-an-autobahnen\/#breadcrumb"},"inLanguage":"de","potentialAction":[{"@type":"ReadAction","target":["https:\/\/all-car-news.com\/de\/pvv-will-weniger-tankstellen-und-mehr-ladestationen-an-autobahnen\/"]}]},{"@type":"BreadcrumbList","@id":"https:\/\/all-car-news.com\/de\/pvv-will-weniger-tankstellen-und-mehr-ladestationen-an-autobahnen\/#breadcrumb","itemListElement":[{"@type":"ListItem","position":1,"name":"Home","item":"https:\/\/all-car-news.com\/de\/"},{"@type":"ListItem","position":2,"name":"PVV will weniger Tankstellen und mehr Ladestationen an Autobahnen"}]},{"@type":"WebSite","@id":"https:\/\/all-car-news.com\/de\/#website","url":"https:\/\/all-car-news.com\/de\/","name":"All cars news","description":"","publisher":{"@id":"https:\/\/all-car-news.com\/de\/#organization"},"potentialAction":[{"@type":"SearchAction","target":{"@type":"EntryPoint","urlTemplate":"https:\/\/all-car-news.com\/de\/?s={search_term_string}"},"query-input":"required name=search_term_string"}],"inLanguage":"de"},{"@type":"Organization","@id":"https:\/\/all-car-news.com\/de\/#organization","name":"All cars news","url":"https:\/\/all-car-news.com\/de\/","logo":{"@type":"ImageObject","inLanguage":"de","@id":"https:\/\/all-car-news.com\/de\/#\/schema\/logo\/image\/","url":"https:\/\/all-car-news.com\/wp-content\/uploads\/2022\/02\/CMYK-AllCarNews_LANDSCAPE_300px-1.png","contentUrl":"https:\/\/all-car-news.com\/wp-content\/uploads\/2022\/02\/CMYK-AllCarNews_LANDSCAPE_300px-1.png","width":300,"height":100,"caption":"All cars news"},"image":{"@id":"https:\/\/all-car-news.com\/de\/#\/schema\/logo\/image\/"}}]}},"_links":{"self":[{"href":"https:\/\/all-car-news.com\/de\/wp-json\/wp\/v2\/posts\/153261","targetHints":{"allow":["GET"]}}],"collection":[{"href":"https:\/\/all-car-news.com\/de\/wp-json\/wp\/v2\/posts"}],"about":[{"href":"https:\/\/all-car-news.com\/de\/wp-json\/wp\/v2\/types\/post"}],"replies":[{"embeddable":true,"href":"https:\/\/all-car-news.com\/de\/wp-json\/wp\/v2\/comments?post=153261"}],"version-history":[{"count":0,"href":"https:\/\/all-car-news.com\/de\/wp-json\/wp\/v2\/posts\/153261\/revisions"}],"wp:featuredmedia":[{"embeddable":true,"href":"https:\/\/all-car-news.com\/de\/wp-json\/wp\/v2\/media\/151556"}],"wp:attachment":[{"href":"https:\/\/all-car-news.com\/de\/wp-json\/wp\/v2\/media?parent=153261"}],"wp:term":[{"taxonomy":"category","embeddable":true,"href":"https:\/\/all-car-news.com\/de\/wp-json\/wp\/v2\/categories?post=153261"},{"taxonomy":"post_tag","embeddable":true,"href":"https:\/\/all-car-news.com\/de\/wp-json\/wp\/v2\/tags?post=153261"}],"curies":[{"name":"wp","href":"https:\/\/api.w.org\/{rel}","templated":true}]}}