{"id":153030,"date":"2025-02-28T11:50:00","date_gmt":"2025-02-28T11:50:00","guid":{"rendered":"https:\/\/all-car-news.com\/niederlande-fuehrend-bei-oeffentlichen-ladestationen-in-der-eu\/"},"modified":"2025-02-28T11:50:00","modified_gmt":"2025-02-28T11:50:00","slug":"niederlande-fuehrend-bei-oeffentlichen-ladestationen-in-der-eu","status":"publish","type":"post","link":"https:\/\/all-car-news.com\/de\/niederlande-fuehrend-bei-oeffentlichen-ladestationen-in-der-eu\/","title":{"rendered":"Niederlande f\u00fchrend bei \u00f6ffentlichen Ladestationen in der EU"},"content":{"rendered":"<h2>Deutschland und Frankreich auf zwei und drei<\/h2>\n<p>Deutschland und Frankreich folgen an zweiter und dritter Stelle mit 120.625 (19,1%) bzw. 119.255 (18,9%) Ladepunkten. Insgesamt gibt es 632.423 \u00f6ffentliche Ladepunkte in der EU. Bei rund 3 Millionen Elektro-Pkw auf europ\u00e4ischen Stra\u00dfen entspricht dies einem Verh\u00e4ltnis von einer Ladestation f\u00fcr jedes f\u00fcnfte Auto.  <\/p>\n<h2>Millionen von Ladepunkten bis 2030 erforderlich<\/h2>\n<p>Die Europ\u00e4ische Kommission sch\u00e4tzt, dass bis 2030 etwa 3,5 Millionen Ladepunkte ben\u00f6tigt werden, um die CO\u2082-Reduktionsziele f\u00fcr Pkw zu erreichen. Der ACEA h\u00e4lt diese Zahl jedoch f\u00fcr zu niedrig und geht davon aus, dass bis 2030 etwa 8,8 Millionen Ladepunkte ben\u00f6tigt werden. Um dieses Ziel zu erreichen, m\u00fcssten jedes Jahr 1,2 Millionen Ladepunkte hinzukommen, was 22.438 pro Woche entspricht.  <\/p>\n<h2>Schnellladeinfrastruktur hinkt weiter hinterher<\/h2>\n<p>Neben den regul\u00e4ren Ladepunkten spielt auch das Schnellladen eine entscheidende Rolle. Derzeit gibt es in der EU etwa 75.000 Schnellladestationen, d.h. etwa eine Schnellladestation pro 40 batterieelektrische Fahrzeuge (BEVs). Mit der zunehmenden Zahl von Elektroautos wird die strategische Platzierung von Schnellladeger\u00e4ten entlang der Autobahnen immer dringlicher.  <\/p>\n","protected":false},"excerpt":{"rendered":"Deutschland und Frankreich auf den Pl\u00e4tzen zwei und drei Deutschland und Frankreich folgen an zweiter bzw. dritter Stelle mit 120.625&hellip;","protected":false},"author":0,"featured_media":153001,"comment_status":"","ping_status":"open","sticky":false,"template":"","format":"standard","meta":{"footnotes":""},"categories":[125],"tags":[],"class_list":["post-153030","post","type-post","status-publish","format-standard","has-post-thumbnail","hentry","category-auto-nachrichten"],"acf":[],"yoast_head":"<!-- This site is optimized with the Yoast SEO plugin v21.2 - https:\/\/yoast.com\/wordpress\/plugins\/seo\/ -->\n<title>Niederlande f\u00fchrend bei \u00f6ffentlichen Ladestationen in der EU - All cars news<\/title>\n<meta name=\"robots\" content=\"index, follow, max-snippet:-1, max-image-preview:large, max-video-preview:-1\" \/>\n<link rel=\"canonical\" href=\"https:\/\/all-car-news.com\/de\/niederlande-fuehrend-bei-oeffentlichen-ladestationen-in-der-eu\/\" \/>\n<meta property=\"og:locale\" content=\"de_DE\" \/>\n<meta property=\"og:type\" content=\"article\" \/>\n<meta property=\"og:title\" content=\"Niederlande f\u00fchrend bei \u00f6ffentlichen Ladestationen in der EU - All cars news\" \/>\n<meta property=\"og:description\" content=\"Deutschland und Frankreich auf den Pl\u00e4tzen zwei und drei Deutschland und Frankreich folgen an zweiter bzw. dritter Stelle mit 120.625 (19,1%) und 119.255 (18,9%) Ladepunkten. Insgesamt gibt es in der EU 632.423 \u00f6ffentliche Ladepunkte. Bei rund 3 Millionen Elektro-Pkw auf europ\u00e4ischen Stra\u00dfen entspricht dies einem Verh\u00e4ltnis von einem Ladepunkt pro [...]\" \/>\n<meta property=\"og:url\" content=\"https:\/\/all-car-news.com\/de\/niederlande-fuehrend-bei-oeffentlichen-ladestationen-in-der-eu\/\" \/>\n<meta property=\"og:site_name\" content=\"All cars news\" \/>\n<meta property=\"article:published_time\" content=\"2025-02-28T11:50:00+00:00\" \/>\n<meta name=\"twitter:card\" content=\"summary_large_image\" \/>\n<meta name=\"twitter:label1\" content=\"Gesch\u00e4tzte Lesezeit\" \/>\n\t<meta name=\"twitter:data1\" content=\"1\u00a0Minute\" \/>\n<script type=\"application\/ld+json\" class=\"yoast-schema-graph\">{\"@context\":\"https:\/\/schema.org\",\"@graph\":[{\"@type\":\"Article\",\"@id\":\"https:\/\/all-car-news.com\/de\/niederlande-fuehrend-bei-oeffentlichen-ladestationen-in-der-eu\/#article\",\"isPartOf\":{\"@id\":\"https:\/\/all-car-news.com\/de\/niederlande-fuehrend-bei-oeffentlichen-ladestationen-in-der-eu\/\"},\"author\":{\"name\":\"\",\"@id\":\"\"},\"headline\":\"Niederlande f\u00fchrend bei \u00f6ffentlichen Ladestationen in der EU\",\"datePublished\":\"2025-02-28T11:50:00+00:00\",\"dateModified\":\"2025-02-28T11:50:00+00:00\",\"mainEntityOfPage\":{\"@id\":\"https:\/\/all-car-news.com\/de\/niederlande-fuehrend-bei-oeffentlichen-ladestationen-in-der-eu\/\"},\"wordCount\":177,\"publisher\":{\"@id\":\"https:\/\/all-car-news.com\/de\/#organization\"},\"articleSection\":[\"Auto Nachrichten\"],\"inLanguage\":\"de\"},{\"@type\":\"WebPage\",\"@id\":\"https:\/\/all-car-news.com\/de\/niederlande-fuehrend-bei-oeffentlichen-ladestationen-in-der-eu\/\",\"url\":\"https:\/\/all-car-news.com\/de\/niederlande-fuehrend-bei-oeffentlichen-ladestationen-in-der-eu\/\",\"name\":\"Niederlande f\u00fchrend bei \u00f6ffentlichen Ladestationen in der EU - All cars news\",\"isPartOf\":{\"@id\":\"https:\/\/all-car-news.com\/de\/#website\"},\"datePublished\":\"2025-02-28T11:50:00+00:00\",\"dateModified\":\"2025-02-28T11:50:00+00:00\",\"breadcrumb\":{\"@id\":\"https:\/\/all-car-news.com\/de\/niederlande-fuehrend-bei-oeffentlichen-ladestationen-in-der-eu\/#breadcrumb\"},\"inLanguage\":\"de\",\"potentialAction\":[{\"@type\":\"ReadAction\",\"target\":[\"https:\/\/all-car-news.com\/de\/niederlande-fuehrend-bei-oeffentlichen-ladestationen-in-der-eu\/\"]}]},{\"@type\":\"BreadcrumbList\",\"@id\":\"https:\/\/all-car-news.com\/de\/niederlande-fuehrend-bei-oeffentlichen-ladestationen-in-der-eu\/#breadcrumb\",\"itemListElement\":[{\"@type\":\"ListItem\",\"position\":1,\"name\":\"Home\",\"item\":\"https:\/\/all-car-news.com\/de\/\"},{\"@type\":\"ListItem\",\"position\":2,\"name\":\"Niederlande f\u00fchrend bei \u00f6ffentlichen Ladestationen in der EU\"}]},{\"@type\":\"WebSite\",\"@id\":\"https:\/\/all-car-news.com\/de\/#website\",\"url\":\"https:\/\/all-car-news.com\/de\/\",\"name\":\"All cars news\",\"description\":\"\",\"publisher\":{\"@id\":\"https:\/\/all-car-news.com\/de\/#organization\"},\"potentialAction\":[{\"@type\":\"SearchAction\",\"target\":{\"@type\":\"EntryPoint\",\"urlTemplate\":\"https:\/\/all-car-news.com\/de\/?s={search_term_string}\"},\"query-input\":\"required name=search_term_string\"}],\"inLanguage\":\"de\"},{\"@type\":\"Organization\",\"@id\":\"https:\/\/all-car-news.com\/de\/#organization\",\"name\":\"All cars news\",\"url\":\"https:\/\/all-car-news.com\/de\/\",\"logo\":{\"@type\":\"ImageObject\",\"inLanguage\":\"de\",\"@id\":\"https:\/\/all-car-news.com\/de\/#\/schema\/logo\/image\/\",\"url\":\"https:\/\/all-car-news.com\/wp-content\/uploads\/2022\/02\/CMYK-AllCarNews_LANDSCAPE_300px-1.png\",\"contentUrl\":\"https:\/\/all-car-news.com\/wp-content\/uploads\/2022\/02\/CMYK-AllCarNews_LANDSCAPE_300px-1.png\",\"width\":300,\"height\":100,\"caption\":\"All cars news\"},\"image\":{\"@id\":\"https:\/\/all-car-news.com\/de\/#\/schema\/logo\/image\/\"}}]}<\/script>\n<!-- \/ Yoast SEO plugin. -->","yoast_head_json":{"title":"Niederlande f\u00fchrend bei \u00f6ffentlichen Ladestationen in der EU - All cars news","robots":{"index":"index","follow":"follow","max-snippet":"max-snippet:-1","max-image-preview":"max-image-preview:large","max-video-preview":"max-video-preview:-1"},"canonical":"https:\/\/all-car-news.com\/de\/niederlande-fuehrend-bei-oeffentlichen-ladestationen-in-der-eu\/","og_locale":"de_DE","og_type":"article","og_title":"Niederlande f\u00fchrend bei \u00f6ffentlichen Ladestationen in der EU - All cars news","og_description":"Deutschland und Frankreich auf den Pl\u00e4tzen zwei und drei Deutschland und Frankreich folgen an zweiter bzw. dritter Stelle mit 120.625 (19,1%) und 119.255 (18,9%) Ladepunkten. Insgesamt gibt es in der EU 632.423 \u00f6ffentliche Ladepunkte. Bei rund 3 Millionen Elektro-Pkw auf europ\u00e4ischen Stra\u00dfen entspricht dies einem Verh\u00e4ltnis von einem Ladepunkt pro [...]","og_url":"https:\/\/all-car-news.com\/de\/niederlande-fuehrend-bei-oeffentlichen-ladestationen-in-der-eu\/","og_site_name":"All cars news","article_published_time":"2025-02-28T11:50:00+00:00","twitter_card":"summary_large_image","twitter_misc":{"Gesch\u00e4tzte Lesezeit":"1\u00a0Minute"},"schema":{"@context":"https:\/\/schema.org","@graph":[{"@type":"Article","@id":"https:\/\/all-car-news.com\/de\/niederlande-fuehrend-bei-oeffentlichen-ladestationen-in-der-eu\/#article","isPartOf":{"@id":"https:\/\/all-car-news.com\/de\/niederlande-fuehrend-bei-oeffentlichen-ladestationen-in-der-eu\/"},"author":{"name":"","@id":""},"headline":"Niederlande f\u00fchrend bei \u00f6ffentlichen Ladestationen in der EU","datePublished":"2025-02-28T11:50:00+00:00","dateModified":"2025-02-28T11:50:00+00:00","mainEntityOfPage":{"@id":"https:\/\/all-car-news.com\/de\/niederlande-fuehrend-bei-oeffentlichen-ladestationen-in-der-eu\/"},"wordCount":177,"publisher":{"@id":"https:\/\/all-car-news.com\/de\/#organization"},"articleSection":["Auto Nachrichten"],"inLanguage":"de"},{"@type":"WebPage","@id":"https:\/\/all-car-news.com\/de\/niederlande-fuehrend-bei-oeffentlichen-ladestationen-in-der-eu\/","url":"https:\/\/all-car-news.com\/de\/niederlande-fuehrend-bei-oeffentlichen-ladestationen-in-der-eu\/","name":"Niederlande f\u00fchrend bei \u00f6ffentlichen Ladestationen in der EU - All cars news","isPartOf":{"@id":"https:\/\/all-car-news.com\/de\/#website"},"datePublished":"2025-02-28T11:50:00+00:00","dateModified":"2025-02-28T11:50:00+00:00","breadcrumb":{"@id":"https:\/\/all-car-news.com\/de\/niederlande-fuehrend-bei-oeffentlichen-ladestationen-in-der-eu\/#breadcrumb"},"inLanguage":"de","potentialAction":[{"@type":"ReadAction","target":["https:\/\/all-car-news.com\/de\/niederlande-fuehrend-bei-oeffentlichen-ladestationen-in-der-eu\/"]}]},{"@type":"BreadcrumbList","@id":"https:\/\/all-car-news.com\/de\/niederlande-fuehrend-bei-oeffentlichen-ladestationen-in-der-eu\/#breadcrumb","itemListElement":[{"@type":"ListItem","position":1,"name":"Home","item":"https:\/\/all-car-news.com\/de\/"},{"@type":"ListItem","position":2,"name":"Niederlande f\u00fchrend bei \u00f6ffentlichen Ladestationen in der EU"}]},{"@type":"WebSite","@id":"https:\/\/all-car-news.com\/de\/#website","url":"https:\/\/all-car-news.com\/de\/","name":"All cars news","description":"","publisher":{"@id":"https:\/\/all-car-news.com\/de\/#organization"},"potentialAction":[{"@type":"SearchAction","target":{"@type":"EntryPoint","urlTemplate":"https:\/\/all-car-news.com\/de\/?s={search_term_string}"},"query-input":"required name=search_term_string"}],"inLanguage":"de"},{"@type":"Organization","@id":"https:\/\/all-car-news.com\/de\/#organization","name":"All cars news","url":"https:\/\/all-car-news.com\/de\/","logo":{"@type":"ImageObject","inLanguage":"de","@id":"https:\/\/all-car-news.com\/de\/#\/schema\/logo\/image\/","url":"https:\/\/all-car-news.com\/wp-content\/uploads\/2022\/02\/CMYK-AllCarNews_LANDSCAPE_300px-1.png","contentUrl":"https:\/\/all-car-news.com\/wp-content\/uploads\/2022\/02\/CMYK-AllCarNews_LANDSCAPE_300px-1.png","width":300,"height":100,"caption":"All cars news"},"image":{"@id":"https:\/\/all-car-news.com\/de\/#\/schema\/logo\/image\/"}}]}},"_links":{"self":[{"href":"https:\/\/all-car-news.com\/de\/wp-json\/wp\/v2\/posts\/153030","targetHints":{"allow":["GET"]}}],"collection":[{"href":"https:\/\/all-car-news.com\/de\/wp-json\/wp\/v2\/posts"}],"about":[{"href":"https:\/\/all-car-news.com\/de\/wp-json\/wp\/v2\/types\/post"}],"replies":[{"embeddable":true,"href":"https:\/\/all-car-news.com\/de\/wp-json\/wp\/v2\/comments?post=153030"}],"version-history":[{"count":0,"href":"https:\/\/all-car-news.com\/de\/wp-json\/wp\/v2\/posts\/153030\/revisions"}],"wp:featuredmedia":[{"embeddable":true,"href":"https:\/\/all-car-news.com\/de\/wp-json\/wp\/v2\/media\/153001"}],"wp:attachment":[{"href":"https:\/\/all-car-news.com\/de\/wp-json\/wp\/v2\/media?parent=153030"}],"wp:term":[{"taxonomy":"category","embeddable":true,"href":"https:\/\/all-car-news.com\/de\/wp-json\/wp\/v2\/categories?post=153030"},{"taxonomy":"post_tag","embeddable":true,"href":"https:\/\/all-car-news.com\/de\/wp-json\/wp\/v2\/tags?post=153030"}],"curies":[{"name":"wp","href":"https:\/\/api.w.org\/{rel}","templated":true}]}}