{"id":152726,"date":"2025-02-06T08:41:00","date_gmt":"2025-02-06T08:41:00","guid":{"rendered":"https:\/\/all-car-news.com\/testbericht-citroen-c3-aircross-2025-ein-fliegender-teppich-fuer-die-familie\/"},"modified":"2025-02-06T08:41:00","modified_gmt":"2025-02-06T08:41:00","slug":"testbericht-citroen-c3-aircross-2025-ein-fliegender-teppich-fuer-die-familie","status":"publish","type":"post","link":"https:\/\/all-car-news.com\/de\/testbericht-citroen-c3-aircross-2025-ein-fliegender-teppich-fuer-die-familie\/","title":{"rendered":"Testbericht &#8211; Citro\u00ebn C3 Aircross (2025), ein &#8222;fliegender Teppich&#8220; f\u00fcr die Familie?"},"content":{"rendered":"<h2>Smart Car Plattform<\/h2>\n<p>Der Citro\u00ebn C3 Aircross steht auf der sogenannten Smart Car-Plattform. Auf dieser Plattform steht auch der regul\u00e4re <a href=\"https:\/\/autorai.nl\/citroen-c3-e-c3-you-versus-max-autorai-tv\/\">Citro\u00ebn C3<\/a>, sozusagen der kleine Bruder des C3 Aircross.&nbsp;Der gro\u00dfe Unterschied: Der C3 Aircross ist mit sieben Sitzen erh\u00e4ltlich, allerdings nicht als batterieelektrische Version. Wie der regul\u00e4re C3 ist auch die Aircross-Version ein B-SUV.  <\/p>\n<h2>Bekanntes Rezept<\/h2>\n<p>Das Rezept dieses Citro\u00ebn C3 Aircross ist so ziemlich dasselbe wie das des normalen C3. Das Armaturenbrett ist austauschbar. Und auch die Sitze sind identisch. \u00dcbrigens sind die Citro\u00ebn Advanced Comfort Sitze sch\u00f6n weich, was viele zu sch\u00e4tzen wissen werden. Aber erwarten Sie keine &#8218;Raketenwissenschaft&#8216;, wenn es um den Sitzkomfort geht. Ein weiteres Alleinstellungsmerkmal des Citro\u00ebn C3 Aircross ist die Advanced Comfort-Federung mit zwei progressiven hydraulischen &#8218;Bump Stops&#8216;, die Citro\u00ebn zum ersten Mal und bei allen Versionen einbaut. Dies soll den Komfort verbessern. Im Vergleich zum Opel Frontera ist dieser Aircross etwas weicher gefedert. Ein bisschen mehr Komfort, mit anderen Worten.        <\/p>\n<h2>Citro\u00ebn C3 Aircross Hybrid (2025): &#8222;Flie\u00dfender Teppich&#8220; f\u00fcr die Familie? &#8211; REVIEW &#8211; AutoRAI TV<\/h2>\n<\/p>\n<figure class=\"wp-block-embed is-type-video is-provider-youtube wp-block-embed-youtube wp-embed-aspect-16-9 wp-has-aspect-ratio\">\n<div class=\"wp-block-embed__wrapper\">\n<\/div>\n<\/figure>\n<h2>Progressive hydraulische Kissen, wie sie funktionieren<\/h2>\n<p>Wie funktioniert die Federung? Ein Techniker von Citro\u00ebn erkl\u00e4rt es kurz:   <em>&#8222;Die herk\u00f6mmliche Federung besteht aus einer Feder, einem Sto\u00dfd\u00e4mpfer und einem Anschlaggummi am oberen Ende des Sto\u00dfd\u00e4mpfers, der die Kompression der Feder auf den letzten Zentimetern aufnimmt. Das Gummi sch\u00fctzt die mechanischen Komponenten des Fahrzeugs, leitet die Energie aber nicht vollst\u00e4ndig ab. Bei den progressiven hydraulischen D\u00e4mpfern ist das anders.&nbsp;Diese progressiven hydraulischen &#8218;Sto\u00dfd\u00e4mpfer&#8216; arbeiten mit den Sto\u00dfd\u00e4mpfern und der Federung zusammen und ersetzen die normalerweise verwendeten mechanischen Anschl\u00e4ge. Dieses System arbeitet in zwei Stufen.    Bei leichter (De-)Kompression steuern die Feder und der Sto\u00dfd\u00e4mpfer die vertikalen Bewegungen gemeinsam, ohne die Hilfe der hydraulischen Anschl\u00e4ge. &nbsp;Bei einem starken Aufprall arbeiten die Feder und der Sto\u00dfd\u00e4mpfer mit den hydraulischen Anschl\u00e4gen zusammen, um die Bewegungen des K\u00f6rpers allm\u00e4hlich abzubremsen und den Sto\u00df am Ende des Federungsbereichs zu eliminieren &#8211; im Gegensatz zu einem mechanischen Anschlag, der Energie absorbiert und einen Teil davon als Sto\u00df zur\u00fcckgibt.&#8220;<\/em><\/p>\n<h2>Citro\u00ebn C3 Aircross Abmessungen<\/h2>\n<p>Der neue Citro\u00ebn C3 Aircross ist 4,39 Meter lang und bietet in der f\u00fcnfsitzigen Version viel Platz in der zweiten Sitzreihe. Es gibt ihn auch als Siebensitzer.  Beide Versionen haben die gleiche Karosserie und \u00e4hnliche Abmessungen. Der Radstand betr\u00e4gt 2,67 Meter. Einen Unterschied gibt es allerdings: Die zweite Sitzreihe der f\u00fcnfsitzigen Version des C3 Aircross ist 65 mm weiter hinten angeordnet als die der siebensitzigen Version. Die R\u00fcckenlehne ist um 65 mm verstellbar. Wenn beide Teile der R\u00fcckenlehne umgeklappt sind, entsteht ein Ladevolumen von 1.600 Litern. Der Kofferraum des Siebensitzers fasst 330 Liter, wenn die dritte Sitzreihe nicht benutzt wird. Wenn Sie die dritte Sitzreihe nutzen, bleiben 40 Liter \u00fcbrig. Mit anderen Worten: praktisch nichts. Die dritte Sitzreihe verf\u00fcgt noch \u00fcber Armlehnen, Becherhalter und einen USB-Anschluss. Das ist nett, aber als Erwachsener haben Sie dort nichts zu suchen. Betrachten Sie die dritte Sitzreihe haupts\u00e4chlich als &#8222;Ersatzsitz&#8220; f\u00fcr Kinder.        <\/p>\n<figure class=\"wp-block-image size-content\"><img decoding=\"async\" loading=\"lazy\" width=\"1140\" height=\"760\" src=\"https:\/\/autorai.nl\/wp-content\/uploads\/2025\/02\/Citroen-C3-Aircross-Hybride-Max-029-1140x760.jpg\" alt=\"Citro\u00ebn C3 Aircross 2025\" class=\"wp-image-193672\"><\/figure>\n<h2>Antriebe Citro\u00ebn C3 Aircross<\/h2>\n<p>Der Citro\u00ebn C3 Aircross ist mit verschiedenen Antrieben erh\u00e4ltlich. So ist der C3 Aircross mit einem 75 kW (100 PS) starken Benzinmotor mit Turbolader ausgestattet. Dieser Dreizylindermotor PureTech Turbo 100 ist mit einem Sechsgang-Schaltgetriebe gekoppelt. Diese Version hat das h\u00f6chste gebremste Anh\u00e4ngelast in der Modellreihe: 1.500 Kilogramm. Das Leergewicht des Fahrzeugs betr\u00e4gt 1.212 Kilogramm.    <\/p>\n<p>Dann gibt es noch einen C3 Aircross Hybrid 136. Dieser Wagen verf\u00fcgt \u00fcber ein e-DCT-Automatikgetriebe, das mit einem 1.2 PureTech-Motor gekoppelt ist. Der 1.199 cm\u00b3 gro\u00dfe Dreizylindermotor leistet 100 kW (136 PS). In das e-DCT-Doppelkupplungsgetriebe ist ein Elektromotor (21 kW\/28 PS) integriert, der seine Energie aus einer 48-Volt-Lithium-Ionen-Batterie im Unterboden bezieht. Der Elektromotor unterst\u00fctzt den Verbrennungsmotor, um den Kraftstoffverbrauch zu senken.     Der Akku wird beim Bremsen und Gaswegnehmen geladen. Das Zusammenspiel zwischen dem Benzin- und dem Elektromotor ist an sich gut, aber vor allem beim Anfahren und \u00dcberholen braucht der Antriebsstrang etwas Bedenkzeit. Der Hybrid hat ein gebremstes Anh\u00e4ngelast von 1.250 Kilogramm. Leer wiegt das Auto 1.323 Kilogramm.  <\/p>\n<h2>Elektrischer \u00eb-C3 Aircross, nur als F\u00fcnfsitzer<\/h2>\n<p>Schlie\u00dflich gibt es auch eine 100% elektrische Version. Diese Version wird von einem 83 kW (113 PS) starken Elektromotor angetrieben und verf\u00fcgt \u00fcber eine 44 kWh Lithium-Eisenphosphat-Batterie. Die Reichweite betr\u00e4gt 300 Kilometer nach dem WLTP-Teststandard. Die EV-Variante darf 350 Kilogramm gebremst ziehen. Das Leergewicht des \u00eb-C3 Aircross betr\u00e4gt 1.479 Kilogramm, was im Hinblick auf die Kfz-Steuer immer noch n\u00fctzlich ist. Nachstehend finden Sie die Ladezeiten.     <\/p>\n<ul>\n<li>Standardaufladung (AC, Wechselstrom) von 20 bis 80% Batteriekapazit\u00e4t: etwa 4 Stunden und 10 Minuten bei 7 kW Leistung.<\/li>\n<li>Standardaufladung (AC) von 20 bis 80% Batteriekapazit\u00e4t: ca. 2 Stunden und 50 Minuten bei 11 kW Leistung.<\/li>\n<li>Schnelles Laden (DC, Gleichstrom) an einem 100 kW-Ladeger\u00e4t ist ebenfalls m\u00f6glich: von 20 auf 80% Batteriekapazit\u00e4t in nur 26 Minuten.<\/li>\n<\/ul>\n<p>Sie bevorzugen mehr Reichweite? Im dritten Quartal 2025 wird eine Version mit einer gr\u00f6\u00dferen Batterie erscheinen, die eine Reichweite von \u00fcber 400 Kilometern erm\u00f6glicht. <\/p>\n<figure class=\"wp-block-image size-content\"><img decoding=\"async\" loading=\"lazy\" width=\"1140\" height=\"760\" src=\"https:\/\/autorai.nl\/wp-content\/uploads\/2025\/02\/Citroen-C3-Aircross-Hybride-Max-046-1140x760.jpg\" alt=\"Innenraum Citro\u00ebn C3 Aircross\" class=\"wp-image-193686\"><\/figure>\n<h2>Citro\u00ebn C3 Aircross Ausstattung<\/h2>\n<p>Citro\u00ebn liefert den C3 Aircross entweder als You oder als Max. Die You-Version verf\u00fcgt \u00fcber die Smartphone Station, in die ein Smartphone eingelegt werden kann. Dank der drahtlosen NFC-Technologie kann der Fahrer auf Dienste auf seinem Smartphone zugreifen, wie z.B. Radio, Wiedergabelisten und Navigation.   Es gibt auch Steuerungstasten am Lenkrad und die Home-Taste erm\u00f6glicht eine schnelle R\u00fcckkehr zur Startseite der App.<\/p>\n<p>Die Max-Ausstattung verf\u00fcgt \u00fcber ein Infotainment-System mit einem zentralen 10,25-Zoll-Farbdisplay, das leicht zum Fahrer hin ausgerichtet ist. Virtuelle Shortcuts erm\u00f6glichen den Zugriff auf wichtige Radio-, Navigations-, Telefon-, App- und Medienfunktionen. &nbsp;Drahtloses Wi-Fi erm\u00f6glicht die Kompatibilit\u00e4t mit Apple CarPlay und Android Auto. Es gibt zwei USB-C-Anschl\u00fcsse vorne und zwei weitere in der zweiten Sitzreihe. Das kabellose Aufladen \u00fcber ein 15-W-Smartphone-Ladepad ist in der Mittelkonsole integriert. <\/p>\n<h2>Farben<\/h2>\n<p>Sie haben die Wahl zwischen sechs Farben &#8211; Black Perla Nera, Mercury Grey, Elixir Red, Monte Carlo Blue, Polar White und Montana Green &#8211; kombiniert mit einem wei\u00dfen oder schwarzen Dach (je nach gew\u00e4hlter Farbe). Citro\u00ebn produziert den C3 Aircross in seinem Werk in Trnava, Slowakei.&nbsp;<\/p>\n<h2>Ausr\u00fcstung Sie<\/h2>\n<p><strong>&nbsp;Die &#8218;Basisversion&#8216; Sie des C3 Aircross verf\u00fcgt \u00fcber:<\/strong><\/p>\n<ul>\n<li>Citro\u00ebn Advanced Comfort Federung<\/li>\n<li>Aktive Sicherheitsbremse<\/li>\n<li>Aktiver Spurhalteassistent<\/li>\n<li>Aufmerksamkeitswarnung f\u00fcr den Fahrer<\/li>\n<li>Tempomat mit Geschwindigkeitsbegrenzer<\/li>\n<li>Smartphone Station<\/li>\n<li>Citro\u00ebn Head-up-Display<\/li>\n<li>Verkehrszeichenerkennung<\/li>\n<li>Hintere Parksensoren<\/li>\n<li>Elektrische Seitenfenster vorne<\/li>\n<li>LED-Scheinwerfer und Tagfahrlicht<br \/>&nbsp;<\/li>\n<\/ul>\n<h2>Ausr\u00fcstung Max<\/h2>\n<p><strong>&nbsp;Die &#8218;Topversion&#8216; Max des C3 Aircross ist mit Extras ausgestattet:<\/strong><\/p>\n<ul>\n<li>17-Zoll Aragonit-Leichtmetallfelgen<\/li>\n<li>3D Verbundene Navigation<\/li>\n<li>Au\u00dfenspiegel mit Toter-Winkel-Erkennung<\/li>\n<li>Parksensoren vorne und hinten<\/li>\n<li>R\u00fcckleuchten mit 3D-LED-Beleuchtung<\/li>\n<\/ul>\n<h2><strong>Preise Citro\u00ebn C3 Aircross (2025)<\/strong><\/h2>\n<ul>\n<li>EV 44 kWh &#8211; 83 kW (113 PS) &#8211; \u20ac27.400<\/li>\n<li>Hybrid 136 \u00eb-DCS6 &#8211; \u20ac31,730<\/li>\n<li>1.2 Turbo S&amp;S MT6 &#8211; 74 kW (100 PS) &#8211; \u20ac26.990<\/li>\n<\/ul>\n<h2>Fazit Bewertung Citro\u00ebn C3 Aircross<\/h2>\n<p>Es ist zu einfach zu sagen, dass der C3 Aircross ein Opel Frontera mit Citro\u00ebn-Emblem ist. Die Unterschiede sind gr\u00f6\u00dfer. Die Aufh\u00e4ngung und die Lenkung sind v\u00f6llig anders aufgebaut und verleihen dem Auto andere Eigenschaften. Das liegt nicht nur an der speziellen Aufh\u00e4ngung, sondern auch an dem anderen Lenkgetriebe. Au\u00dferdem hat dieser franz\u00f6sische Wagen ein anderes Innenraumkonzept. Die T\u00fcren, das Dach und die Motorhaube sind \u00fcbrigens identisch mit dem Frontera. Aber in Bezug auf die Ausstattung sind es zwei verschiedene Autos, wobei der C3 Aircross noch mehr Wert auf Komfort legt.      <\/p>\n<\/p>\n<div class=\"galery galery-0\">\n<figure>\n\t\t\t\t\t<span style=\"cursor: pointer\" data-src=\"https:\/\/autorai.nl\/wp-content\/uploads\/2025\/02\/Citroen-C3-Aircross-7-places-001-1600x1067.jpg\" data-fancybox=\"galery-0\" title=\"\"><br \/>\n\t\t\t\t\t\t\t<img decoding=\"async\" width=\"360\" height=\"270\" src=\"https:\/\/autorai.nl\/wp-content\/uploads\/2025\/02\/Citroen-C3-Aircross-7-places-001-360x270.jpg\" class=\"attachment-small size-small\" alt=\"\" loading=\"lazy\"><i class=\"fa fa-search-plus\" aria-hidden=\"true\"><\/i><br \/>\n\t\t\t\t\t\t<\/span><br \/>\n\t\t\t\t\t<\/figure>\n<figure>\n\t\t\t\t\t<span style=\"cursor: pointer\" data-src=\"https:\/\/autorai.nl\/wp-content\/uploads\/2025\/02\/Citroen-C3-Aircross-Hybride-Max-067-1600x1067.jpg\" data-fancybox=\"galery-0\" title=\"\"><br \/>\n\t\t\t\t\t\t\t<img decoding=\"async\" width=\"360\" height=\"270\" src=\"https:\/\/autorai.nl\/wp-content\/uploads\/2025\/02\/Citroen-C3-Aircross-Hybride-Max-067-360x270.jpg\" class=\"attachment-small size-small\" alt=\"\" loading=\"lazy\"><i class=\"fa fa-search-plus\" aria-hidden=\"true\"><\/i><br \/>\n\t\t\t\t\t\t<\/span><br \/>\n\t\t\t\t\t<\/figure>\n<figure>\n\t\t\t\t\t<span style=\"cursor: pointer\" data-src=\"https:\/\/autorai.nl\/wp-content\/uploads\/2025\/02\/Citroen-C3-Aircross-Hybride-Max-066-1600x1067.jpg\" data-fancybox=\"galery-0\" title=\"\"><br \/>\n\t\t\t\t\t\t\t<img decoding=\"async\" width=\"360\" height=\"270\" src=\"https:\/\/autorai.nl\/wp-content\/uploads\/2025\/02\/Citroen-C3-Aircross-Hybride-Max-066-360x270.jpg\" class=\"attachment-small size-small\" alt=\"\" loading=\"lazy\"><i class=\"fa fa-search-plus\" aria-hidden=\"true\"><\/i><br \/>\n\t\t\t\t\t\t<\/span><br \/>\n\t\t\t\t\t<\/figure>\n<figure>\n\t\t\t\t\t<span style=\"cursor: pointer\" data-src=\"https:\/\/autorai.nl\/wp-content\/uploads\/2025\/02\/Citroen-C3-Aircross-Hybride-Max-065-1600x1067.jpg\" data-fancybox=\"galery-0\" title=\"\"><br \/>\n\t\t\t\t\t\t\t<img decoding=\"async\" width=\"360\" height=\"270\" src=\"https:\/\/autorai.nl\/wp-content\/uploads\/2025\/02\/Citroen-C3-Aircross-Hybride-Max-065-360x270.jpg\" class=\"attachment-small size-small\" alt=\"\" loading=\"lazy\"><i class=\"fa fa-search-plus\" aria-hidden=\"true\"><\/i><br \/>\n\t\t\t\t\t\t<\/span><br \/>\n\t\t\t\t\t<\/figure>\n<figure>\n\t\t\t\t\t<span style=\"cursor: pointer\" data-src=\"https:\/\/autorai.nl\/wp-content\/uploads\/2025\/02\/Citroen-C3-Aircross-Hybride-Max-064-1600x1067.jpg\" data-fancybox=\"galery-0\" title=\"\"><br \/>\n\t\t\t\t\t\t\t<img decoding=\"async\" width=\"360\" height=\"270\" src=\"https:\/\/autorai.nl\/wp-content\/uploads\/2025\/02\/Citroen-C3-Aircross-Hybride-Max-064-360x270.jpg\" class=\"attachment-small size-small\" alt=\"\" loading=\"lazy\"><i class=\"fa fa-search-plus\" aria-hidden=\"true\"><\/i><br \/>\n\t\t\t\t\t\t<\/span><br \/>\n\t\t\t\t\t<\/figure>\n<figure>\n\t\t\t\t\t<span style=\"cursor: pointer\" data-src=\"https:\/\/autorai.nl\/wp-content\/uploads\/2025\/02\/Citroen-C3-Aircross-Hybride-Max-063-1600x1067.jpg\" data-fancybox=\"galery-0\" title=\"\"><br \/>\n\t\t\t\t\t\t\t<img decoding=\"async\" width=\"360\" height=\"270\" src=\"https:\/\/autorai.nl\/wp-content\/uploads\/2025\/02\/Citroen-C3-Aircross-Hybride-Max-063-360x270.jpg\" class=\"attachment-small size-small\" alt=\"\" loading=\"lazy\"><i class=\"fa fa-search-plus\" aria-hidden=\"true\"><\/i><br \/>\n\t\t\t\t\t\t<\/span><br \/>\n\t\t\t\t\t<\/figure>\n<figure>\n\t\t\t\t\t<span style=\"cursor: pointer\" data-src=\"https:\/\/autorai.nl\/wp-content\/uploads\/2025\/02\/Citroen-C3-Aircross-Hybride-Max-062-1600x1067.jpg\" data-fancybox=\"galery-0\" title=\"\"><br \/>\n\t\t\t\t\t\t\t<img decoding=\"async\" width=\"360\" height=\"270\" src=\"https:\/\/autorai.nl\/wp-content\/uploads\/2025\/02\/Citroen-C3-Aircross-Hybride-Max-062-360x270.jpg\" class=\"attachment-small size-small\" alt=\"\" loading=\"lazy\"><i class=\"fa fa-search-plus\" aria-hidden=\"true\"><\/i><br \/>\n\t\t\t\t\t\t<\/span><br \/>\n\t\t\t\t\t<\/figure>\n<figure>\n\t\t\t\t\t<span style=\"cursor: pointer\" data-src=\"https:\/\/autorai.nl\/wp-content\/uploads\/2025\/02\/Citroen-C3-Aircross-Hybride-Max-061-1600x1067.jpg\" data-fancybox=\"galery-0\" title=\"\"><br \/>\n\t\t\t\t\t\t\t<img decoding=\"async\" width=\"360\" height=\"270\" src=\"https:\/\/autorai.nl\/wp-content\/uploads\/2025\/02\/Citroen-C3-Aircross-Hybride-Max-061-360x270.jpg\" class=\"attachment-small size-small\" alt=\"\" loading=\"lazy\"><i class=\"fa fa-search-plus\" aria-hidden=\"true\"><\/i><br \/>\n\t\t\t\t\t\t<\/span><br \/>\n\t\t\t\t\t<\/figure>\n<figure>\n\t\t\t\t\t<span style=\"cursor: pointer\" data-src=\"https:\/\/autorai.nl\/wp-content\/uploads\/2025\/02\/Citroen-C3-Aircross-Hybride-Max-060-1600x1067.jpg\" data-fancybox=\"galery-0\" title=\"\"><br \/>\n\t\t\t\t\t\t\t<img decoding=\"async\" width=\"360\" height=\"270\" src=\"https:\/\/autorai.nl\/wp-content\/uploads\/2025\/02\/Citroen-C3-Aircross-Hybride-Max-060-360x270.jpg\" class=\"attachment-small size-small\" alt=\"\" loading=\"lazy\"><i class=\"fa fa-search-plus\" aria-hidden=\"true\"><\/i><br \/>\n\t\t\t\t\t\t<\/span><br \/>\n\t\t\t\t\t<\/figure>\n<figure>\n\t\t\t\t\t<span style=\"cursor: pointer\" data-src=\"https:\/\/autorai.nl\/wp-content\/uploads\/2025\/02\/Citroen-C3-Aircross-Hybride-Max-059-1600x1067.jpg\" data-fancybox=\"galery-0\" title=\"\"><br \/>\n\t\t\t\t\t\t\t<img decoding=\"async\" width=\"360\" height=\"270\" src=\"https:\/\/autorai.nl\/wp-content\/uploads\/2025\/02\/Citroen-C3-Aircross-Hybride-Max-059-360x270.jpg\" class=\"attachment-small size-small\" alt=\"\" loading=\"lazy\"><i class=\"fa fa-search-plus\" aria-hidden=\"true\"><\/i><br \/>\n\t\t\t\t\t\t<\/span><br \/>\n\t\t\t\t\t<\/figure>\n<figure>\n\t\t\t\t\t<span style=\"cursor: pointer\" data-src=\"https:\/\/autorai.nl\/wp-content\/uploads\/2025\/02\/Citroen-C3-Aircross-Hybride-Max-058-1600x1067.jpg\" data-fancybox=\"galery-0\" title=\"\"><br \/>\n\t\t\t\t\t\t\t<img decoding=\"async\" width=\"360\" height=\"270\" src=\"https:\/\/autorai.nl\/wp-content\/uploads\/2025\/02\/Citroen-C3-Aircross-Hybride-Max-058-360x270.jpg\" class=\"attachment-small size-small\" alt=\"\" loading=\"lazy\"><i class=\"fa fa-search-plus\" aria-hidden=\"true\"><\/i><br \/>\n\t\t\t\t\t\t<\/span><br \/>\n\t\t\t\t\t<\/figure>\n<figure>\n\t\t\t\t\t<span style=\"cursor: pointer\" data-src=\"https:\/\/autorai.nl\/wp-content\/uploads\/2025\/02\/Citroen-C3-Aircross-Hybride-Max-057-1600x1067.jpg\" data-fancybox=\"galery-0\" title=\"\"><br \/>\n\t\t\t\t\t\t\t<img decoding=\"async\" width=\"360\" height=\"270\" src=\"https:\/\/autorai.nl\/wp-content\/uploads\/2025\/02\/Citroen-C3-Aircross-Hybride-Max-057-360x270.jpg\" class=\"attachment-small size-small\" alt=\"\" loading=\"lazy\"><i class=\"fa fa-search-plus\" aria-hidden=\"true\"><\/i><br \/>\n\t\t\t\t\t\t<\/span><br \/>\n\t\t\t\t\t<\/figure>\n<figure>\n\t\t\t\t\t<span style=\"cursor: pointer\" data-src=\"https:\/\/autorai.nl\/wp-content\/uploads\/2025\/02\/Citroen-C3-Aircross-Hybride-Max-056-1600x1067.jpg\" data-fancybox=\"galery-0\" title=\"\"><br \/>\n\t\t\t\t\t\t\t<img decoding=\"async\" width=\"360\" height=\"270\" src=\"https:\/\/autorai.nl\/wp-content\/uploads\/2025\/02\/Citroen-C3-Aircross-Hybride-Max-056-360x270.jpg\" class=\"attachment-small size-small\" alt=\"\" loading=\"lazy\"><i class=\"fa fa-search-plus\" aria-hidden=\"true\"><\/i><br \/>\n\t\t\t\t\t\t<\/span><br \/>\n\t\t\t\t\t<\/figure>\n<figure>\n\t\t\t\t\t<span style=\"cursor: pointer\" data-src=\"https:\/\/autorai.nl\/wp-content\/uploads\/2025\/02\/Citroen-C3-Aircross-Hybride-Max-054-1600x1067.jpg\" data-fancybox=\"galery-0\" title=\"\"><br \/>\n\t\t\t\t\t\t\t<img decoding=\"async\" width=\"360\" height=\"270\" src=\"https:\/\/autorai.nl\/wp-content\/uploads\/2025\/02\/Citroen-C3-Aircross-Hybride-Max-054-360x270.jpg\" class=\"attachment-small size-small\" alt=\"\" loading=\"lazy\"><i class=\"fa fa-search-plus\" aria-hidden=\"true\"><\/i><br \/>\n\t\t\t\t\t\t<\/span><br \/>\n\t\t\t\t\t<\/figure>\n<figure>\n\t\t\t\t\t<span style=\"cursor: pointer\" data-src=\"https:\/\/autorai.nl\/wp-content\/uploads\/2025\/02\/Citroen-C3-Aircross-Hybride-Max-053-1600x1067.jpg\" data-fancybox=\"galery-0\" title=\"\"><br \/>\n\t\t\t\t\t\t\t<img decoding=\"async\" width=\"360\" height=\"270\" src=\"https:\/\/autorai.nl\/wp-content\/uploads\/2025\/02\/Citroen-C3-Aircross-Hybride-Max-053-360x270.jpg\" class=\"attachment-small size-small\" alt=\"\" loading=\"lazy\"><i class=\"fa fa-search-plus\" aria-hidden=\"true\"><\/i><br \/>\n\t\t\t\t\t\t<\/span><br \/>\n\t\t\t\t\t<\/figure>\n<figure>\n\t\t\t\t\t<span style=\"cursor: pointer\" data-src=\"https:\/\/autorai.nl\/wp-content\/uploads\/2025\/02\/Citroen-C3-Aircross-Hybride-Max-052-1600x1067.jpg\" data-fancybox=\"galery-0\" title=\"\"><br \/>\n\t\t\t\t\t\t\t<img decoding=\"async\" width=\"360\" height=\"270\" src=\"https:\/\/autorai.nl\/wp-content\/uploads\/2025\/02\/Citroen-C3-Aircross-Hybride-Max-052-360x270.jpg\" class=\"attachment-small size-small\" alt=\"\" loading=\"lazy\"><i class=\"fa fa-search-plus\" aria-hidden=\"true\"><\/i><br \/>\n\t\t\t\t\t\t<\/span><br \/>\n\t\t\t\t\t<\/figure>\n<figure>\n\t\t\t\t\t<span style=\"cursor: pointer\" data-src=\"https:\/\/autorai.nl\/wp-content\/uploads\/2025\/02\/Citroen-C3-Aircross-Hybride-Max-051-1600x1067.jpg\" data-fancybox=\"galery-0\" title=\"\"><br \/>\n\t\t\t\t\t\t\t<img decoding=\"async\" width=\"360\" height=\"270\" src=\"https:\/\/autorai.nl\/wp-content\/uploads\/2025\/02\/Citroen-C3-Aircross-Hybride-Max-051-360x270.jpg\" class=\"attachment-small size-small\" alt=\"\" loading=\"lazy\"><i class=\"fa fa-search-plus\" aria-hidden=\"true\"><\/i><br \/>\n\t\t\t\t\t\t<\/span><br \/>\n\t\t\t\t\t<\/figure>\n<figure>\n\t\t\t\t\t<span style=\"cursor: pointer\" data-src=\"https:\/\/autorai.nl\/wp-content\/uploads\/2025\/02\/Citroen-C3-Aircross-Hybride-Max-050-1600x1067.jpg\" data-fancybox=\"galery-0\" title=\"\"><br \/>\n\t\t\t\t\t\t\t<img decoding=\"async\" width=\"360\" height=\"270\" src=\"https:\/\/autorai.nl\/wp-content\/uploads\/2025\/02\/Citroen-C3-Aircross-Hybride-Max-050-360x270.jpg\" class=\"attachment-small size-small\" alt=\"\" loading=\"lazy\"><i class=\"fa fa-search-plus\" aria-hidden=\"true\"><\/i><br \/>\n\t\t\t\t\t\t<\/span><br \/>\n\t\t\t\t\t<\/figure>\n<figure>\n\t\t\t\t\t<span style=\"cursor: pointer\" data-src=\"https:\/\/autorai.nl\/wp-content\/uploads\/2025\/02\/Citroen-C3-Aircross-Hybride-Max-049-1600x1067.jpg\" data-fancybox=\"galery-0\" title=\"\"><br \/>\n\t\t\t\t\t\t\t<img decoding=\"async\" width=\"360\" height=\"270\" src=\"https:\/\/autorai.nl\/wp-content\/uploads\/2025\/02\/Citroen-C3-Aircross-Hybride-Max-049-360x270.jpg\" class=\"attachment-small size-small\" alt=\"\" loading=\"lazy\"><i class=\"fa fa-search-plus\" aria-hidden=\"true\"><\/i><br \/>\n\t\t\t\t\t\t<\/span><br \/>\n\t\t\t\t\t<\/figure>\n<figure>\n\t\t\t\t\t<span style=\"cursor: pointer\" data-src=\"https:\/\/autorai.nl\/wp-content\/uploads\/2025\/02\/Citroen-C3-Aircross-Hybride-Max-048-1600x1067.jpg\" data-fancybox=\"galery-0\" title=\"\"><br \/>\n\t\t\t\t\t\t\t<img decoding=\"async\" width=\"360\" height=\"270\" src=\"https:\/\/autorai.nl\/wp-content\/uploads\/2025\/02\/Citroen-C3-Aircross-Hybride-Max-048-360x270.jpg\" class=\"attachment-small size-small\" alt=\"\" loading=\"lazy\"><i class=\"fa fa-search-plus\" aria-hidden=\"true\"><\/i><br \/>\n\t\t\t\t\t\t<\/span><br \/>\n\t\t\t\t\t<\/figure>\n<figure>\n\t\t\t\t\t<span style=\"cursor: pointer\" data-src=\"https:\/\/autorai.nl\/wp-content\/uploads\/2025\/02\/Citroen-C3-Aircross-Hybride-Max-047-1600x1067.jpg\" data-fancybox=\"galery-0\" title=\"\"><br \/>\n\t\t\t\t\t\t\t<img decoding=\"async\" width=\"360\" height=\"270\" src=\"https:\/\/autorai.nl\/wp-content\/uploads\/2025\/02\/Citroen-C3-Aircross-Hybride-Max-047-360x270.jpg\" class=\"attachment-small size-small\" alt=\"\" loading=\"lazy\"><i class=\"fa fa-search-plus\" aria-hidden=\"true\"><\/i><br \/>\n\t\t\t\t\t\t<\/span><br \/>\n\t\t\t\t\t<\/figure>\n<figure>\n\t\t\t\t\t<span style=\"cursor: pointer\" data-src=\"https:\/\/autorai.nl\/wp-content\/uploads\/2025\/02\/Citroen-C3-Aircross-Hybride-Max-046-1600x1067.jpg\" data-fancybox=\"galery-0\" title=\"\"><br \/>\n\t\t\t\t\t\t\t<img decoding=\"async\" width=\"360\" height=\"270\" src=\"https:\/\/autorai.nl\/wp-content\/uploads\/2025\/02\/Citroen-C3-Aircross-Hybride-Max-046-360x270.jpg\" class=\"attachment-small size-small\" alt=\"Innenraum Citro\u00ebn C3 Aircross\" loading=\"lazy\"><i class=\"fa fa-search-plus\" aria-hidden=\"true\"><\/i><br \/>\n\t\t\t\t\t\t<\/span><br \/>\n\t\t\t\t\t<\/figure>\n<figure>\n\t\t\t\t\t<span style=\"cursor: pointer\" data-src=\"https:\/\/autorai.nl\/wp-content\/uploads\/2025\/02\/Citroen-C3-Aircross-Hybride-Max-045-1600x1067.jpg\" data-fancybox=\"galery-0\" title=\"\"><br \/>\n\t\t\t\t\t\t\t<img decoding=\"async\" width=\"360\" height=\"270\" src=\"https:\/\/autorai.nl\/wp-content\/uploads\/2025\/02\/Citroen-C3-Aircross-Hybride-Max-045-360x270.jpg\" class=\"attachment-small size-small\" alt=\"\" loading=\"lazy\"><i class=\"fa fa-search-plus\" aria-hidden=\"true\"><\/i><br \/>\n\t\t\t\t\t\t<\/span><br \/>\n\t\t\t\t\t<\/figure>\n<figure>\n\t\t\t\t\t<span style=\"cursor: pointer\" data-src=\"https:\/\/autorai.nl\/wp-content\/uploads\/2025\/02\/Citroen-C3-Aircross-Hybride-Max-044-1600x1067.jpg\" data-fancybox=\"galery-0\" title=\"\"><br \/>\n\t\t\t\t\t\t\t<img decoding=\"async\" width=\"360\" height=\"270\" src=\"https:\/\/autorai.nl\/wp-content\/uploads\/2025\/02\/Citroen-C3-Aircross-Hybride-Max-044-360x270.jpg\" class=\"attachment-small size-small\" alt=\"\" loading=\"lazy\"><i class=\"fa fa-search-plus\" aria-hidden=\"true\"><\/i><br \/>\n\t\t\t\t\t\t<\/span><br \/>\n\t\t\t\t\t<\/figure>\n<figure>\n\t\t\t\t\t<span style=\"cursor: pointer\" data-src=\"https:\/\/autorai.nl\/wp-content\/uploads\/2025\/02\/Citroen-C3-Aircross-Hybride-Max-043-1600x1067.jpg\" data-fancybox=\"galery-0\" title=\"\"><br \/>\n\t\t\t\t\t\t\t<img decoding=\"async\" width=\"360\" height=\"270\" src=\"https:\/\/autorai.nl\/wp-content\/uploads\/2025\/02\/Citroen-C3-Aircross-Hybride-Max-043-360x270.jpg\" class=\"attachment-small size-small\" alt=\"\" loading=\"lazy\"><i class=\"fa fa-search-plus\" aria-hidden=\"true\"><\/i><br \/>\n\t\t\t\t\t\t<\/span><br \/>\n\t\t\t\t\t<\/figure>\n<figure>\n\t\t\t\t\t<span style=\"cursor: pointer\" data-src=\"https:\/\/autorai.nl\/wp-content\/uploads\/2025\/02\/Citroen-C3-Aircross-Hybride-Max-042-1600x1067.jpg\" data-fancybox=\"galery-0\" title=\"\"><br \/>\n\t\t\t\t\t\t\t<img decoding=\"async\" width=\"360\" height=\"270\" src=\"https:\/\/autorai.nl\/wp-content\/uploads\/2025\/02\/Citroen-C3-Aircross-Hybride-Max-042-360x270.jpg\" class=\"attachment-small size-small\" alt=\"\" loading=\"lazy\"><i class=\"fa fa-search-plus\" aria-hidden=\"true\"><\/i><br \/>\n\t\t\t\t\t\t<\/span><br \/>\n\t\t\t\t\t<\/figure>\n<figure>\n\t\t\t\t\t<span style=\"cursor: pointer\" data-src=\"https:\/\/autorai.nl\/wp-content\/uploads\/2025\/02\/Citroen-C3-Aircross-Hybride-Max-041-1600x1067.jpg\" data-fancybox=\"galery-0\" title=\"\"><br \/>\n\t\t\t\t\t\t\t<img decoding=\"async\" width=\"360\" height=\"270\" src=\"https:\/\/autorai.nl\/wp-content\/uploads\/2025\/02\/Citroen-C3-Aircross-Hybride-Max-041-360x270.jpg\" class=\"attachment-small size-small\" alt=\"\" loading=\"lazy\"><i class=\"fa fa-search-plus\" aria-hidden=\"true\"><\/i><br \/>\n\t\t\t\t\t\t<\/span><br \/>\n\t\t\t\t\t<\/figure>\n<figure>\n\t\t\t\t\t<span style=\"cursor: pointer\" data-src=\"https:\/\/autorai.nl\/wp-content\/uploads\/2025\/02\/Citroen-C3-Aircross-Hybride-Max-039-1600x1067.jpg\" data-fancybox=\"galery-0\" title=\"\"><br \/>\n\t\t\t\t\t\t\t<img decoding=\"async\" width=\"360\" height=\"270\" src=\"https:\/\/autorai.nl\/wp-content\/uploads\/2025\/02\/Citroen-C3-Aircross-Hybride-Max-039-360x270.jpg\" class=\"attachment-small size-small\" alt=\"\" loading=\"lazy\"><i class=\"fa fa-search-plus\" aria-hidden=\"true\"><\/i><br \/>\n\t\t\t\t\t\t<\/span><br \/>\n\t\t\t\t\t<\/figure>\n<figure>\n\t\t\t\t\t<span style=\"cursor: pointer\" data-src=\"https:\/\/autorai.nl\/wp-content\/uploads\/2025\/02\/Citroen-C3-Aircross-Hybride-Max-038-1600x1067.jpg\" data-fancybox=\"galery-0\" title=\"\"><br \/>\n\t\t\t\t\t\t\t<img decoding=\"async\" width=\"360\" height=\"270\" src=\"https:\/\/autorai.nl\/wp-content\/uploads\/2025\/02\/Citroen-C3-Aircross-Hybride-Max-038-360x270.jpg\" class=\"attachment-small size-small\" alt=\"\" loading=\"lazy\"><i class=\"fa fa-search-plus\" aria-hidden=\"true\"><\/i><br \/>\n\t\t\t\t\t\t<\/span><br \/>\n\t\t\t\t\t<\/figure>\n<figure>\n\t\t\t\t\t<span style=\"cursor: pointer\" data-src=\"https:\/\/autorai.nl\/wp-content\/uploads\/2025\/02\/Citroen-C3-Aircross-Hybride-Max-037-1600x1067.jpg\" data-fancybox=\"galery-0\" title=\"\"><br \/>\n\t\t\t\t\t\t\t<img decoding=\"async\" width=\"360\" height=\"270\" src=\"https:\/\/autorai.nl\/wp-content\/uploads\/2025\/02\/Citroen-C3-Aircross-Hybride-Max-037-360x270.jpg\" class=\"attachment-small size-small\" alt=\"\" loading=\"lazy\"><i class=\"fa fa-search-plus\" aria-hidden=\"true\"><\/i><br \/>\n\t\t\t\t\t\t<\/span><br \/>\n\t\t\t\t\t<\/figure>\n<figure>\n\t\t\t\t\t<span style=\"cursor: pointer\" data-src=\"https:\/\/autorai.nl\/wp-content\/uploads\/2025\/02\/Citroen-C3-Aircross-Hybride-Max-034-1600x1067.jpg\" data-fancybox=\"galery-0\" title=\"\"><br \/>\n\t\t\t\t\t\t\t<img decoding=\"async\" width=\"360\" height=\"270\" src=\"https:\/\/autorai.nl\/wp-content\/uploads\/2025\/02\/Citroen-C3-Aircross-Hybride-Max-034-360x270.jpg\" class=\"attachment-small size-small\" alt=\"\" loading=\"lazy\"><i class=\"fa fa-search-plus\" aria-hidden=\"true\"><\/i><br \/>\n\t\t\t\t\t\t<\/span><br \/>\n\t\t\t\t\t<\/figure>\n<figure>\n\t\t\t\t\t<span style=\"cursor: pointer\" data-src=\"https:\/\/autorai.nl\/wp-content\/uploads\/2025\/02\/Citroen-C3-Aircross-Hybride-Max-033-1600x1067.jpg\" data-fancybox=\"galery-0\" title=\"\"><br \/>\n\t\t\t\t\t\t\t<img decoding=\"async\" width=\"360\" height=\"270\" src=\"https:\/\/autorai.nl\/wp-content\/uploads\/2025\/02\/Citroen-C3-Aircross-Hybride-Max-033-360x270.jpg\" class=\"attachment-small size-small\" alt=\"\" loading=\"lazy\"><i class=\"fa fa-search-plus\" aria-hidden=\"true\"><\/i><br \/>\n\t\t\t\t\t\t<\/span><br \/>\n\t\t\t\t\t<\/figure>\n<figure>\n\t\t\t\t\t<span style=\"cursor: pointer\" data-src=\"https:\/\/autorai.nl\/wp-content\/uploads\/2025\/02\/Citroen-C3-Aircross-Hybride-Max-032-1600x1067.jpg\" data-fancybox=\"galery-0\" title=\"\"><br \/>\n\t\t\t\t\t\t\t<img decoding=\"async\" width=\"360\" height=\"270\" src=\"https:\/\/autorai.nl\/wp-content\/uploads\/2025\/02\/Citroen-C3-Aircross-Hybride-Max-032-360x270.jpg\" class=\"attachment-small size-small\" alt=\"\" loading=\"lazy\"><i class=\"fa fa-search-plus\" aria-hidden=\"true\"><\/i><br \/>\n\t\t\t\t\t\t<\/span><br \/>\n\t\t\t\t\t<\/figure>\n<figure>\n\t\t\t\t\t<span style=\"cursor: pointer\" data-src=\"https:\/\/autorai.nl\/wp-content\/uploads\/2025\/02\/Citroen-C3-Aircross-Hybride-Max-031-1067x1600.jpg\" data-fancybox=\"galery-0\" title=\"\"><br \/>\n\t\t\t\t\t\t\t<img decoding=\"async\" width=\"360\" height=\"270\" src=\"https:\/\/autorai.nl\/wp-content\/uploads\/2025\/02\/Citroen-C3-Aircross-Hybride-Max-031-360x270.jpg\" class=\"attachment-small size-small\" alt=\"\" loading=\"lazy\"><i class=\"fa fa-search-plus\" aria-hidden=\"true\"><\/i><br \/>\n\t\t\t\t\t\t<\/span><br \/>\n\t\t\t\t\t<\/figure>\n<figure>\n\t\t\t\t\t<span style=\"cursor: pointer\" data-src=\"https:\/\/autorai.nl\/wp-content\/uploads\/2025\/02\/Citroen-C3-Aircross-Hybride-Max-030-1600x1067.jpg\" data-fancybox=\"galery-0\" title=\"\"><br \/>\n\t\t\t\t\t\t\t<img decoding=\"async\" width=\"360\" height=\"270\" src=\"https:\/\/autorai.nl\/wp-content\/uploads\/2025\/02\/Citroen-C3-Aircross-Hybride-Max-030-360x270.jpg\" class=\"attachment-small size-small\" alt=\"\" loading=\"lazy\"><i class=\"fa fa-search-plus\" aria-hidden=\"true\"><\/i><br \/>\n\t\t\t\t\t\t<\/span><br \/>\n\t\t\t\t\t<\/figure>\n<figure>\n\t\t\t\t\t<span style=\"cursor: pointer\" data-src=\"https:\/\/autorai.nl\/wp-content\/uploads\/2025\/02\/Citroen-C3-Aircross-Hybride-Max-029-1600x1067.jpg\" data-fancybox=\"galery-0\" title=\"\"><br \/>\n\t\t\t\t\t\t\t<img decoding=\"async\" width=\"360\" height=\"270\" src=\"https:\/\/autorai.nl\/wp-content\/uploads\/2025\/02\/Citroen-C3-Aircross-Hybride-Max-029-360x270.jpg\" class=\"attachment-small size-small\" alt=\"Citro\u00ebn C3 Aircross 2025\" loading=\"lazy\"><i class=\"fa fa-search-plus\" aria-hidden=\"true\"><\/i><br \/>\n\t\t\t\t\t\t<\/span><br \/>\n\t\t\t\t\t<\/figure>\n<figure>\n\t\t\t\t\t<span style=\"cursor: pointer\" data-src=\"https:\/\/autorai.nl\/wp-content\/uploads\/2025\/02\/Citroen-C3-Aircross-Hybride-Max-028-1600x1067.jpg\" data-fancybox=\"galery-0\" title=\"\"><br \/>\n\t\t\t\t\t\t\t<img decoding=\"async\" width=\"360\" height=\"270\" src=\"https:\/\/autorai.nl\/wp-content\/uploads\/2025\/02\/Citroen-C3-Aircross-Hybride-Max-028-360x270.jpg\" class=\"attachment-small size-small\" alt=\"\" loading=\"lazy\"><i class=\"fa fa-search-plus\" aria-hidden=\"true\"><\/i><br \/>\n\t\t\t\t\t\t<\/span><br \/>\n\t\t\t\t\t<\/figure>\n<figure>\n\t\t\t\t\t<span style=\"cursor: pointer\" data-src=\"https:\/\/autorai.nl\/wp-content\/uploads\/2025\/02\/Citroen-C3-Aircross-Hybride-Max-027-1600x1067.jpg\" data-fancybox=\"galery-0\" title=\"\"><br \/>\n\t\t\t\t\t\t\t<img decoding=\"async\" width=\"360\" height=\"270\" src=\"https:\/\/autorai.nl\/wp-content\/uploads\/2025\/02\/Citroen-C3-Aircross-Hybride-Max-027-360x270.jpg\" class=\"attachment-small size-small\" alt=\"\" loading=\"lazy\"><i class=\"fa fa-search-plus\" aria-hidden=\"true\"><\/i><br \/>\n\t\t\t\t\t\t<\/span><br \/>\n\t\t\t\t\t<\/figure>\n<figure>\n\t\t\t\t\t<span style=\"cursor: pointer\" data-src=\"https:\/\/autorai.nl\/wp-content\/uploads\/2025\/02\/Citroen-C3-Aircross-Hybride-Max-026-1600x1067.jpg\" data-fancybox=\"galery-0\" title=\"\"><br \/>\n\t\t\t\t\t\t\t<img decoding=\"async\" width=\"360\" height=\"270\" src=\"https:\/\/autorai.nl\/wp-content\/uploads\/2025\/02\/Citroen-C3-Aircross-Hybride-Max-026-360x270.jpg\" class=\"attachment-small size-small\" alt=\"\" loading=\"lazy\"><i class=\"fa fa-search-plus\" aria-hidden=\"true\"><\/i><br \/>\n\t\t\t\t\t\t<\/span><br \/>\n\t\t\t\t\t<\/figure>\n<figure>\n\t\t\t\t\t<span style=\"cursor: pointer\" data-src=\"https:\/\/autorai.nl\/wp-content\/uploads\/2025\/02\/Citroen-C3-Aircross-Hybride-Max-025-1600x1067.jpg\" data-fancybox=\"galery-0\" title=\"\"><br \/>\n\t\t\t\t\t\t\t<img decoding=\"async\" width=\"360\" height=\"270\" src=\"https:\/\/autorai.nl\/wp-content\/uploads\/2025\/02\/Citroen-C3-Aircross-Hybride-Max-025-360x270.jpg\" class=\"attachment-small size-small\" alt=\"\" loading=\"lazy\"><i class=\"fa fa-search-plus\" aria-hidden=\"true\"><\/i><br \/>\n\t\t\t\t\t\t<\/span><br \/>\n\t\t\t\t\t<\/figure>\n<figure>\n\t\t\t\t\t<span style=\"cursor: pointer\" data-src=\"https:\/\/autorai.nl\/wp-content\/uploads\/2025\/02\/Citroen-C3-Aircross-Hybride-Max-024-1600x1067.jpg\" data-fancybox=\"galery-0\" title=\"\"><br \/>\n\t\t\t\t\t\t\t<img decoding=\"async\" width=\"360\" height=\"270\" src=\"https:\/\/autorai.nl\/wp-content\/uploads\/2025\/02\/Citroen-C3-Aircross-Hybride-Max-024-360x270.jpg\" class=\"attachment-small size-small\" alt=\"\" loading=\"lazy\"><i class=\"fa fa-search-plus\" aria-hidden=\"true\"><\/i><br \/>\n\t\t\t\t\t\t<\/span><br \/>\n\t\t\t\t\t<\/figure>\n<figure>\n\t\t\t\t\t<span style=\"cursor: pointer\" data-src=\"https:\/\/autorai.nl\/wp-content\/uploads\/2025\/02\/Citroen-C3-Aircross-Hybride-Max-023-1600x1067.jpg\" data-fancybox=\"galery-0\" title=\"\"><br \/>\n\t\t\t\t\t\t\t<img decoding=\"async\" width=\"360\" height=\"270\" src=\"https:\/\/autorai.nl\/wp-content\/uploads\/2025\/02\/Citroen-C3-Aircross-Hybride-Max-023-360x270.jpg\" class=\"attachment-small size-small\" alt=\"\" loading=\"lazy\"><i class=\"fa fa-search-plus\" aria-hidden=\"true\"><\/i><br \/>\n\t\t\t\t\t\t<\/span><br \/>\n\t\t\t\t\t<\/figure>\n<figure>\n\t\t\t\t\t<span style=\"cursor: pointer\" data-src=\"https:\/\/autorai.nl\/wp-content\/uploads\/2025\/02\/Citroen-C3-Aircross-Hybride-Max-022-1600x1067.jpg\" data-fancybox=\"galery-0\" title=\"\"><br \/>\n\t\t\t\t\t\t\t<img decoding=\"async\" width=\"360\" height=\"270\" src=\"https:\/\/autorai.nl\/wp-content\/uploads\/2025\/02\/Citroen-C3-Aircross-Hybride-Max-022-360x270.jpg\" class=\"attachment-small size-small\" alt=\"\" loading=\"lazy\"><i class=\"fa fa-search-plus\" aria-hidden=\"true\"><\/i><br \/>\n\t\t\t\t\t\t<\/span><br \/>\n\t\t\t\t\t<\/figure>\n<figure>\n\t\t\t\t\t<span style=\"cursor: pointer\" data-src=\"https:\/\/autorai.nl\/wp-content\/uploads\/2025\/02\/Citroen-C3-Aircross-Hybride-Max-021-1600x1067.jpg\" data-fancybox=\"galery-0\" title=\"\"><br \/>\n\t\t\t\t\t\t\t<img decoding=\"async\" width=\"360\" height=\"270\" src=\"https:\/\/autorai.nl\/wp-content\/uploads\/2025\/02\/Citroen-C3-Aircross-Hybride-Max-021-360x270.jpg\" class=\"attachment-small size-small\" alt=\"\" loading=\"lazy\"><i class=\"fa fa-search-plus\" aria-hidden=\"true\"><\/i><br \/>\n\t\t\t\t\t\t<\/span><br \/>\n\t\t\t\t\t<\/figure>\n<figure>\n\t\t\t\t\t<span style=\"cursor: pointer\" data-src=\"https:\/\/autorai.nl\/wp-content\/uploads\/2025\/02\/Citroen-C3-Aircross-Hybride-Max-020-1600x1067.jpg\" data-fancybox=\"galery-0\" title=\"\"><br \/>\n\t\t\t\t\t\t\t<img decoding=\"async\" width=\"360\" height=\"270\" src=\"https:\/\/autorai.nl\/wp-content\/uploads\/2025\/02\/Citroen-C3-Aircross-Hybride-Max-020-360x270.jpg\" class=\"attachment-small size-small\" alt=\"\" loading=\"lazy\"><i class=\"fa fa-search-plus\" aria-hidden=\"true\"><\/i><br \/>\n\t\t\t\t\t\t<\/span><br \/>\n\t\t\t\t\t<\/figure>\n<figure>\n\t\t\t\t\t<span style=\"cursor: pointer\" data-src=\"https:\/\/autorai.nl\/wp-content\/uploads\/2025\/02\/Citroen-C3-Aircross-Hybride-Max-019-1600x1067.jpg\" data-fancybox=\"galery-0\" title=\"\"><br \/>\n\t\t\t\t\t\t\t<img decoding=\"async\" width=\"360\" height=\"270\" src=\"https:\/\/autorai.nl\/wp-content\/uploads\/2025\/02\/Citroen-C3-Aircross-Hybride-Max-019-360x270.jpg\" class=\"attachment-small size-small\" alt=\"\" loading=\"lazy\"><i class=\"fa fa-search-plus\" aria-hidden=\"true\"><\/i><br \/>\n\t\t\t\t\t\t<\/span><br \/>\n\t\t\t\t\t<\/figure>\n<figure>\n\t\t\t\t\t<span style=\"cursor: pointer\" data-src=\"https:\/\/autorai.nl\/wp-content\/uploads\/2025\/02\/Citroen-C3-Aircross-Hybride-Max-018-1600x1067.jpg\" data-fancybox=\"galery-0\" title=\"\"><br \/>\n\t\t\t\t\t\t\t<img decoding=\"async\" width=\"360\" height=\"270\" src=\"https:\/\/autorai.nl\/wp-content\/uploads\/2025\/02\/Citroen-C3-Aircross-Hybride-Max-018-360x270.jpg\" class=\"attachment-small size-small\" alt=\"\" loading=\"lazy\"><i class=\"fa fa-search-plus\" aria-hidden=\"true\"><\/i><br \/>\n\t\t\t\t\t\t<\/span><br \/>\n\t\t\t\t\t<\/figure>\n<figure>\n\t\t\t\t\t<span style=\"cursor: pointer\" data-src=\"https:\/\/autorai.nl\/wp-content\/uploads\/2025\/02\/Citroen-C3-Aircross-Hybride-Max-017-1600x1067.jpg\" data-fancybox=\"galery-0\" title=\"\"><br \/>\n\t\t\t\t\t\t\t<img decoding=\"async\" width=\"360\" height=\"270\" src=\"https:\/\/autorai.nl\/wp-content\/uploads\/2025\/02\/Citroen-C3-Aircross-Hybride-Max-017-360x270.jpg\" class=\"attachment-small size-small\" alt=\"\" loading=\"lazy\"><i class=\"fa fa-search-plus\" aria-hidden=\"true\"><\/i><br \/>\n\t\t\t\t\t\t<\/span><br \/>\n\t\t\t\t\t<\/figure>\n<figure>\n\t\t\t\t\t<span style=\"cursor: pointer\" data-src=\"https:\/\/autorai.nl\/wp-content\/uploads\/2025\/02\/Citroen-C3-Aircross-Hybride-Max-016-1600x1067.jpg\" data-fancybox=\"galery-0\" title=\"\"><br \/>\n\t\t\t\t\t\t\t<img decoding=\"async\" width=\"360\" height=\"270\" src=\"https:\/\/autorai.nl\/wp-content\/uploads\/2025\/02\/Citroen-C3-Aircross-Hybride-Max-016-360x270.jpg\" class=\"attachment-small size-small\" alt=\"\" loading=\"lazy\"><i class=\"fa fa-search-plus\" aria-hidden=\"true\"><\/i><br \/>\n\t\t\t\t\t\t<\/span><br \/>\n\t\t\t\t\t<\/figure>\n<figure>\n\t\t\t\t\t<span style=\"cursor: pointer\" data-src=\"https:\/\/autorai.nl\/wp-content\/uploads\/2025\/02\/Citroen-C3-Aircross-Hybride-Max-015-1600x1067.jpg\" data-fancybox=\"galery-0\" title=\"\"><br \/>\n\t\t\t\t\t\t\t<img decoding=\"async\" width=\"360\" height=\"270\" src=\"https:\/\/autorai.nl\/wp-content\/uploads\/2025\/02\/Citroen-C3-Aircross-Hybride-Max-015-360x270.jpg\" class=\"attachment-small size-small\" alt=\"\" loading=\"lazy\"><i class=\"fa fa-search-plus\" aria-hidden=\"true\"><\/i><br \/>\n\t\t\t\t\t\t<\/span><br \/>\n\t\t\t\t\t<\/figure>\n<figure>\n\t\t\t\t\t<span style=\"cursor: pointer\" data-src=\"https:\/\/autorai.nl\/wp-content\/uploads\/2025\/02\/Citroen-C3-Aircross-Hybride-Max-014-1600x1067.jpg\" data-fancybox=\"galery-0\" title=\"\"><br \/>\n\t\t\t\t\t\t\t<img decoding=\"async\" width=\"360\" height=\"270\" src=\"https:\/\/autorai.nl\/wp-content\/uploads\/2025\/02\/Citroen-C3-Aircross-Hybride-Max-014-360x270.jpg\" class=\"attachment-small size-small\" alt=\"\" loading=\"lazy\"><i class=\"fa fa-search-plus\" aria-hidden=\"true\"><\/i><br \/>\n\t\t\t\t\t\t<\/span><br \/>\n\t\t\t\t\t<\/figure>\n<figure>\n\t\t\t\t\t<span style=\"cursor: pointer\" data-src=\"https:\/\/autorai.nl\/wp-content\/uploads\/2025\/02\/Citroen-C3-Aircross-Hybride-Max-013-1600x1067.jpg\" data-fancybox=\"galery-0\" title=\"\"><br \/>\n\t\t\t\t\t\t\t<img decoding=\"async\" width=\"360\" height=\"270\" src=\"https:\/\/autorai.nl\/wp-content\/uploads\/2025\/02\/Citroen-C3-Aircross-Hybride-Max-013-360x270.jpg\" class=\"attachment-small size-small\" alt=\"\" loading=\"lazy\"><i class=\"fa fa-search-plus\" aria-hidden=\"true\"><\/i><br \/>\n\t\t\t\t\t\t<\/span><br \/>\n\t\t\t\t\t<\/figure>\n<figure>\n\t\t\t\t\t<span style=\"cursor: pointer\" data-src=\"https:\/\/autorai.nl\/wp-content\/uploads\/2025\/02\/Citroen-C3-Aircross-Hybride-Max-012-1600x1067.jpg\" data-fancybox=\"galery-0\" title=\"\"><br \/>\n\t\t\t\t\t\t\t<img decoding=\"async\" width=\"360\" height=\"270\" src=\"https:\/\/autorai.nl\/wp-content\/uploads\/2025\/02\/Citroen-C3-Aircross-Hybride-Max-012-360x270.jpg\" class=\"attachment-small size-small\" alt=\"\" loading=\"lazy\"><i class=\"fa fa-search-plus\" aria-hidden=\"true\"><\/i><br \/>\n\t\t\t\t\t\t<\/span><br \/>\n\t\t\t\t\t<\/figure>\n<figure>\n\t\t\t\t\t<span style=\"cursor: pointer\" data-src=\"https:\/\/autorai.nl\/wp-content\/uploads\/2025\/02\/Citroen-C3-Aircross-Hybride-Max-011-1600x1067.jpg\" data-fancybox=\"galery-0\" title=\"\"><br \/>\n\t\t\t\t\t\t\t<img decoding=\"async\" width=\"360\" height=\"270\" src=\"https:\/\/autorai.nl\/wp-content\/uploads\/2025\/02\/Citroen-C3-Aircross-Hybride-Max-011-360x270.jpg\" class=\"attachment-small size-small\" alt=\"\" loading=\"lazy\"><i class=\"fa fa-search-plus\" aria-hidden=\"true\"><\/i><br \/>\n\t\t\t\t\t\t<\/span><br \/>\n\t\t\t\t\t<\/figure>\n<figure>\n\t\t\t\t\t<span style=\"cursor: pointer\" data-src=\"https:\/\/autorai.nl\/wp-content\/uploads\/2025\/02\/Citroen-C3-Aircross-Hybride-Max-010-1600x1067.jpg\" data-fancybox=\"galery-0\" title=\"\"><br \/>\n\t\t\t\t\t\t\t<img decoding=\"async\" width=\"360\" height=\"270\" src=\"https:\/\/autorai.nl\/wp-content\/uploads\/2025\/02\/Citroen-C3-Aircross-Hybride-Max-010-360x270.jpg\" class=\"attachment-small size-small\" alt=\"\" loading=\"lazy\"><i class=\"fa fa-search-plus\" aria-hidden=\"true\"><\/i><br \/>\n\t\t\t\t\t\t<\/span><br \/>\n\t\t\t\t\t<\/figure>\n<figure>\n\t\t\t\t\t<span style=\"cursor: pointer\" data-src=\"https:\/\/autorai.nl\/wp-content\/uploads\/2025\/02\/Citroen-C3-Aircross-Hybride-Max-009-1600x1067.jpg\" data-fancybox=\"galery-0\" title=\"\"><br \/>\n\t\t\t\t\t\t\t<img decoding=\"async\" width=\"360\" height=\"270\" src=\"https:\/\/autorai.nl\/wp-content\/uploads\/2025\/02\/Citroen-C3-Aircross-Hybride-Max-009-360x270.jpg\" class=\"attachment-small size-small\" alt=\"\" loading=\"lazy\"><i class=\"fa fa-search-plus\" aria-hidden=\"true\"><\/i><br \/>\n\t\t\t\t\t\t<\/span><br \/>\n\t\t\t\t\t<\/figure>\n<figure>\n\t\t\t\t\t<span style=\"cursor: pointer\" data-src=\"https:\/\/autorai.nl\/wp-content\/uploads\/2025\/02\/Citroen-C3-Aircross-Hybride-Max-008-1600x1067.jpg\" data-fancybox=\"galery-0\" title=\"\"><br \/>\n\t\t\t\t\t\t\t<img decoding=\"async\" width=\"360\" height=\"270\" src=\"https:\/\/autorai.nl\/wp-content\/uploads\/2025\/02\/Citroen-C3-Aircross-Hybride-Max-008-360x270.jpg\" class=\"attachment-small size-small\" alt=\"\" loading=\"lazy\"><i class=\"fa fa-search-plus\" aria-hidden=\"true\"><\/i><br \/>\n\t\t\t\t\t\t<\/span><br \/>\n\t\t\t\t\t<\/figure>\n<figure>\n\t\t\t\t\t<span style=\"cursor: pointer\" data-src=\"https:\/\/autorai.nl\/wp-content\/uploads\/2025\/02\/Citroen-C3-Aircross-Hybride-Max-007-1600x1067.jpg\" data-fancybox=\"galery-0\" title=\"\"><br \/>\n\t\t\t\t\t\t\t<img decoding=\"async\" width=\"360\" height=\"270\" src=\"https:\/\/autorai.nl\/wp-content\/uploads\/2025\/02\/Citroen-C3-Aircross-Hybride-Max-007-360x270.jpg\" class=\"attachment-small size-small\" alt=\"\" loading=\"lazy\"><i class=\"fa fa-search-plus\" aria-hidden=\"true\"><\/i><br \/>\n\t\t\t\t\t\t<\/span><br \/>\n\t\t\t\t\t<\/figure>\n<figure>\n\t\t\t\t\t<span style=\"cursor: pointer\" data-src=\"https:\/\/autorai.nl\/wp-content\/uploads\/2025\/02\/Citroen-C3-Aircross-Hybride-Max-006-1600x1067.jpg\" data-fancybox=\"galery-0\" title=\"\"><br \/>\n\t\t\t\t\t\t\t<img decoding=\"async\" width=\"360\" height=\"270\" src=\"https:\/\/autorai.nl\/wp-content\/uploads\/2025\/02\/Citroen-C3-Aircross-Hybride-Max-006-360x270.jpg\" class=\"attachment-small size-small\" alt=\"\" loading=\"lazy\"><i class=\"fa fa-search-plus\" aria-hidden=\"true\"><\/i><br \/>\n\t\t\t\t\t\t<\/span><br \/>\n\t\t\t\t\t<\/figure>\n<figure>\n\t\t\t\t\t<span style=\"cursor: pointer\" data-src=\"https:\/\/autorai.nl\/wp-content\/uploads\/2025\/02\/Citroen-C3-Aircross-Hybride-Max-005-1600x1067.jpg\" data-fancybox=\"galery-0\" title=\"\"><br \/>\n\t\t\t\t\t\t\t<img decoding=\"async\" width=\"360\" height=\"270\" src=\"https:\/\/autorai.nl\/wp-content\/uploads\/2025\/02\/Citroen-C3-Aircross-Hybride-Max-005-360x270.jpg\" class=\"attachment-small size-small\" alt=\"\" loading=\"lazy\"><i class=\"fa fa-search-plus\" aria-hidden=\"true\"><\/i><br \/>\n\t\t\t\t\t\t<\/span><br \/>\n\t\t\t\t\t<\/figure>\n<figure>\n\t\t\t\t\t<span style=\"cursor: pointer\" data-src=\"https:\/\/autorai.nl\/wp-content\/uploads\/2025\/02\/Citroen-C3-Aircross-Hybride-Max-004-1600x1067.jpg\" data-fancybox=\"galery-0\" title=\"\"><br \/>\n\t\t\t\t\t\t\t<img decoding=\"async\" width=\"360\" height=\"270\" src=\"https:\/\/autorai.nl\/wp-content\/uploads\/2025\/02\/Citroen-C3-Aircross-Hybride-Max-004-360x270.jpg\" class=\"attachment-small size-small\" alt=\"\" loading=\"lazy\"><i class=\"fa fa-search-plus\" aria-hidden=\"true\"><\/i><br \/>\n\t\t\t\t\t\t<\/span><br \/>\n\t\t\t\t\t<\/figure>\n<figure>\n\t\t\t\t\t<span style=\"cursor: pointer\" data-src=\"https:\/\/autorai.nl\/wp-content\/uploads\/2025\/02\/Citroen-C3-Aircross-Hybride-Max-003-1600x1067.jpg\" data-fancybox=\"galery-0\" title=\"\"><br \/>\n\t\t\t\t\t\t\t<img decoding=\"async\" width=\"360\" height=\"270\" src=\"https:\/\/autorai.nl\/wp-content\/uploads\/2025\/02\/Citroen-C3-Aircross-Hybride-Max-003-360x270.jpg\" class=\"attachment-small size-small\" alt=\"\" loading=\"lazy\"><i class=\"fa fa-search-plus\" aria-hidden=\"true\"><\/i><br \/>\n\t\t\t\t\t\t<\/span><br \/>\n\t\t\t\t\t<\/figure>\n<figure>\n\t\t\t\t\t<span style=\"cursor: pointer\" data-src=\"https:\/\/autorai.nl\/wp-content\/uploads\/2025\/02\/Citroen-C3-Aircross-Hybride-Max-002-1600x1067.jpg\" data-fancybox=\"galery-0\" title=\"\"><br \/>\n\t\t\t\t\t\t\t<img decoding=\"async\" width=\"360\" height=\"270\" src=\"https:\/\/autorai.nl\/wp-content\/uploads\/2025\/02\/Citroen-C3-Aircross-Hybride-Max-002-360x270.jpg\" class=\"attachment-small size-small\" alt=\"\" loading=\"lazy\"><i class=\"fa fa-search-plus\" aria-hidden=\"true\"><\/i><br \/>\n\t\t\t\t\t\t<\/span><br \/>\n\t\t\t\t\t<\/figure>\n<figure>\n\t\t\t\t\t<span style=\"cursor: pointer\" data-src=\"https:\/\/autorai.nl\/wp-content\/uploads\/2025\/02\/Citroen-C3-Aircross-Hybride-Max-001-1600x1067.jpg\" data-fancybox=\"galery-0\" title=\"\"><br \/>\n\t\t\t\t\t\t\t<img decoding=\"async\" width=\"360\" height=\"270\" src=\"https:\/\/autorai.nl\/wp-content\/uploads\/2025\/02\/Citroen-C3-Aircross-Hybride-Max-001-360x270.jpg\" class=\"attachment-small size-small\" alt=\"\" loading=\"lazy\"><i class=\"fa fa-search-plus\" aria-hidden=\"true\"><\/i><br \/>\n\t\t\t\t\t\t<\/span><br \/>\n\t\t\t\t\t<\/figure>\n<figure>\n\t\t\t\t\t<span style=\"cursor: pointer\" data-src=\"https:\/\/autorai.nl\/wp-content\/uploads\/2025\/02\/citroen-c3-aircross-autorai-foto4-1600x1200.jpg\" data-fancybox=\"galery-0\" title=\"\"><br \/>\n\t\t\t\t\t\t\t<img decoding=\"async\" width=\"360\" height=\"270\" src=\"https:\/\/autorai.nl\/wp-content\/uploads\/2025\/02\/citroen-c3-aircross-autorai-foto4-360x270.jpg\" class=\"attachment-small size-small\" alt=\"\" loading=\"lazy\"><i class=\"fa fa-search-plus\" aria-hidden=\"true\"><\/i><br \/>\n\t\t\t\t\t\t<\/span><br \/>\n\t\t\t\t\t<\/figure>\n<figure>\n\t\t\t\t\t<span style=\"cursor: pointer\" data-src=\"https:\/\/autorai.nl\/wp-content\/uploads\/2025\/02\/citroen-c3-aircross-autorai-foto2-1600x1200.jpg\" data-fancybox=\"galery-0\" title=\"\"><br \/>\n\t\t\t\t\t\t\t<img decoding=\"async\" width=\"360\" height=\"270\" src=\"https:\/\/autorai.nl\/wp-content\/uploads\/2025\/02\/citroen-c3-aircross-autorai-foto2-360x270.jpg\" class=\"attachment-small size-small\" alt=\"\" loading=\"lazy\"><i class=\"fa fa-search-plus\" aria-hidden=\"true\"><\/i><br \/>\n\t\t\t\t\t\t<\/span><br \/>\n\t\t\t\t\t<\/figure>\n<figure>\n\t\t\t\t\t<span style=\"cursor: pointer\" data-src=\"https:\/\/autorai.nl\/wp-content\/uploads\/2025\/02\/citroen-c3-aircross-autorai-foto1-1600x1200.jpg\" data-fancybox=\"galery-0\" title=\"\"><br \/>\n\t\t\t\t\t\t\t<img decoding=\"async\" width=\"360\" height=\"270\" src=\"https:\/\/autorai.nl\/wp-content\/uploads\/2025\/02\/citroen-c3-aircross-autorai-foto1-360x270.jpg\" class=\"attachment-small size-small\" alt=\"\" loading=\"lazy\"><i class=\"fa fa-search-plus\" aria-hidden=\"true\"><\/i><br \/>\n\t\t\t\t\t\t<\/span><br \/>\n\t\t\t\t\t<\/figure>\n<figure>\n\t\t\t\t\t<span style=\"cursor: pointer\" data-src=\"https:\/\/autorai.nl\/wp-content\/uploads\/2025\/02\/Citroen-C3-Aircross-7-places-008-1600x1067.jpg\" data-fancybox=\"galery-0\" title=\"\"><br \/>\n\t\t\t\t\t\t\t<img decoding=\"async\" width=\"360\" height=\"270\" src=\"https:\/\/autorai.nl\/wp-content\/uploads\/2025\/02\/Citroen-C3-Aircross-7-places-008-360x270.jpg\" class=\"attachment-small size-small\" alt=\"\" loading=\"lazy\"><i class=\"fa fa-search-plus\" aria-hidden=\"true\"><\/i><br \/>\n\t\t\t\t\t\t<\/span><br \/>\n\t\t\t\t\t<\/figure>\n<figure>\n\t\t\t\t\t<span style=\"cursor: pointer\" data-src=\"https:\/\/autorai.nl\/wp-content\/uploads\/2025\/02\/Citroen-C3-Aircross-7-places-007-1600x1067.jpg\" data-fancybox=\"galery-0\" title=\"\"><br \/>\n\t\t\t\t\t\t\t<img decoding=\"async\" width=\"360\" height=\"270\" src=\"https:\/\/autorai.nl\/wp-content\/uploads\/2025\/02\/Citroen-C3-Aircross-7-places-007-360x270.jpg\" class=\"attachment-small size-small\" alt=\"\" loading=\"lazy\"><i class=\"fa fa-search-plus\" aria-hidden=\"true\"><\/i><br \/>\n\t\t\t\t\t\t<\/span><br \/>\n\t\t\t\t\t<\/figure>\n<figure>\n\t\t\t\t\t<span style=\"cursor: pointer\" data-src=\"https:\/\/autorai.nl\/wp-content\/uploads\/2025\/02\/Citroen-C3-Aircross-7-places-006-1600x1067.jpg\" data-fancybox=\"galery-0\" title=\"\"><br \/>\n\t\t\t\t\t\t\t<img decoding=\"async\" width=\"360\" height=\"270\" src=\"https:\/\/autorai.nl\/wp-content\/uploads\/2025\/02\/Citroen-C3-Aircross-7-places-006-360x270.jpg\" class=\"attachment-small size-small\" alt=\"\" loading=\"lazy\"><i class=\"fa fa-search-plus\" aria-hidden=\"true\"><\/i><br \/>\n\t\t\t\t\t\t<\/span><br \/>\n\t\t\t\t\t<\/figure>\n<figure>\n\t\t\t\t\t<span style=\"cursor: pointer\" data-src=\"https:\/\/autorai.nl\/wp-content\/uploads\/2025\/02\/Citroen-C3-Aircross-7-places-005-1600x1067.jpg\" data-fancybox=\"galery-0\" title=\"\"><br \/>\n\t\t\t\t\t\t\t<img decoding=\"async\" width=\"360\" height=\"270\" src=\"https:\/\/autorai.nl\/wp-content\/uploads\/2025\/02\/Citroen-C3-Aircross-7-places-005-360x270.jpg\" class=\"attachment-small size-small\" alt=\"\" loading=\"lazy\"><i class=\"fa fa-search-plus\" aria-hidden=\"true\"><\/i><br \/>\n\t\t\t\t\t\t<\/span><br \/>\n\t\t\t\t\t<\/figure>\n<figure>\n\t\t\t\t\t<span style=\"cursor: pointer\" data-src=\"https:\/\/autorai.nl\/wp-content\/uploads\/2025\/02\/Citroen-C3-Aircross-7-places-004-1600x1067.jpg\" data-fancybox=\"galery-0\" title=\"\"><br \/>\n\t\t\t\t\t\t\t<img decoding=\"async\" width=\"360\" height=\"270\" src=\"https:\/\/autorai.nl\/wp-content\/uploads\/2025\/02\/Citroen-C3-Aircross-7-places-004-360x270.jpg\" class=\"attachment-small size-small\" alt=\"\" loading=\"lazy\"><i class=\"fa fa-search-plus\" aria-hidden=\"true\"><\/i><br \/>\n\t\t\t\t\t\t<\/span><br \/>\n\t\t\t\t\t<\/figure>\n<figure>\n\t\t\t\t\t<span style=\"cursor: pointer\" data-src=\"https:\/\/autorai.nl\/wp-content\/uploads\/2025\/02\/Citroen-C3-Aircross-7-places-003-1600x1067.jpg\" data-fancybox=\"galery-0\" title=\"\"><br \/>\n\t\t\t\t\t\t\t<img decoding=\"async\" width=\"360\" height=\"270\" src=\"https:\/\/autorai.nl\/wp-content\/uploads\/2025\/02\/Citroen-C3-Aircross-7-places-003-360x270.jpg\" class=\"attachment-small size-small\" alt=\"\" loading=\"lazy\"><i class=\"fa fa-search-plus\" aria-hidden=\"true\"><\/i><br \/>\n\t\t\t\t\t\t<\/span><br \/>\n\t\t\t\t\t<\/figure>\n<figure>\n\t\t\t\t\t<span style=\"cursor: pointer\" data-src=\"https:\/\/autorai.nl\/wp-content\/uploads\/2025\/02\/Citroen-C3-Aircross-7-places-002-1600x1067.jpg\" data-fancybox=\"galery-0\" title=\"\"><br \/>\n\t\t\t\t\t\t\t<img decoding=\"async\" width=\"360\" height=\"270\" src=\"https:\/\/autorai.nl\/wp-content\/uploads\/2025\/02\/Citroen-C3-Aircross-7-places-002-360x270.jpg\" class=\"attachment-small size-small\" alt=\"\" loading=\"lazy\"><i class=\"fa fa-search-plus\" aria-hidden=\"true\"><\/i><br \/>\n\t\t\t\t\t\t<\/span><br \/>\n\t\t\t\t\t<\/figure>\n<div class=\"clear\"><\/div>\n<\/div>\n","protected":false},"excerpt":{"rendered":"Smart Car-Plattform Der Citro\u00ebn C3 Aircross steht auf der sogenannten Smart Car-Plattform. Auf dieser Plattform steht auch der regul\u00e4re Citro\u00ebn&hellip;","protected":false},"author":0,"featured_media":152135,"comment_status":"","ping_status":"open","sticky":false,"template":"","format":"standard","meta":{"footnotes":""},"categories":[125,143],"tags":[],"class_list":["post-152726","post","type-post","status-publish","format-standard","has-post-thumbnail","hentry","category-auto-nachrichten","category-autotests-de"],"acf":[],"yoast_head":"<!-- This site is optimized with the Yoast SEO plugin v21.2 - https:\/\/yoast.com\/wordpress\/plugins\/seo\/ -->\n<title>Testbericht - Citro\u00ebn C3 Aircross (2025), ein &quot;fliegender Teppich&quot; f\u00fcr die Familie? - All cars news<\/title>\n<meta name=\"robots\" content=\"index, follow, max-snippet:-1, max-image-preview:large, max-video-preview:-1\" \/>\n<link rel=\"canonical\" href=\"https:\/\/all-car-news.com\/de\/testbericht-citroen-c3-aircross-2025-ein-fliegender-teppich-fuer-die-familie\/\" \/>\n<meta property=\"og:locale\" content=\"de_DE\" \/>\n<meta property=\"og:type\" content=\"article\" \/>\n<meta property=\"og:title\" content=\"Testbericht - Citro\u00ebn C3 Aircross (2025), ein &quot;fliegender Teppich&quot; f\u00fcr die Familie? - All cars news\" \/>\n<meta property=\"og:description\" content=\"Smart Car-Plattform Der Citro\u00ebn C3 Aircross steht auf der sogenannten Smart Car-Plattform. Auf dieser Plattform steht auch der regul\u00e4re Citro\u00ebn C3, sozusagen der kleine Bruder des C3 Aircross.&nbsp;Der gro\u00dfe Unterschied: Der C3 Aircross ist mit sieben Sitzen erh\u00e4ltlich, allerdings nicht als batterieelektrische Version. Wie der regul\u00e4re C3 ist auch die Aircross-Version ein B-SUV. Bekannt als [...]\" \/>\n<meta property=\"og:url\" content=\"https:\/\/all-car-news.com\/de\/testbericht-citroen-c3-aircross-2025-ein-fliegender-teppich-fuer-die-familie\/\" \/>\n<meta property=\"og:site_name\" content=\"All cars news\" \/>\n<meta property=\"article:published_time\" content=\"2025-02-06T08:41:00+00:00\" \/>\n<meta property=\"og:image\" content=\"https:\/\/autorai.nl\/wp-content\/uploads\/2025\/02\/Citroen-C3-Aircross-Hybride-Max-029-1140x760.jpg\" \/>\n<meta name=\"twitter:card\" content=\"summary_large_image\" \/>\n<meta name=\"twitter:label1\" content=\"Gesch\u00e4tzte Lesezeit\" \/>\n\t<meta name=\"twitter:data1\" content=\"6\u00a0Minuten\" \/>\n<script type=\"application\/ld+json\" class=\"yoast-schema-graph\">{\"@context\":\"https:\/\/schema.org\",\"@graph\":[{\"@type\":\"Article\",\"@id\":\"https:\/\/all-car-news.com\/de\/testbericht-citroen-c3-aircross-2025-ein-fliegender-teppich-fuer-die-familie\/#article\",\"isPartOf\":{\"@id\":\"https:\/\/all-car-news.com\/de\/testbericht-citroen-c3-aircross-2025-ein-fliegender-teppich-fuer-die-familie\/\"},\"author\":{\"name\":\"\",\"@id\":\"\"},\"headline\":\"Testbericht &#8211; Citro\u00ebn C3 Aircross (2025), ein &#8222;fliegender Teppich&#8220; f\u00fcr die Familie?\",\"datePublished\":\"2025-02-06T08:41:00+00:00\",\"dateModified\":\"2025-02-06T08:41:00+00:00\",\"mainEntityOfPage\":{\"@id\":\"https:\/\/all-car-news.com\/de\/testbericht-citroen-c3-aircross-2025-ein-fliegender-teppich-fuer-die-familie\/\"},\"wordCount\":1241,\"publisher\":{\"@id\":\"https:\/\/all-car-news.com\/de\/#organization\"},\"articleSection\":[\"Auto Nachrichten\",\"Autotests\"],\"inLanguage\":\"de\"},{\"@type\":\"WebPage\",\"@id\":\"https:\/\/all-car-news.com\/de\/testbericht-citroen-c3-aircross-2025-ein-fliegender-teppich-fuer-die-familie\/\",\"url\":\"https:\/\/all-car-news.com\/de\/testbericht-citroen-c3-aircross-2025-ein-fliegender-teppich-fuer-die-familie\/\",\"name\":\"Testbericht - Citro\u00ebn C3 Aircross (2025), ein \\\"fliegender Teppich\\\" f\u00fcr die Familie? - All cars news\",\"isPartOf\":{\"@id\":\"https:\/\/all-car-news.com\/de\/#website\"},\"datePublished\":\"2025-02-06T08:41:00+00:00\",\"dateModified\":\"2025-02-06T08:41:00+00:00\",\"breadcrumb\":{\"@id\":\"https:\/\/all-car-news.com\/de\/testbericht-citroen-c3-aircross-2025-ein-fliegender-teppich-fuer-die-familie\/#breadcrumb\"},\"inLanguage\":\"de\",\"potentialAction\":[{\"@type\":\"ReadAction\",\"target\":[\"https:\/\/all-car-news.com\/de\/testbericht-citroen-c3-aircross-2025-ein-fliegender-teppich-fuer-die-familie\/\"]}]},{\"@type\":\"BreadcrumbList\",\"@id\":\"https:\/\/all-car-news.com\/de\/testbericht-citroen-c3-aircross-2025-ein-fliegender-teppich-fuer-die-familie\/#breadcrumb\",\"itemListElement\":[{\"@type\":\"ListItem\",\"position\":1,\"name\":\"Home\",\"item\":\"https:\/\/all-car-news.com\/de\/\"},{\"@type\":\"ListItem\",\"position\":2,\"name\":\"Testbericht &#8211; Citro\u00ebn C3 Aircross (2025), ein &#8222;fliegender Teppich&#8220; f\u00fcr die Familie?\"}]},{\"@type\":\"WebSite\",\"@id\":\"https:\/\/all-car-news.com\/de\/#website\",\"url\":\"https:\/\/all-car-news.com\/de\/\",\"name\":\"All cars news\",\"description\":\"\",\"publisher\":{\"@id\":\"https:\/\/all-car-news.com\/de\/#organization\"},\"potentialAction\":[{\"@type\":\"SearchAction\",\"target\":{\"@type\":\"EntryPoint\",\"urlTemplate\":\"https:\/\/all-car-news.com\/de\/?s={search_term_string}\"},\"query-input\":\"required name=search_term_string\"}],\"inLanguage\":\"de\"},{\"@type\":\"Organization\",\"@id\":\"https:\/\/all-car-news.com\/de\/#organization\",\"name\":\"All cars news\",\"url\":\"https:\/\/all-car-news.com\/de\/\",\"logo\":{\"@type\":\"ImageObject\",\"inLanguage\":\"de\",\"@id\":\"https:\/\/all-car-news.com\/de\/#\/schema\/logo\/image\/\",\"url\":\"https:\/\/all-car-news.com\/wp-content\/uploads\/2022\/02\/CMYK-AllCarNews_LANDSCAPE_300px-1.png\",\"contentUrl\":\"https:\/\/all-car-news.com\/wp-content\/uploads\/2022\/02\/CMYK-AllCarNews_LANDSCAPE_300px-1.png\",\"width\":300,\"height\":100,\"caption\":\"All cars news\"},\"image\":{\"@id\":\"https:\/\/all-car-news.com\/de\/#\/schema\/logo\/image\/\"}}]}<\/script>\n<!-- \/ Yoast SEO plugin. -->","yoast_head_json":{"title":"Testbericht - Citro\u00ebn C3 Aircross (2025), ein \"fliegender Teppich\" f\u00fcr die Familie? - All cars news","robots":{"index":"index","follow":"follow","max-snippet":"max-snippet:-1","max-image-preview":"max-image-preview:large","max-video-preview":"max-video-preview:-1"},"canonical":"https:\/\/all-car-news.com\/de\/testbericht-citroen-c3-aircross-2025-ein-fliegender-teppich-fuer-die-familie\/","og_locale":"de_DE","og_type":"article","og_title":"Testbericht - Citro\u00ebn C3 Aircross (2025), ein \"fliegender Teppich\" f\u00fcr die Familie? - All cars news","og_description":"Smart Car-Plattform Der Citro\u00ebn C3 Aircross steht auf der sogenannten Smart Car-Plattform. Auf dieser Plattform steht auch der regul\u00e4re Citro\u00ebn C3, sozusagen der kleine Bruder des C3 Aircross.&nbsp;Der gro\u00dfe Unterschied: Der C3 Aircross ist mit sieben Sitzen erh\u00e4ltlich, allerdings nicht als batterieelektrische Version. Wie der regul\u00e4re C3 ist auch die Aircross-Version ein B-SUV. Bekannt als [...]","og_url":"https:\/\/all-car-news.com\/de\/testbericht-citroen-c3-aircross-2025-ein-fliegender-teppich-fuer-die-familie\/","og_site_name":"All cars news","article_published_time":"2025-02-06T08:41:00+00:00","og_image":[{"url":"https:\/\/autorai.nl\/wp-content\/uploads\/2025\/02\/Citroen-C3-Aircross-Hybride-Max-029-1140x760.jpg"}],"twitter_card":"summary_large_image","twitter_misc":{"Gesch\u00e4tzte Lesezeit":"6\u00a0Minuten"},"schema":{"@context":"https:\/\/schema.org","@graph":[{"@type":"Article","@id":"https:\/\/all-car-news.com\/de\/testbericht-citroen-c3-aircross-2025-ein-fliegender-teppich-fuer-die-familie\/#article","isPartOf":{"@id":"https:\/\/all-car-news.com\/de\/testbericht-citroen-c3-aircross-2025-ein-fliegender-teppich-fuer-die-familie\/"},"author":{"name":"","@id":""},"headline":"Testbericht &#8211; Citro\u00ebn C3 Aircross (2025), ein &#8222;fliegender Teppich&#8220; f\u00fcr die Familie?","datePublished":"2025-02-06T08:41:00+00:00","dateModified":"2025-02-06T08:41:00+00:00","mainEntityOfPage":{"@id":"https:\/\/all-car-news.com\/de\/testbericht-citroen-c3-aircross-2025-ein-fliegender-teppich-fuer-die-familie\/"},"wordCount":1241,"publisher":{"@id":"https:\/\/all-car-news.com\/de\/#organization"},"articleSection":["Auto Nachrichten","Autotests"],"inLanguage":"de"},{"@type":"WebPage","@id":"https:\/\/all-car-news.com\/de\/testbericht-citroen-c3-aircross-2025-ein-fliegender-teppich-fuer-die-familie\/","url":"https:\/\/all-car-news.com\/de\/testbericht-citroen-c3-aircross-2025-ein-fliegender-teppich-fuer-die-familie\/","name":"Testbericht - Citro\u00ebn C3 Aircross (2025), ein \"fliegender Teppich\" f\u00fcr die Familie? - All cars news","isPartOf":{"@id":"https:\/\/all-car-news.com\/de\/#website"},"datePublished":"2025-02-06T08:41:00+00:00","dateModified":"2025-02-06T08:41:00+00:00","breadcrumb":{"@id":"https:\/\/all-car-news.com\/de\/testbericht-citroen-c3-aircross-2025-ein-fliegender-teppich-fuer-die-familie\/#breadcrumb"},"inLanguage":"de","potentialAction":[{"@type":"ReadAction","target":["https:\/\/all-car-news.com\/de\/testbericht-citroen-c3-aircross-2025-ein-fliegender-teppich-fuer-die-familie\/"]}]},{"@type":"BreadcrumbList","@id":"https:\/\/all-car-news.com\/de\/testbericht-citroen-c3-aircross-2025-ein-fliegender-teppich-fuer-die-familie\/#breadcrumb","itemListElement":[{"@type":"ListItem","position":1,"name":"Home","item":"https:\/\/all-car-news.com\/de\/"},{"@type":"ListItem","position":2,"name":"Testbericht &#8211; Citro\u00ebn C3 Aircross (2025), ein &#8222;fliegender Teppich&#8220; f\u00fcr die Familie?"}]},{"@type":"WebSite","@id":"https:\/\/all-car-news.com\/de\/#website","url":"https:\/\/all-car-news.com\/de\/","name":"All cars news","description":"","publisher":{"@id":"https:\/\/all-car-news.com\/de\/#organization"},"potentialAction":[{"@type":"SearchAction","target":{"@type":"EntryPoint","urlTemplate":"https:\/\/all-car-news.com\/de\/?s={search_term_string}"},"query-input":"required name=search_term_string"}],"inLanguage":"de"},{"@type":"Organization","@id":"https:\/\/all-car-news.com\/de\/#organization","name":"All cars news","url":"https:\/\/all-car-news.com\/de\/","logo":{"@type":"ImageObject","inLanguage":"de","@id":"https:\/\/all-car-news.com\/de\/#\/schema\/logo\/image\/","url":"https:\/\/all-car-news.com\/wp-content\/uploads\/2022\/02\/CMYK-AllCarNews_LANDSCAPE_300px-1.png","contentUrl":"https:\/\/all-car-news.com\/wp-content\/uploads\/2022\/02\/CMYK-AllCarNews_LANDSCAPE_300px-1.png","width":300,"height":100,"caption":"All cars news"},"image":{"@id":"https:\/\/all-car-news.com\/de\/#\/schema\/logo\/image\/"}}]}},"_links":{"self":[{"href":"https:\/\/all-car-news.com\/de\/wp-json\/wp\/v2\/posts\/152726","targetHints":{"allow":["GET"]}}],"collection":[{"href":"https:\/\/all-car-news.com\/de\/wp-json\/wp\/v2\/posts"}],"about":[{"href":"https:\/\/all-car-news.com\/de\/wp-json\/wp\/v2\/types\/post"}],"replies":[{"embeddable":true,"href":"https:\/\/all-car-news.com\/de\/wp-json\/wp\/v2\/comments?post=152726"}],"version-history":[{"count":0,"href":"https:\/\/all-car-news.com\/de\/wp-json\/wp\/v2\/posts\/152726\/revisions"}],"wp:featuredmedia":[{"embeddable":true,"href":"https:\/\/all-car-news.com\/de\/wp-json\/wp\/v2\/media\/152135"}],"wp:attachment":[{"href":"https:\/\/all-car-news.com\/de\/wp-json\/wp\/v2\/media?parent=152726"}],"wp:term":[{"taxonomy":"category","embeddable":true,"href":"https:\/\/all-car-news.com\/de\/wp-json\/wp\/v2\/categories?post=152726"},{"taxonomy":"post_tag","embeddable":true,"href":"https:\/\/all-car-news.com\/de\/wp-json\/wp\/v2\/tags?post=152726"}],"curies":[{"name":"wp","href":"https:\/\/api.w.org\/{rel}","templated":true}]}}