{"id":152702,"date":"2025-01-26T09:51:00","date_gmt":"2025-01-26T09:51:00","guid":{"rendered":"https:\/\/all-car-news.com\/aenderungen-der-umweltzonen-in-den-niederlanden-im-jahr-2025\/"},"modified":"2025-01-26T09:51:00","modified_gmt":"2025-01-26T09:51:00","slug":"aenderungen-der-umweltzonen-in-den-niederlanden-im-jahr-2025","status":"publish","type":"post","link":"https:\/\/all-car-news.com\/de\/aenderungen-der-umweltzonen-in-den-niederlanden-im-jahr-2025\/","title":{"rendered":"\u00c4nderungen der Umweltzonen in den Niederlanden im Jahr 2025"},"content":{"rendered":"<h2><strong>Umweltzonen in den Niederlanden<\/strong><\/h2>\n<p>Trotz ihrer <a href=\"https:\/\/autorai.nl\/column-milieuzone-is-symboolpolitiek\/\" target=\"_blank\" rel=\"noreferrer noopener\">fragw\u00fcrdigen Wirksamkeit<\/a> f\u00fchren immer mehr St\u00e4dte Umweltzonen ein. Die Gemeinden k\u00f6nnen frei entscheiden, ob sie dies tun, m\u00fcssen aber die nationalen Vorschriften f\u00fcr Umweltzonen befolgen. Dadurch wird verhindert, dass jede Gemeinde ihre eigenen Regeln aufstellt. Das schafft Klarheit f\u00fcr die Verkehrsteilnehmer.   <\/p>\n<p>Bisher gab es zwei Arten von Umweltzonen, zwischen denen die Gemeinden w\u00e4hlen konnten: die sogenannte gr\u00fcne und die blaue Umweltzone. Die blaue Umweltzone ist sogar noch ein bisschen strenger als die gr\u00fcne und h\u00e4lt daher noch mehr Fahrzeuge fern. <\/p>\n<h2><strong>Immer noch lokale Vorschriften f\u00fcr Umweltzonen&#8230;<\/strong><\/h2>\n<p>Trotz der Tatsache, dass die Umweltzonenpolitik nun im Wesentlichen landesweit festgelegt ist, gibt es einige lokale Regelungen. So k\u00f6nnen die Gemeinden beispielsweise beschlie\u00dfen, Taxis auszunehmen und\/oder eigene Regeln f\u00fcr sie aufzustellen. Speziell f\u00fcr Mopeds und Mofas k\u00f6nnen die Gemeinden ebenfalls von den nationalen Vorschriften abweichen. Amsterdam und Den Haag verbieten unter anderem \u00e4ltere Mopeds und Mofas, jeweils mit eigenen Bedingungen.   <\/p>\n<h2><strong>Versch\u00e4rfte aktuelle Umweltzonen<\/strong><\/h2>\n<p>Ab dem 1. Januar 2025 wurden die nationalen Vorschriften f\u00fcr Umweltzonen weiter versch\u00e4rft. Die Umweltzonen, wie wir sie bisher kennen, gelten nur f\u00fcr Dieselfahrzeuge. In die gr\u00fcne Umweltzone konnten Sie nur mit der Emissionsklasse Euro 3 oder h\u00f6her und in die blaue Umweltzone nur mit Euro 4 oder h\u00f6her einfahren. Welche Emissionsklasse Ihr Fahrzeug hat, finden Sie auf der Zulassungsbescheinigung und in den technischen Daten. Sie k\u00f6nnen sie auch bei der <a href=\"https:\/\/ovi.rdw.nl\/\" target=\"_blank\" rel=\"noreferrer noopener\">RDW<\/a> nachschlagen. Welche Baujahre zu einer Euroklasse geh\u00f6ren, ist je nach Fahrzeugtyp leicht unterschiedlich.     <\/p>\n<p>Ab dem 1. Januar 2025 sind beide Varianten der Umweltzone versch\u00e4rft worden. In die gr\u00fcne Zone d\u00fcrfen Sie nur noch mit der Emissionsklasse Euro 4 oder h\u00f6her und in die blaue Zone nur noch mit Euro 5 oder h\u00f6her einfahren. <\/p>\n<h2><strong>Null-Emissionszonen f\u00fcr Nutzfahrzeuge bis 2025<\/strong><\/h2>\n<p>Die gr\u00f6\u00dfte Neuigkeit ist die Einf\u00fchrung einer dritten Variante: die Null-Emissions-Zone. Das bedeutet, dass nur noch Fahrzeuge ohne jegliche Emissionen in diese Zone einfahren d\u00fcrfen. Die neuen Null-Emissions-Zonen gelten nur f\u00fcr Nutzfahrzeuge. Beachten Sie, dass dies auf der tats\u00e4chlichen Nutzung und Auslegung des Fahrzeugs basiert, nicht auf seiner Registrierung bei der RDW. Im Allgemeinen werden Firmenwagen tats\u00e4chlich als Firmenwagen und PKWs als Privatwagen genutzt, aber es gibt einige spezifische Ausnahmen.    <\/p>\n<p>Angenommen, Sie haben einen Lieferwagen mit gewerblicher Zulassung, nutzen ihn aber ausschlie\u00dflich als Privatfahrzeug, dann d\u00fcrfen Sie trotzdem in die Zone einfahren. Dies gilt zum Beispiel f\u00fcr Wohnmobile (die als Privatfahrzeug eingestuft werden), die auf einem Lieferwagen basieren. Eine private Fahrt mit dem Firmenwagen z\u00e4hlt also nicht. Umgekehrt sind Taxis Privatfahrzeuge, die als Firmenfahrzeuge genutzt werden, und d\u00fcrfen daher nicht in die Zone einfahren.   <\/p>\n<p>Auch bei der Null-Emissions-Zone steht es den Gemeinden frei, sie einzuf\u00fchren oder nicht. Zum Zeitpunkt der Erstellung dieses Artikels haben etwa 40 Gemeinden ernsthafte Pl\u00e4ne, eine Null-Emissionszone einzuf\u00fchren, oder haben dies sogar schon getan. Dies hat <a href=\"https:\/\/autorai.nl\/vakmensen-vermijden-amsterdam-vanwege-parkeerkosten-en-milieuregels\/\" target=\"_blank\" rel=\"noreferrer noopener\">erhebliche Auswirkungen<\/a> auf die Unternehmen zur Folge.  <\/p>\n<h2><strong>\u00dcbergangs-Null-Emissions-Zone<\/strong><\/h2>\n<p>Die Einf\u00fchrung der Null-Emissions-Zone wird von einer \u00dcbergangsregelung begleitet. Die Null-Emissions-Zone gilt f\u00fcr alle Nutzfahrzeuge, die am oder nach dem 1. Januar 2025 zugelassen werden. Nutzfahrzeuge, die fr\u00fcher zugelassen wurden, k\u00f6nnen je nach Emissionsklasse noch etwas l\u00e4nger in der Null-Emissions-Zone bleiben. Es wird unterschieden zwischen Nutzfahrzeugen, die leichter als 3.500 kg sind und solchen, die schwerer als 3.500 kg sind.   <\/p>\n<ul>\n<li>Nutzfahrzeuge bis zu 3.500 kg und mit der Emissionsklasse Euro 5 d\u00fcrfen noch bis zum 1. Januar 2027 in die Null-Emissions-Zone einfahren. Mit der Emissionsklasse Euro 6 ist es noch bis zum 1. Januar 2029 erlaubt. <\/li>\n<li>Nutzfahrzeuge mit einem Gewicht von mehr als 3.500 kg mit der Emissionsklasse Euro 6 und einem Erstzulassungsdatum am 1. Januar 2020 k\u00f6nnen noch bis zum 1. Januar 2030 in die Null-Emissions-Zone einfahren.<\/li>\n<\/ul>\n<h2><strong>Diese Fahrzeuge sind immer befreit<\/strong><\/h2>\n<p>Es gibt einige Fahrzeugkategorien, die immer von Umweltzonen und Null-Emissionszonen ausgenommen sind. Jene sind:<\/p>\n<ul>\n<li>Rollstuhlgerechte Fahrzeuge oder Fahrzeuge, die speziell f\u00fcr den Transport von Menschen mit Behinderungen angepasst sind. Allerdings m\u00fcssen Sie die Befreiung zun\u00e4chst bei der Gemeinde beantragen. <\/li>\n<li>Fahrzeuge, die f\u00fcr 500 \u20ac oder mehr f\u00fcr die Nutzung durch eine Person mit einer Behinderung umgebaut wurden. Auch diese Befreiung muss zun\u00e4chst bei der Gemeinde beantragt werden. <\/li>\n<li>Fahrzeuge, die 40 Jahre oder \u00e4lter sind. Dies sch\u00fctzt das fahrende Kulturerbe. Historische Fahrzeuge haben au\u00dferdem eine geringe Kilometerleistung und machen nur einen sehr kleinen Teil der Gesamtflotte aus.  <\/li>\n<\/ul>\n<h2><strong>Informieren Sie sich \u00fcber lokale Vorschriften<\/strong><\/h2>\n<p>Obwohl also Umweltzonen, einschlie\u00dflich Null-Emissionszonen, Teil der nationalen Politik sind, kann es dennoch lokale Abweichungen geben. Auch das Gebiet, das von der Umwelt- oder Null-Emissionszone abgedeckt wird, unterscheidet sich nat\u00fcrlich von Stadt zu Stadt. Daher ist es nach wie vor ratsam, sich mit den \u00f6rtlichen Vorschriften vertraut zu machen, wenn Sie eine Stadt mit einem Dieselfahrzeug, einem Nutzfahrzeug oder einem Moped oder Mofa besuchen m\u00f6chten.  <\/p>\n","protected":false},"excerpt":{"rendered":"Ab dem 1. Januar 2025 werden f\u00fcr die Umweltzonen in den Niederlanden wichtige \u00c4nderungen eingef\u00fchrt. Vor allem f\u00fcr Nutzfahrzeuge hat&hellip;","protected":false},"author":0,"featured_media":151880,"comment_status":"","ping_status":"open","sticky":false,"template":"","format":"standard","meta":{"footnotes":""},"categories":[125,207,128],"tags":[],"class_list":["post-152702","post","type-post","status-publish","format-standard","has-post-thumbnail","hentry","category-auto-nachrichten","category-firmenwagen","category-hintergrund"],"acf":[],"yoast_head":"<!-- This site is optimized with the Yoast SEO plugin v21.2 - https:\/\/yoast.com\/wordpress\/plugins\/seo\/ -->\n<title>\u00c4nderungen der Umweltzonen in den Niederlanden im Jahr 2025 - All cars news<\/title>\n<meta name=\"robots\" content=\"index, follow, max-snippet:-1, max-image-preview:large, max-video-preview:-1\" \/>\n<link rel=\"canonical\" href=\"https:\/\/all-car-news.com\/de\/aenderungen-der-umweltzonen-in-den-niederlanden-im-jahr-2025\/\" \/>\n<meta property=\"og:locale\" content=\"de_DE\" \/>\n<meta property=\"og:type\" content=\"article\" \/>\n<meta property=\"og:title\" content=\"\u00c4nderungen der Umweltzonen in den Niederlanden im Jahr 2025 - All cars news\" \/>\n<meta property=\"og:description\" content=\"Ab dem 1. Januar 2025 werden f\u00fcr die Umweltzonen in den Niederlanden wichtige \u00c4nderungen eingef\u00fchrt. Vor allem f\u00fcr Nutzfahrzeuge hat dies gro\u00dfe Auswirkungen. In diesem Artikel f\u00fchren wir die \u00c4nderungen und die aktuellen Vorschriften auf.\" \/>\n<meta property=\"og:url\" content=\"https:\/\/all-car-news.com\/de\/aenderungen-der-umweltzonen-in-den-niederlanden-im-jahr-2025\/\" \/>\n<meta property=\"og:site_name\" content=\"All cars news\" \/>\n<meta property=\"article:published_time\" content=\"2025-01-26T09:51:00+00:00\" \/>\n<meta name=\"twitter:card\" content=\"summary_large_image\" \/>\n<meta name=\"twitter:label1\" content=\"Gesch\u00e4tzte Lesezeit\" \/>\n\t<meta name=\"twitter:data1\" content=\"4\u00a0Minuten\" \/>\n<script type=\"application\/ld+json\" class=\"yoast-schema-graph\">{\"@context\":\"https:\/\/schema.org\",\"@graph\":[{\"@type\":\"Article\",\"@id\":\"https:\/\/all-car-news.com\/de\/aenderungen-der-umweltzonen-in-den-niederlanden-im-jahr-2025\/#article\",\"isPartOf\":{\"@id\":\"https:\/\/all-car-news.com\/de\/aenderungen-der-umweltzonen-in-den-niederlanden-im-jahr-2025\/\"},\"author\":{\"name\":\"\",\"@id\":\"\"},\"headline\":\"\u00c4nderungen der Umweltzonen in den Niederlanden im Jahr 2025\",\"datePublished\":\"2025-01-26T09:51:00+00:00\",\"dateModified\":\"2025-01-26T09:51:00+00:00\",\"mainEntityOfPage\":{\"@id\":\"https:\/\/all-car-news.com\/de\/aenderungen-der-umweltzonen-in-den-niederlanden-im-jahr-2025\/\"},\"wordCount\":806,\"publisher\":{\"@id\":\"https:\/\/all-car-news.com\/de\/#organization\"},\"articleSection\":[\"Auto Nachrichten\",\"Firmenwagen\",\"Hintergrund\"],\"inLanguage\":\"de\"},{\"@type\":\"WebPage\",\"@id\":\"https:\/\/all-car-news.com\/de\/aenderungen-der-umweltzonen-in-den-niederlanden-im-jahr-2025\/\",\"url\":\"https:\/\/all-car-news.com\/de\/aenderungen-der-umweltzonen-in-den-niederlanden-im-jahr-2025\/\",\"name\":\"\u00c4nderungen der Umweltzonen in den Niederlanden im Jahr 2025 - All cars news\",\"isPartOf\":{\"@id\":\"https:\/\/all-car-news.com\/de\/#website\"},\"datePublished\":\"2025-01-26T09:51:00+00:00\",\"dateModified\":\"2025-01-26T09:51:00+00:00\",\"breadcrumb\":{\"@id\":\"https:\/\/all-car-news.com\/de\/aenderungen-der-umweltzonen-in-den-niederlanden-im-jahr-2025\/#breadcrumb\"},\"inLanguage\":\"de\",\"potentialAction\":[{\"@type\":\"ReadAction\",\"target\":[\"https:\/\/all-car-news.com\/de\/aenderungen-der-umweltzonen-in-den-niederlanden-im-jahr-2025\/\"]}]},{\"@type\":\"BreadcrumbList\",\"@id\":\"https:\/\/all-car-news.com\/de\/aenderungen-der-umweltzonen-in-den-niederlanden-im-jahr-2025\/#breadcrumb\",\"itemListElement\":[{\"@type\":\"ListItem\",\"position\":1,\"name\":\"Home\",\"item\":\"https:\/\/all-car-news.com\/de\/\"},{\"@type\":\"ListItem\",\"position\":2,\"name\":\"\u00c4nderungen der Umweltzonen in den Niederlanden im Jahr 2025\"}]},{\"@type\":\"WebSite\",\"@id\":\"https:\/\/all-car-news.com\/de\/#website\",\"url\":\"https:\/\/all-car-news.com\/de\/\",\"name\":\"All cars news\",\"description\":\"\",\"publisher\":{\"@id\":\"https:\/\/all-car-news.com\/de\/#organization\"},\"potentialAction\":[{\"@type\":\"SearchAction\",\"target\":{\"@type\":\"EntryPoint\",\"urlTemplate\":\"https:\/\/all-car-news.com\/de\/?s={search_term_string}\"},\"query-input\":\"required name=search_term_string\"}],\"inLanguage\":\"de\"},{\"@type\":\"Organization\",\"@id\":\"https:\/\/all-car-news.com\/de\/#organization\",\"name\":\"All cars news\",\"url\":\"https:\/\/all-car-news.com\/de\/\",\"logo\":{\"@type\":\"ImageObject\",\"inLanguage\":\"de\",\"@id\":\"https:\/\/all-car-news.com\/de\/#\/schema\/logo\/image\/\",\"url\":\"https:\/\/all-car-news.com\/wp-content\/uploads\/2022\/02\/CMYK-AllCarNews_LANDSCAPE_300px-1.png\",\"contentUrl\":\"https:\/\/all-car-news.com\/wp-content\/uploads\/2022\/02\/CMYK-AllCarNews_LANDSCAPE_300px-1.png\",\"width\":300,\"height\":100,\"caption\":\"All cars news\"},\"image\":{\"@id\":\"https:\/\/all-car-news.com\/de\/#\/schema\/logo\/image\/\"}}]}<\/script>\n<!-- \/ Yoast SEO plugin. -->","yoast_head_json":{"title":"\u00c4nderungen der Umweltzonen in den Niederlanden im Jahr 2025 - All cars news","robots":{"index":"index","follow":"follow","max-snippet":"max-snippet:-1","max-image-preview":"max-image-preview:large","max-video-preview":"max-video-preview:-1"},"canonical":"https:\/\/all-car-news.com\/de\/aenderungen-der-umweltzonen-in-den-niederlanden-im-jahr-2025\/","og_locale":"de_DE","og_type":"article","og_title":"\u00c4nderungen der Umweltzonen in den Niederlanden im Jahr 2025 - All cars news","og_description":"Ab dem 1. Januar 2025 werden f\u00fcr die Umweltzonen in den Niederlanden wichtige \u00c4nderungen eingef\u00fchrt. Vor allem f\u00fcr Nutzfahrzeuge hat dies gro\u00dfe Auswirkungen. In diesem Artikel f\u00fchren wir die \u00c4nderungen und die aktuellen Vorschriften auf.","og_url":"https:\/\/all-car-news.com\/de\/aenderungen-der-umweltzonen-in-den-niederlanden-im-jahr-2025\/","og_site_name":"All cars news","article_published_time":"2025-01-26T09:51:00+00:00","twitter_card":"summary_large_image","twitter_misc":{"Gesch\u00e4tzte Lesezeit":"4\u00a0Minuten"},"schema":{"@context":"https:\/\/schema.org","@graph":[{"@type":"Article","@id":"https:\/\/all-car-news.com\/de\/aenderungen-der-umweltzonen-in-den-niederlanden-im-jahr-2025\/#article","isPartOf":{"@id":"https:\/\/all-car-news.com\/de\/aenderungen-der-umweltzonen-in-den-niederlanden-im-jahr-2025\/"},"author":{"name":"","@id":""},"headline":"\u00c4nderungen der Umweltzonen in den Niederlanden im Jahr 2025","datePublished":"2025-01-26T09:51:00+00:00","dateModified":"2025-01-26T09:51:00+00:00","mainEntityOfPage":{"@id":"https:\/\/all-car-news.com\/de\/aenderungen-der-umweltzonen-in-den-niederlanden-im-jahr-2025\/"},"wordCount":806,"publisher":{"@id":"https:\/\/all-car-news.com\/de\/#organization"},"articleSection":["Auto Nachrichten","Firmenwagen","Hintergrund"],"inLanguage":"de"},{"@type":"WebPage","@id":"https:\/\/all-car-news.com\/de\/aenderungen-der-umweltzonen-in-den-niederlanden-im-jahr-2025\/","url":"https:\/\/all-car-news.com\/de\/aenderungen-der-umweltzonen-in-den-niederlanden-im-jahr-2025\/","name":"\u00c4nderungen der Umweltzonen in den Niederlanden im Jahr 2025 - All cars news","isPartOf":{"@id":"https:\/\/all-car-news.com\/de\/#website"},"datePublished":"2025-01-26T09:51:00+00:00","dateModified":"2025-01-26T09:51:00+00:00","breadcrumb":{"@id":"https:\/\/all-car-news.com\/de\/aenderungen-der-umweltzonen-in-den-niederlanden-im-jahr-2025\/#breadcrumb"},"inLanguage":"de","potentialAction":[{"@type":"ReadAction","target":["https:\/\/all-car-news.com\/de\/aenderungen-der-umweltzonen-in-den-niederlanden-im-jahr-2025\/"]}]},{"@type":"BreadcrumbList","@id":"https:\/\/all-car-news.com\/de\/aenderungen-der-umweltzonen-in-den-niederlanden-im-jahr-2025\/#breadcrumb","itemListElement":[{"@type":"ListItem","position":1,"name":"Home","item":"https:\/\/all-car-news.com\/de\/"},{"@type":"ListItem","position":2,"name":"\u00c4nderungen der Umweltzonen in den Niederlanden im Jahr 2025"}]},{"@type":"WebSite","@id":"https:\/\/all-car-news.com\/de\/#website","url":"https:\/\/all-car-news.com\/de\/","name":"All cars news","description":"","publisher":{"@id":"https:\/\/all-car-news.com\/de\/#organization"},"potentialAction":[{"@type":"SearchAction","target":{"@type":"EntryPoint","urlTemplate":"https:\/\/all-car-news.com\/de\/?s={search_term_string}"},"query-input":"required name=search_term_string"}],"inLanguage":"de"},{"@type":"Organization","@id":"https:\/\/all-car-news.com\/de\/#organization","name":"All cars news","url":"https:\/\/all-car-news.com\/de\/","logo":{"@type":"ImageObject","inLanguage":"de","@id":"https:\/\/all-car-news.com\/de\/#\/schema\/logo\/image\/","url":"https:\/\/all-car-news.com\/wp-content\/uploads\/2022\/02\/CMYK-AllCarNews_LANDSCAPE_300px-1.png","contentUrl":"https:\/\/all-car-news.com\/wp-content\/uploads\/2022\/02\/CMYK-AllCarNews_LANDSCAPE_300px-1.png","width":300,"height":100,"caption":"All cars news"},"image":{"@id":"https:\/\/all-car-news.com\/de\/#\/schema\/logo\/image\/"}}]}},"_links":{"self":[{"href":"https:\/\/all-car-news.com\/de\/wp-json\/wp\/v2\/posts\/152702","targetHints":{"allow":["GET"]}}],"collection":[{"href":"https:\/\/all-car-news.com\/de\/wp-json\/wp\/v2\/posts"}],"about":[{"href":"https:\/\/all-car-news.com\/de\/wp-json\/wp\/v2\/types\/post"}],"replies":[{"embeddable":true,"href":"https:\/\/all-car-news.com\/de\/wp-json\/wp\/v2\/comments?post=152702"}],"version-history":[{"count":0,"href":"https:\/\/all-car-news.com\/de\/wp-json\/wp\/v2\/posts\/152702\/revisions"}],"wp:featuredmedia":[{"embeddable":true,"href":"https:\/\/all-car-news.com\/de\/wp-json\/wp\/v2\/media\/151880"}],"wp:attachment":[{"href":"https:\/\/all-car-news.com\/de\/wp-json\/wp\/v2\/media?parent=152702"}],"wp:term":[{"taxonomy":"category","embeddable":true,"href":"https:\/\/all-car-news.com\/de\/wp-json\/wp\/v2\/categories?post=152702"},{"taxonomy":"post_tag","embeddable":true,"href":"https:\/\/all-car-news.com\/de\/wp-json\/wp\/v2\/tags?post=152702"}],"curies":[{"name":"wp","href":"https:\/\/api.w.org\/{rel}","templated":true}]}}