{"id":152659,"date":"2025-01-13T08:03:08","date_gmt":"2025-01-13T08:03:08","guid":{"rendered":"https:\/\/all-car-news.com\/byd-atto-2-ein-elektrischer-b-segment-suv\/"},"modified":"2025-01-13T08:03:08","modified_gmt":"2025-01-13T08:03:08","slug":"byd-atto-2-ein-elektrischer-b-segment-suv","status":"publish","type":"post","link":"https:\/\/all-car-news.com\/de\/byd-atto-2-ein-elektrischer-b-segment-suv\/","title":{"rendered":"BYD ATTO 2: ein elektrischer B-Segment-SUV"},"content":{"rendered":"<h2>BYD ATTO 2 Abmessungen<\/h2>\n<p>Der BYD ATTO 2 misst 4.310 mm in der L\u00e4nge, 1.830 mm in der Breite und 1.675 mm in der H\u00f6he &#8211; damit ist er 145 mm k\u00fcrzer und 45 mm schmaler als der ATTO 3. Dank seines relativ langen Radstandes von 2.620 mm bietet er viel Platz im Innenraum. Die kurzen vorderen und hinteren \u00dcberh\u00e4nge verbessern die Man\u00f6vrierf\u00e4higkeit und unterstreichen den SUV-Charakter.  <\/p>\n<h2>Design<\/h2>\n<p>An der Vorderseite verf\u00fcgt der ATTO 2 \u00fcber vollst\u00e4ndig integrierte LED-Scheinwerfer und schlanke Tagfahrlichter. Zusammen mit dem durchgehenden LED-Band im K\u00fchlergrill entsteht ein starker optischer Auftritt. Die Seite des ATTO 2 zeigt in Wagenfarbe lackierte Akzente. Auch das &#8217;schwebende&#8216; Dach sticht hervor, akzentuiert durch ein k\u00f6rperfarbenes Element an der C-S\u00e4ule.   <\/p>\n<h2>M\u00f6biusring<\/h2>\n<p>Das Heck zeichnet sich durch einen markanten Spoiler und einen durchgehenden Lichtbalken aus, der mit R\u00fcckleuchten in Form eines &#8218;chinesischen Knotens&#8216; verbunden ist. Diese Lichtsignatur symbolisiert die Zahl 8 und einen M\u00f6biusring, der f\u00fcr endloses Gl\u00fcck steht. Der ATTO 2 wird serienm\u00e4\u00dfig in Climbing Grey geliefert, optional sind die Farben Hiking Green, Skiing White und Cosmos Black erh\u00e4ltlich.  <\/p>\n<h2>Innenausstattung BYD ATTO 2<\/h2>\n<p>Die Mittelkonsole enth\u00e4lt zwei Getr\u00e4nkehalter und eine integrierte Armlehne, die Zugang zu einem der vielen Ablagef\u00e4cher bietet. Der W\u00e4hlhebel hat eine diamantartige Oberfl\u00e4che, w\u00e4hrend die ihn umgebenden (physischen) Tasten wichtige Funktionen wie die Fensterwaschanlage, den Lautst\u00e4rkeregler des Audiosystems und den Fahrmodusschalter enthalten. <\/p>\n<figure class=\"wp-block-image size-content\"><img decoding=\"async\" loading=\"lazy\" width=\"1140\" height=\"641\" src=\"https:\/\/autorai.nl\/wp-content\/uploads\/2025\/01\/byd-atto-2-2025-onthulling-foto10-1140x641.jpg\" alt=\"BYD Atto 2\" class=\"wp-image-192219\"><\/figure>\n<h2>Gep\u00e4ckraum<\/h2>\n<p>Der Kofferraum des ATTO 2 fasst 400 Liter &#8211; mehr als viele herk\u00f6mmliche Schr\u00e4ghecklimousinen des C-Segments. Das Volumen kann durch Umklappen der R\u00fccksitze auf maximal 1.340 Liter vergr\u00f6\u00dfert werden. <\/p>\n<h2>BYD Klinge Batterie<\/h2>\n<p>Der neue ATTO 2 nutzt die e-Platform 3.0, die bei allen vollelektrischen Fahrzeugen des Unternehmens im Mittelpunkt steht. Das Auto verf\u00fcgt \u00fcber eine Blade-Batterie und verwendet zum ersten Mal in einem BYD-Kompaktwagen die Cell-to-Body (CTB) Konstruktion. Bei dieser Technik ist die Batterie vollst\u00e4ndig in das Fahrzeugchassis integriert, wobei die obere Abdeckung der Batterie als Boden f\u00fcr den Fahrgastraum dient. Die CTB-Technologie ist einzigartig bei BYD und ein Novum im Segment der kompakten SUVs. Sie maximiert den Innenraum und die Steifigkeit der Karosserie.    <\/p>\n<h2>Kein Kobalt<\/h2>\n<p>Dar\u00fcber hinaus verwendet Blade Battery Lithiumeisenphosphat (LFP) als Kathodenmaterial. LFP bietet im Vergleich zu herk\u00f6mmlichen Lithium-Ionen-Batterien ein h\u00f6heres Ma\u00df an Sicherheit und Haltbarkeit und ist dabei zu 100% frei von Kobalt und Nickel. Dar\u00fcber hinaus sind LFP-Batterien widerstandsf\u00e4higer gegen\u00fcber extremen Temperaturen, weniger empfindlich gegen\u00fcber Temperaturschwankungen und k\u00f6nnen mehr Lade- und Entladezyklen mit kaum Kapazit\u00e4tsverlust \u00fcberstehen, was sie besonders langlebig macht.  <\/p>\n<h2>Antriebsstrang BYD ATTO 2<\/h2>\n<p>Der ATTO 2 wird mit einer Auswahl von zwei Akkus angeboten. Bei der Markteinf\u00fchrung wird die Standardversion eine Kapazit\u00e4t von 45,1 kWh haben, was eine kombinierte WLTP-Reichweite von 312 Kilometern ergibt. Der Frontmotor liefert 130 kW. Einzelheiten zum gr\u00f6\u00dferen Akkupack sowie die vollst\u00e4ndigen Spezifikationen und die umfangreiche Serienausstattung werden in den kommenden Wochen bekannt gegeben, zeitgleich mit der Markteinf\u00fchrung des Modells in Europa. Die Preisgestaltung wird sp\u00e4ter folgen.    <\/p>\n<h2>B-Segment SUV<\/h2>\n<p>Stella Li, Executive Vice President von BYD: &#8222;Wir freuen uns, das Jahr 2025 mit einem weiteren Schl\u00fcsselmodell f\u00fcr unsere Pl\u00e4ne in Europa zu beginnen. Das B-Segment der SUVs ist hier unglaublich beliebt, und mit dem ATTO 2 haben wir ein leichtg\u00e4ngiges und vielseitiges Angebot, das eine breite potenzielle Kundenbasis ansprechen wird. Er vereint alle St\u00e4rken von BYD bei Batterien, Elektromotoren und Cell-to-Body-Technologie in einem kompakten Paket, das neue intelligente Technologien in die Klasse der urbanen SUVs bringt.&#8220;<\/p>\n<div class=\"galery galery-0\">\n<figure>\n\t\t\t\t\t<span style=\"cursor: pointer\" data-src=\"https:\/\/autorai.nl\/wp-content\/uploads\/2025\/01\/byd-atto-2-2025-onthulling-foto10-1600x900.jpg\" data-fancybox=\"galery-0\" title=\"\"><br \/>\n\t\t\t\t\t\t\t<img decoding=\"async\" width=\"360\" height=\"270\" src=\"https:\/\/autorai.nl\/wp-content\/uploads\/2025\/01\/byd-atto-2-2025-onthulling-foto10-360x270.jpg\" class=\"attachment-small size-small\" alt=\"BYD Atto 2\" loading=\"lazy\"><i class=\"fa fa-search-plus\" aria-hidden=\"true\"><\/i><br \/>\n\t\t\t\t\t\t<\/span><br \/>\n\t\t\t\t\t<\/figure>\n<figure>\n\t\t\t\t\t<span style=\"cursor: pointer\" data-src=\"https:\/\/autorai.nl\/wp-content\/uploads\/2025\/01\/byd-atto-2-2025-onthulling-foto9-1600x966.jpg\" data-fancybox=\"galery-0\" title=\"\"><br \/>\n\t\t\t\t\t\t\t<img decoding=\"async\" width=\"360\" height=\"270\" src=\"https:\/\/autorai.nl\/wp-content\/uploads\/2025\/01\/byd-atto-2-2025-onthulling-foto9-360x270.jpg\" class=\"attachment-small size-small\" alt=\"\" loading=\"lazy\"><i class=\"fa fa-search-plus\" aria-hidden=\"true\"><\/i><br \/>\n\t\t\t\t\t\t<\/span><br \/>\n\t\t\t\t\t<\/figure>\n<figure>\n\t\t\t\t\t<span style=\"cursor: pointer\" data-src=\"https:\/\/autorai.nl\/wp-content\/uploads\/2025\/01\/byd-atto-2-2025-onthulling-foto8-1600x900.jpg\" data-fancybox=\"galery-0\" title=\"\"><br \/>\n\t\t\t\t\t\t\t<img decoding=\"async\" width=\"360\" height=\"270\" src=\"https:\/\/autorai.nl\/wp-content\/uploads\/2025\/01\/byd-atto-2-2025-onthulling-foto8-360x270.jpg\" class=\"attachment-small size-small\" alt=\"\" loading=\"lazy\"><i class=\"fa fa-search-plus\" aria-hidden=\"true\"><\/i><br \/>\n\t\t\t\t\t\t<\/span><br \/>\n\t\t\t\t\t<\/figure>\n<figure>\n\t\t\t\t\t<span style=\"cursor: pointer\" data-src=\"https:\/\/autorai.nl\/wp-content\/uploads\/2025\/01\/byd-atto-2-2025-onthulling-foto7-1600x1059.jpg\" data-fancybox=\"galery-0\" title=\"\"><br \/>\n\t\t\t\t\t\t\t<img decoding=\"async\" width=\"360\" height=\"270\" src=\"https:\/\/autorai.nl\/wp-content\/uploads\/2025\/01\/byd-atto-2-2025-onthulling-foto7-360x270.jpg\" class=\"attachment-small size-small\" alt=\"\" loading=\"lazy\"><i class=\"fa fa-search-plus\" aria-hidden=\"true\"><\/i><br \/>\n\t\t\t\t\t\t<\/span><br \/>\n\t\t\t\t\t<\/figure>\n<figure>\n\t\t\t\t\t<span style=\"cursor: pointer\" data-src=\"https:\/\/autorai.nl\/wp-content\/uploads\/2025\/01\/byd-atto-2-2025-onthulling-foto6-1600x1067.jpg\" data-fancybox=\"galery-0\" title=\"\"><br \/>\n\t\t\t\t\t\t\t<img decoding=\"async\" width=\"360\" height=\"270\" src=\"https:\/\/autorai.nl\/wp-content\/uploads\/2025\/01\/byd-atto-2-2025-onthulling-foto6-360x270.jpg\" class=\"attachment-small size-small\" alt=\"\" loading=\"lazy\"><i class=\"fa fa-search-plus\" aria-hidden=\"true\"><\/i><br \/>\n\t\t\t\t\t\t<\/span><br \/>\n\t\t\t\t\t<\/figure>\n<figure>\n\t\t\t\t\t<span style=\"cursor: pointer\" data-src=\"https:\/\/autorai.nl\/wp-content\/uploads\/2025\/01\/byd-atto-2-2025-onthulling-foto5-1600x944.jpg\" data-fancybox=\"galery-0\" title=\"\"><br \/>\n\t\t\t\t\t\t\t<img decoding=\"async\" width=\"360\" height=\"270\" src=\"https:\/\/autorai.nl\/wp-content\/uploads\/2025\/01\/byd-atto-2-2025-onthulling-foto5-360x270.jpg\" class=\"attachment-small size-small\" alt=\"\" loading=\"lazy\"><i class=\"fa fa-search-plus\" aria-hidden=\"true\"><\/i><br \/>\n\t\t\t\t\t\t<\/span><br \/>\n\t\t\t\t\t<\/figure>\n<figure>\n\t\t\t\t\t<span style=\"cursor: pointer\" data-src=\"https:\/\/autorai.nl\/wp-content\/uploads\/2025\/01\/byd-atto-2-2025-onthulling-foto4-1600x895.jpg\" data-fancybox=\"galery-0\" title=\"\"><br \/>\n\t\t\t\t\t\t\t<img decoding=\"async\" width=\"360\" height=\"270\" src=\"https:\/\/autorai.nl\/wp-content\/uploads\/2025\/01\/byd-atto-2-2025-onthulling-foto4-360x270.jpg\" class=\"attachment-small size-small\" alt=\"\" loading=\"lazy\"><i class=\"fa fa-search-plus\" aria-hidden=\"true\"><\/i><br \/>\n\t\t\t\t\t\t<\/span><br \/>\n\t\t\t\t\t<\/figure>\n<figure>\n\t\t\t\t\t<span style=\"cursor: pointer\" data-src=\"https:\/\/autorai.nl\/wp-content\/uploads\/2025\/01\/byd-atto-2-2025-onthulling-foto3-1600x940.jpg\" data-fancybox=\"galery-0\" title=\"\"><br \/>\n\t\t\t\t\t\t\t<img decoding=\"async\" width=\"360\" height=\"270\" src=\"https:\/\/autorai.nl\/wp-content\/uploads\/2025\/01\/byd-atto-2-2025-onthulling-foto3-360x270.jpg\" class=\"attachment-small size-small\" alt=\"\" loading=\"lazy\"><i class=\"fa fa-search-plus\" aria-hidden=\"true\"><\/i><br \/>\n\t\t\t\t\t\t<\/span><br \/>\n\t\t\t\t\t<\/figure>\n<figure>\n\t\t\t\t\t<span style=\"cursor: pointer\" data-src=\"https:\/\/autorai.nl\/wp-content\/uploads\/2025\/01\/byd-atto-2-2025-onthulling-foto2-1600x900.jpg\" data-fancybox=\"galery-0\" title=\"\"><br \/>\n\t\t\t\t\t\t\t<img decoding=\"async\" width=\"360\" height=\"270\" src=\"https:\/\/autorai.nl\/wp-content\/uploads\/2025\/01\/byd-atto-2-2025-onthulling-foto2-360x270.jpg\" class=\"attachment-small size-small\" alt=\"BYD Atto 2\" loading=\"lazy\"><i class=\"fa fa-search-plus\" aria-hidden=\"true\"><\/i><br \/>\n\t\t\t\t\t\t<\/span><br \/>\n\t\t\t\t\t<\/figure>\n<figure>\n\t\t\t\t\t<span style=\"cursor: pointer\" data-src=\"https:\/\/autorai.nl\/wp-content\/uploads\/2025\/01\/byd-atto-2-2025-onthulling-foto1-1600x900.jpg\" data-fancybox=\"galery-0\" title=\"\"><br \/>\n\t\t\t\t\t\t\t<img decoding=\"async\" width=\"360\" height=\"270\" src=\"https:\/\/autorai.nl\/wp-content\/uploads\/2025\/01\/byd-atto-2-2025-onthulling-foto1-360x270.jpg\" class=\"attachment-small size-small\" alt=\"\" loading=\"lazy\"><i class=\"fa fa-search-plus\" aria-hidden=\"true\"><\/i><br \/>\n\t\t\t\t\t\t<\/span><br \/>\n\t\t\t\t\t<\/figure>\n<div class=\"clear\"><\/div>\n<\/div>\n","protected":false},"excerpt":{"rendered":"Abmessungen BYD ATTO 2 Der BYD ATTO 2 misst 4.310 mm in der L\u00e4nge, 1.830 mm in der Breite und&hellip;","protected":false},"author":0,"featured_media":151387,"comment_status":"","ping_status":"open","sticky":false,"template":"","format":"standard","meta":{"footnotes":""},"categories":[125],"tags":[],"class_list":["post-152659","post","type-post","status-publish","format-standard","has-post-thumbnail","hentry","category-auto-nachrichten"],"acf":[],"yoast_head":"<!-- This site is optimized with the Yoast SEO plugin v21.2 - https:\/\/yoast.com\/wordpress\/plugins\/seo\/ -->\n<title>BYD ATTO 2: ein elektrischer B-Segment-SUV - All cars news<\/title>\n<meta name=\"robots\" content=\"index, follow, max-snippet:-1, max-image-preview:large, max-video-preview:-1\" \/>\n<link rel=\"canonical\" href=\"https:\/\/all-car-news.com\/de\/byd-atto-2-ein-elektrischer-b-segment-suv\/\" \/>\n<meta property=\"og:locale\" content=\"de_DE\" \/>\n<meta property=\"og:type\" content=\"article\" \/>\n<meta property=\"og:title\" content=\"BYD ATTO 2: ein elektrischer B-Segment-SUV - All cars news\" \/>\n<meta property=\"og:description\" content=\"Abmessungen BYD ATTO 2 Der BYD ATTO 2 misst 4.310 mm in der L\u00e4nge, 1.830 mm in der Breite und 1.675 mm in der H\u00f6he - damit ist er 145 mm k\u00fcrzer und 45 mm schmaler als der ATTO 3. Dank seines relativ langen Radstandes von 2.620 mm bietet er viel Platz im Innenraum. Die kurzen vorderen und hinteren \u00dcberh\u00e4nge [...]\" \/>\n<meta property=\"og:url\" content=\"https:\/\/all-car-news.com\/de\/byd-atto-2-ein-elektrischer-b-segment-suv\/\" \/>\n<meta property=\"og:site_name\" content=\"All cars news\" \/>\n<meta property=\"article:published_time\" content=\"2025-01-13T08:03:08+00:00\" \/>\n<meta property=\"og:image\" content=\"https:\/\/autorai.nl\/wp-content\/uploads\/2025\/01\/byd-atto-2-2025-onthulling-foto10-1140x641.jpg\" \/>\n<meta name=\"twitter:card\" content=\"summary_large_image\" \/>\n<meta name=\"twitter:label1\" content=\"Gesch\u00e4tzte Lesezeit\" \/>\n\t<meta name=\"twitter:data1\" content=\"3\u00a0Minuten\" \/>\n<script type=\"application\/ld+json\" class=\"yoast-schema-graph\">{\"@context\":\"https:\/\/schema.org\",\"@graph\":[{\"@type\":\"Article\",\"@id\":\"https:\/\/all-car-news.com\/de\/byd-atto-2-ein-elektrischer-b-segment-suv\/#article\",\"isPartOf\":{\"@id\":\"https:\/\/all-car-news.com\/de\/byd-atto-2-ein-elektrischer-b-segment-suv\/\"},\"author\":{\"name\":\"\",\"@id\":\"\"},\"headline\":\"BYD ATTO 2: ein elektrischer B-Segment-SUV\",\"datePublished\":\"2025-01-13T08:03:08+00:00\",\"dateModified\":\"2025-01-13T08:03:08+00:00\",\"mainEntityOfPage\":{\"@id\":\"https:\/\/all-car-news.com\/de\/byd-atto-2-ein-elektrischer-b-segment-suv\/\"},\"wordCount\":582,\"publisher\":{\"@id\":\"https:\/\/all-car-news.com\/de\/#organization\"},\"articleSection\":[\"Auto Nachrichten\"],\"inLanguage\":\"de\"},{\"@type\":\"WebPage\",\"@id\":\"https:\/\/all-car-news.com\/de\/byd-atto-2-ein-elektrischer-b-segment-suv\/\",\"url\":\"https:\/\/all-car-news.com\/de\/byd-atto-2-ein-elektrischer-b-segment-suv\/\",\"name\":\"BYD ATTO 2: ein elektrischer B-Segment-SUV - All cars news\",\"isPartOf\":{\"@id\":\"https:\/\/all-car-news.com\/de\/#website\"},\"datePublished\":\"2025-01-13T08:03:08+00:00\",\"dateModified\":\"2025-01-13T08:03:08+00:00\",\"breadcrumb\":{\"@id\":\"https:\/\/all-car-news.com\/de\/byd-atto-2-ein-elektrischer-b-segment-suv\/#breadcrumb\"},\"inLanguage\":\"de\",\"potentialAction\":[{\"@type\":\"ReadAction\",\"target\":[\"https:\/\/all-car-news.com\/de\/byd-atto-2-ein-elektrischer-b-segment-suv\/\"]}]},{\"@type\":\"BreadcrumbList\",\"@id\":\"https:\/\/all-car-news.com\/de\/byd-atto-2-ein-elektrischer-b-segment-suv\/#breadcrumb\",\"itemListElement\":[{\"@type\":\"ListItem\",\"position\":1,\"name\":\"Home\",\"item\":\"https:\/\/all-car-news.com\/de\/\"},{\"@type\":\"ListItem\",\"position\":2,\"name\":\"BYD ATTO 2: ein elektrischer B-Segment-SUV\"}]},{\"@type\":\"WebSite\",\"@id\":\"https:\/\/all-car-news.com\/de\/#website\",\"url\":\"https:\/\/all-car-news.com\/de\/\",\"name\":\"All cars news\",\"description\":\"\",\"publisher\":{\"@id\":\"https:\/\/all-car-news.com\/de\/#organization\"},\"potentialAction\":[{\"@type\":\"SearchAction\",\"target\":{\"@type\":\"EntryPoint\",\"urlTemplate\":\"https:\/\/all-car-news.com\/de\/?s={search_term_string}\"},\"query-input\":\"required name=search_term_string\"}],\"inLanguage\":\"de\"},{\"@type\":\"Organization\",\"@id\":\"https:\/\/all-car-news.com\/de\/#organization\",\"name\":\"All cars news\",\"url\":\"https:\/\/all-car-news.com\/de\/\",\"logo\":{\"@type\":\"ImageObject\",\"inLanguage\":\"de\",\"@id\":\"https:\/\/all-car-news.com\/de\/#\/schema\/logo\/image\/\",\"url\":\"https:\/\/all-car-news.com\/wp-content\/uploads\/2022\/02\/CMYK-AllCarNews_LANDSCAPE_300px-1.png\",\"contentUrl\":\"https:\/\/all-car-news.com\/wp-content\/uploads\/2022\/02\/CMYK-AllCarNews_LANDSCAPE_300px-1.png\",\"width\":300,\"height\":100,\"caption\":\"All cars news\"},\"image\":{\"@id\":\"https:\/\/all-car-news.com\/de\/#\/schema\/logo\/image\/\"}}]}<\/script>\n<!-- \/ Yoast SEO plugin. -->","yoast_head_json":{"title":"BYD ATTO 2: ein elektrischer B-Segment-SUV - All cars news","robots":{"index":"index","follow":"follow","max-snippet":"max-snippet:-1","max-image-preview":"max-image-preview:large","max-video-preview":"max-video-preview:-1"},"canonical":"https:\/\/all-car-news.com\/de\/byd-atto-2-ein-elektrischer-b-segment-suv\/","og_locale":"de_DE","og_type":"article","og_title":"BYD ATTO 2: ein elektrischer B-Segment-SUV - All cars news","og_description":"Abmessungen BYD ATTO 2 Der BYD ATTO 2 misst 4.310 mm in der L\u00e4nge, 1.830 mm in der Breite und 1.675 mm in der H\u00f6he - damit ist er 145 mm k\u00fcrzer und 45 mm schmaler als der ATTO 3. Dank seines relativ langen Radstandes von 2.620 mm bietet er viel Platz im Innenraum. Die kurzen vorderen und hinteren \u00dcberh\u00e4nge [...]","og_url":"https:\/\/all-car-news.com\/de\/byd-atto-2-ein-elektrischer-b-segment-suv\/","og_site_name":"All cars news","article_published_time":"2025-01-13T08:03:08+00:00","og_image":[{"url":"https:\/\/autorai.nl\/wp-content\/uploads\/2025\/01\/byd-atto-2-2025-onthulling-foto10-1140x641.jpg"}],"twitter_card":"summary_large_image","twitter_misc":{"Gesch\u00e4tzte Lesezeit":"3\u00a0Minuten"},"schema":{"@context":"https:\/\/schema.org","@graph":[{"@type":"Article","@id":"https:\/\/all-car-news.com\/de\/byd-atto-2-ein-elektrischer-b-segment-suv\/#article","isPartOf":{"@id":"https:\/\/all-car-news.com\/de\/byd-atto-2-ein-elektrischer-b-segment-suv\/"},"author":{"name":"","@id":""},"headline":"BYD ATTO 2: ein elektrischer B-Segment-SUV","datePublished":"2025-01-13T08:03:08+00:00","dateModified":"2025-01-13T08:03:08+00:00","mainEntityOfPage":{"@id":"https:\/\/all-car-news.com\/de\/byd-atto-2-ein-elektrischer-b-segment-suv\/"},"wordCount":582,"publisher":{"@id":"https:\/\/all-car-news.com\/de\/#organization"},"articleSection":["Auto Nachrichten"],"inLanguage":"de"},{"@type":"WebPage","@id":"https:\/\/all-car-news.com\/de\/byd-atto-2-ein-elektrischer-b-segment-suv\/","url":"https:\/\/all-car-news.com\/de\/byd-atto-2-ein-elektrischer-b-segment-suv\/","name":"BYD ATTO 2: ein elektrischer B-Segment-SUV - All cars news","isPartOf":{"@id":"https:\/\/all-car-news.com\/de\/#website"},"datePublished":"2025-01-13T08:03:08+00:00","dateModified":"2025-01-13T08:03:08+00:00","breadcrumb":{"@id":"https:\/\/all-car-news.com\/de\/byd-atto-2-ein-elektrischer-b-segment-suv\/#breadcrumb"},"inLanguage":"de","potentialAction":[{"@type":"ReadAction","target":["https:\/\/all-car-news.com\/de\/byd-atto-2-ein-elektrischer-b-segment-suv\/"]}]},{"@type":"BreadcrumbList","@id":"https:\/\/all-car-news.com\/de\/byd-atto-2-ein-elektrischer-b-segment-suv\/#breadcrumb","itemListElement":[{"@type":"ListItem","position":1,"name":"Home","item":"https:\/\/all-car-news.com\/de\/"},{"@type":"ListItem","position":2,"name":"BYD ATTO 2: ein elektrischer B-Segment-SUV"}]},{"@type":"WebSite","@id":"https:\/\/all-car-news.com\/de\/#website","url":"https:\/\/all-car-news.com\/de\/","name":"All cars news","description":"","publisher":{"@id":"https:\/\/all-car-news.com\/de\/#organization"},"potentialAction":[{"@type":"SearchAction","target":{"@type":"EntryPoint","urlTemplate":"https:\/\/all-car-news.com\/de\/?s={search_term_string}"},"query-input":"required name=search_term_string"}],"inLanguage":"de"},{"@type":"Organization","@id":"https:\/\/all-car-news.com\/de\/#organization","name":"All cars news","url":"https:\/\/all-car-news.com\/de\/","logo":{"@type":"ImageObject","inLanguage":"de","@id":"https:\/\/all-car-news.com\/de\/#\/schema\/logo\/image\/","url":"https:\/\/all-car-news.com\/wp-content\/uploads\/2022\/02\/CMYK-AllCarNews_LANDSCAPE_300px-1.png","contentUrl":"https:\/\/all-car-news.com\/wp-content\/uploads\/2022\/02\/CMYK-AllCarNews_LANDSCAPE_300px-1.png","width":300,"height":100,"caption":"All cars news"},"image":{"@id":"https:\/\/all-car-news.com\/de\/#\/schema\/logo\/image\/"}}]}},"_links":{"self":[{"href":"https:\/\/all-car-news.com\/de\/wp-json\/wp\/v2\/posts\/152659","targetHints":{"allow":["GET"]}}],"collection":[{"href":"https:\/\/all-car-news.com\/de\/wp-json\/wp\/v2\/posts"}],"about":[{"href":"https:\/\/all-car-news.com\/de\/wp-json\/wp\/v2\/types\/post"}],"replies":[{"embeddable":true,"href":"https:\/\/all-car-news.com\/de\/wp-json\/wp\/v2\/comments?post=152659"}],"version-history":[{"count":0,"href":"https:\/\/all-car-news.com\/de\/wp-json\/wp\/v2\/posts\/152659\/revisions"}],"wp:featuredmedia":[{"embeddable":true,"href":"https:\/\/all-car-news.com\/de\/wp-json\/wp\/v2\/media\/151387"}],"wp:attachment":[{"href":"https:\/\/all-car-news.com\/de\/wp-json\/wp\/v2\/media?parent=152659"}],"wp:term":[{"taxonomy":"category","embeddable":true,"href":"https:\/\/all-car-news.com\/de\/wp-json\/wp\/v2\/categories?post=152659"},{"taxonomy":"post_tag","embeddable":true,"href":"https:\/\/all-car-news.com\/de\/wp-json\/wp\/v2\/tags?post=152659"}],"curies":[{"name":"wp","href":"https:\/\/api.w.org\/{rel}","templated":true}]}}