{"id":152600,"date":"2024-12-31T09:57:22","date_gmt":"2024-12-31T09:57:22","guid":{"rendered":"https:\/\/all-car-news.com\/in-memoriam-osamu-suzuki-1930-2024\/"},"modified":"2024-12-31T09:57:22","modified_gmt":"2024-12-31T09:57:22","slug":"in-memoriam-osamu-suzuki-1930-2024","status":"publish","type":"post","link":"https:\/\/all-car-news.com\/de\/in-memoriam-osamu-suzuki-1930-2024\/","title":{"rendered":"In memoriam: Osamu Suzuki (1930-2024)"},"content":{"rendered":"<h2>Osamu Suzuki: ein bescheidener Mann<\/h2>\n<p>Osamu Suzuki war eine der einflussreichsten Pers\u00f6nlichkeiten der japanischen Autoindustrie. Er starb am 25. Dezember 2024 an den Folgen eines malignen Lymphoms, einer Form von Krebs. Er erreichte ein respektables Alter von 94 Jahren. Suzukis Leben und Werk wird als eine \u00c4ra der Innovation, des Engagements und der unersch\u00fctterlichen Vision in Erinnerung bleiben, die die Suzuki Motor Corporation zu globalen H\u00f6hen f\u00fchrte.   <\/p>\n<h2>Bescheidene Anf\u00e4nge<\/h2>\n<p>Osamu Suzuki wurde am 30. Januar 1930 in Gero City in der Pr\u00e4fektur Gifu in Japan geboren. Nachdem er 1953 sein Jurastudium an der Chuo Universit\u00e4t abgeschlossen hatte, entschied er sich f\u00fcr eine Karriere in der Industrie. Im Jahr 1958 trat er in die Firma Suzuki Motor ein, damals ein relativ kleines Familienunternehmen, das sich haupts\u00e4chlich auf Motorr\u00e4der und Kleinfahrzeuge konzentrierte.  <\/p>\n<h2>Ein Leben im Dienste des Wachstums<\/h2>\n<p>Sein Aufstieg innerhalb des Unternehmens war bemerkenswert. Nach seiner Ernennung zum Managing Director im Jahr 1963 folgten immer h\u00f6here Positionen: Managing Director im Jahr 1967, Senior Managing Director im Jahr 1973 und schlie\u00dflich Pr\u00e4sident im Jahr 1978. Unter seiner F\u00fchrung entwickelte sich die Suzuki Motor Corporation zu einem Global Player, der f\u00fcr seine zuverl\u00e4ssigen und erschwinglichen Fahrzeuge bekannt war.  <\/p>\n<p>Im Jahr 1990, dem Jahr, in dem das Unternehmen offiziell in Suzuki Motor Corporation umbenannt wurde, stand Osamu Suzuki bereits an der Spitze der internationalen Automobilbranche. Er leitete das Unternehmen weiterhin als Vorsitzender und Pr\u00e4sident, bis er 2021 die Rolle des Senior Advisors \u00fcbernahm. <\/p>\n<h2>Einen Beitrag f\u00fcr die Welt leisten<\/h2>\n<p>Suzukis Einfluss reichte \u00fcber die Wirtschaft hinaus. Er wurde f\u00fcr seine F\u00e4higkeit gelobt, Br\u00fccken zwischen Kulturen und M\u00e4rkten zu bauen. Seine Beitr\u00e4ge wurden mit zahlreichen Auszeichnungen gew\u00fcrdigt, darunter die Sitara-e-Pakistan (1985), der Padma Bhushan in Indien (2007) und mehrere hohe Ehrungen aus Ungarn und Japan. Seine Aufnahme in die Japan Automobile Hall of Fame im Jahr 2002 war eine angemessene Anerkennung seiner Rolle in der Geschichte der Automobilindustrie.   <\/p>\n<blockquote class=\"wp-block-quote\">\n<p><strong>&#8222;Unter seiner F\u00fchrung hat sich die Suzuki Motor Corporation zu einem Global Player entwickelt&#8220;.<\/strong><\/p>\n<\/blockquote>\n<h2>Ein pers\u00f6nliches Verm\u00e4chtnis<\/h2>\n<p>Das Verm\u00e4chtnis von Osamu Suzuki spiegelt sich nicht nur in dem beeindruckenden Wachstum der Suzuki Motor Corporation wider, sondern auch in seinen Werten. Er war bekannt f\u00fcr seine Bescheidenheit und sein Engagement f\u00fcr Familie und Gemeinschaft. Dies spiegelt sich auch in seinem Wunsch nach einem zur\u00fcckhaltenden Abschied wider: Die Trauerfeier fand im privaten Rahmen statt und die Familie bittet darum, keine Blumen, Kondolenzanrufe oder andere Gesten der Anteilnahme zu schicken.  <\/p>\n<p>Sein \u00e4ltester Sohn, Toshihiro Suzuki, bleibt in dem Unternehmen t\u00e4tig, das seinen Vater gro\u00df gemacht hat. Die Suzuki Motor Corporation plant, zu einem sp\u00e4teren Zeitpunkt seines Lebens und seiner Verdienste zu gedenken und Kollegen, Freunden und der internationalen Gemeinschaft die Gelegenheit zu geben, sich von einem gro\u00dfen Mann zu verabschieden. <\/p>\n<h2>Ein unausl\u00f6schlicher Stempel<\/h2>\n<p>In seiner mehr als sechs Jahrzehnte w\u00e4hrenden Karriere hat Osamu Suzuki einen unausl\u00f6schlichen Eindruck in der Automobilindustrie hinterlassen. Seine Vision von Innovation und Zug\u00e4nglichkeit hat Millionen von Menschen auf der ganzen Welt Zugang zu Mobilit\u00e4t verschafft. Sein Name wird immer ein Synonym f\u00fcr Entschlossenheit, F\u00fchrungsst\u00e4rke und den Geist des Fortschritts sein.  <\/p>\n<h2>Die Ruhmeshalle des Motorsports<\/h2>\n<p>Osamu Suzuki ist einer von nur 39 hochgelobten Pers\u00f6nlichkeiten aus der ganzen Welt, die seit 2010 in die Motoring Hall of Fame (The MHOF) aufgenommen wurden. &#8222;Osamu Suzuki ist zweifellos einer der verdienstvollsten Pers\u00f6nlichkeiten, die wir je aufgenommen haben&#8220;, sagte die internationale Jury der Motoring Hall of Fame bei seiner Aufnahme im Dezember 2023. &#8222;Seine j\u00fcngste Rolle als &#8218;Vater des MHOF-Hauses&#8216; ist das i-T\u00fcpfelchen f\u00fcr ihn &#8211; und f\u00fcr uns.&#8220;  <\/p>\n<p>&#8222;Wir sprechen hier von einer gro\u00dfen und sehr w\u00fcrdigen F\u00fchrungspers\u00f6nlichkeit in der Automobilindustrie, die fast ein halbes Jahrhundert lang erfolgreich als CEO des globalen Suzuki-Imperiums t\u00e4tig war. Eine solche Erfolgsbilanz ist an der Spitze des harten Wettbewerbs in der globalen Autoindustrie beispiellos. Indem er die Bedeutung der Entwicklung und des Baus kleiner, glaubw\u00fcrdiger, erschwinglicher, aber qualitativ hochwertiger zwei- und vierradgetriebener Autos f\u00fcr Kunden auf der ganzen Welt erkannte und daran festhielt, zeigte dieser weise &#8218;Hall of Famer&#8216; eine Vision, die vielen Chefs konkurrierender Unternehmen fehlte.&#8220;<\/p>\n<\/p>\n<h2>Osamu Suzukis Karriere<\/h2>\n<\/p>\n<figure class=\"wp-block-table\">\n<table>\n<tbody>\n<tr>\n<td><strong>Karriere  <\/strong><\/td>\n<td>&nbsp;<\/td>\n<\/tr>\n<tr>\n<td>Apr. 1958<\/td>\n<td>Anstellung bei Suzuki Motor Co., Ltd.<\/td>\n<\/tr>\n<tr>\n<td>Nov. 1963 &nbsp;&nbsp;<\/td>\n<td>Ernennung zum Direktor<\/td>\n<\/tr>\n<tr>\n<td>Dez. 1967 &nbsp;<\/td>\n<td>Ernennung zum Director und Managing Director  <\/td>\n<\/tr>\n<tr>\n<td>Nov 1973 <\/td>\n<td>Ernennung zum Director und Senior Managing Director<\/td>\n<\/tr>\n<tr>\n<td>Juni 1978&nbsp;<\/td>\n<td>Ernennung zum Direktor und Pr\u00e4sidenten <\/td>\n<\/tr>\n<tr>\n<td>Okt. 1990 &nbsp;<\/td>\n<td>\u00c4nderung des Firmennamens in Suzuki Motor Corporation<\/td>\n<\/tr>\n<tr>\n<td>Juni 2000<\/td>\n<td>Ernennung zum Direktor und Vorsitzenden<\/td>\n<\/tr>\n<tr>\n<td>Dez. 2008 <\/td>\n<td>Ernennung zum Direktor, Vorsitzenden und Pr\u00e4sidenten<\/td>\n<\/tr>\n<tr>\n<td>Juni 2015<\/td>\n<td>Ernennung zum Direktor und Vorsitzenden<\/td>\n<\/tr>\n<tr>\n<td>Juni 2021<\/td>\n<td>Ernennung zum Senior Advisor<\/td>\n<\/tr>\n<tr>\n<td><strong>Auszeichnungen<\/strong><\/td>\n<td>&nbsp;<\/td>\n<\/tr>\n<tr>\n<td>M\u00e4rz 1985<\/td>\n<td>Sitara-e-Pakistan Auszeichnung, Pakistan&nbsp;<\/td>\n<\/tr>\n<tr>\n<td>Nov. 1987 <\/td>\n<td>Medaille mit blauem Band, Japan<\/td>\n<\/tr>\n<tr>\n<td>Mai 1993<\/td>\n<td>Kommandeurskreuz des Ungarischen Verdienstordens, Ungarn<\/td>\n<\/tr>\n<tr>\n<td>Mai 2000<\/td>\n<td>&nbsp;Der Orden der aufgehenden Sonne, Gold- und Silberstern, Japan<\/td>\n<\/tr>\n<tr>\n<td>Nov. 2002 <\/td>\n<td>Aufnahme in die Ruhmeshalle der Japan Automobile Hall of Fame<\/td>\n<\/tr>\n<tr>\n<td>Mai 2004<\/td>\n<td>Kommandeurskreuz mit Stern des Ungarischen Verdienstordens, Ungarn<\/td>\n<\/tr>\n<tr>\n<td>M\u00e4r. 2007 <\/td>\n<td>Padma Bhushan, Indien<\/td>\n<\/tr>\n<tr>\n<td>M\u00e4r. 2020 <\/td>\n<td>&nbsp;Gro\u00dfkreuz des Ungarischen Verdienstordens, Ungarn<\/td>\n<\/tr>\n<\/tbody>\n<\/table>\n<\/figure>\n","protected":false},"excerpt":{"rendered":"Osamu Suzuki: ein bescheidener Mann Osamu Suzuki war eine der einflussreichsten Pers\u00f6nlichkeiten der japanischen Autoindustrie. Er starb am 25. Dezember&hellip;","protected":false},"author":0,"featured_media":151117,"comment_status":"","ping_status":"open","sticky":false,"template":"","format":"standard","meta":{"footnotes":""},"categories":[125],"tags":[],"class_list":["post-152600","post","type-post","status-publish","format-standard","has-post-thumbnail","hentry","category-auto-nachrichten"],"acf":[],"yoast_head":"<!-- This site is optimized with the Yoast SEO plugin v21.2 - https:\/\/yoast.com\/wordpress\/plugins\/seo\/ -->\n<title>In memoriam: Osamu Suzuki (1930-2024) - All cars news<\/title>\n<meta name=\"robots\" content=\"index, follow, max-snippet:-1, max-image-preview:large, max-video-preview:-1\" \/>\n<link rel=\"canonical\" href=\"https:\/\/all-car-news.com\/de\/in-memoriam-osamu-suzuki-1930-2024\/\" \/>\n<meta property=\"og:locale\" content=\"de_DE\" \/>\n<meta property=\"og:type\" content=\"article\" \/>\n<meta property=\"og:title\" content=\"In memoriam: Osamu Suzuki (1930-2024) - All cars news\" \/>\n<meta property=\"og:description\" content=\"Osamu Suzuki: ein bescheidener Mann Osamu Suzuki war eine der einflussreichsten Pers\u00f6nlichkeiten der japanischen Autoindustrie. Er starb am 25. Dezember 2024 an den Folgen eines malignen Lymphoms, einer Form von Krebs. Er erreichte ein respektables Alter von 94 Jahren. Suzukis Leben und Werk werden als eine \u00c4ra der Innovation in Erinnerung bleiben, [...]\" \/>\n<meta property=\"og:url\" content=\"https:\/\/all-car-news.com\/de\/in-memoriam-osamu-suzuki-1930-2024\/\" \/>\n<meta property=\"og:site_name\" content=\"All cars news\" \/>\n<meta property=\"article:published_time\" content=\"2024-12-31T09:57:22+00:00\" \/>\n<meta name=\"twitter:card\" content=\"summary_large_image\" \/>\n<meta name=\"twitter:label1\" content=\"Gesch\u00e4tzte Lesezeit\" \/>\n\t<meta name=\"twitter:data1\" content=\"4\u00a0Minuten\" \/>\n<script type=\"application\/ld+json\" class=\"yoast-schema-graph\">{\"@context\":\"https:\/\/schema.org\",\"@graph\":[{\"@type\":\"Article\",\"@id\":\"https:\/\/all-car-news.com\/de\/in-memoriam-osamu-suzuki-1930-2024\/#article\",\"isPartOf\":{\"@id\":\"https:\/\/all-car-news.com\/de\/in-memoriam-osamu-suzuki-1930-2024\/\"},\"author\":{\"name\":\"\",\"@id\":\"\"},\"headline\":\"In memoriam: Osamu Suzuki (1930-2024)\",\"datePublished\":\"2024-12-31T09:57:22+00:00\",\"dateModified\":\"2024-12-31T09:57:22+00:00\",\"mainEntityOfPage\":{\"@id\":\"https:\/\/all-car-news.com\/de\/in-memoriam-osamu-suzuki-1930-2024\/\"},\"wordCount\":844,\"publisher\":{\"@id\":\"https:\/\/all-car-news.com\/de\/#organization\"},\"articleSection\":[\"Auto Nachrichten\"],\"inLanguage\":\"de\"},{\"@type\":\"WebPage\",\"@id\":\"https:\/\/all-car-news.com\/de\/in-memoriam-osamu-suzuki-1930-2024\/\",\"url\":\"https:\/\/all-car-news.com\/de\/in-memoriam-osamu-suzuki-1930-2024\/\",\"name\":\"In memoriam: Osamu Suzuki (1930-2024) - All cars news\",\"isPartOf\":{\"@id\":\"https:\/\/all-car-news.com\/de\/#website\"},\"datePublished\":\"2024-12-31T09:57:22+00:00\",\"dateModified\":\"2024-12-31T09:57:22+00:00\",\"breadcrumb\":{\"@id\":\"https:\/\/all-car-news.com\/de\/in-memoriam-osamu-suzuki-1930-2024\/#breadcrumb\"},\"inLanguage\":\"de\",\"potentialAction\":[{\"@type\":\"ReadAction\",\"target\":[\"https:\/\/all-car-news.com\/de\/in-memoriam-osamu-suzuki-1930-2024\/\"]}]},{\"@type\":\"BreadcrumbList\",\"@id\":\"https:\/\/all-car-news.com\/de\/in-memoriam-osamu-suzuki-1930-2024\/#breadcrumb\",\"itemListElement\":[{\"@type\":\"ListItem\",\"position\":1,\"name\":\"Home\",\"item\":\"https:\/\/all-car-news.com\/de\/\"},{\"@type\":\"ListItem\",\"position\":2,\"name\":\"In memoriam: Osamu Suzuki (1930-2024)\"}]},{\"@type\":\"WebSite\",\"@id\":\"https:\/\/all-car-news.com\/de\/#website\",\"url\":\"https:\/\/all-car-news.com\/de\/\",\"name\":\"All cars news\",\"description\":\"\",\"publisher\":{\"@id\":\"https:\/\/all-car-news.com\/de\/#organization\"},\"potentialAction\":[{\"@type\":\"SearchAction\",\"target\":{\"@type\":\"EntryPoint\",\"urlTemplate\":\"https:\/\/all-car-news.com\/de\/?s={search_term_string}\"},\"query-input\":\"required name=search_term_string\"}],\"inLanguage\":\"de\"},{\"@type\":\"Organization\",\"@id\":\"https:\/\/all-car-news.com\/de\/#organization\",\"name\":\"All cars news\",\"url\":\"https:\/\/all-car-news.com\/de\/\",\"logo\":{\"@type\":\"ImageObject\",\"inLanguage\":\"de\",\"@id\":\"https:\/\/all-car-news.com\/de\/#\/schema\/logo\/image\/\",\"url\":\"https:\/\/all-car-news.com\/wp-content\/uploads\/2022\/02\/CMYK-AllCarNews_LANDSCAPE_300px-1.png\",\"contentUrl\":\"https:\/\/all-car-news.com\/wp-content\/uploads\/2022\/02\/CMYK-AllCarNews_LANDSCAPE_300px-1.png\",\"width\":300,\"height\":100,\"caption\":\"All cars news\"},\"image\":{\"@id\":\"https:\/\/all-car-news.com\/de\/#\/schema\/logo\/image\/\"}}]}<\/script>\n<!-- \/ Yoast SEO plugin. -->","yoast_head_json":{"title":"In memoriam: Osamu Suzuki (1930-2024) - All cars news","robots":{"index":"index","follow":"follow","max-snippet":"max-snippet:-1","max-image-preview":"max-image-preview:large","max-video-preview":"max-video-preview:-1"},"canonical":"https:\/\/all-car-news.com\/de\/in-memoriam-osamu-suzuki-1930-2024\/","og_locale":"de_DE","og_type":"article","og_title":"In memoriam: Osamu Suzuki (1930-2024) - All cars news","og_description":"Osamu Suzuki: ein bescheidener Mann Osamu Suzuki war eine der einflussreichsten Pers\u00f6nlichkeiten der japanischen Autoindustrie. Er starb am 25. Dezember 2024 an den Folgen eines malignen Lymphoms, einer Form von Krebs. Er erreichte ein respektables Alter von 94 Jahren. Suzukis Leben und Werk werden als eine \u00c4ra der Innovation in Erinnerung bleiben, [...]","og_url":"https:\/\/all-car-news.com\/de\/in-memoriam-osamu-suzuki-1930-2024\/","og_site_name":"All cars news","article_published_time":"2024-12-31T09:57:22+00:00","twitter_card":"summary_large_image","twitter_misc":{"Gesch\u00e4tzte Lesezeit":"4\u00a0Minuten"},"schema":{"@context":"https:\/\/schema.org","@graph":[{"@type":"Article","@id":"https:\/\/all-car-news.com\/de\/in-memoriam-osamu-suzuki-1930-2024\/#article","isPartOf":{"@id":"https:\/\/all-car-news.com\/de\/in-memoriam-osamu-suzuki-1930-2024\/"},"author":{"name":"","@id":""},"headline":"In memoriam: Osamu Suzuki (1930-2024)","datePublished":"2024-12-31T09:57:22+00:00","dateModified":"2024-12-31T09:57:22+00:00","mainEntityOfPage":{"@id":"https:\/\/all-car-news.com\/de\/in-memoriam-osamu-suzuki-1930-2024\/"},"wordCount":844,"publisher":{"@id":"https:\/\/all-car-news.com\/de\/#organization"},"articleSection":["Auto Nachrichten"],"inLanguage":"de"},{"@type":"WebPage","@id":"https:\/\/all-car-news.com\/de\/in-memoriam-osamu-suzuki-1930-2024\/","url":"https:\/\/all-car-news.com\/de\/in-memoriam-osamu-suzuki-1930-2024\/","name":"In memoriam: Osamu Suzuki (1930-2024) - All cars news","isPartOf":{"@id":"https:\/\/all-car-news.com\/de\/#website"},"datePublished":"2024-12-31T09:57:22+00:00","dateModified":"2024-12-31T09:57:22+00:00","breadcrumb":{"@id":"https:\/\/all-car-news.com\/de\/in-memoriam-osamu-suzuki-1930-2024\/#breadcrumb"},"inLanguage":"de","potentialAction":[{"@type":"ReadAction","target":["https:\/\/all-car-news.com\/de\/in-memoriam-osamu-suzuki-1930-2024\/"]}]},{"@type":"BreadcrumbList","@id":"https:\/\/all-car-news.com\/de\/in-memoriam-osamu-suzuki-1930-2024\/#breadcrumb","itemListElement":[{"@type":"ListItem","position":1,"name":"Home","item":"https:\/\/all-car-news.com\/de\/"},{"@type":"ListItem","position":2,"name":"In memoriam: Osamu Suzuki (1930-2024)"}]},{"@type":"WebSite","@id":"https:\/\/all-car-news.com\/de\/#website","url":"https:\/\/all-car-news.com\/de\/","name":"All cars news","description":"","publisher":{"@id":"https:\/\/all-car-news.com\/de\/#organization"},"potentialAction":[{"@type":"SearchAction","target":{"@type":"EntryPoint","urlTemplate":"https:\/\/all-car-news.com\/de\/?s={search_term_string}"},"query-input":"required name=search_term_string"}],"inLanguage":"de"},{"@type":"Organization","@id":"https:\/\/all-car-news.com\/de\/#organization","name":"All cars news","url":"https:\/\/all-car-news.com\/de\/","logo":{"@type":"ImageObject","inLanguage":"de","@id":"https:\/\/all-car-news.com\/de\/#\/schema\/logo\/image\/","url":"https:\/\/all-car-news.com\/wp-content\/uploads\/2022\/02\/CMYK-AllCarNews_LANDSCAPE_300px-1.png","contentUrl":"https:\/\/all-car-news.com\/wp-content\/uploads\/2022\/02\/CMYK-AllCarNews_LANDSCAPE_300px-1.png","width":300,"height":100,"caption":"All cars news"},"image":{"@id":"https:\/\/all-car-news.com\/de\/#\/schema\/logo\/image\/"}}]}},"_links":{"self":[{"href":"https:\/\/all-car-news.com\/de\/wp-json\/wp\/v2\/posts\/152600","targetHints":{"allow":["GET"]}}],"collection":[{"href":"https:\/\/all-car-news.com\/de\/wp-json\/wp\/v2\/posts"}],"about":[{"href":"https:\/\/all-car-news.com\/de\/wp-json\/wp\/v2\/types\/post"}],"replies":[{"embeddable":true,"href":"https:\/\/all-car-news.com\/de\/wp-json\/wp\/v2\/comments?post=152600"}],"version-history":[{"count":0,"href":"https:\/\/all-car-news.com\/de\/wp-json\/wp\/v2\/posts\/152600\/revisions"}],"wp:featuredmedia":[{"embeddable":true,"href":"https:\/\/all-car-news.com\/de\/wp-json\/wp\/v2\/media\/151117"}],"wp:attachment":[{"href":"https:\/\/all-car-news.com\/de\/wp-json\/wp\/v2\/media?parent=152600"}],"wp:term":[{"taxonomy":"category","embeddable":true,"href":"https:\/\/all-car-news.com\/de\/wp-json\/wp\/v2\/categories?post=152600"},{"taxonomy":"post_tag","embeddable":true,"href":"https:\/\/all-car-news.com\/de\/wp-json\/wp\/v2\/tags?post=152600"}],"curies":[{"name":"wp","href":"https:\/\/api.w.org\/{rel}","templated":true}]}}