{"id":152528,"date":"2024-12-16T08:05:43","date_gmt":"2024-12-16T08:05:43","guid":{"rendered":"https:\/\/all-car-news.com\/interview-ceo-niu-gestartet-2015-und-jetzt-in-52-laendern-verfuegbar\/"},"modified":"2024-12-16T08:05:43","modified_gmt":"2024-12-16T08:05:43","slug":"interview-ceo-niu-gestartet-2015-und-jetzt-in-52-laendern-verfuegbar","status":"publish","type":"post","link":"https:\/\/all-car-news.com\/de\/interview-ceo-niu-gestartet-2015-und-jetzt-in-52-laendern-verfuegbar\/","title":{"rendered":"Interview CEO NIU: &#8222;Gestartet 2015 und jetzt in 52 L\u00e4ndern verf\u00fcgbar&#8220;"},"content":{"rendered":"<h2>Wie blicken Sie auf die vergangenen 10 Jahre zur\u00fcck?<\/h2>\n<p>Ich bin in der Tat unheimlich stolz auf das, was NIU in den letzten zehn Jahren erreicht hat. Von unseren bescheidenen Anf\u00e4ngen im Jahr 2015, als wir unseren ersten Elektroroller auf den Markt brachten, bis hin zum Weltmarktf\u00fchrer f\u00fcr elektrische Zweir\u00e4der, der in 52 L\u00e4ndern erh\u00e4ltlich ist, war es eine au\u00dfergew\u00f6hnliche Reise. Im Laufe der Jahre haben wir mehr als 4,6 Millionen Fahrzeuge verkauft, mit denen unsere Nutzer zusammen mehr als 25 Milliarden Kilometer zur\u00fcckgelegt haben. Dieser bemerkenswerte Meilenstein bedeutet eine Einsparung von etwa 6,4 Milliarden Kilogramm CO2-Emissionen im Vergleich zu den Emissionen von benzinbetriebenen Fahrzeugen &#8211; ein klarer Beweis f\u00fcr unsere Mission der Nachhaltigkeit. Diese Erfolge unterstreichen unser Engagement, die urbane Mobilit\u00e4t neu zu definieren und sie nicht nur effizienter und angenehmer, sondern auch deutlich umweltfreundlicher zu machen.    <\/p>\n<h2>Seit der Gr\u00fcndung von NIU haben sich viele Konkurrenten angeschlossen. Was, glauben Sie, ist das Geheimnis, warum NIU immer noch erfolgreich ist? <\/h2>\n<p>Unser Erfolg ist auf drei Schl\u00fcsselfaktoren zur\u00fcckzuf\u00fchren. Erstens konzentrieren wir uns auf die genaue Kenntnis unserer Kunden in den verschiedenen Regionen, von den st\u00e4dtischen Pendlern in China bis zu den besonderen Bed\u00fcrfnissen in Europa. Zweitens investieren wir stark in den technologischen Fortschritt. In diesem Jahr haben wir zum Beispiel ein Millimeterwellen-Radar f\u00fcr RCW (Rear Collision Warning) integriert und unsere Armaturenbretter mit einem neuen Navigationsdesign verbessert, um sicherzustellen, dass unsere Fahrzeuge in der urbanen Mobilit\u00e4t f\u00fchrend bleiben. Drittens verschieben wir die Grenzen in Bezug auf die Leistung, wie z.B. unser NQiX 1000, der Geschwindigkeiten von bis zu 125 km\/h erreichen kann und eine un\u00fcbertroffene Leistung und Effizienz bietet. Die Kombination dieser Elemente erm\u00f6glicht es uns, unseren Nutzern einen innovativen, online-vernetzten Lebensstil zu bieten und Vertrauen in verschiedenen M\u00e4rkten aufzubauen.     <\/p>\n<h2>Auf der EICMA 2024 hat NIU mehrere neue Modelle vorgestellt, darunter ein komplett neu gestaltetes NQiX, das Flaggschiff des Unternehmens. Warum haben Sie dieses Erfolgsmodell ver\u00e4ndert? <\/h2>\n<p>Der NQi, unser allererster Roller\/Moped, war der Eckpfeiler unseres Erfolgs, daher war es wichtig, sicherzustellen, dass er an der Spitze bleibt. Der \u00fcberarbeitete NQiX kombiniert unsere neuesten Fortschritte in der Batterietechnologie, intelligente Konnektivit\u00e4t und modernes Design. Die neue NIU Link Crown (Drehknopf auf der rechten Seite des Lenkrads) tr\u00e4gt zu einem nahtlosen, benutzerfreundlichen Erlebnis bei und bietet schnellen Zugriff auf Elemente wie Routen- und Reisedaten, Batterieinformationen, Zugriff auf Musik, eine Lap-Timer-Funktion und Reifendruck\u00fcberwachung. Zu den weiteren Verbesserungen geh\u00f6ren neue Einstellungen und Optionen f\u00fcr das Armaturenbrett, individuelle Fahreinstellungen, eine Boost-Funktion, Brems-ABS und TCS &#8211; alles f\u00fcr eine sicherere und individuellere Fahrt. Zu den innovativen Design-Updates geh\u00f6ren eine magnetische Frontblende und austauschbare Seitenteile, die sowohl Funktionalit\u00e4t als auch individuelle Gestaltungsm\u00f6glichkeiten bieten. Es geht nicht darum, sich um des \u00c4nderns willen zu ver\u00e4ndern, sondern sich weiterzuentwickeln, um den Anforderungen eines schnell wachsenden Marktes gerecht zu werden und ein Produkt zu bieten, das Sie weiterhin inspiriert. Wir wollten das Erbe des urspr\u00fcnglichen N-Sport ehren und gleichzeitig sicherstellen, dass der neue NQiX neue Ma\u00dfst\u00e4be f\u00fcr urbane Mobilit\u00e4t setzt.      <\/p>\n<h2>In Europa z\u00f6gert man noch immer, vom Verbrennungsmotor auf vollelektrische Fahrzeuge umzusteigen. Was sagen Sie dazu? Und im Vergleich dazu, sagen wir, zum chinesischen Markt?  <\/h2>\n<p>Es ist normal, dass ein solch bedeutender \u00dcbergang Zeit braucht, insbesondere in Regionen, in denen ICE-Fahrzeuge seit Jahrzehnten dominieren. Wir sehen jedoch ein wachsendes Bewusstsein und eine wachsende Begeisterung in Europa, angetrieben durch Regierungsinitiativen, Umweltbedenken und steigende Kraftstoffkosten. Im Gegensatz dazu hat sich der chinesische Markt schon fr\u00fcher f\u00fcr Elektrofahrzeuge entschieden, teilweise aufgrund von Vorschriften und Problemen mit der Luftqualit\u00e4t in den St\u00e4dten. Wir bei NIU wollen diesen \u00dcbergang in Europa beschleunigen, indem wir hochwertige, zuverl\u00e4ssige und kosteng\u00fcnstige elektrische L\u00f6sungen anbieten, die die Vorteile des Umstiegs aufzeigen.   <\/p>\n<h2>Arbeitet NIU an Hybridl\u00f6sungen (ICE\/E) f\u00fcr die Roller\/Moped-Produkte?<\/h2>\n<p>Obwohl wir uns schon immer auf 100% elektrische Fahrzeuge konzentriert haben, evaluieren wir st\u00e4ndig die Marktbed\u00fcrfnisse und technologischen M\u00f6glichkeiten. Derzeit glauben wir an das Potenzial vollelektrischer L\u00f6sungen, die mit geringeren Emissionen, weniger L\u00e4rm und einfacherer Wartung eine Vorreiterrolle in der urbanen Mobilit\u00e4t spielen. Als fortschrittliches Unternehmen sind wir jedoch immer offen f\u00fcr die Erforschung von Hybrid- oder anderen innovativen L\u00f6sungen, wenn sie zu unserer Nachhaltigkeitsmission und den Marktanforderungen passen.  <\/p>\n<h2>K\u00f6nnen Sie uns einen Einblick in die Zukunft des Pendelns in Gro\u00dfst\u00e4dten und die Rolle der NIU geben?<\/h2>\n<p>Die Zukunft des Pendelns in Gro\u00dfst\u00e4dten wird durch Nachhaltigkeit, Konnektivit\u00e4t und die nahtlose Integration verschiedener Verkehrstr\u00e4ger bestimmt werden. Die St\u00e4dte werden saubere Energie, effizientes Verkehrsmanagement und gemeinsame Mobilit\u00e4tsl\u00f6sungen in den Vordergrund stellen. NIU ist bestrebt, diese Entwicklung anzuf\u00fchren, indem es ein umfassendes Portfolio an elektrischen Zweir\u00e4dern anbietet, das auf die verschiedenen st\u00e4dtischen Bed\u00fcrfnisse zugeschnitten ist. Mit Innovationen wie KI-gesteuerten Diagnosen, vernetzten \u00d6kosystemen und kontinuierlichen Designverbesserungen stellen wir uns eine Zukunft vor, in der NIU ein Synonym daf\u00fcr ist, Menschen m\u00fchelos und nachhaltig durch lebendige Stadtlandschaften zu bewegen.   <\/p>\n","protected":false},"excerpt":{"rendered":"Wie blicken Sie auf die vergangenen zehn Jahre zur\u00fcck? Ich bin in der Tat unheimlich stolz auf das, was NIU&hellip;","protected":false},"author":0,"featured_media":150777,"comment_status":"","ping_status":"open","sticky":false,"template":"","format":"standard","meta":{"footnotes":""},"categories":[125],"tags":[],"class_list":["post-152528","post","type-post","status-publish","format-standard","has-post-thumbnail","hentry","category-auto-nachrichten"],"acf":[],"yoast_head":"<!-- This site is optimized with the Yoast SEO plugin v21.2 - https:\/\/yoast.com\/wordpress\/plugins\/seo\/ -->\n<title>Interview CEO NIU: &quot;Gestartet 2015 und jetzt in 52 L\u00e4ndern verf\u00fcgbar&quot; - All cars news<\/title>\n<meta name=\"robots\" content=\"index, follow, max-snippet:-1, max-image-preview:large, max-video-preview:-1\" \/>\n<link rel=\"canonical\" href=\"https:\/\/all-car-news.com\/de\/interview-ceo-niu-gestartet-2015-und-jetzt-in-52-laendern-verfuegbar\/\" \/>\n<meta property=\"og:locale\" content=\"de_DE\" \/>\n<meta property=\"og:type\" content=\"article\" \/>\n<meta property=\"og:title\" content=\"Interview CEO NIU: &quot;Gestartet 2015 und jetzt in 52 L\u00e4ndern verf\u00fcgbar&quot; - All cars news\" \/>\n<meta property=\"og:description\" content=\"Wie blicken Sie auf die vergangenen zehn Jahre zur\u00fcck? Ich bin in der Tat unheimlich stolz auf das, was NIU in den letzten zehn Jahren erreicht hat. Von unseren bescheidenen Anf\u00e4ngen im Jahr 2015, als wir unseren ersten Elektroroller auf den Markt brachten, bis hin zum Weltmarktf\u00fchrer f\u00fcr elektrische Zweir\u00e4der, der in 52 L\u00e4ndern erh\u00e4ltlich ist, [...]\" \/>\n<meta property=\"og:url\" content=\"https:\/\/all-car-news.com\/de\/interview-ceo-niu-gestartet-2015-und-jetzt-in-52-laendern-verfuegbar\/\" \/>\n<meta property=\"og:site_name\" content=\"All cars news\" \/>\n<meta property=\"article:published_time\" content=\"2024-12-16T08:05:43+00:00\" \/>\n<meta name=\"twitter:card\" content=\"summary_large_image\" \/>\n<meta name=\"twitter:label1\" content=\"Gesch\u00e4tzte Lesezeit\" \/>\n\t<meta name=\"twitter:data1\" content=\"4\u00a0Minuten\" \/>\n<script type=\"application\/ld+json\" class=\"yoast-schema-graph\">{\"@context\":\"https:\/\/schema.org\",\"@graph\":[{\"@type\":\"Article\",\"@id\":\"https:\/\/all-car-news.com\/de\/interview-ceo-niu-gestartet-2015-und-jetzt-in-52-laendern-verfuegbar\/#article\",\"isPartOf\":{\"@id\":\"https:\/\/all-car-news.com\/de\/interview-ceo-niu-gestartet-2015-und-jetzt-in-52-laendern-verfuegbar\/\"},\"author\":{\"name\":\"\",\"@id\":\"\"},\"headline\":\"Interview CEO NIU: &#8222;Gestartet 2015 und jetzt in 52 L\u00e4ndern verf\u00fcgbar&#8220;\",\"datePublished\":\"2024-12-16T08:05:43+00:00\",\"dateModified\":\"2024-12-16T08:05:43+00:00\",\"mainEntityOfPage\":{\"@id\":\"https:\/\/all-car-news.com\/de\/interview-ceo-niu-gestartet-2015-und-jetzt-in-52-laendern-verfuegbar\/\"},\"wordCount\":862,\"publisher\":{\"@id\":\"https:\/\/all-car-news.com\/de\/#organization\"},\"articleSection\":[\"Auto Nachrichten\"],\"inLanguage\":\"de\"},{\"@type\":\"WebPage\",\"@id\":\"https:\/\/all-car-news.com\/de\/interview-ceo-niu-gestartet-2015-und-jetzt-in-52-laendern-verfuegbar\/\",\"url\":\"https:\/\/all-car-news.com\/de\/interview-ceo-niu-gestartet-2015-und-jetzt-in-52-laendern-verfuegbar\/\",\"name\":\"Interview CEO NIU: \\\"Gestartet 2015 und jetzt in 52 L\u00e4ndern verf\u00fcgbar\\\" - All cars news\",\"isPartOf\":{\"@id\":\"https:\/\/all-car-news.com\/de\/#website\"},\"datePublished\":\"2024-12-16T08:05:43+00:00\",\"dateModified\":\"2024-12-16T08:05:43+00:00\",\"breadcrumb\":{\"@id\":\"https:\/\/all-car-news.com\/de\/interview-ceo-niu-gestartet-2015-und-jetzt-in-52-laendern-verfuegbar\/#breadcrumb\"},\"inLanguage\":\"de\",\"potentialAction\":[{\"@type\":\"ReadAction\",\"target\":[\"https:\/\/all-car-news.com\/de\/interview-ceo-niu-gestartet-2015-und-jetzt-in-52-laendern-verfuegbar\/\"]}]},{\"@type\":\"BreadcrumbList\",\"@id\":\"https:\/\/all-car-news.com\/de\/interview-ceo-niu-gestartet-2015-und-jetzt-in-52-laendern-verfuegbar\/#breadcrumb\",\"itemListElement\":[{\"@type\":\"ListItem\",\"position\":1,\"name\":\"Home\",\"item\":\"https:\/\/all-car-news.com\/de\/\"},{\"@type\":\"ListItem\",\"position\":2,\"name\":\"Interview CEO NIU: &#8222;Gestartet 2015 und jetzt in 52 L\u00e4ndern verf\u00fcgbar&#8220;\"}]},{\"@type\":\"WebSite\",\"@id\":\"https:\/\/all-car-news.com\/de\/#website\",\"url\":\"https:\/\/all-car-news.com\/de\/\",\"name\":\"All cars news\",\"description\":\"\",\"publisher\":{\"@id\":\"https:\/\/all-car-news.com\/de\/#organization\"},\"potentialAction\":[{\"@type\":\"SearchAction\",\"target\":{\"@type\":\"EntryPoint\",\"urlTemplate\":\"https:\/\/all-car-news.com\/de\/?s={search_term_string}\"},\"query-input\":\"required name=search_term_string\"}],\"inLanguage\":\"de\"},{\"@type\":\"Organization\",\"@id\":\"https:\/\/all-car-news.com\/de\/#organization\",\"name\":\"All cars news\",\"url\":\"https:\/\/all-car-news.com\/de\/\",\"logo\":{\"@type\":\"ImageObject\",\"inLanguage\":\"de\",\"@id\":\"https:\/\/all-car-news.com\/de\/#\/schema\/logo\/image\/\",\"url\":\"https:\/\/all-car-news.com\/wp-content\/uploads\/2022\/02\/CMYK-AllCarNews_LANDSCAPE_300px-1.png\",\"contentUrl\":\"https:\/\/all-car-news.com\/wp-content\/uploads\/2022\/02\/CMYK-AllCarNews_LANDSCAPE_300px-1.png\",\"width\":300,\"height\":100,\"caption\":\"All cars news\"},\"image\":{\"@id\":\"https:\/\/all-car-news.com\/de\/#\/schema\/logo\/image\/\"}}]}<\/script>\n<!-- \/ Yoast SEO plugin. -->","yoast_head_json":{"title":"Interview CEO NIU: \"Gestartet 2015 und jetzt in 52 L\u00e4ndern verf\u00fcgbar\" - All cars news","robots":{"index":"index","follow":"follow","max-snippet":"max-snippet:-1","max-image-preview":"max-image-preview:large","max-video-preview":"max-video-preview:-1"},"canonical":"https:\/\/all-car-news.com\/de\/interview-ceo-niu-gestartet-2015-und-jetzt-in-52-laendern-verfuegbar\/","og_locale":"de_DE","og_type":"article","og_title":"Interview CEO NIU: \"Gestartet 2015 und jetzt in 52 L\u00e4ndern verf\u00fcgbar\" - All cars news","og_description":"Wie blicken Sie auf die vergangenen zehn Jahre zur\u00fcck? Ich bin in der Tat unheimlich stolz auf das, was NIU in den letzten zehn Jahren erreicht hat. Von unseren bescheidenen Anf\u00e4ngen im Jahr 2015, als wir unseren ersten Elektroroller auf den Markt brachten, bis hin zum Weltmarktf\u00fchrer f\u00fcr elektrische Zweir\u00e4der, der in 52 L\u00e4ndern erh\u00e4ltlich ist, [...]","og_url":"https:\/\/all-car-news.com\/de\/interview-ceo-niu-gestartet-2015-und-jetzt-in-52-laendern-verfuegbar\/","og_site_name":"All cars news","article_published_time":"2024-12-16T08:05:43+00:00","twitter_card":"summary_large_image","twitter_misc":{"Gesch\u00e4tzte Lesezeit":"4\u00a0Minuten"},"schema":{"@context":"https:\/\/schema.org","@graph":[{"@type":"Article","@id":"https:\/\/all-car-news.com\/de\/interview-ceo-niu-gestartet-2015-und-jetzt-in-52-laendern-verfuegbar\/#article","isPartOf":{"@id":"https:\/\/all-car-news.com\/de\/interview-ceo-niu-gestartet-2015-und-jetzt-in-52-laendern-verfuegbar\/"},"author":{"name":"","@id":""},"headline":"Interview CEO NIU: &#8222;Gestartet 2015 und jetzt in 52 L\u00e4ndern verf\u00fcgbar&#8220;","datePublished":"2024-12-16T08:05:43+00:00","dateModified":"2024-12-16T08:05:43+00:00","mainEntityOfPage":{"@id":"https:\/\/all-car-news.com\/de\/interview-ceo-niu-gestartet-2015-und-jetzt-in-52-laendern-verfuegbar\/"},"wordCount":862,"publisher":{"@id":"https:\/\/all-car-news.com\/de\/#organization"},"articleSection":["Auto Nachrichten"],"inLanguage":"de"},{"@type":"WebPage","@id":"https:\/\/all-car-news.com\/de\/interview-ceo-niu-gestartet-2015-und-jetzt-in-52-laendern-verfuegbar\/","url":"https:\/\/all-car-news.com\/de\/interview-ceo-niu-gestartet-2015-und-jetzt-in-52-laendern-verfuegbar\/","name":"Interview CEO NIU: \"Gestartet 2015 und jetzt in 52 L\u00e4ndern verf\u00fcgbar\" - All cars news","isPartOf":{"@id":"https:\/\/all-car-news.com\/de\/#website"},"datePublished":"2024-12-16T08:05:43+00:00","dateModified":"2024-12-16T08:05:43+00:00","breadcrumb":{"@id":"https:\/\/all-car-news.com\/de\/interview-ceo-niu-gestartet-2015-und-jetzt-in-52-laendern-verfuegbar\/#breadcrumb"},"inLanguage":"de","potentialAction":[{"@type":"ReadAction","target":["https:\/\/all-car-news.com\/de\/interview-ceo-niu-gestartet-2015-und-jetzt-in-52-laendern-verfuegbar\/"]}]},{"@type":"BreadcrumbList","@id":"https:\/\/all-car-news.com\/de\/interview-ceo-niu-gestartet-2015-und-jetzt-in-52-laendern-verfuegbar\/#breadcrumb","itemListElement":[{"@type":"ListItem","position":1,"name":"Home","item":"https:\/\/all-car-news.com\/de\/"},{"@type":"ListItem","position":2,"name":"Interview CEO NIU: &#8222;Gestartet 2015 und jetzt in 52 L\u00e4ndern verf\u00fcgbar&#8220;"}]},{"@type":"WebSite","@id":"https:\/\/all-car-news.com\/de\/#website","url":"https:\/\/all-car-news.com\/de\/","name":"All cars news","description":"","publisher":{"@id":"https:\/\/all-car-news.com\/de\/#organization"},"potentialAction":[{"@type":"SearchAction","target":{"@type":"EntryPoint","urlTemplate":"https:\/\/all-car-news.com\/de\/?s={search_term_string}"},"query-input":"required name=search_term_string"}],"inLanguage":"de"},{"@type":"Organization","@id":"https:\/\/all-car-news.com\/de\/#organization","name":"All cars news","url":"https:\/\/all-car-news.com\/de\/","logo":{"@type":"ImageObject","inLanguage":"de","@id":"https:\/\/all-car-news.com\/de\/#\/schema\/logo\/image\/","url":"https:\/\/all-car-news.com\/wp-content\/uploads\/2022\/02\/CMYK-AllCarNews_LANDSCAPE_300px-1.png","contentUrl":"https:\/\/all-car-news.com\/wp-content\/uploads\/2022\/02\/CMYK-AllCarNews_LANDSCAPE_300px-1.png","width":300,"height":100,"caption":"All cars news"},"image":{"@id":"https:\/\/all-car-news.com\/de\/#\/schema\/logo\/image\/"}}]}},"_links":{"self":[{"href":"https:\/\/all-car-news.com\/de\/wp-json\/wp\/v2\/posts\/152528","targetHints":{"allow":["GET"]}}],"collection":[{"href":"https:\/\/all-car-news.com\/de\/wp-json\/wp\/v2\/posts"}],"about":[{"href":"https:\/\/all-car-news.com\/de\/wp-json\/wp\/v2\/types\/post"}],"replies":[{"embeddable":true,"href":"https:\/\/all-car-news.com\/de\/wp-json\/wp\/v2\/comments?post=152528"}],"version-history":[{"count":0,"href":"https:\/\/all-car-news.com\/de\/wp-json\/wp\/v2\/posts\/152528\/revisions"}],"wp:featuredmedia":[{"embeddable":true,"href":"https:\/\/all-car-news.com\/de\/wp-json\/wp\/v2\/media\/150777"}],"wp:attachment":[{"href":"https:\/\/all-car-news.com\/de\/wp-json\/wp\/v2\/media?parent=152528"}],"wp:term":[{"taxonomy":"category","embeddable":true,"href":"https:\/\/all-car-news.com\/de\/wp-json\/wp\/v2\/categories?post=152528"},{"taxonomy":"post_tag","embeddable":true,"href":"https:\/\/all-car-news.com\/de\/wp-json\/wp\/v2\/tags?post=152528"}],"curies":[{"name":"wp","href":"https:\/\/api.w.org\/{rel}","templated":true}]}}