{"id":151417,"date":"2025-01-13T07:40:29","date_gmt":"2025-01-13T07:40:29","guid":{"rendered":"https:\/\/all-car-news.com\/leckerbissen-toyota-gr-yaris-m-concept-mit-mittelmotor\/"},"modified":"2025-01-13T07:40:29","modified_gmt":"2025-01-13T07:40:29","slug":"leckerbissen-toyota-gr-yaris-m-concept-mit-mittelmotor","status":"publish","type":"post","link":"https:\/\/all-car-news.com\/de\/leckerbissen-toyota-gr-yaris-m-concept-mit-mittelmotor\/","title":{"rendered":"Leckerbissen: Toyota GR Yaris M Concept mit Mittelmotor!"},"content":{"rendered":"<h2>Toyota GR Yaris M Konzept<\/h2>\n<p>Der Toyota GR Yaris M Concept verf\u00fcgt \u00fcber einen 2,0-Liter-Turbomotor mit vier Zylindern, der f\u00fcr die Teilnahme an der Super Taikyu Series entwickelt wurde. Die technischen Daten dieses Antriebsstrangs sind noch nicht bekannt, aber es w\u00fcrde uns nicht \u00fcberraschen, wenn dieses Triebwerk etwa 550 bis vielleicht 600 PS leisten w\u00fcrde. Heutzutage kann man aus einem kompakten Vierzylinder zuverl\u00e4ssig eine Menge Leistung herausholen.  <\/p>\n<h2>Sie kann gebrochen sein<\/h2>\n<p>Laut Toyota verk\u00f6rpert der Toyota GR Yaris M Concept das &#8222;Driver-First&#8220;-Prinzip, bei dem die Autos unter extremen Rennbedingungen bis an die Grenzen getrieben und auf der Grundlage des Feedbacks von Profi- und Amateurfahrern verbessert werden. Produktionspl\u00e4ne? Toyota hat dar\u00fcber noch nichts berichtet, aber die Marke zeigt diese Technologie nicht ohne Grund.<\/p>\n<h2>Produktionsversion?<\/h2>\n<p>Wir k\u00f6nnen die Marke nur ermutigen, auch eine stra\u00dfenzugelassene Version eines GR Yaris mit Mittelmotor auf den Markt zu bringen. Daf\u00fcr gibt es auf jeden Fall einen Markt. Das Konzept eines hei\u00dfen Schr\u00e4gheckmodells mit Mittelmotor wurde schon seit vielen Jahren nicht mehr verwendet. Der Renault Clio V6 Phase II war so ziemlich das letzte Modell. Es w\u00e4re sch\u00f6n, wenn Toyota das \u00e4ndern w\u00fcrde.    <\/p>\n<div class=\"galery shuffle galery-0\">\n<figure>\n\t\t\t\t\t<span style=\"cursor: pointer\" data-src=\"https:\/\/autorai.nl\/wp-content\/uploads\/2025\/01\/Toyota-GR-Yaris-M-Concept-foto1-1600x1067.jpg\" data-fancybox=\"galery-0\" title=\"\"><br \/>\n\t\t\t\t\t\t\t<img decoding=\"async\" width=\"640\" height=\"480\" src=\"https:\/\/autorai.nl\/wp-content\/uploads\/2025\/01\/Toyota-GR-Yaris-M-Concept-foto1-640x480.jpg\" class=\"attachment-medium size-medium\" alt=\"Toyota GR Yaris M Konzept\" loading=\"lazy\"><i class=\"fa fa-search-plus\" aria-hidden=\"true\"><\/i><br \/>\n\t\t\t\t\t\t<\/span><br \/>\n\t\t\t\t\t<\/figure>\n<figure>\n\t\t\t\t\t<span style=\"cursor: pointer\" data-src=\"https:\/\/autorai.nl\/wp-content\/uploads\/2025\/01\/Toyota-GR-Yaris-M-Concept-foto3-1600x1067.jpg\" data-fancybox=\"galery-0\" title=\"\"><br \/>\n\t\t\t\t\t\t\t<img decoding=\"async\" width=\"360\" height=\"270\" src=\"https:\/\/autorai.nl\/wp-content\/uploads\/2025\/01\/Toyota-GR-Yaris-M-Concept-foto3-360x270.jpg\" class=\"attachment-small size-small\" alt=\"\" loading=\"lazy\"><i class=\"fa fa-search-plus\" aria-hidden=\"true\"><\/i><br \/>\n\t\t\t\t\t\t<\/span><br \/>\n\t\t\t\t\t<\/figure>\n<figure>\n\t\t\t\t\t<span style=\"cursor: pointer\" data-src=\"https:\/\/autorai.nl\/wp-content\/uploads\/2025\/01\/Toyota-GR-Yaris-M-Concept-foto2-1600x1067.jpg\" data-fancybox=\"galery-0\" title=\"\"><br \/>\n\t\t\t\t\t\t\t<img decoding=\"async\" width=\"360\" height=\"270\" src=\"https:\/\/autorai.nl\/wp-content\/uploads\/2025\/01\/Toyota-GR-Yaris-M-Concept-foto2-360x270.jpg\" class=\"attachment-small size-small\" alt=\"\" loading=\"lazy\"><i class=\"fa fa-search-plus\" aria-hidden=\"true\"><\/i><br \/>\n\t\t\t\t\t\t<\/span><br \/>\n\t\t\t\t\t<\/figure>\n<div class=\"clear\"><\/div>\n<\/div>\n","protected":false},"excerpt":{"rendered":"Toyota GR Yaris M Concept Der Toyota GR Yaris M Concept verf\u00fcgt \u00fcber einen in der Mitte montierten 2,0-Liter-Vierzylindermotor mit&hellip;","protected":false},"author":0,"featured_media":151393,"comment_status":"","ping_status":"open","sticky":false,"template":"","format":"standard","meta":{"footnotes":""},"categories":[125],"tags":[],"class_list":["post-151417","post","type-post","status-publish","format-standard","has-post-thumbnail","hentry","category-auto-nachrichten"],"acf":[],"yoast_head":"<!-- This site is optimized with the Yoast SEO plugin v21.2 - https:\/\/yoast.com\/wordpress\/plugins\/seo\/ -->\n<title>Leckerbissen: Toyota GR Yaris M Concept mit Mittelmotor! - All cars news<\/title>\n<meta name=\"robots\" content=\"index, follow, max-snippet:-1, max-image-preview:large, max-video-preview:-1\" \/>\n<link rel=\"canonical\" href=\"https:\/\/all-car-news.com\/de\/leckerbissen-toyota-gr-yaris-m-concept-mit-mittelmotor\/\" \/>\n<meta property=\"og:locale\" content=\"de_DE\" \/>\n<meta property=\"og:type\" content=\"article\" \/>\n<meta property=\"og:title\" content=\"Leckerbissen: Toyota GR Yaris M Concept mit Mittelmotor! - All cars news\" \/>\n<meta property=\"og:description\" content=\"Toyota GR Yaris M Concept Der Toyota GR Yaris M Concept verf\u00fcgt \u00fcber einen in der Mitte montierten 2,0-Liter-Vierzylindermotor mit Turbolader, der f\u00fcr die Teilnahme an der Super Taikyu Series entwickelt wurde. Die technischen Daten dieses Antriebsstrangs sind noch nicht bekannt, aber es w\u00fcrde uns nicht \u00fcberraschen, wenn dieses Triebwerk eine Leistung von etwa 550 bis vielleicht 600 PS erbringt [...]\" \/>\n<meta property=\"og:url\" content=\"https:\/\/all-car-news.com\/de\/leckerbissen-toyota-gr-yaris-m-concept-mit-mittelmotor\/\" \/>\n<meta property=\"og:site_name\" content=\"All cars news\" \/>\n<meta property=\"article:published_time\" content=\"2025-01-13T07:40:29+00:00\" \/>\n<meta property=\"og:image\" content=\"https:\/\/autorai.nl\/wp-content\/uploads\/2025\/01\/Toyota-GR-Yaris-M-Concept-foto1-640x480.jpg\" \/>\n<meta name=\"twitter:card\" content=\"summary_large_image\" \/>\n<meta name=\"twitter:label1\" content=\"Gesch\u00e4tzte Lesezeit\" \/>\n\t<meta name=\"twitter:data1\" content=\"1\u00a0Minute\" \/>\n<script type=\"application\/ld+json\" class=\"yoast-schema-graph\">{\"@context\":\"https:\/\/schema.org\",\"@graph\":[{\"@type\":\"Article\",\"@id\":\"https:\/\/all-car-news.com\/de\/leckerbissen-toyota-gr-yaris-m-concept-mit-mittelmotor\/#article\",\"isPartOf\":{\"@id\":\"https:\/\/all-car-news.com\/de\/leckerbissen-toyota-gr-yaris-m-concept-mit-mittelmotor\/\"},\"author\":{\"name\":\"\",\"@id\":\"\"},\"headline\":\"Leckerbissen: Toyota GR Yaris M Concept mit Mittelmotor!\",\"datePublished\":\"2025-01-13T07:40:29+00:00\",\"dateModified\":\"2025-01-13T07:40:29+00:00\",\"mainEntityOfPage\":{\"@id\":\"https:\/\/all-car-news.com\/de\/leckerbissen-toyota-gr-yaris-m-concept-mit-mittelmotor\/\"},\"wordCount\":209,\"publisher\":{\"@id\":\"https:\/\/all-car-news.com\/de\/#organization\"},\"articleSection\":[\"Auto Nachrichten\"],\"inLanguage\":\"de\"},{\"@type\":\"WebPage\",\"@id\":\"https:\/\/all-car-news.com\/de\/leckerbissen-toyota-gr-yaris-m-concept-mit-mittelmotor\/\",\"url\":\"https:\/\/all-car-news.com\/de\/leckerbissen-toyota-gr-yaris-m-concept-mit-mittelmotor\/\",\"name\":\"Leckerbissen: Toyota GR Yaris M Concept mit Mittelmotor! - All cars news\",\"isPartOf\":{\"@id\":\"https:\/\/all-car-news.com\/de\/#website\"},\"datePublished\":\"2025-01-13T07:40:29+00:00\",\"dateModified\":\"2025-01-13T07:40:29+00:00\",\"breadcrumb\":{\"@id\":\"https:\/\/all-car-news.com\/de\/leckerbissen-toyota-gr-yaris-m-concept-mit-mittelmotor\/#breadcrumb\"},\"inLanguage\":\"de\",\"potentialAction\":[{\"@type\":\"ReadAction\",\"target\":[\"https:\/\/all-car-news.com\/de\/leckerbissen-toyota-gr-yaris-m-concept-mit-mittelmotor\/\"]}]},{\"@type\":\"BreadcrumbList\",\"@id\":\"https:\/\/all-car-news.com\/de\/leckerbissen-toyota-gr-yaris-m-concept-mit-mittelmotor\/#breadcrumb\",\"itemListElement\":[{\"@type\":\"ListItem\",\"position\":1,\"name\":\"Home\",\"item\":\"https:\/\/all-car-news.com\/de\/\"},{\"@type\":\"ListItem\",\"position\":2,\"name\":\"Leckerbissen: Toyota GR Yaris M Concept mit Mittelmotor!\"}]},{\"@type\":\"WebSite\",\"@id\":\"https:\/\/all-car-news.com\/de\/#website\",\"url\":\"https:\/\/all-car-news.com\/de\/\",\"name\":\"All cars news\",\"description\":\"\",\"publisher\":{\"@id\":\"https:\/\/all-car-news.com\/de\/#organization\"},\"potentialAction\":[{\"@type\":\"SearchAction\",\"target\":{\"@type\":\"EntryPoint\",\"urlTemplate\":\"https:\/\/all-car-news.com\/de\/?s={search_term_string}\"},\"query-input\":\"required name=search_term_string\"}],\"inLanguage\":\"de\"},{\"@type\":\"Organization\",\"@id\":\"https:\/\/all-car-news.com\/de\/#organization\",\"name\":\"All cars news\",\"url\":\"https:\/\/all-car-news.com\/de\/\",\"logo\":{\"@type\":\"ImageObject\",\"inLanguage\":\"de\",\"@id\":\"https:\/\/all-car-news.com\/de\/#\/schema\/logo\/image\/\",\"url\":\"https:\/\/all-car-news.com\/wp-content\/uploads\/2022\/02\/CMYK-AllCarNews_LANDSCAPE_300px-1.png\",\"contentUrl\":\"https:\/\/all-car-news.com\/wp-content\/uploads\/2022\/02\/CMYK-AllCarNews_LANDSCAPE_300px-1.png\",\"width\":300,\"height\":100,\"caption\":\"All cars news\"},\"image\":{\"@id\":\"https:\/\/all-car-news.com\/de\/#\/schema\/logo\/image\/\"}}]}<\/script>\n<!-- \/ Yoast SEO plugin. -->","yoast_head_json":{"title":"Leckerbissen: Toyota GR Yaris M Concept mit Mittelmotor! - All cars news","robots":{"index":"index","follow":"follow","max-snippet":"max-snippet:-1","max-image-preview":"max-image-preview:large","max-video-preview":"max-video-preview:-1"},"canonical":"https:\/\/all-car-news.com\/de\/leckerbissen-toyota-gr-yaris-m-concept-mit-mittelmotor\/","og_locale":"de_DE","og_type":"article","og_title":"Leckerbissen: Toyota GR Yaris M Concept mit Mittelmotor! - All cars news","og_description":"Toyota GR Yaris M Concept Der Toyota GR Yaris M Concept verf\u00fcgt \u00fcber einen in der Mitte montierten 2,0-Liter-Vierzylindermotor mit Turbolader, der f\u00fcr die Teilnahme an der Super Taikyu Series entwickelt wurde. Die technischen Daten dieses Antriebsstrangs sind noch nicht bekannt, aber es w\u00fcrde uns nicht \u00fcberraschen, wenn dieses Triebwerk eine Leistung von etwa 550 bis vielleicht 600 PS erbringt [...]","og_url":"https:\/\/all-car-news.com\/de\/leckerbissen-toyota-gr-yaris-m-concept-mit-mittelmotor\/","og_site_name":"All cars news","article_published_time":"2025-01-13T07:40:29+00:00","og_image":[{"url":"https:\/\/autorai.nl\/wp-content\/uploads\/2025\/01\/Toyota-GR-Yaris-M-Concept-foto1-640x480.jpg"}],"twitter_card":"summary_large_image","twitter_misc":{"Gesch\u00e4tzte Lesezeit":"1\u00a0Minute"},"schema":{"@context":"https:\/\/schema.org","@graph":[{"@type":"Article","@id":"https:\/\/all-car-news.com\/de\/leckerbissen-toyota-gr-yaris-m-concept-mit-mittelmotor\/#article","isPartOf":{"@id":"https:\/\/all-car-news.com\/de\/leckerbissen-toyota-gr-yaris-m-concept-mit-mittelmotor\/"},"author":{"name":"","@id":""},"headline":"Leckerbissen: Toyota GR Yaris M Concept mit Mittelmotor!","datePublished":"2025-01-13T07:40:29+00:00","dateModified":"2025-01-13T07:40:29+00:00","mainEntityOfPage":{"@id":"https:\/\/all-car-news.com\/de\/leckerbissen-toyota-gr-yaris-m-concept-mit-mittelmotor\/"},"wordCount":209,"publisher":{"@id":"https:\/\/all-car-news.com\/de\/#organization"},"articleSection":["Auto Nachrichten"],"inLanguage":"de"},{"@type":"WebPage","@id":"https:\/\/all-car-news.com\/de\/leckerbissen-toyota-gr-yaris-m-concept-mit-mittelmotor\/","url":"https:\/\/all-car-news.com\/de\/leckerbissen-toyota-gr-yaris-m-concept-mit-mittelmotor\/","name":"Leckerbissen: Toyota GR Yaris M Concept mit Mittelmotor! - All cars news","isPartOf":{"@id":"https:\/\/all-car-news.com\/de\/#website"},"datePublished":"2025-01-13T07:40:29+00:00","dateModified":"2025-01-13T07:40:29+00:00","breadcrumb":{"@id":"https:\/\/all-car-news.com\/de\/leckerbissen-toyota-gr-yaris-m-concept-mit-mittelmotor\/#breadcrumb"},"inLanguage":"de","potentialAction":[{"@type":"ReadAction","target":["https:\/\/all-car-news.com\/de\/leckerbissen-toyota-gr-yaris-m-concept-mit-mittelmotor\/"]}]},{"@type":"BreadcrumbList","@id":"https:\/\/all-car-news.com\/de\/leckerbissen-toyota-gr-yaris-m-concept-mit-mittelmotor\/#breadcrumb","itemListElement":[{"@type":"ListItem","position":1,"name":"Home","item":"https:\/\/all-car-news.com\/de\/"},{"@type":"ListItem","position":2,"name":"Leckerbissen: Toyota GR Yaris M Concept mit Mittelmotor!"}]},{"@type":"WebSite","@id":"https:\/\/all-car-news.com\/de\/#website","url":"https:\/\/all-car-news.com\/de\/","name":"All cars news","description":"","publisher":{"@id":"https:\/\/all-car-news.com\/de\/#organization"},"potentialAction":[{"@type":"SearchAction","target":{"@type":"EntryPoint","urlTemplate":"https:\/\/all-car-news.com\/de\/?s={search_term_string}"},"query-input":"required name=search_term_string"}],"inLanguage":"de"},{"@type":"Organization","@id":"https:\/\/all-car-news.com\/de\/#organization","name":"All cars news","url":"https:\/\/all-car-news.com\/de\/","logo":{"@type":"ImageObject","inLanguage":"de","@id":"https:\/\/all-car-news.com\/de\/#\/schema\/logo\/image\/","url":"https:\/\/all-car-news.com\/wp-content\/uploads\/2022\/02\/CMYK-AllCarNews_LANDSCAPE_300px-1.png","contentUrl":"https:\/\/all-car-news.com\/wp-content\/uploads\/2022\/02\/CMYK-AllCarNews_LANDSCAPE_300px-1.png","width":300,"height":100,"caption":"All cars news"},"image":{"@id":"https:\/\/all-car-news.com\/de\/#\/schema\/logo\/image\/"}}]}},"_links":{"self":[{"href":"https:\/\/all-car-news.com\/de\/wp-json\/wp\/v2\/posts\/151417","targetHints":{"allow":["GET"]}}],"collection":[{"href":"https:\/\/all-car-news.com\/de\/wp-json\/wp\/v2\/posts"}],"about":[{"href":"https:\/\/all-car-news.com\/de\/wp-json\/wp\/v2\/types\/post"}],"replies":[{"embeddable":true,"href":"https:\/\/all-car-news.com\/de\/wp-json\/wp\/v2\/comments?post=151417"}],"version-history":[{"count":0,"href":"https:\/\/all-car-news.com\/de\/wp-json\/wp\/v2\/posts\/151417\/revisions"}],"wp:featuredmedia":[{"embeddable":true,"href":"https:\/\/all-car-news.com\/de\/wp-json\/wp\/v2\/media\/151393"}],"wp:attachment":[{"href":"https:\/\/all-car-news.com\/de\/wp-json\/wp\/v2\/media?parent=151417"}],"wp:term":[{"taxonomy":"category","embeddable":true,"href":"https:\/\/all-car-news.com\/de\/wp-json\/wp\/v2\/categories?post=151417"},{"taxonomy":"post_tag","embeddable":true,"href":"https:\/\/all-car-news.com\/de\/wp-json\/wp\/v2\/tags?post=151417"}],"curies":[{"name":"wp","href":"https:\/\/api.w.org\/{rel}","templated":true}]}}