{"id":151302,"date":"2025-01-08T08:40:38","date_gmt":"2025-01-08T08:40:38","guid":{"rendered":"https:\/\/all-car-news.com\/radikale-evs-honda-0-limousine-und-honda-0-suv\/"},"modified":"2025-01-08T08:40:38","modified_gmt":"2025-01-08T08:40:38","slug":"radikale-evs-honda-0-limousine-und-honda-0-suv","status":"publish","type":"post","link":"https:\/\/all-car-news.com\/de\/radikale-evs-honda-0-limousine-und-honda-0-suv\/","title":{"rendered":"Radikale EVs: Honda 0 Limousine und Honda 0 SUV"},"content":{"rendered":"<h2>&nbsp;Honda 0 Limousine<\/h2>\n<p>Produktionsreif &#8211; so kann man die Konzeptmodelle von Honda getrost bezeichnen. Der Prototyp der Honda 0 Limousine wurde daher in Vorbereitung auf seine Markteinf\u00fchrung im Jahr 2026 entwickelt. Der Prototyp beh\u00e4lt das exakte Design des Konzeptmodells bei. Sowohl die niedrige H\u00f6he als auch das sportliche Styling unterscheiden die Limousine von anderen Elektroautos. Laut Honda ist der Innenraum ger\u00e4umiger, als man aufgrund der \u00e4u\u00dferen Abmessungen erwarten w\u00fcrde.   <\/p>\n<p>Die Honda 0 Limousine, das Flaggschiffmodell der Honda 0 Serie, wird auf der neu entwickelten EV-Architektur basieren. Das Auto wurde nach der Philosophie &#8218;Thin, Light and Wise&#8216; entwickelt. <\/p>\n<p>Auf der CES 2025 konzentriert sich Honda auf die Einf\u00fchrung bestimmter Technologien und Funktionen, die zum &#8222;Wise&#8220;-Wert der Honda 0 Limousine beitragen. Dazu geh\u00f6ren die zuverl\u00e4ssige Technologie des automatisierten Fahrens der Stufe 3, die Honda als erster Hersteller der Welt in die Praxis umsetzt, und die &#8222;hochgradig personalisierte Optimierung&#8220;, die durch ASIMO OS ein ma\u00dfgeschneidertes Mobilit\u00e4tserlebnis f\u00fcr jeden einzelnen Nutzer erm\u00f6glicht.  Dazu sp\u00e4ter mehr.<\/p>\n<p>&nbsp;Es ist geplant, das Serienmodell der Honda 0 Limousine im Jahr 2026 zun\u00e4chst auf dem nordamerikanischen Markt einzuf\u00fchren und dann auf M\u00e4rkten in aller Welt, einschlie\u00dflich Japan und Europa.&nbsp;<\/p>\n<figure class=\"wp-block-image size-content\"><img decoding=\"async\" loading=\"lazy\" width=\"1140\" height=\"760\" src=\"https:\/\/autorai.nl\/wp-content\/uploads\/2025\/01\/525398_Honda_Presents_World_Premiere_of_Honda_0_Saloon_and_Honda_0_SUV_Prototypes-1140x760.jpg\" alt=\"Honda 0 Limousine\" class=\"wp-image-191899\"><\/figure>\n<h2>&nbsp;Honda 0 SUV<\/h2>\n<p>Bei dem Honda 0 SUV handelt es sich um einen mittelgro\u00dfen Elektro-SUV. Durch die Anwendung des &#8222;Thin, Light, and Wise&#8220;-Ansatzes auf einen SUV wurde der Innenraum weiter vergr\u00f6\u00dfert und eine ger\u00e4umige Kabine geschaffen. Zus\u00e4tzlich zu seiner breiten Palette an Technologien wird der Honda 0 SUV eine hochpr\u00e4zise Orientierungssch\u00e4tzung und Stabilisierungskontrolle verwenden. Diese basiert auf 3D-Gyrosensoren, einer Technologie, mit der Honda durch die Entwicklung seiner urspr\u00fcnglichen Robotertechnologien Erfahrungen gesammelt hat, um dem Fahrer eine Dynamik zu bieten, die er auf verschiedenen Stra\u00dfenbel\u00e4gen bevorzugt.   <\/p>\n<p>&nbsp;Es ist geplant, das Serienmodell des Honda 0 SUV in der ersten H\u00e4lfte des Jahres 2026 zun\u00e4chst auf dem nordamerikanischen Markt einzuf\u00fchren und dann auf M\u00e4rkten in aller Welt, einschlie\u00dflich Japan und Europa.&nbsp;<\/p>\n<figure class=\"wp-block-image size-content\"><img decoding=\"async\" loading=\"lazy\" width=\"1140\" height=\"760\" src=\"https:\/\/autorai.nl\/wp-content\/uploads\/2025\/01\/525402_Honda_Presents_World_Premiere_of_Honda_0_Saloon_and_Honda_0_SUV_Prototypes-1140x760.jpg\" alt=\"Honda 0 Limousine\" class=\"wp-image-191903\"><\/figure>\n<h2>Honda ASIMO OS: ein neues Betriebssystem<\/h2>\n<p>&nbsp;Die Modelle der Honda 0er Serie werden mit ASIMO OS, einem von Honda entwickelten Fahrzeugsteuerungssystem, ausgestattet sein. ASIMO war ein autonom fahrender humanoider Roboter, der im Rahmen der technologischen Grundlagenforschung von Honda mit dem Ziel entwickelt wurde, Menschen zu helfen, ohne die Gesellschaft zu st\u00f6ren. Honda begann 1986 mit der Forschung und Entwicklung von Robotern und stellte ASIMO im Jahr 2000 vor. In den 2000er und 2010er Jahren war er eine Ikone auf dem Gebiet der Robotik und wurde von Menschen auf der ganzen Welt geliebt.   <\/p>\n<p>Auch nachdem die Entwicklung von ASIMO abgeschlossen war, hat Honda seine Robotertechnologien weiterentwickelt. Dazu geh\u00f6ren Technologien zur Erkennung externer Umgebungen und Technologien zur autonomen Verhaltenssteuerung, die es ASIMO erm\u00f6glichen, die Absichten der Menschen um ihn herum zu verstehen.&nbsp;Durch die Kombination solcher Robotertechnologien mit fortschrittlichen Intelligenztechnologien f\u00fcr die Honda 0 Series will das Unternehmen einen einzigartigen Mehrwert f\u00fcr softwaredefinierte Fahrzeuge (SDVs) bieten. <\/p>\n<p>Die Softwareplattform ASIMO OS integriert die Steuerung elektronischer Steuerger\u00e4te (ECUs) f\u00fcr Fahrzeugsysteme wie automatisiertes Fahren\/erweiterte Fahrerassistenzsysteme (AD\/ADAS) und das Infotainmentsystem (IVI) im Fahrzeug.<\/p>\n<h2>Over-the-Air-Updates<\/h2>\n<p>Durch die st\u00e4ndige Aktualisierung der Software im Fahrzeug \u00fcber OTA (Over-the-Air)-Updates, auch nach dem Kauf des Fahrzeugs, werden die Funktionen und Dienste auf der Grundlage der Vorlieben und Bed\u00fcrfnisse jedes Nutzers kontinuierlich verbessert. Zu den Funktionen und Diensten, die st\u00e4ndig aktualisiert werden, geh\u00f6ren Funktionen, die den Wert des &#8222;Raums&#8220; und das digitale Nutzererlebnis verbessern, indem sie ein angenehmes und komfortables Mobilit\u00e4tserlebnis bieten. Einzigartig bei Honda ist auch die integrierte Steuerung der Dynamik, die das Fahrvergn\u00fcgen bestimmt. Dadurch hat der Fahrer das Gef\u00fchl, eins mit dem Fahrzeug zu sein.   <\/p>\n<div class=\"galery galery-0\">\n<figure>\n\t\t\t\t\t<span style=\"cursor: pointer\" data-src=\"https:\/\/autorai.nl\/wp-content\/uploads\/2025\/01\/525402_Honda_Presents_World_Premiere_of_Honda_0_Saloon_and_Honda_0_SUV_Prototypes-1600x1067.jpg\" data-fancybox=\"galery-0\" title=\"Honda pr\u00e4sentiert Weltpremiere der Prototypen der Honda 0 Limousine und des Honda 0 SUV auf der CES 2025 - zusammen mit ASIMO OS, einem Original-Fahrzeugbetriebssystem von Honda\"><br \/>\n\t\t\t\t\t\t\t<img decoding=\"async\" width=\"360\" height=\"270\" src=\"https:\/\/autorai.nl\/wp-content\/uploads\/2025\/01\/525402_Honda_Presents_World_Premiere_of_Honda_0_Saloon_and_Honda_0_SUV_Prototypes-360x270.jpg\" class=\"attachment-small size-small\" alt=\"Honda 0 Limousine\" loading=\"lazy\"><i class=\"fa fa-search-plus\" aria-hidden=\"true\"><\/i><br \/>\n\t\t\t\t\t\t<\/span><br \/>\n\t\t\t\t\t<\/figure>\n<figure>\n\t\t\t\t\t<span style=\"cursor: pointer\" data-src=\"https:\/\/autorai.nl\/wp-content\/uploads\/2025\/01\/525401_Honda_Presents_World_Premiere_of_Honda_0_Saloon_and_Honda_0_SUV_Prototypes-1600x1067.jpg\" data-fancybox=\"galery-0\" title=\"Honda pr\u00e4sentiert Weltpremiere der Prototypen der Honda 0 Limousine und des Honda 0 SUV auf der CES 2025 - zusammen mit ASIMO OS, einem Original-Fahrzeugbetriebssystem von Honda\"><br \/>\n\t\t\t\t\t\t\t<img decoding=\"async\" width=\"360\" height=\"270\" src=\"https:\/\/autorai.nl\/wp-content\/uploads\/2025\/01\/525401_Honda_Presents_World_Premiere_of_Honda_0_Saloon_and_Honda_0_SUV_Prototypes-360x270.jpg\" class=\"attachment-small size-small\" alt=\"Honda 0 SUV\" loading=\"lazy\"><i class=\"fa fa-search-plus\" aria-hidden=\"true\"><\/i><br \/>\n\t\t\t\t\t\t<\/span><br \/>\n\t\t\t\t\t<\/figure>\n<figure>\n\t\t\t\t\t<span style=\"cursor: pointer\" data-src=\"https:\/\/autorai.nl\/wp-content\/uploads\/2025\/01\/525400_Honda_Presents_World_Premiere_of_Honda_0_Saloon_and_Honda_0_SUV_Prototypes-1600x1067.jpg\" data-fancybox=\"galery-0\" title=\"Honda pr\u00e4sentiert Weltpremiere der Prototypen der Honda 0 Limousine und des Honda 0 SUV auf der CES 2025 - zusammen mit ASIMO OS, einem Original-Fahrzeugbetriebssystem von Honda\"><br \/>\n\t\t\t\t\t\t\t<img decoding=\"async\" width=\"360\" height=\"270\" src=\"https:\/\/autorai.nl\/wp-content\/uploads\/2025\/01\/525400_Honda_Presents_World_Premiere_of_Honda_0_Saloon_and_Honda_0_SUV_Prototypes-360x270.jpg\" class=\"attachment-small size-small\" alt=\"\" loading=\"lazy\"><i class=\"fa fa-search-plus\" aria-hidden=\"true\"><\/i><br \/>\n\t\t\t\t\t\t<\/span><br \/>\n\t\t\t\t\t<\/figure>\n<figure>\n\t\t\t\t\t<span style=\"cursor: pointer\" data-src=\"https:\/\/autorai.nl\/wp-content\/uploads\/2025\/01\/525399_Honda_Presents_World_Premiere_of_Honda_0_Saloon_and_Honda_0_SUV_Prototypes-1600x1067.jpg\" data-fancybox=\"galery-0\" title=\"Honda pr\u00e4sentiert Weltpremiere der Prototypen der Honda 0 Limousine und des Honda 0 SUV auf der CES 2025 - zusammen mit ASIMO OS, einem Original-Fahrzeugbetriebssystem von Honda\"><br \/>\n\t\t\t\t\t\t\t<img decoding=\"async\" width=\"360\" height=\"270\" src=\"https:\/\/autorai.nl\/wp-content\/uploads\/2025\/01\/525399_Honda_Presents_World_Premiere_of_Honda_0_Saloon_and_Honda_0_SUV_Prototypes-360x270.jpg\" class=\"attachment-small size-small\" alt=\"\" loading=\"lazy\"><i class=\"fa fa-search-plus\" aria-hidden=\"true\"><\/i><br \/>\n\t\t\t\t\t\t<\/span><br \/>\n\t\t\t\t\t<\/figure>\n<figure>\n\t\t\t\t\t<span style=\"cursor: pointer\" data-src=\"https:\/\/autorai.nl\/wp-content\/uploads\/2025\/01\/525398_Honda_Presents_World_Premiere_of_Honda_0_Saloon_and_Honda_0_SUV_Prototypes-1600x1067.jpg\" data-fancybox=\"galery-0\" title=\"Honda pr\u00e4sentiert Weltpremiere der Prototypen der Honda 0 Limousine und des Honda 0 SUV auf der CES 2025 - zusammen mit ASIMO OS, einem Original-Fahrzeugbetriebssystem von Honda\"><br \/>\n\t\t\t\t\t\t\t<img decoding=\"async\" width=\"360\" height=\"270\" src=\"https:\/\/autorai.nl\/wp-content\/uploads\/2025\/01\/525398_Honda_Presents_World_Premiere_of_Honda_0_Saloon_and_Honda_0_SUV_Prototypes-360x270.jpg\" class=\"attachment-small size-small\" alt=\"Honda 0 Limousine\" loading=\"lazy\"><i class=\"fa fa-search-plus\" aria-hidden=\"true\"><\/i><br \/>\n\t\t\t\t\t\t<\/span><br \/>\n\t\t\t\t\t<\/figure>\n<figure>\n\t\t\t\t\t<span style=\"cursor: pointer\" data-src=\"https:\/\/autorai.nl\/wp-content\/uploads\/2025\/01\/525397_Honda_Presents_World_Premiere_of_Honda_0_Saloon_and_Honda_0_SUV_Prototypes-1600x1067.jpg\" data-fancybox=\"galery-0\" title=\"Honda pr\u00e4sentiert Weltpremiere der Prototypen der Honda 0 Limousine und des Honda 0 SUV auf der CES 2025 - zusammen mit ASIMO OS, einem Original-Fahrzeugbetriebssystem von Honda\"><br \/>\n\t\t\t\t\t\t\t<img decoding=\"async\" width=\"360\" height=\"270\" src=\"https:\/\/autorai.nl\/wp-content\/uploads\/2025\/01\/525397_Honda_Presents_World_Premiere_of_Honda_0_Saloon_and_Honda_0_SUV_Prototypes-360x270.jpg\" class=\"attachment-small size-small\" alt=\"\" loading=\"lazy\"><i class=\"fa fa-search-plus\" aria-hidden=\"true\"><\/i><br \/>\n\t\t\t\t\t\t<\/span><br \/>\n\t\t\t\t\t<\/figure>\n<figure>\n\t\t\t\t\t<span style=\"cursor: pointer\" data-src=\"https:\/\/autorai.nl\/wp-content\/uploads\/2025\/01\/525396_Honda_Presents_World_Premiere_of_Honda_0_Saloon_and_Honda_0_SUV_Prototypes-1600x1067.jpg\" data-fancybox=\"galery-0\" title=\"Honda pr\u00e4sentiert Weltpremiere der Prototypen der Honda 0 Limousine und des Honda 0 SUV auf der CES 2025 - zusammen mit ASIMO OS, einem Original-Fahrzeugbetriebssystem von Honda\"><br \/>\n\t\t\t\t\t\t\t<img decoding=\"async\" width=\"360\" height=\"270\" src=\"https:\/\/autorai.nl\/wp-content\/uploads\/2025\/01\/525396_Honda_Presents_World_Premiere_of_Honda_0_Saloon_and_Honda_0_SUV_Prototypes-360x270.jpg\" class=\"attachment-small size-small\" alt=\"\" loading=\"lazy\"><i class=\"fa fa-search-plus\" aria-hidden=\"true\"><\/i><br \/>\n\t\t\t\t\t\t<\/span><br \/>\n\t\t\t\t\t<\/figure>\n<figure>\n\t\t\t\t\t<span style=\"cursor: pointer\" data-src=\"https:\/\/autorai.nl\/wp-content\/uploads\/2025\/01\/525395_Honda_Presents_World_Premiere_of_Honda_0_Saloon_and_Honda_0_SUV_Prototypes-1600x1067.jpg\" data-fancybox=\"galery-0\" title=\"Honda pr\u00e4sentiert Weltpremiere der Prototypen der Honda 0 Limousine und des Honda 0 SUV auf der CES 2025 - zusammen mit ASIMO OS, einem Original-Fahrzeugbetriebssystem von Honda\"><br \/>\n\t\t\t\t\t\t\t<img decoding=\"async\" width=\"360\" height=\"270\" src=\"https:\/\/autorai.nl\/wp-content\/uploads\/2025\/01\/525395_Honda_Presents_World_Premiere_of_Honda_0_Saloon_and_Honda_0_SUV_Prototypes-360x270.jpg\" class=\"attachment-small size-small\" alt=\"\" loading=\"lazy\"><i class=\"fa fa-search-plus\" aria-hidden=\"true\"><\/i><br \/>\n\t\t\t\t\t\t<\/span><br \/>\n\t\t\t\t\t<\/figure>\n<figure>\n\t\t\t\t\t<span style=\"cursor: pointer\" data-src=\"https:\/\/autorai.nl\/wp-content\/uploads\/2025\/01\/525394_Honda_Presents_World_Premiere_of_Honda_0_Saloon_and_Honda_0_SUV_Prototypes-1600x900.jpg\" data-fancybox=\"galery-0\" title=\"Honda pr\u00e4sentiert Weltpremiere der Prototypen der Honda 0 Limousine und des Honda 0 SUV auf der CES 2025 - zusammen mit ASIMO OS, einem Original-Fahrzeugbetriebssystem von Honda\"><br \/>\n\t\t\t\t\t\t\t<img decoding=\"async\" width=\"360\" height=\"270\" src=\"https:\/\/autorai.nl\/wp-content\/uploads\/2025\/01\/525394_Honda_Presents_World_Premiere_of_Honda_0_Saloon_and_Honda_0_SUV_Prototypes-360x270.jpg\" class=\"attachment-small size-small\" alt=\"\" loading=\"lazy\"><i class=\"fa fa-search-plus\" aria-hidden=\"true\"><\/i><br \/>\n\t\t\t\t\t\t<\/span><br \/>\n\t\t\t\t\t<\/figure>\n<figure>\n\t\t\t\t\t<span style=\"cursor: pointer\" data-src=\"https:\/\/autorai.nl\/wp-content\/uploads\/2025\/01\/525393_Honda_Presents_World_Premiere_of_Honda_0_Saloon_and_Honda_0_SUV_Prototypes-1600x900.jpg\" data-fancybox=\"galery-0\" title=\"Honda pr\u00e4sentiert Weltpremiere der Prototypen der Honda 0 Limousine und des Honda 0 SUV auf der CES 2025 - zusammen mit ASIMO OS, einem Original-Fahrzeugbetriebssystem von Honda\"><br \/>\n\t\t\t\t\t\t\t<img decoding=\"async\" width=\"360\" height=\"270\" src=\"https:\/\/autorai.nl\/wp-content\/uploads\/2025\/01\/525393_Honda_Presents_World_Premiere_of_Honda_0_Saloon_and_Honda_0_SUV_Prototypes-360x270.jpg\" class=\"attachment-small size-small\" alt=\"\" loading=\"lazy\"><i class=\"fa fa-search-plus\" aria-hidden=\"true\"><\/i><br \/>\n\t\t\t\t\t\t<\/span><br \/>\n\t\t\t\t\t<\/figure>\n<div class=\"clear\"><\/div>\n<\/div>\n","protected":false},"excerpt":{"rendered":"&nbsp;Honda 0 Saloon Serienreif - so lassen sich die Konzeptmodelle von Honda sicher beschreiben. Der Prototyp des Honda 0 Saloon&hellip;","protected":false},"author":0,"featured_media":151289,"comment_status":"","ping_status":"open","sticky":false,"template":"","format":"standard","meta":{"footnotes":""},"categories":[125],"tags":[],"class_list":["post-151302","post","type-post","status-publish","format-standard","has-post-thumbnail","hentry","category-auto-nachrichten"],"acf":[],"yoast_head":"<!-- This site is optimized with the Yoast SEO plugin v21.2 - https:\/\/yoast.com\/wordpress\/plugins\/seo\/ -->\n<title>Radikale EVs: Honda 0 Limousine und Honda 0 SUV - All cars news<\/title>\n<meta name=\"robots\" content=\"index, follow, max-snippet:-1, max-image-preview:large, max-video-preview:-1\" \/>\n<link rel=\"canonical\" href=\"https:\/\/all-car-news.com\/de\/radikale-evs-honda-0-limousine-und-honda-0-suv\/\" \/>\n<meta property=\"og:locale\" content=\"de_DE\" \/>\n<meta property=\"og:type\" content=\"article\" \/>\n<meta property=\"og:title\" content=\"Radikale EVs: Honda 0 Limousine und Honda 0 SUV - All cars news\" \/>\n<meta property=\"og:description\" content=\"&nbsp;Honda 0 Saloon Serienreif - so lassen sich die Konzeptmodelle von Honda sicher beschreiben. Der Prototyp des Honda 0 Saloon wurde in Vorbereitung auf seine Markteinf\u00fchrung im Jahr 2026 entwickelt. Der Prototyp beh\u00e4lt das exakte Design des Konzeptmodells bei. Sowohl die niedrige H\u00f6he als auch das sportliche Styling heben die Limousine von anderen elektrischen [...]\" \/>\n<meta property=\"og:url\" content=\"https:\/\/all-car-news.com\/de\/radikale-evs-honda-0-limousine-und-honda-0-suv\/\" \/>\n<meta property=\"og:site_name\" content=\"All cars news\" \/>\n<meta property=\"article:published_time\" content=\"2025-01-08T08:40:38+00:00\" \/>\n<meta property=\"og:image\" content=\"https:\/\/autorai.nl\/wp-content\/uploads\/2025\/01\/525398_Honda_Presents_World_Premiere_of_Honda_0_Saloon_and_Honda_0_SUV_Prototypes-1140x760.jpg\" \/>\n<meta name=\"twitter:card\" content=\"summary_large_image\" \/>\n<meta name=\"twitter:label1\" content=\"Gesch\u00e4tzte Lesezeit\" \/>\n\t<meta name=\"twitter:data1\" content=\"3\u00a0Minuten\" \/>\n<script type=\"application\/ld+json\" class=\"yoast-schema-graph\">{\"@context\":\"https:\/\/schema.org\",\"@graph\":[{\"@type\":\"Article\",\"@id\":\"https:\/\/all-car-news.com\/de\/radikale-evs-honda-0-limousine-und-honda-0-suv\/#article\",\"isPartOf\":{\"@id\":\"https:\/\/all-car-news.com\/de\/radikale-evs-honda-0-limousine-und-honda-0-suv\/\"},\"author\":{\"name\":\"\",\"@id\":\"\"},\"headline\":\"Radikale EVs: Honda 0 Limousine und Honda 0 SUV\",\"datePublished\":\"2025-01-08T08:40:38+00:00\",\"dateModified\":\"2025-01-08T08:40:38+00:00\",\"mainEntityOfPage\":{\"@id\":\"https:\/\/all-car-news.com\/de\/radikale-evs-honda-0-limousine-und-honda-0-suv\/\"},\"wordCount\":622,\"publisher\":{\"@id\":\"https:\/\/all-car-news.com\/de\/#organization\"},\"articleSection\":[\"Auto Nachrichten\"],\"inLanguage\":\"de\"},{\"@type\":\"WebPage\",\"@id\":\"https:\/\/all-car-news.com\/de\/radikale-evs-honda-0-limousine-und-honda-0-suv\/\",\"url\":\"https:\/\/all-car-news.com\/de\/radikale-evs-honda-0-limousine-und-honda-0-suv\/\",\"name\":\"Radikale EVs: Honda 0 Limousine und Honda 0 SUV - All cars news\",\"isPartOf\":{\"@id\":\"https:\/\/all-car-news.com\/de\/#website\"},\"datePublished\":\"2025-01-08T08:40:38+00:00\",\"dateModified\":\"2025-01-08T08:40:38+00:00\",\"breadcrumb\":{\"@id\":\"https:\/\/all-car-news.com\/de\/radikale-evs-honda-0-limousine-und-honda-0-suv\/#breadcrumb\"},\"inLanguage\":\"de\",\"potentialAction\":[{\"@type\":\"ReadAction\",\"target\":[\"https:\/\/all-car-news.com\/de\/radikale-evs-honda-0-limousine-und-honda-0-suv\/\"]}]},{\"@type\":\"BreadcrumbList\",\"@id\":\"https:\/\/all-car-news.com\/de\/radikale-evs-honda-0-limousine-und-honda-0-suv\/#breadcrumb\",\"itemListElement\":[{\"@type\":\"ListItem\",\"position\":1,\"name\":\"Home\",\"item\":\"https:\/\/all-car-news.com\/de\/\"},{\"@type\":\"ListItem\",\"position\":2,\"name\":\"Radikale EVs: Honda 0 Limousine und Honda 0 SUV\"}]},{\"@type\":\"WebSite\",\"@id\":\"https:\/\/all-car-news.com\/de\/#website\",\"url\":\"https:\/\/all-car-news.com\/de\/\",\"name\":\"All cars news\",\"description\":\"\",\"publisher\":{\"@id\":\"https:\/\/all-car-news.com\/de\/#organization\"},\"potentialAction\":[{\"@type\":\"SearchAction\",\"target\":{\"@type\":\"EntryPoint\",\"urlTemplate\":\"https:\/\/all-car-news.com\/de\/?s={search_term_string}\"},\"query-input\":\"required name=search_term_string\"}],\"inLanguage\":\"de\"},{\"@type\":\"Organization\",\"@id\":\"https:\/\/all-car-news.com\/de\/#organization\",\"name\":\"All cars news\",\"url\":\"https:\/\/all-car-news.com\/de\/\",\"logo\":{\"@type\":\"ImageObject\",\"inLanguage\":\"de\",\"@id\":\"https:\/\/all-car-news.com\/de\/#\/schema\/logo\/image\/\",\"url\":\"https:\/\/all-car-news.com\/wp-content\/uploads\/2022\/02\/CMYK-AllCarNews_LANDSCAPE_300px-1.png\",\"contentUrl\":\"https:\/\/all-car-news.com\/wp-content\/uploads\/2022\/02\/CMYK-AllCarNews_LANDSCAPE_300px-1.png\",\"width\":300,\"height\":100,\"caption\":\"All cars news\"},\"image\":{\"@id\":\"https:\/\/all-car-news.com\/de\/#\/schema\/logo\/image\/\"}}]}<\/script>\n<!-- \/ Yoast SEO plugin. -->","yoast_head_json":{"title":"Radikale EVs: Honda 0 Limousine und Honda 0 SUV - All cars news","robots":{"index":"index","follow":"follow","max-snippet":"max-snippet:-1","max-image-preview":"max-image-preview:large","max-video-preview":"max-video-preview:-1"},"canonical":"https:\/\/all-car-news.com\/de\/radikale-evs-honda-0-limousine-und-honda-0-suv\/","og_locale":"de_DE","og_type":"article","og_title":"Radikale EVs: Honda 0 Limousine und Honda 0 SUV - All cars news","og_description":"&nbsp;Honda 0 Saloon Serienreif - so lassen sich die Konzeptmodelle von Honda sicher beschreiben. Der Prototyp des Honda 0 Saloon wurde in Vorbereitung auf seine Markteinf\u00fchrung im Jahr 2026 entwickelt. Der Prototyp beh\u00e4lt das exakte Design des Konzeptmodells bei. Sowohl die niedrige H\u00f6he als auch das sportliche Styling heben die Limousine von anderen elektrischen [...]","og_url":"https:\/\/all-car-news.com\/de\/radikale-evs-honda-0-limousine-und-honda-0-suv\/","og_site_name":"All cars news","article_published_time":"2025-01-08T08:40:38+00:00","og_image":[{"url":"https:\/\/autorai.nl\/wp-content\/uploads\/2025\/01\/525398_Honda_Presents_World_Premiere_of_Honda_0_Saloon_and_Honda_0_SUV_Prototypes-1140x760.jpg"}],"twitter_card":"summary_large_image","twitter_misc":{"Gesch\u00e4tzte Lesezeit":"3\u00a0Minuten"},"schema":{"@context":"https:\/\/schema.org","@graph":[{"@type":"Article","@id":"https:\/\/all-car-news.com\/de\/radikale-evs-honda-0-limousine-und-honda-0-suv\/#article","isPartOf":{"@id":"https:\/\/all-car-news.com\/de\/radikale-evs-honda-0-limousine-und-honda-0-suv\/"},"author":{"name":"","@id":""},"headline":"Radikale EVs: Honda 0 Limousine und Honda 0 SUV","datePublished":"2025-01-08T08:40:38+00:00","dateModified":"2025-01-08T08:40:38+00:00","mainEntityOfPage":{"@id":"https:\/\/all-car-news.com\/de\/radikale-evs-honda-0-limousine-und-honda-0-suv\/"},"wordCount":622,"publisher":{"@id":"https:\/\/all-car-news.com\/de\/#organization"},"articleSection":["Auto Nachrichten"],"inLanguage":"de"},{"@type":"WebPage","@id":"https:\/\/all-car-news.com\/de\/radikale-evs-honda-0-limousine-und-honda-0-suv\/","url":"https:\/\/all-car-news.com\/de\/radikale-evs-honda-0-limousine-und-honda-0-suv\/","name":"Radikale EVs: Honda 0 Limousine und Honda 0 SUV - All cars news","isPartOf":{"@id":"https:\/\/all-car-news.com\/de\/#website"},"datePublished":"2025-01-08T08:40:38+00:00","dateModified":"2025-01-08T08:40:38+00:00","breadcrumb":{"@id":"https:\/\/all-car-news.com\/de\/radikale-evs-honda-0-limousine-und-honda-0-suv\/#breadcrumb"},"inLanguage":"de","potentialAction":[{"@type":"ReadAction","target":["https:\/\/all-car-news.com\/de\/radikale-evs-honda-0-limousine-und-honda-0-suv\/"]}]},{"@type":"BreadcrumbList","@id":"https:\/\/all-car-news.com\/de\/radikale-evs-honda-0-limousine-und-honda-0-suv\/#breadcrumb","itemListElement":[{"@type":"ListItem","position":1,"name":"Home","item":"https:\/\/all-car-news.com\/de\/"},{"@type":"ListItem","position":2,"name":"Radikale EVs: Honda 0 Limousine und Honda 0 SUV"}]},{"@type":"WebSite","@id":"https:\/\/all-car-news.com\/de\/#website","url":"https:\/\/all-car-news.com\/de\/","name":"All cars news","description":"","publisher":{"@id":"https:\/\/all-car-news.com\/de\/#organization"},"potentialAction":[{"@type":"SearchAction","target":{"@type":"EntryPoint","urlTemplate":"https:\/\/all-car-news.com\/de\/?s={search_term_string}"},"query-input":"required name=search_term_string"}],"inLanguage":"de"},{"@type":"Organization","@id":"https:\/\/all-car-news.com\/de\/#organization","name":"All cars news","url":"https:\/\/all-car-news.com\/de\/","logo":{"@type":"ImageObject","inLanguage":"de","@id":"https:\/\/all-car-news.com\/de\/#\/schema\/logo\/image\/","url":"https:\/\/all-car-news.com\/wp-content\/uploads\/2022\/02\/CMYK-AllCarNews_LANDSCAPE_300px-1.png","contentUrl":"https:\/\/all-car-news.com\/wp-content\/uploads\/2022\/02\/CMYK-AllCarNews_LANDSCAPE_300px-1.png","width":300,"height":100,"caption":"All cars news"},"image":{"@id":"https:\/\/all-car-news.com\/de\/#\/schema\/logo\/image\/"}}]}},"_links":{"self":[{"href":"https:\/\/all-car-news.com\/de\/wp-json\/wp\/v2\/posts\/151302","targetHints":{"allow":["GET"]}}],"collection":[{"href":"https:\/\/all-car-news.com\/de\/wp-json\/wp\/v2\/posts"}],"about":[{"href":"https:\/\/all-car-news.com\/de\/wp-json\/wp\/v2\/types\/post"}],"replies":[{"embeddable":true,"href":"https:\/\/all-car-news.com\/de\/wp-json\/wp\/v2\/comments?post=151302"}],"version-history":[{"count":0,"href":"https:\/\/all-car-news.com\/de\/wp-json\/wp\/v2\/posts\/151302\/revisions"}],"wp:featuredmedia":[{"embeddable":true,"href":"https:\/\/all-car-news.com\/de\/wp-json\/wp\/v2\/media\/151289"}],"wp:attachment":[{"href":"https:\/\/all-car-news.com\/de\/wp-json\/wp\/v2\/media?parent=151302"}],"wp:term":[{"taxonomy":"category","embeddable":true,"href":"https:\/\/all-car-news.com\/de\/wp-json\/wp\/v2\/categories?post=151302"},{"taxonomy":"post_tag","embeddable":true,"href":"https:\/\/all-car-news.com\/de\/wp-json\/wp\/v2\/tags?post=151302"}],"curies":[{"name":"wp","href":"https:\/\/api.w.org\/{rel}","templated":true}]}}