{"id":150717,"date":"2024-12-13T15:00:00","date_gmt":"2024-12-13T15:00:00","guid":{"rendered":"https:\/\/all-car-news.com\/gesichtet-ein-hyundai-palisade\/"},"modified":"2024-12-13T15:00:00","modified_gmt":"2024-12-13T15:00:00","slug":"gesichtet-ein-hyundai-palisade","status":"publish","type":"post","link":"https:\/\/all-car-news.com\/de\/gesichtet-ein-hyundai-palisade\/","title":{"rendered":"Gesichtet: ein Hyundai Palisade"},"content":{"rendered":"<h2><strong>Das gefleckte Exemplar<\/strong><\/h2>\n<p>Hier in Europa war der Hyundai Santa Fe schon immer das gr\u00f6\u00dfte Modell der Marke. Das war auch in anderen Teilen der Welt lange Zeit so, bis der 2019 Hyundai Palisade erschien. Dieses Modell wurde nie in Europa ausgeliefert, aber wir haben es in der niederl\u00e4ndischen Stadt Wassenaar entdeckt. Dort sieht man oft ungew\u00f6hnliche Importmodelle, da dort viele Botschaftsmitarbeiter leben.   <\/p>\n<p>Diese Geschichte trifft auch auf diesen Palisade zu. Das Auto hat BN-Kennzeichen. Das sind Nummernschilder f\u00fcr nicht-diplomatisches Botschaftspersonal oder Personen mit \u00e4hnlichem Status. Ein solches BN-Kennzeichen kann bei der RDW nicht \u00fcberpr\u00fcft werden, so dass wir nicht mehr \u00fcber dieses spezielle Exemplar wissen, als auf den Fotos zu sehen ist. Wir k\u00f6nnen jedoch ein wenig mehr \u00fcber den Palisade im Allgemeinen sagen.    <\/p>\n<div class=\"galery galery-0\">\n<figure>\n\t\t\t\t\t<span style=\"cursor: pointer\" data-src=\"https:\/\/autorai.nl\/wp-content\/uploads\/2024\/12\/AutoRAI-Gespot-Hyundai-Palisade-1-1600x1200.jpg\" data-fancybox=\"galery-0\" title=\"\"><br \/>\n\t\t\t\t\t\t\t<img decoding=\"async\" width=\"360\" height=\"270\" src=\"https:\/\/autorai.nl\/wp-content\/uploads\/2024\/12\/AutoRAI-Gespot-Hyundai-Palisade-1-360x270.jpg\" class=\"attachment-small size-small\" alt=\"\" loading=\"lazy\"><i class=\"fa fa-search-plus\" aria-hidden=\"true\"><\/i><br \/>\n\t\t\t\t\t\t<\/span><br \/>\n\t\t\t\t\t<\/figure>\n<figure>\n\t\t\t\t\t<span style=\"cursor: pointer\" data-src=\"https:\/\/autorai.nl\/wp-content\/uploads\/2024\/12\/AutoRAI-Gespot-Hyundai-Palisade-2-1600x1200.jpg\" data-fancybox=\"galery-0\" title=\"\"><br \/>\n\t\t\t\t\t\t\t<img decoding=\"async\" width=\"360\" height=\"270\" src=\"https:\/\/autorai.nl\/wp-content\/uploads\/2024\/12\/AutoRAI-Gespot-Hyundai-Palisade-2-360x270.jpg\" class=\"attachment-small size-small\" alt=\"\" loading=\"lazy\"><i class=\"fa fa-search-plus\" aria-hidden=\"true\"><\/i><br \/>\n\t\t\t\t\t\t<\/span><br \/>\n\t\t\t\t\t<\/figure>\n<div class=\"clear\"><\/div>\n<\/div>\n<h2><strong>Der Hyundai Palisade<\/strong><\/h2>\n<p>Der Hyundai Palisade wurde Ende 2018 vorgestellt und kam im Laufe des Jahres 2019 (f\u00fcr das Modelljahr 2020) auf den Markt. Das Auto zielt in erster Linie auf Nordamerika ab, ist aber auch in einigen anderen M\u00e4rkten erh\u00e4ltlich, darunter Australien, Russland und einige asiatische L\u00e4nder. Der Palisade ist haupts\u00e4chlich eine Erg\u00e4nzung am oberen Ende der SUV-Palette von Hyundai, aber auch ein Nachfolger der verl\u00e4ngerten Version des Santa Fe der dritten Generation. \u00dcbrigens ist eine &#8218;Palisade&#8216; eine Mauer aus oft h\u00f6lzernen Verteidigungspfosten oder eine Bezeichnung f\u00fcr hohe Klippen an der K\u00fcste.   <\/p>\n<h2><strong>Ozeane des Weltraums<\/strong><\/h2>\n<p>Je nachdem, was Sie auf der Optionsliste ankreuzen, bietet der Hyundai Palisade Platz f\u00fcr bis zu acht Insassen. Wenn sieben Sitze ausreichen, werden die R\u00fccksitze der zweiten Sitzreihe durch zwei separate Kapit\u00e4nssessel ersetzt. Da der Wagen kaum f\u00fcnf Meter lang ist, verbleiben selbst bei Verwendung der dritten Sitzreihe gro\u00dfz\u00fcgige 595 Liter Kofferraumvolumen. Wenn beide R\u00fccksitze umgeklappt sind, passen satte 2.464 Liter in den Fond.   <\/p>\n<div class=\"galery shuffle galery-1\">\n<figure>\n\t\t\t\t\t<span style=\"cursor: pointer\" data-src=\"https:\/\/autorai.nl\/wp-content\/uploads\/2024\/12\/Hyundai-Palisade-1-1600x1200.jpg\" data-fancybox=\"galery-1\" title=\"\"><br \/>\n\t\t\t\t\t\t\t<img decoding=\"async\" width=\"640\" height=\"480\" src=\"https:\/\/autorai.nl\/wp-content\/uploads\/2024\/12\/Hyundai-Palisade-1-640x480.jpg\" class=\"attachment-medium size-medium\" alt=\"\" loading=\"lazy\"><i class=\"fa fa-search-plus\" aria-hidden=\"true\"><\/i><br \/>\n\t\t\t\t\t\t<\/span><br \/>\n\t\t\t\t\t<\/figure>\n<figure>\n\t\t\t\t\t<span style=\"cursor: pointer\" data-src=\"https:\/\/autorai.nl\/wp-content\/uploads\/2024\/12\/Hyundai-Palisade-2-1600x1200.jpg\" data-fancybox=\"galery-1\" title=\"\"><br \/>\n\t\t\t\t\t\t\t<img decoding=\"async\" width=\"360\" height=\"270\" src=\"https:\/\/autorai.nl\/wp-content\/uploads\/2024\/12\/Hyundai-Palisade-2-360x270.jpg\" class=\"attachment-small size-small\" alt=\"\" loading=\"lazy\"><i class=\"fa fa-search-plus\" aria-hidden=\"true\"><\/i><br \/>\n\t\t\t\t\t\t<\/span><br \/>\n\t\t\t\t\t<\/figure>\n<figure>\n\t\t\t\t\t<span style=\"cursor: pointer\" data-src=\"https:\/\/autorai.nl\/wp-content\/uploads\/2024\/12\/Hyundai-Palisade-3-1600x1200.jpg\" data-fancybox=\"galery-1\" title=\"\"><br \/>\n\t\t\t\t\t\t\t<img decoding=\"async\" width=\"360\" height=\"270\" src=\"https:\/\/autorai.nl\/wp-content\/uploads\/2024\/12\/Hyundai-Palisade-3-360x270.jpg\" class=\"attachment-small size-small\" alt=\"\" loading=\"lazy\"><i class=\"fa fa-search-plus\" aria-hidden=\"true\"><\/i><br \/>\n\t\t\t\t\t\t<\/span><br \/>\n\t\t\t\t\t<\/figure>\n<div class=\"clear\"><\/div>\n<\/div>\n<h2><strong>Motoren<\/strong><\/h2>\n<p>Aufgrund der Sidemarker auf den vorderen Kotfl\u00fcgeln nehmen wir f\u00fcr einen Moment an, dass das gesichtete Exemplar amerikanischer Herkunft ist. In diesem Fall steckt ohnehin der 3,8-Liter-V6-Benzinmotor mit 217 kW (295 PS) unter der Haube. Auf anderen M\u00e4rkten sind auch ein 3,5-Liter-V6-Benzinmotor (183 oder 204 kW (249 oder 277 PS)) und ein 2,2-Liter-Vierzylinder-Diesel mit 147 kW (200 PS) erh\u00e4ltlich. Alle Motoren sind mit einem Achtgang-Automatikgetriebe kombiniert. Sie haben jedoch weiterhin die Wahl zwischen Front- und Allradantrieb.    <\/p>\n<div class=\"galery shuffle galery-2\">\n<figure>\n\t\t\t\t\t<span style=\"cursor: pointer\" data-src=\"https:\/\/autorai.nl\/wp-content\/uploads\/2024\/12\/Hyundai-Palisade-4-1600x1200.jpg\" data-fancybox=\"galery-2\" title=\"\"><br \/>\n\t\t\t\t\t\t\t<img decoding=\"async\" width=\"640\" height=\"480\" src=\"https:\/\/autorai.nl\/wp-content\/uploads\/2024\/12\/Hyundai-Palisade-4-640x480.jpg\" class=\"attachment-medium size-medium\" alt=\"\" loading=\"lazy\"><i class=\"fa fa-search-plus\" aria-hidden=\"true\"><\/i><br \/>\n\t\t\t\t\t\t<\/span><br \/>\n\t\t\t\t\t<\/figure>\n<figure>\n\t\t\t\t\t<span style=\"cursor: pointer\" data-src=\"https:\/\/autorai.nl\/wp-content\/uploads\/2024\/12\/Hyundai-Palisade-5-1600x1200.jpg\" data-fancybox=\"galery-2\" title=\"\"><br \/>\n\t\t\t\t\t\t\t<img decoding=\"async\" width=\"360\" height=\"270\" src=\"https:\/\/autorai.nl\/wp-content\/uploads\/2024\/12\/Hyundai-Palisade-5-360x270.jpg\" class=\"attachment-small size-small\" alt=\"\" loading=\"lazy\"><i class=\"fa fa-search-plus\" aria-hidden=\"true\"><\/i><br \/>\n\t\t\t\t\t\t<\/span><br \/>\n\t\t\t\t\t<\/figure>\n<figure>\n\t\t\t\t\t<span style=\"cursor: pointer\" data-src=\"https:\/\/autorai.nl\/wp-content\/uploads\/2024\/12\/Hyundai-Palisade-6-1600x1200.jpg\" data-fancybox=\"galery-2\" title=\"\"><br \/>\n\t\t\t\t\t\t\t<img decoding=\"async\" width=\"360\" height=\"270\" src=\"https:\/\/autorai.nl\/wp-content\/uploads\/2024\/12\/Hyundai-Palisade-6-360x270.jpg\" class=\"attachment-small size-small\" alt=\"\" loading=\"lazy\"><i class=\"fa fa-search-plus\" aria-hidden=\"true\"><\/i><br \/>\n\t\t\t\t\t\t<\/span><br \/>\n\t\t\t\t\t<\/figure>\n<div class=\"clear\"><\/div>\n<\/div>\n<h2><strong>Neuerungen f\u00fcr den Hyundai Palisade<\/strong><\/h2>\n<p>F\u00fcr das Modelljahr 2023 war es bereits Zeit f\u00fcr ein Facelift, aber gr\u00f6\u00dfere \u00c4nderungen waren nicht n\u00f6tig. Optisch ist das Facelift-Modell vor allem an dem etwas strafferen K\u00fchlergrill zu erkennen. Im Innenraum wurden wie \u00fcblich ein paar Verbesserungen vorgenommen. Zuf\u00e4lligerweise wurde Anfang dieses Monats die v\u00f6llig neue zweite Generation des Hyundai Palisade vorgestellt. Dieses Modell wird n\u00e4chstes Jahr auf den Markt kommen (allerdings f\u00fcr das Modelljahr 2026) und hat ein auffallendes, sehr schnittiges Design.    <\/p>\n<h2><strong>Hyundai Palisade (nicht mehr) der gr\u00f6\u00dfte<\/strong><\/h2>\n<p>Obwohl die neue Generation des Hyundai Palisade mit einer L\u00e4nge von fast genau f\u00fcnf Metern wieder etwas l\u00e4nger ist als das erste Modell, wird der Palisade seinen Titel als gr\u00f6\u00dftes Hyundai-Modell bald wieder abgeben m\u00fcssen. Denn der <a href=\"https:\/\/autorai.nl\/in-detail-de-nieuwe-hyundai-ioniq-9\/\" target=\"_blank\" rel=\"noreferrer noopener\">Hyundai Ioniq 9<\/a>, der zum Modelljahr 2026 auch in den Niederlanden auf den Markt kommen wird, ist mit einer L\u00e4nge von 5,06 Metern noch einmal etwas gr\u00f6\u00dfer. <\/p>\n<div class=\"galery galery-3\">\n<figure>\n\t\t\t\t\t<span style=\"cursor: pointer\" data-src=\"https:\/\/autorai.nl\/wp-content\/uploads\/2024\/12\/Hyundai-Palisade-7-1600x1053.jpg\" data-fancybox=\"galery-3\" title=\"\"><br \/>\n\t\t\t\t\t\t\t<img decoding=\"async\" width=\"360\" height=\"270\" src=\"https:\/\/autorai.nl\/wp-content\/uploads\/2024\/12\/Hyundai-Palisade-7-360x270.jpg\" class=\"attachment-small size-small\" alt=\"\" loading=\"lazy\"><i class=\"fa fa-search-plus\" aria-hidden=\"true\"><\/i><br \/>\n\t\t\t\t\t\t<\/span><br \/>\n\t\t\t\t\t<\/figure>\n<figure>\n\t\t\t\t\t<span style=\"cursor: pointer\" data-src=\"https:\/\/autorai.nl\/wp-content\/uploads\/2024\/12\/Hyundai-Palisade-8-1600x1071.jpg\" data-fancybox=\"galery-3\" title=\"\"><br \/>\n\t\t\t\t\t\t\t<img decoding=\"async\" width=\"360\" height=\"270\" src=\"https:\/\/autorai.nl\/wp-content\/uploads\/2024\/12\/Hyundai-Palisade-8-360x270.jpg\" class=\"attachment-small size-small\" alt=\"\" loading=\"lazy\"><i class=\"fa fa-search-plus\" aria-hidden=\"true\"><\/i><br \/>\n\t\t\t\t\t\t<\/span><br \/>\n\t\t\t\t\t<\/figure>\n<figure>\n\t\t\t\t\t<span style=\"cursor: pointer\" data-src=\"https:\/\/autorai.nl\/wp-content\/uploads\/2024\/12\/Hyundai-Ioniq-9-1-1600x1200.jpg\" data-fancybox=\"galery-3\" title=\"\"><br \/>\n\t\t\t\t\t\t\t<img decoding=\"async\" width=\"360\" height=\"270\" src=\"https:\/\/autorai.nl\/wp-content\/uploads\/2024\/12\/Hyundai-Ioniq-9-1-360x270.jpg\" class=\"attachment-small size-small\" alt=\"\" loading=\"lazy\"><i class=\"fa fa-search-plus\" aria-hidden=\"true\"><\/i><br \/>\n\t\t\t\t\t\t<\/span><br \/>\n\t\t\t\t\t<\/figure>\n<figure>\n\t\t\t\t\t<span style=\"cursor: pointer\" data-src=\"https:\/\/autorai.nl\/wp-content\/uploads\/2024\/12\/Hyundai-Ioniq-9-2-1600x1200.jpg\" data-fancybox=\"galery-3\" title=\"\"><br \/>\n\t\t\t\t\t\t\t<img decoding=\"async\" width=\"360\" height=\"270\" src=\"https:\/\/autorai.nl\/wp-content\/uploads\/2024\/12\/Hyundai-Ioniq-9-2-360x270.jpg\" class=\"attachment-small size-small\" alt=\"\" loading=\"lazy\"><i class=\"fa fa-search-plus\" aria-hidden=\"true\"><\/i><br \/>\n\t\t\t\t\t\t<\/span><br \/>\n\t\t\t\t\t<\/figure>\n<div class=\"clear\"><\/div>\n<\/div>\n","protected":false},"excerpt":{"rendered":"F\u00fcr diejenigen, denen der Santa Fe immer noch etwas zu klein ist, gibt es auch den Hyundai Palisade. Er wird&hellip;","protected":false},"author":0,"featured_media":150714,"comment_status":"","ping_status":"open","sticky":false,"template":"","format":"standard","meta":{"footnotes":""},"categories":[125],"tags":[],"class_list":["post-150717","post","type-post","status-publish","format-standard","has-post-thumbnail","hentry","category-auto-nachrichten"],"acf":[],"yoast_head":"<!-- This site is optimized with the Yoast SEO plugin v21.2 - https:\/\/yoast.com\/wordpress\/plugins\/seo\/ -->\n<title>Gesichtet: ein Hyundai Palisade - All cars news<\/title>\n<meta name=\"robots\" content=\"index, follow, max-snippet:-1, max-image-preview:large, max-video-preview:-1\" \/>\n<link rel=\"canonical\" href=\"https:\/\/all-car-news.com\/de\/gesichtet-ein-hyundai-palisade\/\" \/>\n<meta property=\"og:locale\" content=\"de_DE\" \/>\n<meta property=\"og:type\" content=\"article\" \/>\n<meta property=\"og:title\" content=\"Gesichtet: ein Hyundai Palisade - All cars news\" \/>\n<meta property=\"og:description\" content=\"F\u00fcr diejenigen, denen der Santa Fe immer noch etwas zu klein ist, gibt es auch den Hyundai Palisade. Er wird zwar nicht in Europa ausgeliefert, aber wir sind trotzdem auf einen gesto\u00dfen.\" \/>\n<meta property=\"og:url\" content=\"https:\/\/all-car-news.com\/de\/gesichtet-ein-hyundai-palisade\/\" \/>\n<meta property=\"og:site_name\" content=\"All cars news\" \/>\n<meta property=\"article:published_time\" content=\"2024-12-13T15:00:00+00:00\" \/>\n<meta property=\"og:image\" content=\"https:\/\/autorai.nl\/wp-content\/uploads\/2024\/12\/AutoRAI-Gespot-Hyundai-Palisade-1-360x270.jpg\" \/>\n<meta name=\"twitter:card\" content=\"summary_large_image\" \/>\n<meta name=\"twitter:label1\" content=\"Gesch\u00e4tzte Lesezeit\" \/>\n\t<meta name=\"twitter:data1\" content=\"3\u00a0Minuten\" \/>\n<script type=\"application\/ld+json\" class=\"yoast-schema-graph\">{\"@context\":\"https:\/\/schema.org\",\"@graph\":[{\"@type\":\"Article\",\"@id\":\"https:\/\/all-car-news.com\/de\/gesichtet-ein-hyundai-palisade\/#article\",\"isPartOf\":{\"@id\":\"https:\/\/all-car-news.com\/de\/gesichtet-ein-hyundai-palisade\/\"},\"author\":{\"name\":\"\",\"@id\":\"\"},\"headline\":\"Gesichtet: ein Hyundai Palisade\",\"datePublished\":\"2024-12-13T15:00:00+00:00\",\"dateModified\":\"2024-12-13T15:00:00+00:00\",\"mainEntityOfPage\":{\"@id\":\"https:\/\/all-car-news.com\/de\/gesichtet-ein-hyundai-palisade\/\"},\"wordCount\":543,\"publisher\":{\"@id\":\"https:\/\/all-car-news.com\/de\/#organization\"},\"articleSection\":[\"Auto Nachrichten\"],\"inLanguage\":\"de\"},{\"@type\":\"WebPage\",\"@id\":\"https:\/\/all-car-news.com\/de\/gesichtet-ein-hyundai-palisade\/\",\"url\":\"https:\/\/all-car-news.com\/de\/gesichtet-ein-hyundai-palisade\/\",\"name\":\"Gesichtet: ein Hyundai Palisade - All cars news\",\"isPartOf\":{\"@id\":\"https:\/\/all-car-news.com\/de\/#website\"},\"datePublished\":\"2024-12-13T15:00:00+00:00\",\"dateModified\":\"2024-12-13T15:00:00+00:00\",\"breadcrumb\":{\"@id\":\"https:\/\/all-car-news.com\/de\/gesichtet-ein-hyundai-palisade\/#breadcrumb\"},\"inLanguage\":\"de\",\"potentialAction\":[{\"@type\":\"ReadAction\",\"target\":[\"https:\/\/all-car-news.com\/de\/gesichtet-ein-hyundai-palisade\/\"]}]},{\"@type\":\"BreadcrumbList\",\"@id\":\"https:\/\/all-car-news.com\/de\/gesichtet-ein-hyundai-palisade\/#breadcrumb\",\"itemListElement\":[{\"@type\":\"ListItem\",\"position\":1,\"name\":\"Home\",\"item\":\"https:\/\/all-car-news.com\/de\/\"},{\"@type\":\"ListItem\",\"position\":2,\"name\":\"Gesichtet: ein Hyundai Palisade\"}]},{\"@type\":\"WebSite\",\"@id\":\"https:\/\/all-car-news.com\/de\/#website\",\"url\":\"https:\/\/all-car-news.com\/de\/\",\"name\":\"All cars news\",\"description\":\"\",\"publisher\":{\"@id\":\"https:\/\/all-car-news.com\/de\/#organization\"},\"potentialAction\":[{\"@type\":\"SearchAction\",\"target\":{\"@type\":\"EntryPoint\",\"urlTemplate\":\"https:\/\/all-car-news.com\/de\/?s={search_term_string}\"},\"query-input\":\"required name=search_term_string\"}],\"inLanguage\":\"de\"},{\"@type\":\"Organization\",\"@id\":\"https:\/\/all-car-news.com\/de\/#organization\",\"name\":\"All cars news\",\"url\":\"https:\/\/all-car-news.com\/de\/\",\"logo\":{\"@type\":\"ImageObject\",\"inLanguage\":\"de\",\"@id\":\"https:\/\/all-car-news.com\/de\/#\/schema\/logo\/image\/\",\"url\":\"https:\/\/all-car-news.com\/wp-content\/uploads\/2022\/02\/CMYK-AllCarNews_LANDSCAPE_300px-1.png\",\"contentUrl\":\"https:\/\/all-car-news.com\/wp-content\/uploads\/2022\/02\/CMYK-AllCarNews_LANDSCAPE_300px-1.png\",\"width\":300,\"height\":100,\"caption\":\"All cars news\"},\"image\":{\"@id\":\"https:\/\/all-car-news.com\/de\/#\/schema\/logo\/image\/\"}}]}<\/script>\n<!-- \/ Yoast SEO plugin. -->","yoast_head_json":{"title":"Gesichtet: ein Hyundai Palisade - All cars news","robots":{"index":"index","follow":"follow","max-snippet":"max-snippet:-1","max-image-preview":"max-image-preview:large","max-video-preview":"max-video-preview:-1"},"canonical":"https:\/\/all-car-news.com\/de\/gesichtet-ein-hyundai-palisade\/","og_locale":"de_DE","og_type":"article","og_title":"Gesichtet: ein Hyundai Palisade - All cars news","og_description":"F\u00fcr diejenigen, denen der Santa Fe immer noch etwas zu klein ist, gibt es auch den Hyundai Palisade. Er wird zwar nicht in Europa ausgeliefert, aber wir sind trotzdem auf einen gesto\u00dfen.","og_url":"https:\/\/all-car-news.com\/de\/gesichtet-ein-hyundai-palisade\/","og_site_name":"All cars news","article_published_time":"2024-12-13T15:00:00+00:00","og_image":[{"url":"https:\/\/autorai.nl\/wp-content\/uploads\/2024\/12\/AutoRAI-Gespot-Hyundai-Palisade-1-360x270.jpg"}],"twitter_card":"summary_large_image","twitter_misc":{"Gesch\u00e4tzte Lesezeit":"3\u00a0Minuten"},"schema":{"@context":"https:\/\/schema.org","@graph":[{"@type":"Article","@id":"https:\/\/all-car-news.com\/de\/gesichtet-ein-hyundai-palisade\/#article","isPartOf":{"@id":"https:\/\/all-car-news.com\/de\/gesichtet-ein-hyundai-palisade\/"},"author":{"name":"","@id":""},"headline":"Gesichtet: ein Hyundai Palisade","datePublished":"2024-12-13T15:00:00+00:00","dateModified":"2024-12-13T15:00:00+00:00","mainEntityOfPage":{"@id":"https:\/\/all-car-news.com\/de\/gesichtet-ein-hyundai-palisade\/"},"wordCount":543,"publisher":{"@id":"https:\/\/all-car-news.com\/de\/#organization"},"articleSection":["Auto Nachrichten"],"inLanguage":"de"},{"@type":"WebPage","@id":"https:\/\/all-car-news.com\/de\/gesichtet-ein-hyundai-palisade\/","url":"https:\/\/all-car-news.com\/de\/gesichtet-ein-hyundai-palisade\/","name":"Gesichtet: ein Hyundai Palisade - All cars news","isPartOf":{"@id":"https:\/\/all-car-news.com\/de\/#website"},"datePublished":"2024-12-13T15:00:00+00:00","dateModified":"2024-12-13T15:00:00+00:00","breadcrumb":{"@id":"https:\/\/all-car-news.com\/de\/gesichtet-ein-hyundai-palisade\/#breadcrumb"},"inLanguage":"de","potentialAction":[{"@type":"ReadAction","target":["https:\/\/all-car-news.com\/de\/gesichtet-ein-hyundai-palisade\/"]}]},{"@type":"BreadcrumbList","@id":"https:\/\/all-car-news.com\/de\/gesichtet-ein-hyundai-palisade\/#breadcrumb","itemListElement":[{"@type":"ListItem","position":1,"name":"Home","item":"https:\/\/all-car-news.com\/de\/"},{"@type":"ListItem","position":2,"name":"Gesichtet: ein Hyundai Palisade"}]},{"@type":"WebSite","@id":"https:\/\/all-car-news.com\/de\/#website","url":"https:\/\/all-car-news.com\/de\/","name":"All cars news","description":"","publisher":{"@id":"https:\/\/all-car-news.com\/de\/#organization"},"potentialAction":[{"@type":"SearchAction","target":{"@type":"EntryPoint","urlTemplate":"https:\/\/all-car-news.com\/de\/?s={search_term_string}"},"query-input":"required name=search_term_string"}],"inLanguage":"de"},{"@type":"Organization","@id":"https:\/\/all-car-news.com\/de\/#organization","name":"All cars news","url":"https:\/\/all-car-news.com\/de\/","logo":{"@type":"ImageObject","inLanguage":"de","@id":"https:\/\/all-car-news.com\/de\/#\/schema\/logo\/image\/","url":"https:\/\/all-car-news.com\/wp-content\/uploads\/2022\/02\/CMYK-AllCarNews_LANDSCAPE_300px-1.png","contentUrl":"https:\/\/all-car-news.com\/wp-content\/uploads\/2022\/02\/CMYK-AllCarNews_LANDSCAPE_300px-1.png","width":300,"height":100,"caption":"All cars news"},"image":{"@id":"https:\/\/all-car-news.com\/de\/#\/schema\/logo\/image\/"}}]}},"_links":{"self":[{"href":"https:\/\/all-car-news.com\/de\/wp-json\/wp\/v2\/posts\/150717","targetHints":{"allow":["GET"]}}],"collection":[{"href":"https:\/\/all-car-news.com\/de\/wp-json\/wp\/v2\/posts"}],"about":[{"href":"https:\/\/all-car-news.com\/de\/wp-json\/wp\/v2\/types\/post"}],"replies":[{"embeddable":true,"href":"https:\/\/all-car-news.com\/de\/wp-json\/wp\/v2\/comments?post=150717"}],"version-history":[{"count":0,"href":"https:\/\/all-car-news.com\/de\/wp-json\/wp\/v2\/posts\/150717\/revisions"}],"wp:featuredmedia":[{"embeddable":true,"href":"https:\/\/all-car-news.com\/de\/wp-json\/wp\/v2\/media\/150714"}],"wp:attachment":[{"href":"https:\/\/all-car-news.com\/de\/wp-json\/wp\/v2\/media?parent=150717"}],"wp:term":[{"taxonomy":"category","embeddable":true,"href":"https:\/\/all-car-news.com\/de\/wp-json\/wp\/v2\/categories?post=150717"},{"taxonomy":"post_tag","embeddable":true,"href":"https:\/\/all-car-news.com\/de\/wp-json\/wp\/v2\/tags?post=150717"}],"curies":[{"name":"wp","href":"https:\/\/api.w.org\/{rel}","templated":true}]}}