{"id":150203,"date":"2024-11-20T16:32:00","date_gmt":"2024-11-20T16:32:00","guid":{"rendered":"https:\/\/all-car-news.com\/laurens-van-den-acker-renault-gruppe-l6-und-l7-fahrzeuge-zaehlen-im-co2-durchschnitt-des-herstellers\/"},"modified":"2024-11-20T16:32:00","modified_gmt":"2024-11-20T16:32:00","slug":"laurens-van-den-acker-renault-gruppe-l6-und-l7-fahrzeuge-zaehlen-im-co2-durchschnitt-des-herstellers","status":"publish","type":"post","link":"https:\/\/all-car-news.com\/de\/laurens-van-den-acker-renault-gruppe-l6-und-l7-fahrzeuge-zaehlen-im-co2-durchschnitt-des-herstellers\/","title":{"rendered":"Laurens van den Acker (Renault-Gruppe): &#8218;L6- und L7-Fahrzeuge z\u00e4hlen im CO2-Durchschnitt des Herstellers&#8216;."},"content":{"rendered":"<h2>Emissionen der Flotte<\/h2>\n<p>Derzeit werden L6\/L7-Fahrzeuge noch nicht in den CO2-Durchschnitt eines Herstellers einbezogen. Wie funktioniert das? Der CO\u2082-Durchschnitt eines Autoherstellers, auch bekannt als Flottenemissionen, ist ein berechneter Durchschnitt der CO\u2082-Emissionen pro Kilometer aller von diesem Hersteller verkauften Autos. Dieser Durchschnitt ist wichtig, weil die Autohersteller in Europa strenge CO\u2082-Normen einhalten m\u00fcssen, die j\u00e4hrlich von der Europ\u00e4ischen Union festgelegt werden. <\/p>\n<h2>Durchschnittliche Berechnung<\/h2>\n<p>Die Emissionen werden auf der Grundlage des Gewichts des Fahrzeugs und des Kraftstofftyps (Benzin, Diesel, Elektro, Hybrid) berechnet. Die Emissionen werden f\u00fcr jedes verkaufte Auto erfasst, wodurch ein gewichteter Durchschnitt der Emissionen pro Kilometer f\u00fcr die gesamte Flotte entsteht. <\/p>\n<h2>Zielwerte pro Hersteller<\/h2>\n<p>Jeder Hersteller hat ein spezifisches Ziel f\u00fcr CO\u2082-Emissionen, basierend auf dem Gewicht seiner Flotte. Hersteller, die Elektro- oder Plug-in-Hybridautos verkaufen, profitieren von niedrigeren Durchschnittsemissionen. Das liegt daran, dass Elektroautos als &#8222;emissionsfrei&#8220; registriert sind. Dies kann den Flottendurchschnitt erheblich senken. Plug-in-Hybride tragen ebenfalls dazu bei, obwohl sie je nach ihren Emissionen einen etwas geringeren Effekt haben.    <\/p>\n<figure class=\"wp-block-image size-content\"><img decoding=\"async\" loading=\"lazy\" width=\"1140\" height=\"637\" src=\"https:\/\/autorai.nl\/wp-content\/uploads\/2024\/11\/mobilize-duo-2025-review-foto29-1140x637.jpg\" alt=\"Duo mobilisieren mit Citro\u00ebn Ami\" class=\"wp-image-189188\"><\/figure>\n<h2>Super Kredite<\/h2>\n<p>Bis vor ein paar Jahren konnten die Hersteller &#8218;Super-Credits&#8216; verwenden. Hier z\u00e4hlte ein Elektroauto mehr, so dass die Hersteller mehr &#8218;Credits&#8216; erhielten, um ihren Durchschnitt zu senken. Obwohl diese Supercredits immer weniger werden, haben die Hersteller manchmal noch andere M\u00f6glichkeiten, ihren Durchschnitt positiv zu beeinflussen.  <\/p>\n<h2>Geldbu\u00dfen bei \u00dcberschreitung<\/h2>\n<p>Wenn ein Hersteller den festgelegten CO\u2082-Grenzwert \u00fcberschreitet, folgt eine Geldstrafe. Die Bu\u00dfgelder sind erheblich und werden auf der Grundlage der Anzahl der verkauften Fahrzeuge und der \u00dcberschreitung des Grenzwerts berechnet. Dies ermutigt die Hersteller, ihre Emissionen so gering wie m\u00f6glich zu halten und in sparsamere oder elektrische Fahrzeuge zu investieren.  <\/p>\n<figure class=\"wp-block-image size-content\"><img decoding=\"async\" loading=\"lazy\" width=\"1140\" height=\"637\" src=\"https:\/\/autorai.nl\/wp-content\/uploads\/2024\/11\/mobilize-duo-2025-review-foto1-1140x637.jpg\" alt=\"Mobilize Duo und Mobilize Bento\" class=\"wp-image-189160\"><\/figure>\n<h2>Strategien und Zusammenarbeit<\/h2>\n<p>Um Strafen zu vermeiden, legen einige Hersteller ihre Emissionen mit anderen Marken zusammen. Dies wird als &#8222;Pooling&#8220; bezeichnet, bei dem sich eine Marke mit niedrigeren Emissionen mit einer Marke mit h\u00f6heren Emissionen zusammentun kann. So k\u00f6nnen sie die Standards gemeinsam einhalten.  <\/p>\n<p>Diese Vorschriften ermutigen die Autohersteller, Fahrzeuge zu entwickeln, die weniger CO\u2082 aussto\u00dfen, und den Anteil von Elektro- und Hybridfahrzeugen zu erh\u00f6hen. Auf diese Weise versuchen sie, die durchschnittlichen CO\u2082-Emissionen ihrer Flotte niedrig zu halten und gleichzeitig die immer strengeren Anforderungen der EU zu erf\u00fcllen. <\/p>\n<h2>Mehr Aufmerksamkeit<\/h2>\n<p>Laurens van den Acker ist der Meinung, dass Fahrzeuge im Segment L6 und L7 viel mehr Aufmerksamkeit verdienen. Schlie\u00dflich sind sie perfekt geeignet, um Menschen von A nach B zu bringen, zum Beispiel in \u00fcberf\u00fcllten St\u00e4dten. Auch der \u00f6kologische Fu\u00dfabdruck eines solchen Fahrzeugs ist etwas kleiner. &#8222;Sie werden sehen, dass viel mehr Automarken mit L6\/L7-Fahrzeugen auf den Markt kommen werden, sobald diese Fahrzeuge bei der durchschnittlichen CO2-Messung eines Herstellers ber\u00fccksichtigt werden d\u00fcrfen. Dann wird es f\u00fcr andere Marken viel interessanter sein, in diesen Markt einzusteigen.&#8220;   <\/p>\n<h2>Wenige Spieler<\/h2>\n<p>Mehrere Marken sind bereits im L6-Segment t\u00e4tig &#8211; wenn es sich um ein Elektromodell handelt, sprechen wir von einem L6e &#8211; denken Sie an Fiat mit dem Topolino, Opel mit dem Rocks Electric, Citro\u00ebn mit dem Ami, Microlino mit dem Lite und Mobilize &#8211; die Mobilit\u00e4tsmarke der Renault-Gruppe &#8211; mit dem Duo 45. Diese Fahrzeuge haben eine H\u00f6chstgeschwindigkeit von 45 km\/h und eine maximale Leistung von 6 kW (8 PS). Fahrzeuge im L7\/L7e-Segment sind noch recht rar ges\u00e4t. Microlino hat ein Modell und Mobilize bietet einen Duo 80 oder Bento 80 an. Weitere Beispiele sind der XEV YOYO und der Silence S04. Die bekannten Automarken fallen in diesen Fahrzeugsegmenten im Allgemeinen noch durch ihre Abwesenheit auf.     <\/p>\n<\/p>\n<figure class=\"wp-block-embed is-type-video is-provider-youtube wp-block-embed-youtube wp-embed-aspect-16-9 wp-has-aspect-ratio\">\n<div class=\"wp-block-embed__wrapper\">\n<\/div>\n<\/figure>\n","protected":false},"excerpt":{"rendered":"Flottenemissionen Derzeit werden L6\/L7-Fahrzeuge noch nicht in den CO2-Durchschnitt eines Herstellers einbezogen. Wie funktioniert das? Der CO\u2082-Durchschnitt eines Autoherstellers, auch&hellip;","protected":false},"author":0,"featured_media":150191,"comment_status":"","ping_status":"open","sticky":false,"template":"","format":"standard","meta":{"footnotes":""},"categories":[125,217],"tags":[],"class_list":["post-150203","post","type-post","status-publish","format-standard","has-post-thumbnail","hentry","category-auto-nachrichten","category-interview-de"],"acf":[],"yoast_head":"<!-- This site is optimized with the Yoast SEO plugin v21.2 - https:\/\/yoast.com\/wordpress\/plugins\/seo\/ -->\n<title>Laurens van den Acker (Renault-Gruppe): &#039;L6- und L7-Fahrzeuge z\u00e4hlen im CO2-Durchschnitt des Herstellers&#039;. - All cars news<\/title>\n<meta name=\"robots\" content=\"index, follow, max-snippet:-1, max-image-preview:large, max-video-preview:-1\" \/>\n<link rel=\"canonical\" href=\"https:\/\/all-car-news.com\/de\/laurens-van-den-acker-renault-gruppe-l6-und-l7-fahrzeuge-zaehlen-im-co2-durchschnitt-des-herstellers\/\" \/>\n<meta property=\"og:locale\" content=\"de_DE\" \/>\n<meta property=\"og:type\" content=\"article\" \/>\n<meta property=\"og:title\" content=\"Laurens van den Acker (Renault-Gruppe): &#039;L6- und L7-Fahrzeuge z\u00e4hlen im CO2-Durchschnitt des Herstellers&#039;. - All cars news\" \/>\n<meta property=\"og:description\" content=\"Flottenemissionen Derzeit werden L6\/L7-Fahrzeuge noch nicht in den CO2-Durchschnitt eines Herstellers einbezogen. Wie funktioniert das? Der CO\u2082-Durchschnitt eines Autoherstellers, auch bekannt als Flottenemissionen, ist ein berechneter Durchschnitt der CO\u2082-Emissionen pro Kilometer aller von diesem Hersteller verkauften Autos. Dieser Durchschnitt ist wichtig, weil die Autohersteller in Europa strenge CO\u2082-Normen einhalten m\u00fcssen, [...]\" \/>\n<meta property=\"og:url\" content=\"https:\/\/all-car-news.com\/de\/laurens-van-den-acker-renault-gruppe-l6-und-l7-fahrzeuge-zaehlen-im-co2-durchschnitt-des-herstellers\/\" \/>\n<meta property=\"og:site_name\" content=\"All cars news\" \/>\n<meta property=\"article:published_time\" content=\"2024-11-20T16:32:00+00:00\" \/>\n<meta property=\"og:image\" content=\"https:\/\/autorai.nl\/wp-content\/uploads\/2024\/11\/mobilize-duo-2025-review-foto29-1140x637.jpg\" \/>\n<meta name=\"twitter:card\" content=\"summary_large_image\" \/>\n<meta name=\"twitter:label1\" content=\"Gesch\u00e4tzte Lesezeit\" \/>\n\t<meta name=\"twitter:data1\" content=\"3\u00a0Minuten\" \/>\n<script type=\"application\/ld+json\" class=\"yoast-schema-graph\">{\"@context\":\"https:\/\/schema.org\",\"@graph\":[{\"@type\":\"Article\",\"@id\":\"https:\/\/all-car-news.com\/de\/laurens-van-den-acker-renault-gruppe-l6-und-l7-fahrzeuge-zaehlen-im-co2-durchschnitt-des-herstellers\/#article\",\"isPartOf\":{\"@id\":\"https:\/\/all-car-news.com\/de\/laurens-van-den-acker-renault-gruppe-l6-und-l7-fahrzeuge-zaehlen-im-co2-durchschnitt-des-herstellers\/\"},\"author\":{\"name\":\"\",\"@id\":\"\"},\"headline\":\"Laurens van den Acker (Renault-Gruppe): &#8218;L6- und L7-Fahrzeuge z\u00e4hlen im CO2-Durchschnitt des Herstellers&#8216;.\",\"datePublished\":\"2024-11-20T16:32:00+00:00\",\"dateModified\":\"2024-11-20T16:32:00+00:00\",\"mainEntityOfPage\":{\"@id\":\"https:\/\/all-car-news.com\/de\/laurens-van-den-acker-renault-gruppe-l6-und-l7-fahrzeuge-zaehlen-im-co2-durchschnitt-des-herstellers\/\"},\"wordCount\":608,\"publisher\":{\"@id\":\"https:\/\/all-car-news.com\/de\/#organization\"},\"articleSection\":[\"Auto Nachrichten\",\"Interview\"],\"inLanguage\":\"de\"},{\"@type\":\"WebPage\",\"@id\":\"https:\/\/all-car-news.com\/de\/laurens-van-den-acker-renault-gruppe-l6-und-l7-fahrzeuge-zaehlen-im-co2-durchschnitt-des-herstellers\/\",\"url\":\"https:\/\/all-car-news.com\/de\/laurens-van-den-acker-renault-gruppe-l6-und-l7-fahrzeuge-zaehlen-im-co2-durchschnitt-des-herstellers\/\",\"name\":\"Laurens van den Acker (Renault-Gruppe): 'L6- und L7-Fahrzeuge z\u00e4hlen im CO2-Durchschnitt des Herstellers'. - All cars news\",\"isPartOf\":{\"@id\":\"https:\/\/all-car-news.com\/de\/#website\"},\"datePublished\":\"2024-11-20T16:32:00+00:00\",\"dateModified\":\"2024-11-20T16:32:00+00:00\",\"breadcrumb\":{\"@id\":\"https:\/\/all-car-news.com\/de\/laurens-van-den-acker-renault-gruppe-l6-und-l7-fahrzeuge-zaehlen-im-co2-durchschnitt-des-herstellers\/#breadcrumb\"},\"inLanguage\":\"de\",\"potentialAction\":[{\"@type\":\"ReadAction\",\"target\":[\"https:\/\/all-car-news.com\/de\/laurens-van-den-acker-renault-gruppe-l6-und-l7-fahrzeuge-zaehlen-im-co2-durchschnitt-des-herstellers\/\"]}]},{\"@type\":\"BreadcrumbList\",\"@id\":\"https:\/\/all-car-news.com\/de\/laurens-van-den-acker-renault-gruppe-l6-und-l7-fahrzeuge-zaehlen-im-co2-durchschnitt-des-herstellers\/#breadcrumb\",\"itemListElement\":[{\"@type\":\"ListItem\",\"position\":1,\"name\":\"Home\",\"item\":\"https:\/\/all-car-news.com\/de\/\"},{\"@type\":\"ListItem\",\"position\":2,\"name\":\"Laurens van den Acker (Renault-Gruppe): &#8218;L6- und L7-Fahrzeuge z\u00e4hlen im CO2-Durchschnitt des Herstellers&#8216;.\"}]},{\"@type\":\"WebSite\",\"@id\":\"https:\/\/all-car-news.com\/de\/#website\",\"url\":\"https:\/\/all-car-news.com\/de\/\",\"name\":\"All cars news\",\"description\":\"\",\"publisher\":{\"@id\":\"https:\/\/all-car-news.com\/de\/#organization\"},\"potentialAction\":[{\"@type\":\"SearchAction\",\"target\":{\"@type\":\"EntryPoint\",\"urlTemplate\":\"https:\/\/all-car-news.com\/de\/?s={search_term_string}\"},\"query-input\":\"required name=search_term_string\"}],\"inLanguage\":\"de\"},{\"@type\":\"Organization\",\"@id\":\"https:\/\/all-car-news.com\/de\/#organization\",\"name\":\"All cars news\",\"url\":\"https:\/\/all-car-news.com\/de\/\",\"logo\":{\"@type\":\"ImageObject\",\"inLanguage\":\"de\",\"@id\":\"https:\/\/all-car-news.com\/de\/#\/schema\/logo\/image\/\",\"url\":\"https:\/\/all-car-news.com\/wp-content\/uploads\/2022\/02\/CMYK-AllCarNews_LANDSCAPE_300px-1.png\",\"contentUrl\":\"https:\/\/all-car-news.com\/wp-content\/uploads\/2022\/02\/CMYK-AllCarNews_LANDSCAPE_300px-1.png\",\"width\":300,\"height\":100,\"caption\":\"All cars news\"},\"image\":{\"@id\":\"https:\/\/all-car-news.com\/de\/#\/schema\/logo\/image\/\"}}]}<\/script>\n<!-- \/ Yoast SEO plugin. -->","yoast_head_json":{"title":"Laurens van den Acker (Renault-Gruppe): 'L6- und L7-Fahrzeuge z\u00e4hlen im CO2-Durchschnitt des Herstellers'. - All cars news","robots":{"index":"index","follow":"follow","max-snippet":"max-snippet:-1","max-image-preview":"max-image-preview:large","max-video-preview":"max-video-preview:-1"},"canonical":"https:\/\/all-car-news.com\/de\/laurens-van-den-acker-renault-gruppe-l6-und-l7-fahrzeuge-zaehlen-im-co2-durchschnitt-des-herstellers\/","og_locale":"de_DE","og_type":"article","og_title":"Laurens van den Acker (Renault-Gruppe): 'L6- und L7-Fahrzeuge z\u00e4hlen im CO2-Durchschnitt des Herstellers'. - All cars news","og_description":"Flottenemissionen Derzeit werden L6\/L7-Fahrzeuge noch nicht in den CO2-Durchschnitt eines Herstellers einbezogen. Wie funktioniert das? Der CO\u2082-Durchschnitt eines Autoherstellers, auch bekannt als Flottenemissionen, ist ein berechneter Durchschnitt der CO\u2082-Emissionen pro Kilometer aller von diesem Hersteller verkauften Autos. Dieser Durchschnitt ist wichtig, weil die Autohersteller in Europa strenge CO\u2082-Normen einhalten m\u00fcssen, [...]","og_url":"https:\/\/all-car-news.com\/de\/laurens-van-den-acker-renault-gruppe-l6-und-l7-fahrzeuge-zaehlen-im-co2-durchschnitt-des-herstellers\/","og_site_name":"All cars news","article_published_time":"2024-11-20T16:32:00+00:00","og_image":[{"url":"https:\/\/autorai.nl\/wp-content\/uploads\/2024\/11\/mobilize-duo-2025-review-foto29-1140x637.jpg"}],"twitter_card":"summary_large_image","twitter_misc":{"Gesch\u00e4tzte Lesezeit":"3\u00a0Minuten"},"schema":{"@context":"https:\/\/schema.org","@graph":[{"@type":"Article","@id":"https:\/\/all-car-news.com\/de\/laurens-van-den-acker-renault-gruppe-l6-und-l7-fahrzeuge-zaehlen-im-co2-durchschnitt-des-herstellers\/#article","isPartOf":{"@id":"https:\/\/all-car-news.com\/de\/laurens-van-den-acker-renault-gruppe-l6-und-l7-fahrzeuge-zaehlen-im-co2-durchschnitt-des-herstellers\/"},"author":{"name":"","@id":""},"headline":"Laurens van den Acker (Renault-Gruppe): &#8218;L6- und L7-Fahrzeuge z\u00e4hlen im CO2-Durchschnitt des Herstellers&#8216;.","datePublished":"2024-11-20T16:32:00+00:00","dateModified":"2024-11-20T16:32:00+00:00","mainEntityOfPage":{"@id":"https:\/\/all-car-news.com\/de\/laurens-van-den-acker-renault-gruppe-l6-und-l7-fahrzeuge-zaehlen-im-co2-durchschnitt-des-herstellers\/"},"wordCount":608,"publisher":{"@id":"https:\/\/all-car-news.com\/de\/#organization"},"articleSection":["Auto Nachrichten","Interview"],"inLanguage":"de"},{"@type":"WebPage","@id":"https:\/\/all-car-news.com\/de\/laurens-van-den-acker-renault-gruppe-l6-und-l7-fahrzeuge-zaehlen-im-co2-durchschnitt-des-herstellers\/","url":"https:\/\/all-car-news.com\/de\/laurens-van-den-acker-renault-gruppe-l6-und-l7-fahrzeuge-zaehlen-im-co2-durchschnitt-des-herstellers\/","name":"Laurens van den Acker (Renault-Gruppe): 'L6- und L7-Fahrzeuge z\u00e4hlen im CO2-Durchschnitt des Herstellers'. - All cars news","isPartOf":{"@id":"https:\/\/all-car-news.com\/de\/#website"},"datePublished":"2024-11-20T16:32:00+00:00","dateModified":"2024-11-20T16:32:00+00:00","breadcrumb":{"@id":"https:\/\/all-car-news.com\/de\/laurens-van-den-acker-renault-gruppe-l6-und-l7-fahrzeuge-zaehlen-im-co2-durchschnitt-des-herstellers\/#breadcrumb"},"inLanguage":"de","potentialAction":[{"@type":"ReadAction","target":["https:\/\/all-car-news.com\/de\/laurens-van-den-acker-renault-gruppe-l6-und-l7-fahrzeuge-zaehlen-im-co2-durchschnitt-des-herstellers\/"]}]},{"@type":"BreadcrumbList","@id":"https:\/\/all-car-news.com\/de\/laurens-van-den-acker-renault-gruppe-l6-und-l7-fahrzeuge-zaehlen-im-co2-durchschnitt-des-herstellers\/#breadcrumb","itemListElement":[{"@type":"ListItem","position":1,"name":"Home","item":"https:\/\/all-car-news.com\/de\/"},{"@type":"ListItem","position":2,"name":"Laurens van den Acker (Renault-Gruppe): &#8218;L6- und L7-Fahrzeuge z\u00e4hlen im CO2-Durchschnitt des Herstellers&#8216;."}]},{"@type":"WebSite","@id":"https:\/\/all-car-news.com\/de\/#website","url":"https:\/\/all-car-news.com\/de\/","name":"All cars news","description":"","publisher":{"@id":"https:\/\/all-car-news.com\/de\/#organization"},"potentialAction":[{"@type":"SearchAction","target":{"@type":"EntryPoint","urlTemplate":"https:\/\/all-car-news.com\/de\/?s={search_term_string}"},"query-input":"required name=search_term_string"}],"inLanguage":"de"},{"@type":"Organization","@id":"https:\/\/all-car-news.com\/de\/#organization","name":"All cars news","url":"https:\/\/all-car-news.com\/de\/","logo":{"@type":"ImageObject","inLanguage":"de","@id":"https:\/\/all-car-news.com\/de\/#\/schema\/logo\/image\/","url":"https:\/\/all-car-news.com\/wp-content\/uploads\/2022\/02\/CMYK-AllCarNews_LANDSCAPE_300px-1.png","contentUrl":"https:\/\/all-car-news.com\/wp-content\/uploads\/2022\/02\/CMYK-AllCarNews_LANDSCAPE_300px-1.png","width":300,"height":100,"caption":"All cars news"},"image":{"@id":"https:\/\/all-car-news.com\/de\/#\/schema\/logo\/image\/"}}]}},"_links":{"self":[{"href":"https:\/\/all-car-news.com\/de\/wp-json\/wp\/v2\/posts\/150203","targetHints":{"allow":["GET"]}}],"collection":[{"href":"https:\/\/all-car-news.com\/de\/wp-json\/wp\/v2\/posts"}],"about":[{"href":"https:\/\/all-car-news.com\/de\/wp-json\/wp\/v2\/types\/post"}],"replies":[{"embeddable":true,"href":"https:\/\/all-car-news.com\/de\/wp-json\/wp\/v2\/comments?post=150203"}],"version-history":[{"count":0,"href":"https:\/\/all-car-news.com\/de\/wp-json\/wp\/v2\/posts\/150203\/revisions"}],"wp:featuredmedia":[{"embeddable":true,"href":"https:\/\/all-car-news.com\/de\/wp-json\/wp\/v2\/media\/150191"}],"wp:attachment":[{"href":"https:\/\/all-car-news.com\/de\/wp-json\/wp\/v2\/media?parent=150203"}],"wp:term":[{"taxonomy":"category","embeddable":true,"href":"https:\/\/all-car-news.com\/de\/wp-json\/wp\/v2\/categories?post=150203"},{"taxonomy":"post_tag","embeddable":true,"href":"https:\/\/all-car-news.com\/de\/wp-json\/wp\/v2\/tags?post=150203"}],"curies":[{"name":"wp","href":"https:\/\/api.w.org\/{rel}","templated":true}]}}