{"id":149859,"date":"2024-11-08T10:59:00","date_gmt":"2024-11-08T10:59:00","guid":{"rendered":"https:\/\/all-car-news.com\/gesichtet-ein-citroen-11-normale-von-1954\/"},"modified":"2024-11-08T10:59:00","modified_gmt":"2024-11-08T10:59:00","slug":"gesichtet-ein-citroen-11-normale-von-1954","status":"publish","type":"post","link":"https:\/\/all-car-news.com\/de\/gesichtet-ein-citroen-11-normale-von-1954\/","title":{"rendered":"Gesichtet: ein Citro\u00ebn 11 Normale von 1954"},"content":{"rendered":"<p>Als der Citro\u00ebn Traction Avant 1934 auf den Markt kam, war er ein revolution\u00e4res Auto, das f\u00fcr die Marke noch viel bedeuten sollte. Wir haben das <a href=\"https:\/\/autorai.nl\/waarom-deze-citroen-bekend-staat-als-de-auto-met-100-patenten\/\" target=\"_blank\" rel=\"noreferrer noopener\">Anfang dieses Jahres<\/a> ausf\u00fchrlich gefeiert, als das Modell sein 90-j\u00e4hriges Jubil\u00e4um feierte. Jetzt haben wir auch ein Exemplar auf der Stra\u00dfe gesehen. Da wir schon fr\u00fcher in diesem Jahr \u00fcber den Traction Avant berichtet haben, werden wir uns jetzt die gesichtete Version genauer ansehen.   <\/p>\n<figure class=\"wp-block-image size-content\"><img decoding=\"async\" loading=\"lazy\" width=\"1140\" height=\"641\" src=\"https:\/\/autorai.nl\/wp-content\/uploads\/2024\/11\/Citroen-Traction-Avant-1-1140x641.jpg\" alt=\"\" class=\"wp-image-188674\"><\/figure>\n<h2><strong>Der Citro\u00ebn Traction Avant hei\u00dft eigentlich nicht Traction Avant<\/strong><\/h2>\n<p>Obwohl der Name Traction Avant &#8211; ebenfalls von Citro\u00ebn &#8211; h\u00e4ufig f\u00fcr dieses Modell verwendet wird, ist dies nicht der Name, den die Autos selbst trugen. Die offizielle Modellbezeichnung bestand aus einer Nummer, die sich auf die Zahl der fiskalischen PS-Klasse bezog, in die das Auto in Frankreich fiel. Das alte franz\u00f6sische System der fiskalischen Pferdest\u00e4rken (chevaux fiscaux oder CV) war eine Methode zur Besteuerung von Fahrzeugen auf der Grundlage eines berechneten Wertes, der einen Hinweis auf die Motorst\u00e4rke gab.  <\/p>\n<p>Diese wurde jedoch auf komplizierte Weise berechnet, so dass die tats\u00e4chliche PS-Zahl viel h\u00f6her war als die steuerliche PS-Zahl. Der bekannte Citro\u00ebn 2CV wurde ebenfalls nach seiner fiskalischen Leistungsklasse benannt, aber im Falle des Traction Avant wurden die Buchstaben &#8218;CV&#8216; in der Typenbezeichnung weggelassen. Die Nummer des Traction Avant wurde bei Bedarf durch den Namen einer Version erg\u00e4nzt.  <\/p>\n<h2><strong>Das gefleckte Exemplar<\/strong><\/h2>\n<p>Der, auf den wir in Hoorn gesto\u00dfen sind, ist zum Beispiel ein Citro\u00ebn 11 Normale. Dieses besondere Exemplar stammt aus dem Jahr 1954 und befindet sich seit 1983 in den Niederlanden. Seit 2004 befindet er sich im Besitz seines derzeitigen Eigent\u00fcmers. Soweit man das anhand der Fotos beurteilen kann, sieht dieses Exemplar noch sehr gut aus.   <\/p>\n<div class=\"galery galery-0\">\n<figure>\n\t\t\t\t\t<span style=\"cursor: pointer\" data-src=\"https:\/\/autorai.nl\/wp-content\/uploads\/2024\/11\/AutoRAI-Gespot-Citroen-11-Normale-1-1600x1200.jpg\" data-fancybox=\"galery-0\" title=\"\"><br \/>\n\t\t\t\t\t\t\t<img decoding=\"async\" width=\"360\" height=\"270\" src=\"https:\/\/autorai.nl\/wp-content\/uploads\/2024\/11\/AutoRAI-Gespot-Citroen-11-Normale-1-360x270.jpg\" class=\"attachment-small size-small\" alt=\"\" loading=\"lazy\"><i class=\"fa fa-search-plus\" aria-hidden=\"true\"><\/i><br \/>\n\t\t\t\t\t\t<\/span><br \/>\n\t\t\t\t\t<\/figure>\n<figure>\n\t\t\t\t\t<span style=\"cursor: pointer\" data-src=\"https:\/\/autorai.nl\/wp-content\/uploads\/2024\/11\/AutoRAI-Gespot-Citroen-11-Normale-2-1600x1200.jpg\" data-fancybox=\"galery-0\" title=\"\"><br \/>\n\t\t\t\t\t\t\t<img decoding=\"async\" width=\"360\" height=\"270\" src=\"https:\/\/autorai.nl\/wp-content\/uploads\/2024\/11\/AutoRAI-Gespot-Citroen-11-Normale-2-360x270.jpg\" class=\"attachment-small size-small\" alt=\"\" loading=\"lazy\"><i class=\"fa fa-search-plus\" aria-hidden=\"true\"><\/i><br \/>\n\t\t\t\t\t\t<\/span><br \/>\n\t\t\t\t\t<\/figure>\n<div class=\"clear\"><\/div>\n<\/div>\n<h2><strong>Der Citro\u00ebn 11 Normal<\/strong><\/h2>\n<p>Den Citro\u00ebn Traction Avant gab es von Anfang an auch als 11. Diese Variante hatte einen 1,9-Liter-Vierzylinder, im Gegensatz zum 1,3-Liter (sp\u00e4ter 1,5- und 1,6-Liter) des 7. Dar\u00fcber lag der 15\/6, der einen 2,9-Liter-Reihensechszylinder an Bord hatte. Der Normale, auch als 11 bekannt, hatte eine etwas andere Karosserie als das Standardmodell. Der Normale hatte einen l\u00e4ngeren Radstand (3,09 Meter gegen\u00fcber 2,91 Meter) und auch eine etwas breitere Spur. Den 11 gab es auch als L\u00e9g\u00e8r (leicht), der die gleichen Abmessungen wie der 7 hatte.     <\/p>\n<figure class=\"wp-block-image size-content\"><img decoding=\"async\" loading=\"lazy\" width=\"1140\" height=\"641\" src=\"https:\/\/autorai.nl\/wp-content\/uploads\/2024\/11\/Citroen-Traction-Avant-2-1140x641.jpg\" alt=\"\" class=\"wp-image-188675\"><\/figure>\n<h2><strong>Citro\u00ebn 11 als erste Schr\u00e4ghecklimousine<\/strong><\/h2>\n<p>Im Jahr 1938 erschien der Familiale, eine besonders lange Karosserievariante mit einer zus\u00e4tzlichen Sitzreihe. Als Citro\u00ebn 11 war dieses Modell auch als Commerciale erh\u00e4ltlich, wobei die zus\u00e4tzliche Sitzreihe einem extragro\u00dfen Kofferraum Platz machte. Der Commerciale war als eine Art Luxus-Firmenwagen gedacht, der dank der R\u00fccksitze auch als Personenwagen genutzt werden konnte. Eine Art Berlingo <em>avant la letre<\/em>. Nach dem Produktionsstopp im Zweiten Weltkrieg erfuhr der Commerciale ein Update: Er erhielt eine oben angeschlagene Heckklappe, die das gesamte Heck \u00f6ffnete. Soweit wir das beurteilen k\u00f6nnen, war der Citro\u00ebn Traction Avant damit das erste Schr\u00e4gheckfahrzeug \u00fcberhaupt.     <\/p>\n<figure class=\"wp-block-image size-content\"><img decoding=\"async\" loading=\"lazy\" width=\"1140\" height=\"641\" src=\"https:\/\/autorai.nl\/wp-content\/uploads\/2024\/11\/Citroen-Traction-Avant-3-1140x641.jpg\" alt=\"\" class=\"wp-image-188676\"><\/figure>\n<h2><strong>Lange Produktionszeit f\u00fcr Citro\u00ebn Traction Avant<\/strong><\/h2>\n<p>Der Citro\u00ebn 7 kehrte nach dem Produktionsstopp nicht mehr zur\u00fcck und blieb somit bis 1941 in Produktion. Das Spitzenmodell 15\/6 blieb jedoch bis 1956. Der Citro\u00ebn 11 durfte noch etwas l\u00e4nger produziert werden, n\u00e4mlich bis einschlie\u00dflich 1957. Damit ist der 11 die am l\u00e4ngsten produzierte Variante des Citro\u00ebn Traction Avant. Sein Nachfolger war bereits 1955 fertig: der Citro\u00ebn ID\/DS. Ein weiteres bahnbrechendes Modell.     <\/p>\n<figure class=\"wp-block-image size-content\"><img decoding=\"async\" loading=\"lazy\" width=\"1140\" height=\"641\" src=\"https:\/\/autorai.nl\/wp-content\/uploads\/2024\/11\/Citroen-ID-DS-1140x641.jpg\" alt=\"\" class=\"wp-image-188673\"><\/figure>\n","protected":false},"excerpt":{"rendered":"Zusammen mit dem ID\/DS und dem 2CV ist der Traction Avant einer der bekanntesten Citro\u00ebn-Klassiker. Das einst so fortschrittliche Auto&hellip;","protected":false},"author":0,"featured_media":149827,"comment_status":"","ping_status":"open","sticky":false,"template":"","format":"standard","meta":{"footnotes":""},"categories":[125,214,174],"tags":[],"class_list":["post-149859","post","type-post","status-publish","format-standard","has-post-thumbnail","hentry","category-auto-nachrichten","category-klassiker","category-spas"],"acf":[],"yoast_head":"<!-- This site is optimized with the Yoast SEO plugin v21.2 - https:\/\/yoast.com\/wordpress\/plugins\/seo\/ -->\n<title>Gesichtet: ein Citro\u00ebn 11 Normale von 1954 - All cars news<\/title>\n<meta name=\"robots\" content=\"index, follow, max-snippet:-1, max-image-preview:large, max-video-preview:-1\" \/>\n<link rel=\"canonical\" href=\"https:\/\/all-car-news.com\/de\/gesichtet-ein-citroen-11-normale-von-1954\/\" \/>\n<meta property=\"og:locale\" content=\"de_DE\" \/>\n<meta property=\"og:type\" content=\"article\" \/>\n<meta property=\"og:title\" content=\"Gesichtet: ein Citro\u00ebn 11 Normale von 1954 - All cars news\" \/>\n<meta property=\"og:description\" content=\"Zusammen mit dem ID\/DS und dem 2CV ist der Traction Avant einer der bekanntesten Citro\u00ebn-Klassiker. Das einst so fortschrittliche Auto taucht noch immer mit einiger Regelm\u00e4\u00dfigkeit als Oldtimer auf. Zum Beispiel dieses sch\u00f6ne Exemplar.\" \/>\n<meta property=\"og:url\" content=\"https:\/\/all-car-news.com\/de\/gesichtet-ein-citroen-11-normale-von-1954\/\" \/>\n<meta property=\"og:site_name\" content=\"All cars news\" \/>\n<meta property=\"article:published_time\" content=\"2024-11-08T10:59:00+00:00\" \/>\n<meta property=\"og:image\" content=\"https:\/\/autorai.nl\/wp-content\/uploads\/2024\/11\/Citroen-Traction-Avant-1-1140x641.jpg\" \/>\n<meta name=\"twitter:card\" content=\"summary_large_image\" \/>\n<meta name=\"twitter:label1\" content=\"Gesch\u00e4tzte Lesezeit\" \/>\n\t<meta name=\"twitter:data1\" content=\"3\u00a0Minuten\" \/>\n<script type=\"application\/ld+json\" class=\"yoast-schema-graph\">{\"@context\":\"https:\/\/schema.org\",\"@graph\":[{\"@type\":\"Article\",\"@id\":\"https:\/\/all-car-news.com\/de\/gesichtet-ein-citroen-11-normale-von-1954\/#article\",\"isPartOf\":{\"@id\":\"https:\/\/all-car-news.com\/de\/gesichtet-ein-citroen-11-normale-von-1954\/\"},\"author\":{\"name\":\"\",\"@id\":\"\"},\"headline\":\"Gesichtet: ein Citro\u00ebn 11 Normale von 1954\",\"datePublished\":\"2024-11-08T10:59:00+00:00\",\"dateModified\":\"2024-11-08T10:59:00+00:00\",\"mainEntityOfPage\":{\"@id\":\"https:\/\/all-car-news.com\/de\/gesichtet-ein-citroen-11-normale-von-1954\/\"},\"wordCount\":567,\"publisher\":{\"@id\":\"https:\/\/all-car-news.com\/de\/#organization\"},\"articleSection\":[\"Auto Nachrichten\",\"Klassiker\",\"Spa\u00df\"],\"inLanguage\":\"de\"},{\"@type\":\"WebPage\",\"@id\":\"https:\/\/all-car-news.com\/de\/gesichtet-ein-citroen-11-normale-von-1954\/\",\"url\":\"https:\/\/all-car-news.com\/de\/gesichtet-ein-citroen-11-normale-von-1954\/\",\"name\":\"Gesichtet: ein Citro\u00ebn 11 Normale von 1954 - All cars news\",\"isPartOf\":{\"@id\":\"https:\/\/all-car-news.com\/de\/#website\"},\"datePublished\":\"2024-11-08T10:59:00+00:00\",\"dateModified\":\"2024-11-08T10:59:00+00:00\",\"breadcrumb\":{\"@id\":\"https:\/\/all-car-news.com\/de\/gesichtet-ein-citroen-11-normale-von-1954\/#breadcrumb\"},\"inLanguage\":\"de\",\"potentialAction\":[{\"@type\":\"ReadAction\",\"target\":[\"https:\/\/all-car-news.com\/de\/gesichtet-ein-citroen-11-normale-von-1954\/\"]}]},{\"@type\":\"BreadcrumbList\",\"@id\":\"https:\/\/all-car-news.com\/de\/gesichtet-ein-citroen-11-normale-von-1954\/#breadcrumb\",\"itemListElement\":[{\"@type\":\"ListItem\",\"position\":1,\"name\":\"Home\",\"item\":\"https:\/\/all-car-news.com\/de\/\"},{\"@type\":\"ListItem\",\"position\":2,\"name\":\"Gesichtet: ein Citro\u00ebn 11 Normale von 1954\"}]},{\"@type\":\"WebSite\",\"@id\":\"https:\/\/all-car-news.com\/de\/#website\",\"url\":\"https:\/\/all-car-news.com\/de\/\",\"name\":\"All cars news\",\"description\":\"\",\"publisher\":{\"@id\":\"https:\/\/all-car-news.com\/de\/#organization\"},\"potentialAction\":[{\"@type\":\"SearchAction\",\"target\":{\"@type\":\"EntryPoint\",\"urlTemplate\":\"https:\/\/all-car-news.com\/de\/?s={search_term_string}\"},\"query-input\":\"required name=search_term_string\"}],\"inLanguage\":\"de\"},{\"@type\":\"Organization\",\"@id\":\"https:\/\/all-car-news.com\/de\/#organization\",\"name\":\"All cars news\",\"url\":\"https:\/\/all-car-news.com\/de\/\",\"logo\":{\"@type\":\"ImageObject\",\"inLanguage\":\"de\",\"@id\":\"https:\/\/all-car-news.com\/de\/#\/schema\/logo\/image\/\",\"url\":\"https:\/\/all-car-news.com\/wp-content\/uploads\/2022\/02\/CMYK-AllCarNews_LANDSCAPE_300px-1.png\",\"contentUrl\":\"https:\/\/all-car-news.com\/wp-content\/uploads\/2022\/02\/CMYK-AllCarNews_LANDSCAPE_300px-1.png\",\"width\":300,\"height\":100,\"caption\":\"All cars news\"},\"image\":{\"@id\":\"https:\/\/all-car-news.com\/de\/#\/schema\/logo\/image\/\"}}]}<\/script>\n<!-- \/ Yoast SEO plugin. -->","yoast_head_json":{"title":"Gesichtet: ein Citro\u00ebn 11 Normale von 1954 - All cars news","robots":{"index":"index","follow":"follow","max-snippet":"max-snippet:-1","max-image-preview":"max-image-preview:large","max-video-preview":"max-video-preview:-1"},"canonical":"https:\/\/all-car-news.com\/de\/gesichtet-ein-citroen-11-normale-von-1954\/","og_locale":"de_DE","og_type":"article","og_title":"Gesichtet: ein Citro\u00ebn 11 Normale von 1954 - All cars news","og_description":"Zusammen mit dem ID\/DS und dem 2CV ist der Traction Avant einer der bekanntesten Citro\u00ebn-Klassiker. Das einst so fortschrittliche Auto taucht noch immer mit einiger Regelm\u00e4\u00dfigkeit als Oldtimer auf. Zum Beispiel dieses sch\u00f6ne Exemplar.","og_url":"https:\/\/all-car-news.com\/de\/gesichtet-ein-citroen-11-normale-von-1954\/","og_site_name":"All cars news","article_published_time":"2024-11-08T10:59:00+00:00","og_image":[{"url":"https:\/\/autorai.nl\/wp-content\/uploads\/2024\/11\/Citroen-Traction-Avant-1-1140x641.jpg"}],"twitter_card":"summary_large_image","twitter_misc":{"Gesch\u00e4tzte Lesezeit":"3\u00a0Minuten"},"schema":{"@context":"https:\/\/schema.org","@graph":[{"@type":"Article","@id":"https:\/\/all-car-news.com\/de\/gesichtet-ein-citroen-11-normale-von-1954\/#article","isPartOf":{"@id":"https:\/\/all-car-news.com\/de\/gesichtet-ein-citroen-11-normale-von-1954\/"},"author":{"name":"","@id":""},"headline":"Gesichtet: ein Citro\u00ebn 11 Normale von 1954","datePublished":"2024-11-08T10:59:00+00:00","dateModified":"2024-11-08T10:59:00+00:00","mainEntityOfPage":{"@id":"https:\/\/all-car-news.com\/de\/gesichtet-ein-citroen-11-normale-von-1954\/"},"wordCount":567,"publisher":{"@id":"https:\/\/all-car-news.com\/de\/#organization"},"articleSection":["Auto Nachrichten","Klassiker","Spa\u00df"],"inLanguage":"de"},{"@type":"WebPage","@id":"https:\/\/all-car-news.com\/de\/gesichtet-ein-citroen-11-normale-von-1954\/","url":"https:\/\/all-car-news.com\/de\/gesichtet-ein-citroen-11-normale-von-1954\/","name":"Gesichtet: ein Citro\u00ebn 11 Normale von 1954 - All cars news","isPartOf":{"@id":"https:\/\/all-car-news.com\/de\/#website"},"datePublished":"2024-11-08T10:59:00+00:00","dateModified":"2024-11-08T10:59:00+00:00","breadcrumb":{"@id":"https:\/\/all-car-news.com\/de\/gesichtet-ein-citroen-11-normale-von-1954\/#breadcrumb"},"inLanguage":"de","potentialAction":[{"@type":"ReadAction","target":["https:\/\/all-car-news.com\/de\/gesichtet-ein-citroen-11-normale-von-1954\/"]}]},{"@type":"BreadcrumbList","@id":"https:\/\/all-car-news.com\/de\/gesichtet-ein-citroen-11-normale-von-1954\/#breadcrumb","itemListElement":[{"@type":"ListItem","position":1,"name":"Home","item":"https:\/\/all-car-news.com\/de\/"},{"@type":"ListItem","position":2,"name":"Gesichtet: ein Citro\u00ebn 11 Normale von 1954"}]},{"@type":"WebSite","@id":"https:\/\/all-car-news.com\/de\/#website","url":"https:\/\/all-car-news.com\/de\/","name":"All cars news","description":"","publisher":{"@id":"https:\/\/all-car-news.com\/de\/#organization"},"potentialAction":[{"@type":"SearchAction","target":{"@type":"EntryPoint","urlTemplate":"https:\/\/all-car-news.com\/de\/?s={search_term_string}"},"query-input":"required name=search_term_string"}],"inLanguage":"de"},{"@type":"Organization","@id":"https:\/\/all-car-news.com\/de\/#organization","name":"All cars news","url":"https:\/\/all-car-news.com\/de\/","logo":{"@type":"ImageObject","inLanguage":"de","@id":"https:\/\/all-car-news.com\/de\/#\/schema\/logo\/image\/","url":"https:\/\/all-car-news.com\/wp-content\/uploads\/2022\/02\/CMYK-AllCarNews_LANDSCAPE_300px-1.png","contentUrl":"https:\/\/all-car-news.com\/wp-content\/uploads\/2022\/02\/CMYK-AllCarNews_LANDSCAPE_300px-1.png","width":300,"height":100,"caption":"All cars news"},"image":{"@id":"https:\/\/all-car-news.com\/de\/#\/schema\/logo\/image\/"}}]}},"_links":{"self":[{"href":"https:\/\/all-car-news.com\/de\/wp-json\/wp\/v2\/posts\/149859","targetHints":{"allow":["GET"]}}],"collection":[{"href":"https:\/\/all-car-news.com\/de\/wp-json\/wp\/v2\/posts"}],"about":[{"href":"https:\/\/all-car-news.com\/de\/wp-json\/wp\/v2\/types\/post"}],"replies":[{"embeddable":true,"href":"https:\/\/all-car-news.com\/de\/wp-json\/wp\/v2\/comments?post=149859"}],"version-history":[{"count":0,"href":"https:\/\/all-car-news.com\/de\/wp-json\/wp\/v2\/posts\/149859\/revisions"}],"wp:featuredmedia":[{"embeddable":true,"href":"https:\/\/all-car-news.com\/de\/wp-json\/wp\/v2\/media\/149827"}],"wp:attachment":[{"href":"https:\/\/all-car-news.com\/de\/wp-json\/wp\/v2\/media?parent=149859"}],"wp:term":[{"taxonomy":"category","embeddable":true,"href":"https:\/\/all-car-news.com\/de\/wp-json\/wp\/v2\/categories?post=149859"},{"taxonomy":"post_tag","embeddable":true,"href":"https:\/\/all-car-news.com\/de\/wp-json\/wp\/v2\/tags?post=149859"}],"curies":[{"name":"wp","href":"https:\/\/api.w.org\/{rel}","templated":true}]}}