{"id":149677,"date":"2024-11-03T10:06:47","date_gmt":"2024-11-03T10:06:47","guid":{"rendered":"https:\/\/all-car-news.com\/polestar-2-beliebte-wahl-als-leichenwagen-dieser-ist-brandneu\/"},"modified":"2024-11-03T10:06:47","modified_gmt":"2024-11-03T10:06:47","slug":"polestar-2-beliebte-wahl-als-leichenwagen-dieser-ist-brandneu","status":"publish","type":"post","link":"https:\/\/all-car-news.com\/de\/polestar-2-beliebte-wahl-als-leichenwagen-dieser-ist-brandneu\/","title":{"rendered":"Polestar 2 beliebte Wahl als Leichenwagen: dieser ist brandneu!"},"content":{"rendered":"<h2>Auch mit Sternenhimmel ausgestattet<\/h2>\n<p>Das j\u00fcngste Beispiel wurde f\u00fcr ein Bestattungsunternehmen aus Kampen gebaut. Der Kunde entschied sich f\u00fcr eine wei\u00dfe Au\u00dfenfarbe. Wie ein Rolls-Royce verf\u00fcgt auch dieser Polestar 2 Bestattungswagen \u00fcber einen Sternenhimmel in dem Raum, in dem der Sarg liegen wird.  <\/p>\n<h2>Spezifikationen Polestar 2 Hearse<\/h2>\n<p>Der 2.290 Kilometer lange Leichenwagen verf\u00fcgt \u00fcber einen 220 kW (300 PS) starken Elektromotor. Auf dem Papier hat das Modell eine Reichweite von 647 Kilometern mit einer vollen Ladung Strom. Das zus\u00e4tzliche Gewicht des Umbaus &#8211; sowie die Form des Wagens &#8211; schm\u00e4lert die Reichweite jedoch betr\u00e4chtlich. Laut Huiskamp sollte das Modell jetzt mit einer vollen Batterieladung 480 Kilometer zur\u00fccklegen k\u00f6nnen.   <\/p>\n<div class=\"galery galery-1\">\n<figure>\n\t\t\t\t\t<span style=\"cursor: pointer\" data-src=\"https:\/\/autorai.nl\/wp-content\/uploads\/2024\/11\/huiskamp-carrosseriefabriek-polestar-2-foto2-1600x1200.jpg\" data-fancybox=\"galery-1\" title=\"\"><br \/>\n\t\t\t\t\t\t\t<img decoding=\"async\" width=\"360\" height=\"270\" src=\"https:\/\/autorai.nl\/wp-content\/uploads\/2024\/11\/huiskamp-carrosseriefabriek-polestar-2-foto2-360x270.jpg\" class=\"attachment-small size-small\" alt=\"\" loading=\"lazy\"><i class=\"fa fa-search-plus\" aria-hidden=\"true\"><\/i><br \/>\n\t\t\t\t\t\t<\/span><br \/>\n\t\t\t\t\t<\/figure>\n<figure>\n\t\t\t\t\t<span style=\"cursor: pointer\" data-src=\"https:\/\/autorai.nl\/wp-content\/uploads\/2024\/11\/huiskamp-carrosseriefabriek-polestar-2-foto3-1600x983.jpg\" data-fancybox=\"galery-1\" title=\"\"><br \/>\n\t\t\t\t\t\t\t<img decoding=\"async\" width=\"360\" height=\"270\" src=\"https:\/\/autorai.nl\/wp-content\/uploads\/2024\/11\/huiskamp-carrosseriefabriek-polestar-2-foto3-360x270.jpg\" class=\"attachment-small size-small\" alt=\"\" loading=\"lazy\"><i class=\"fa fa-search-plus\" aria-hidden=\"true\"><\/i><br \/>\n\t\t\t\t\t\t<\/span><br \/>\n\t\t\t\t\t<\/figure>\n<div class=\"clear\"><\/div>\n<\/div>\n<h2>Elektrische Bestattungswagen auf dem Vormarsch<\/h2>\n<p>Bestattungsunternehmen setzen zunehmend auf vollelektrische Leichenwagen. Der gro\u00dfe Vorteil ist, dass diese Fahrzeuge leise sind, zumindest: wenn das akustische System (AVAS) &#8211; zur Warnung von Fu\u00dfg\u00e4ngern unter einer Geschwindigkeit von 30 km\/h &#8211; ausgeschaltet ist. In der Tat kann dies bei einer Prozession, bei der absolute Stille erforderlich ist, ziemlich st\u00f6rend sein. Ein weiterer Vorteil der BEV-Bestattungswagen ist die Abwesenheit von Abgasen, was f\u00fcr die Menschen, die hinter dem Bestattungswagen gehen, angenehm ist.   <\/p>\n<div class=\"galery galery-0\">\n<figure>\n\t\t\t\t\t<span style=\"cursor: pointer\" data-src=\"https:\/\/autorai.nl\/wp-content\/uploads\/2024\/11\/huiskamp-carrosseriefabriek-polestar-2-foto1-1600x1200.jpg\" data-fancybox=\"galery-0\" title=\"\"><br \/>\n\t\t\t\t\t\t\t<img decoding=\"async\" width=\"360\" height=\"270\" src=\"https:\/\/autorai.nl\/wp-content\/uploads\/2024\/11\/huiskamp-carrosseriefabriek-polestar-2-foto1-360x270.jpg\" class=\"attachment-small size-small\" alt=\"Polestar 2 - Huiskamp Karosseriewerkstatt\" loading=\"lazy\"><i class=\"fa fa-search-plus\" aria-hidden=\"true\"><\/i><br \/>\n\t\t\t\t\t\t<\/span><br \/>\n\t\t\t\t\t<\/figure>\n<figure>\n\t\t\t\t\t<span style=\"cursor: pointer\" data-src=\"https:\/\/autorai.nl\/wp-content\/uploads\/2024\/11\/huiskamp-carrosseriefabriek-polestar-2-foto10-1600x1155.jpg\" data-fancybox=\"galery-0\" title=\"\"><br \/>\n\t\t\t\t\t\t\t<img decoding=\"async\" width=\"360\" height=\"270\" src=\"https:\/\/autorai.nl\/wp-content\/uploads\/2024\/11\/huiskamp-carrosseriefabriek-polestar-2-foto10-360x270.jpg\" class=\"attachment-small size-small\" alt=\"\" loading=\"lazy\"><i class=\"fa fa-search-plus\" aria-hidden=\"true\"><\/i><br \/>\n\t\t\t\t\t\t<\/span><br \/>\n\t\t\t\t\t<\/figure>\n<figure>\n\t\t\t\t\t<span style=\"cursor: pointer\" data-src=\"https:\/\/autorai.nl\/wp-content\/uploads\/2024\/11\/huiskamp-carrosseriefabriek-polestar-2-foto9-1600x1150.jpg\" data-fancybox=\"galery-0\" title=\"\"><br \/>\n\t\t\t\t\t\t\t<img decoding=\"async\" width=\"360\" height=\"270\" src=\"https:\/\/autorai.nl\/wp-content\/uploads\/2024\/11\/huiskamp-carrosseriefabriek-polestar-2-foto9-360x270.jpg\" class=\"attachment-small size-small\" alt=\"\" loading=\"lazy\"><i class=\"fa fa-search-plus\" aria-hidden=\"true\"><\/i><br \/>\n\t\t\t\t\t\t<\/span><br \/>\n\t\t\t\t\t<\/figure>\n<figure>\n\t\t\t\t\t<span style=\"cursor: pointer\" data-src=\"https:\/\/autorai.nl\/wp-content\/uploads\/2024\/11\/huiskamp-carrosseriefabriek-polestar-2-foto8-1600x1533.jpg\" data-fancybox=\"galery-0\" title=\"\"><br \/>\n\t\t\t\t\t\t\t<img decoding=\"async\" width=\"360\" height=\"270\" src=\"https:\/\/autorai.nl\/wp-content\/uploads\/2024\/11\/huiskamp-carrosseriefabriek-polestar-2-foto8-360x270.jpg\" class=\"attachment-small size-small\" alt=\"\" loading=\"lazy\"><i class=\"fa fa-search-plus\" aria-hidden=\"true\"><\/i><br \/>\n\t\t\t\t\t\t<\/span><br \/>\n\t\t\t\t\t<\/figure>\n<figure>\n\t\t\t\t\t<span style=\"cursor: pointer\" data-src=\"https:\/\/autorai.nl\/wp-content\/uploads\/2024\/11\/huiskamp-carrosseriefabriek-polestar-2-foto7-1600x1200.jpg\" data-fancybox=\"galery-0\" title=\"\"><br \/>\n\t\t\t\t\t\t\t<img decoding=\"async\" width=\"360\" height=\"270\" src=\"https:\/\/autorai.nl\/wp-content\/uploads\/2024\/11\/huiskamp-carrosseriefabriek-polestar-2-foto7-360x270.jpg\" class=\"attachment-small size-small\" alt=\"\" loading=\"lazy\"><i class=\"fa fa-search-plus\" aria-hidden=\"true\"><\/i><br \/>\n\t\t\t\t\t\t<\/span><br \/>\n\t\t\t\t\t<\/figure>\n<figure>\n\t\t\t\t\t<span style=\"cursor: pointer\" data-src=\"https:\/\/autorai.nl\/wp-content\/uploads\/2024\/11\/huiskamp-carrosseriefabriek-polestar-2-foto6-1600x1414.jpg\" data-fancybox=\"galery-0\" title=\"\"><br \/>\n\t\t\t\t\t\t\t<img decoding=\"async\" width=\"360\" height=\"270\" src=\"https:\/\/autorai.nl\/wp-content\/uploads\/2024\/11\/huiskamp-carrosseriefabriek-polestar-2-foto6-360x270.jpg\" class=\"attachment-small size-small\" alt=\"\" loading=\"lazy\"><i class=\"fa fa-search-plus\" aria-hidden=\"true\"><\/i><br \/>\n\t\t\t\t\t\t<\/span><br \/>\n\t\t\t\t\t<\/figure>\n<figure>\n\t\t\t\t\t<span style=\"cursor: pointer\" data-src=\"https:\/\/autorai.nl\/wp-content\/uploads\/2024\/11\/huiskamp-carrosseriefabriek-polestar-2-foto5-1600x1441.jpg\" data-fancybox=\"galery-0\" title=\"\"><br \/>\n\t\t\t\t\t\t\t<img decoding=\"async\" width=\"360\" height=\"270\" src=\"https:\/\/autorai.nl\/wp-content\/uploads\/2024\/11\/huiskamp-carrosseriefabriek-polestar-2-foto5-360x270.jpg\" class=\"attachment-small size-small\" alt=\"\" loading=\"lazy\"><i class=\"fa fa-search-plus\" aria-hidden=\"true\"><\/i><br \/>\n\t\t\t\t\t\t<\/span><br \/>\n\t\t\t\t\t<\/figure>\n<figure>\n\t\t\t\t\t<span style=\"cursor: pointer\" data-src=\"https:\/\/autorai.nl\/wp-content\/uploads\/2024\/11\/huiskamp-carrosseriefabriek-polestar-2-foto4-1600x1053.jpg\" data-fancybox=\"galery-0\" title=\"\"><br \/>\n\t\t\t\t\t\t\t<img decoding=\"async\" width=\"360\" height=\"270\" src=\"https:\/\/autorai.nl\/wp-content\/uploads\/2024\/11\/huiskamp-carrosseriefabriek-polestar-2-foto4-360x270.jpg\" class=\"attachment-small size-small\" alt=\"\" loading=\"lazy\"><i class=\"fa fa-search-plus\" aria-hidden=\"true\"><\/i><br \/>\n\t\t\t\t\t\t<\/span><br \/>\n\t\t\t\t\t<\/figure>\n<div class=\"clear\"><\/div>\n<\/div>\n<h2>Wie der Leichenwagen zustande kam<\/h2>\n<p>Die Idee des Leichenwagens oder eines Fahrzeugs, das speziell f\u00fcr den Transport von Verstorbenen entwickelt wurde, reicht bis in die Zeit der alten Zivilisationen zur\u00fcck. Die Urspr\u00fcnge des Transports von Verstorbenen liegen bei den Bieren, bei denen Menschen oder Tiere &#8211; wie Pferde oder Ochsen &#8211; Karren benutzten, um die Toten zu ihrer letzten Ruhest\u00e4tte zu bringen. Im 17. und 18. Jahrhundert kamen in Europa und Nordamerika spezielle, von Pferden gezogene Kutschen in Gebrauch. Diese Kutschen waren oft wundersch\u00f6n geschm\u00fcckt und symbolisierten den Respekt und die Ehre f\u00fcr den Verstorbenen.   <\/p>\n<h2>Cadillac<\/h2>\n<p>Erst zu Beginn des 20. Jahrhunderts, um 1909, erschienen in den Vereinigten Staaten die ersten motorisierten Leichenwagen. Diese wurden zun\u00e4chst von Automobilherstellern wie Cadillac entwickelt, die auf der Grundlage ihrer bestehenden Modelle spezielle Fahrzeuge bauten. Ziel war es, einen effizienteren und w\u00fcrdevolleren Transport zu erm\u00f6glichen und die Tradition der Pferdekutschen zu ersetzen. So entstand die Idee des modernen Leichenwagens, wie wir ihn heute kennen, ein Fahrzeug, das sowohl praktisch als auch zeremoniell bei der Verabschiedung des Verstorbenen funktioniert.   <\/p>\n","protected":false},"excerpt":{"rendered":"Auch mit Sternenhimmel ausgestattet Das j\u00fcngste Beispiel wurde f\u00fcr ein Bestattungsunternehmen aus Kampen gebaut. Der Kunde entschied sich f\u00fcr eine&hellip;","protected":false},"author":0,"featured_media":149667,"comment_status":"","ping_status":"open","sticky":false,"template":"","format":"standard","meta":{"footnotes":""},"categories":[125,128],"tags":[],"class_list":["post-149677","post","type-post","status-publish","format-standard","has-post-thumbnail","hentry","category-auto-nachrichten","category-hintergrund"],"acf":[],"yoast_head":"<!-- This site is optimized with the Yoast SEO plugin v21.2 - https:\/\/yoast.com\/wordpress\/plugins\/seo\/ -->\n<title>Polestar 2 beliebte Wahl als Leichenwagen: dieser ist brandneu! - All cars news<\/title>\n<meta name=\"robots\" content=\"index, follow, max-snippet:-1, max-image-preview:large, max-video-preview:-1\" \/>\n<link rel=\"canonical\" href=\"https:\/\/all-car-news.com\/de\/polestar-2-beliebte-wahl-als-leichenwagen-dieser-ist-brandneu\/\" \/>\n<meta property=\"og:locale\" content=\"de_DE\" \/>\n<meta property=\"og:type\" content=\"article\" \/>\n<meta property=\"og:title\" content=\"Polestar 2 beliebte Wahl als Leichenwagen: dieser ist brandneu! - All cars news\" \/>\n<meta property=\"og:description\" content=\"Auch mit Sternenhimmel ausgestattet Das j\u00fcngste Beispiel wurde f\u00fcr ein Bestattungsunternehmen aus Kampen gebaut. Der Kunde entschied sich f\u00fcr eine wei\u00dfe Au\u00dfenfarbe. Wie ein Rolls-Royce verf\u00fcgt auch dieser Polestar 2 Leichenwagen \u00fcber einen Sternenhimmel in dem Raum, in dem der Sarg ruht. Spezifikationen Polestar 2 Leichenwagen Der 2.290 Kilogramm schwere Leichenwagen hat einen [...]\" \/>\n<meta property=\"og:url\" content=\"https:\/\/all-car-news.com\/de\/polestar-2-beliebte-wahl-als-leichenwagen-dieser-ist-brandneu\/\" \/>\n<meta property=\"og:site_name\" content=\"All cars news\" \/>\n<meta property=\"article:published_time\" content=\"2024-11-03T10:06:47+00:00\" \/>\n<meta property=\"og:image\" content=\"https:\/\/autorai.nl\/wp-content\/uploads\/2024\/11\/huiskamp-carrosseriefabriek-polestar-2-foto2-360x270.jpg\" \/>\n<meta name=\"twitter:card\" content=\"summary_large_image\" \/>\n<meta name=\"twitter:label1\" content=\"Gesch\u00e4tzte Lesezeit\" \/>\n\t<meta name=\"twitter:data1\" content=\"2\u00a0Minuten\" \/>\n<script type=\"application\/ld+json\" class=\"yoast-schema-graph\">{\"@context\":\"https:\/\/schema.org\",\"@graph\":[{\"@type\":\"Article\",\"@id\":\"https:\/\/all-car-news.com\/de\/polestar-2-beliebte-wahl-als-leichenwagen-dieser-ist-brandneu\/#article\",\"isPartOf\":{\"@id\":\"https:\/\/all-car-news.com\/de\/polestar-2-beliebte-wahl-als-leichenwagen-dieser-ist-brandneu\/\"},\"author\":{\"name\":\"\",\"@id\":\"\"},\"headline\":\"Polestar 2 beliebte Wahl als Leichenwagen: dieser ist brandneu!\",\"datePublished\":\"2024-11-03T10:06:47+00:00\",\"dateModified\":\"2024-11-03T10:06:47+00:00\",\"mainEntityOfPage\":{\"@id\":\"https:\/\/all-car-news.com\/de\/polestar-2-beliebte-wahl-als-leichenwagen-dieser-ist-brandneu\/\"},\"wordCount\":384,\"publisher\":{\"@id\":\"https:\/\/all-car-news.com\/de\/#organization\"},\"articleSection\":[\"Auto Nachrichten\",\"Hintergrund\"],\"inLanguage\":\"de\"},{\"@type\":\"WebPage\",\"@id\":\"https:\/\/all-car-news.com\/de\/polestar-2-beliebte-wahl-als-leichenwagen-dieser-ist-brandneu\/\",\"url\":\"https:\/\/all-car-news.com\/de\/polestar-2-beliebte-wahl-als-leichenwagen-dieser-ist-brandneu\/\",\"name\":\"Polestar 2 beliebte Wahl als Leichenwagen: dieser ist brandneu! - All cars news\",\"isPartOf\":{\"@id\":\"https:\/\/all-car-news.com\/de\/#website\"},\"datePublished\":\"2024-11-03T10:06:47+00:00\",\"dateModified\":\"2024-11-03T10:06:47+00:00\",\"breadcrumb\":{\"@id\":\"https:\/\/all-car-news.com\/de\/polestar-2-beliebte-wahl-als-leichenwagen-dieser-ist-brandneu\/#breadcrumb\"},\"inLanguage\":\"de\",\"potentialAction\":[{\"@type\":\"ReadAction\",\"target\":[\"https:\/\/all-car-news.com\/de\/polestar-2-beliebte-wahl-als-leichenwagen-dieser-ist-brandneu\/\"]}]},{\"@type\":\"BreadcrumbList\",\"@id\":\"https:\/\/all-car-news.com\/de\/polestar-2-beliebte-wahl-als-leichenwagen-dieser-ist-brandneu\/#breadcrumb\",\"itemListElement\":[{\"@type\":\"ListItem\",\"position\":1,\"name\":\"Home\",\"item\":\"https:\/\/all-car-news.com\/de\/\"},{\"@type\":\"ListItem\",\"position\":2,\"name\":\"Polestar 2 beliebte Wahl als Leichenwagen: dieser ist brandneu!\"}]},{\"@type\":\"WebSite\",\"@id\":\"https:\/\/all-car-news.com\/de\/#website\",\"url\":\"https:\/\/all-car-news.com\/de\/\",\"name\":\"All cars news\",\"description\":\"\",\"publisher\":{\"@id\":\"https:\/\/all-car-news.com\/de\/#organization\"},\"potentialAction\":[{\"@type\":\"SearchAction\",\"target\":{\"@type\":\"EntryPoint\",\"urlTemplate\":\"https:\/\/all-car-news.com\/de\/?s={search_term_string}\"},\"query-input\":\"required name=search_term_string\"}],\"inLanguage\":\"de\"},{\"@type\":\"Organization\",\"@id\":\"https:\/\/all-car-news.com\/de\/#organization\",\"name\":\"All cars news\",\"url\":\"https:\/\/all-car-news.com\/de\/\",\"logo\":{\"@type\":\"ImageObject\",\"inLanguage\":\"de\",\"@id\":\"https:\/\/all-car-news.com\/de\/#\/schema\/logo\/image\/\",\"url\":\"https:\/\/all-car-news.com\/wp-content\/uploads\/2022\/02\/CMYK-AllCarNews_LANDSCAPE_300px-1.png\",\"contentUrl\":\"https:\/\/all-car-news.com\/wp-content\/uploads\/2022\/02\/CMYK-AllCarNews_LANDSCAPE_300px-1.png\",\"width\":300,\"height\":100,\"caption\":\"All cars news\"},\"image\":{\"@id\":\"https:\/\/all-car-news.com\/de\/#\/schema\/logo\/image\/\"}}]}<\/script>\n<!-- \/ Yoast SEO plugin. -->","yoast_head_json":{"title":"Polestar 2 beliebte Wahl als Leichenwagen: dieser ist brandneu! - All cars news","robots":{"index":"index","follow":"follow","max-snippet":"max-snippet:-1","max-image-preview":"max-image-preview:large","max-video-preview":"max-video-preview:-1"},"canonical":"https:\/\/all-car-news.com\/de\/polestar-2-beliebte-wahl-als-leichenwagen-dieser-ist-brandneu\/","og_locale":"de_DE","og_type":"article","og_title":"Polestar 2 beliebte Wahl als Leichenwagen: dieser ist brandneu! - All cars news","og_description":"Auch mit Sternenhimmel ausgestattet Das j\u00fcngste Beispiel wurde f\u00fcr ein Bestattungsunternehmen aus Kampen gebaut. Der Kunde entschied sich f\u00fcr eine wei\u00dfe Au\u00dfenfarbe. Wie ein Rolls-Royce verf\u00fcgt auch dieser Polestar 2 Leichenwagen \u00fcber einen Sternenhimmel in dem Raum, in dem der Sarg ruht. Spezifikationen Polestar 2 Leichenwagen Der 2.290 Kilogramm schwere Leichenwagen hat einen [...]","og_url":"https:\/\/all-car-news.com\/de\/polestar-2-beliebte-wahl-als-leichenwagen-dieser-ist-brandneu\/","og_site_name":"All cars news","article_published_time":"2024-11-03T10:06:47+00:00","og_image":[{"url":"https:\/\/autorai.nl\/wp-content\/uploads\/2024\/11\/huiskamp-carrosseriefabriek-polestar-2-foto2-360x270.jpg"}],"twitter_card":"summary_large_image","twitter_misc":{"Gesch\u00e4tzte Lesezeit":"2\u00a0Minuten"},"schema":{"@context":"https:\/\/schema.org","@graph":[{"@type":"Article","@id":"https:\/\/all-car-news.com\/de\/polestar-2-beliebte-wahl-als-leichenwagen-dieser-ist-brandneu\/#article","isPartOf":{"@id":"https:\/\/all-car-news.com\/de\/polestar-2-beliebte-wahl-als-leichenwagen-dieser-ist-brandneu\/"},"author":{"name":"","@id":""},"headline":"Polestar 2 beliebte Wahl als Leichenwagen: dieser ist brandneu!","datePublished":"2024-11-03T10:06:47+00:00","dateModified":"2024-11-03T10:06:47+00:00","mainEntityOfPage":{"@id":"https:\/\/all-car-news.com\/de\/polestar-2-beliebte-wahl-als-leichenwagen-dieser-ist-brandneu\/"},"wordCount":384,"publisher":{"@id":"https:\/\/all-car-news.com\/de\/#organization"},"articleSection":["Auto Nachrichten","Hintergrund"],"inLanguage":"de"},{"@type":"WebPage","@id":"https:\/\/all-car-news.com\/de\/polestar-2-beliebte-wahl-als-leichenwagen-dieser-ist-brandneu\/","url":"https:\/\/all-car-news.com\/de\/polestar-2-beliebte-wahl-als-leichenwagen-dieser-ist-brandneu\/","name":"Polestar 2 beliebte Wahl als Leichenwagen: dieser ist brandneu! - All cars news","isPartOf":{"@id":"https:\/\/all-car-news.com\/de\/#website"},"datePublished":"2024-11-03T10:06:47+00:00","dateModified":"2024-11-03T10:06:47+00:00","breadcrumb":{"@id":"https:\/\/all-car-news.com\/de\/polestar-2-beliebte-wahl-als-leichenwagen-dieser-ist-brandneu\/#breadcrumb"},"inLanguage":"de","potentialAction":[{"@type":"ReadAction","target":["https:\/\/all-car-news.com\/de\/polestar-2-beliebte-wahl-als-leichenwagen-dieser-ist-brandneu\/"]}]},{"@type":"BreadcrumbList","@id":"https:\/\/all-car-news.com\/de\/polestar-2-beliebte-wahl-als-leichenwagen-dieser-ist-brandneu\/#breadcrumb","itemListElement":[{"@type":"ListItem","position":1,"name":"Home","item":"https:\/\/all-car-news.com\/de\/"},{"@type":"ListItem","position":2,"name":"Polestar 2 beliebte Wahl als Leichenwagen: dieser ist brandneu!"}]},{"@type":"WebSite","@id":"https:\/\/all-car-news.com\/de\/#website","url":"https:\/\/all-car-news.com\/de\/","name":"All cars news","description":"","publisher":{"@id":"https:\/\/all-car-news.com\/de\/#organization"},"potentialAction":[{"@type":"SearchAction","target":{"@type":"EntryPoint","urlTemplate":"https:\/\/all-car-news.com\/de\/?s={search_term_string}"},"query-input":"required name=search_term_string"}],"inLanguage":"de"},{"@type":"Organization","@id":"https:\/\/all-car-news.com\/de\/#organization","name":"All cars news","url":"https:\/\/all-car-news.com\/de\/","logo":{"@type":"ImageObject","inLanguage":"de","@id":"https:\/\/all-car-news.com\/de\/#\/schema\/logo\/image\/","url":"https:\/\/all-car-news.com\/wp-content\/uploads\/2022\/02\/CMYK-AllCarNews_LANDSCAPE_300px-1.png","contentUrl":"https:\/\/all-car-news.com\/wp-content\/uploads\/2022\/02\/CMYK-AllCarNews_LANDSCAPE_300px-1.png","width":300,"height":100,"caption":"All cars news"},"image":{"@id":"https:\/\/all-car-news.com\/de\/#\/schema\/logo\/image\/"}}]}},"_links":{"self":[{"href":"https:\/\/all-car-news.com\/de\/wp-json\/wp\/v2\/posts\/149677","targetHints":{"allow":["GET"]}}],"collection":[{"href":"https:\/\/all-car-news.com\/de\/wp-json\/wp\/v2\/posts"}],"about":[{"href":"https:\/\/all-car-news.com\/de\/wp-json\/wp\/v2\/types\/post"}],"replies":[{"embeddable":true,"href":"https:\/\/all-car-news.com\/de\/wp-json\/wp\/v2\/comments?post=149677"}],"version-history":[{"count":0,"href":"https:\/\/all-car-news.com\/de\/wp-json\/wp\/v2\/posts\/149677\/revisions"}],"wp:featuredmedia":[{"embeddable":true,"href":"https:\/\/all-car-news.com\/de\/wp-json\/wp\/v2\/media\/149667"}],"wp:attachment":[{"href":"https:\/\/all-car-news.com\/de\/wp-json\/wp\/v2\/media?parent=149677"}],"wp:term":[{"taxonomy":"category","embeddable":true,"href":"https:\/\/all-car-news.com\/de\/wp-json\/wp\/v2\/categories?post=149677"},{"taxonomy":"post_tag","embeddable":true,"href":"https:\/\/all-car-news.com\/de\/wp-json\/wp\/v2\/tags?post=149677"}],"curies":[{"name":"wp","href":"https:\/\/api.w.org\/{rel}","templated":true}]}}