{"id":149309,"date":"2024-09-16T15:31:03","date_gmt":"2024-09-16T15:31:03","guid":{"rendered":"https:\/\/all-car-news.com\/nutzfahrzeuge-kia-mehr-informationen-zu-garantie-und-lademoeglichkeiten\/"},"modified":"2024-09-16T15:31:03","modified_gmt":"2024-09-16T15:31:03","slug":"nutzfahrzeuge-kia-mehr-informationen-zu-garantie-und-lademoeglichkeiten","status":"publish","type":"post","link":"https:\/\/all-car-news.com\/de\/nutzfahrzeuge-kia-mehr-informationen-zu-garantie-und-lademoeglichkeiten\/","title":{"rendered":"Nutzfahrzeuge Kia: mehr Informationen zu Garantie und Ladem\u00f6glichkeiten"},"content":{"rendered":"<h2>Kia Nutzfahrzeuge ab 2025<\/h2>\n<p>Kia wird im Sommer 2025 die ersten Versionen von vollelektrischen leichten Nutzfahrzeugen auf den Markt bringen, die auf einer v\u00f6llig neuen elektrischen Mehrzweckplattform basieren.<br \/>\nIn Hannover wird Kia das PV5 Konzept, das PV5 People Mover Konzept, das PV5 Hochdachkonzept und das PV7 Konzept zeigen.<br \/>\nDie PBVs von Kia basieren auf vier S\u00e4ulen: Fahren, Aufladen, Verbinden und Arbeiten.<br \/>\nKia wird auf der IAA Hannover Neuigkeiten zu allen S\u00e4ulen pr\u00e4sentieren.   <\/p>\n<h2>Kia Plattform Beyond Vehicle: Antrieb<\/h2>\n<p>Kia hat eine Plattform f\u00fcr batterieelektrische Fahrzeuge (BEV) entwickelt, die an verschiedene Radstandsl\u00e4ngen angepasst werden kann, um eine breite Palette von Fahrzeuggr\u00f6\u00dfen und Karosserieformen zu erm\u00f6glichen.<br \/>\nAuf der IAA Hannover gab Kia bekannt, dass jedes PBV mit einer Garantie von sieben Jahren oder 150.000 km ausgestattet ist.<br \/>\nPBV-Fahrer k\u00f6nnen auch die Benutzererfahrung des Multitasking-Cockpits genie\u00dfen, das von KI unterst\u00fctzt wird und eine gro\u00dfe Anzahl von Ablagef\u00e4chern umfasst.<br \/>\nAu\u00dferdem l\u00e4sst sich das Cockpit bei stehendem Fahrzeug problemlos in einen mobilen Arbeitsplatz umwandeln.   <\/p>\n<h2>Kia Plattform Beyond Vehicle: Laden Sie<\/h2>\n<p>Kia PBVs k\u00f6nnen das Kia Charge Netzwerk nutzen, das Zugang zu mehr als 790.000 Ladepunkten in 28 europ\u00e4ischen L\u00e4ndern bietet.<br \/>\nDazu geh\u00f6rt auch das IONITY-Netzwerk mit mehr als 4.100 Ladepunkten in 24 europ\u00e4ischen L\u00e4ndern.<br \/>\nEin PBV kann in weniger als 30 Minuten von 10 % auf 80 % aufladen, zum Beispiel w\u00e4hrend einer Mittagspause oder eines Kundenbesuchs.<br \/>\nDie PBVs von Kia k\u00f6nnen mit 22 kW Wechselstrom laden und sorgen so f\u00fcr eine bessere Optimierung und niedrigere Kosten.<br \/>\nSie k\u00f6nnen bis zu 150 kW DC schnell aufladen.    <\/p>\n<p>Kia Plug &amp; Charge garantiert einen optimierten Ladevorgang, bei dem der Ladevorgang durch einfaches Einstecken des Ladekabels gestartet wird.<br \/>\nDer Kia EV Routenplaner kann die n\u00e4chste verf\u00fcgbare Ladestation finden und das Fahrzeug direkt dorthin leiten. <\/p>\n<p><strong>Auch V2L-kompatibel<\/strong><\/p>\n<p>Die PBVs von Kia sind auch V2L-kompatibel, so dass sie als mobile Stromquellen f\u00fcr Ger\u00e4te, Werkzeuge, K\u00fchlaggregate, Notfallausr\u00fcstung und mehr dienen k\u00f6nnen.<br \/>\nKunden k\u00f6nnen au\u00dferdem \u00fcber die V2G-Technologie Energie mit dem Stromnetz austauschen, um die Gesamtbetriebskosten (TCO) des Fahrzeugs zu optimieren und zur L\u00f6sung von Netz\u00fcberlastungen beizutragen. <\/p>\n<figure class=\"wp-block-image size-content\"><img decoding=\"async\" loading=\"lazy\" width=\"1140\" height=\"641\" src=\"https:\/\/autorai.nl\/wp-content\/uploads\/2024\/09\/kia-pbv-pv5-concept-lineup-reveal-clean-digital-1920x1080-1-1140x641.jpg\" alt=\"\" class=\"wp-image-185270\"><\/figure>\n<h2>Kia Plattform Beyond Vehicle: Verbinden<\/h2>\n<p>Auf der IAA Hannover gab Kia au\u00dferdem bekannt, dass es sich mit Geotab und 42dot zusammenschlie\u00dft, um die Zukunft des Flottenmanagements voranzutreiben.<br \/>\nDiese strategische Partnerschaft wird die Integration einer Reihe von Datenl\u00f6sungen f\u00fcr einen optimalen Betrieb erm\u00f6glichen.<br \/>\nGeotab ist bekannt f\u00fcr vernetzte Transport- und Asset-Management-L\u00f6sungen und 42dot ist die Software-Sparte der Hyundai Motor Group.  <\/p>\n<p>Als vollst\u00e4ndig vernetzte Fahrzeuge verf\u00fcgen die PBVs von Kia auch \u00fcber eine Reihe von Funktionen, die den Komfort maximieren.<br \/>\nDazu geh\u00f6ren eine spezielle, auf Android OS basierende Technologie, ein KI-gest\u00fctzter Sprachassistent, eine vorausschauende Wartungsfunktion, ein intelligenter Routenplaner und ein individuelles Flottenmanagementsystem.<br \/>\nDer digitale Schl\u00fcssel 2.0 erm\u00f6glicht den gemeinsamen Fernzugriff auf das Fahrzeug, w\u00e4hrend drahtlose Updates sicherstellen, dass immer die neuesten Funktionen und Technologien verf\u00fcgbar sind.  <\/p>\n<p>Die von PBVs generierten Live-Daten k\u00f6nnen zur Analyse von Fahrmustern und zur Fernerkennung von Problemen verwendet werden, wodurch das Flottenmanagement effizienter als je zuvor wird.<br \/>\nDer Zugang zu einer Reihe von Android-Apps erm\u00f6glicht es den Kunden, die von ihnen gew\u00fcnschten Apps zum Fahrzeug hinzuzuf\u00fcgen.<br \/>\nKia wird \u00fcber Kia Connect auch eine Reihe von durchdachten Kundenl\u00f6sungen anbieten, die das Benutzererlebnis f\u00fcr spezifische Gesch\u00e4ftsanforderungen optimieren.  <\/p>\n<h2>Kia Plattform Beyond Vehicle: Arbeit<\/h2>\n<p>PBVs sind in mehrfacher Hinsicht anpassungsf\u00e4hige Fahrzeuge, die in verschiedenen Varianten, Gr\u00f6\u00dfen und Umbauten erh\u00e4ltlich sind.<br \/>\nSie bieten viel Ladevolumen und eine beachtliche Ladeh\u00f6he.<br \/>\nKia arbeitet bereits mit zahlreichen Partnern zusammen, darunter auch europaweit t\u00e4tige Umr\u00fcster, um individualisierte PBVs f\u00fcr spezielle Bed\u00fcrfnisse zu entwickeln, wie z. B. K\u00fchltransporte oder rollstuhlgerechte Mobilit\u00e4t.  <\/p>\n<p>Kia k\u00fcndigte auf der IAA Hannover auch eine Partnerschaft mit der Petit Forestier Group an, einem weltweit t\u00e4tigen Unternehmen, das sich auf den konditionierten Transport spezialisiert hat.<br \/>\nDiese Partnerschaft ist ein wichtiger Schritt, um die Welt des K\u00fchltransports nachhaltiger zu gestalten.<br \/>\nKia arbeitet bereits mit Marken wie Uber zusammen und hat erste Vertr\u00e4ge mit Coupang und CJ Logistics, Kakao Mobility und Dubai Taxi Corporation unterzeichnet.  <\/p>\n<p>PBVs bieten ein hohes Ladevolumen und eine gute Ladeh\u00f6he, so dass die Kunden mehr G\u00fcter transportieren, die Produktivit\u00e4t maximieren und somit Zeit sparen k\u00f6nnen.<br \/>\nKia wird ein eigenes H\u00e4ndlernetz f\u00fcr B2B-Kunden aufbauen, mit entsprechend gro\u00dfen Werkst\u00e4tten, einem erfahrenen Verkaufsteam, verl\u00e4ngerten \u00d6ffnungszeiten und speziell f\u00fcr den B2B-Markt geschultem Fachpersonal.<br \/>\nKia wird auch Finanzierungen f\u00fcr Unternehmen in diesem Markt anbieten, um sehr wettbewerbsf\u00e4hige Gesamtbetriebskosten zu gew\u00e4hrleisten.  <\/p>\n<h2>Spezielle Fabrik f\u00fcr Kia PBVs<\/h2>\n<p>Kia hat letztes Jahr mit dem Bau eines speziellen PBV-Werks in Korea begonnen, das Teil einer Investition von mehr als 3 Milliarden Euro ist.<br \/>\nEin fortschrittliches Produktionssystem wird eine flexible Produktion mit einer st\u00e4rkeren Individualisierung der verschiedenen Produkttypen erm\u00f6glichen.<br \/>\nDie anf\u00e4ngliche PBV-Produktionskapazit\u00e4t von 150.000 Einheiten pro Jahr wird schrittweise und weltweit auf 300.000 Einheiten anwachsen.  <\/p>\n<div class=\"galery shuffle galery-0\">\n<figure>\n\t\t\t\t\t<span style=\"cursor: pointer\" data-src=\"https:\/\/autorai.nl\/wp-content\/uploads\/2024\/09\/kia-pbv-pv7-iaa-24-static-digital-1920x1080-004-1600x900.jpg\" data-fancybox=\"galery-0\" title=\"\"><br \/>\n\t\t\t\t\t\t\t<img decoding=\"async\" width=\"640\" height=\"480\" src=\"https:\/\/autorai.nl\/wp-content\/uploads\/2024\/09\/kia-pbv-pv7-iaa-24-static-digital-1920x1080-004-640x480.jpg\" class=\"attachment-medium size-medium\" alt=\"\" loading=\"lazy\"><i class=\"fa fa-search-plus\" aria-hidden=\"true\"><\/i><br \/>\n\t\t\t\t\t\t<\/span><br \/>\n\t\t\t\t\t<\/figure>\n<figure>\n\t\t\t\t\t<span style=\"cursor: pointer\" data-src=\"https:\/\/autorai.nl\/wp-content\/uploads\/2024\/09\/kia-pbv-pv5-iaa-24-static-digital-1920x1080-001-1600x900.jpg\" data-fancybox=\"galery-0\" title=\"\"><br \/>\n\t\t\t\t\t\t\t<img decoding=\"async\" width=\"360\" height=\"270\" src=\"https:\/\/autorai.nl\/wp-content\/uploads\/2024\/09\/kia-pbv-pv5-iaa-24-static-digital-1920x1080-001-360x270.jpg\" class=\"attachment-small size-small\" alt=\"Kia PBV\" loading=\"lazy\"><i class=\"fa fa-search-plus\" aria-hidden=\"true\"><\/i><br \/>\n\t\t\t\t\t\t<\/span><br \/>\n\t\t\t\t\t<\/figure>\n<figure>\n\t\t\t\t\t<span style=\"cursor: pointer\" data-src=\"https:\/\/autorai.nl\/wp-content\/uploads\/2024\/09\/kia-pbv-pv5-hr-iaa-24-static-digital-1920x1080-001-1600x900.jpg\" data-fancybox=\"galery-0\" title=\"\"><br \/>\n\t\t\t\t\t\t\t<img decoding=\"async\" width=\"360\" height=\"270\" src=\"https:\/\/autorai.nl\/wp-content\/uploads\/2024\/09\/kia-pbv-pv5-hr-iaa-24-static-digital-1920x1080-001-360x270.jpg\" class=\"attachment-small size-small\" alt=\"\" loading=\"lazy\"><i class=\"fa fa-search-plus\" aria-hidden=\"true\"><\/i><br \/>\n\t\t\t\t\t\t<\/span><br \/>\n\t\t\t\t\t<\/figure>\n<figure>\n\t\t\t\t\t<span style=\"cursor: pointer\" data-src=\"https:\/\/autorai.nl\/wp-content\/uploads\/2024\/09\/kia-pbv-pv5-concept-lineup-reveal-clean-digital-1920x1080-1-1600x900.jpg\" data-fancybox=\"galery-0\" title=\"\"><br \/>\n\t\t\t\t\t\t\t<img decoding=\"async\" width=\"640\" height=\"480\" src=\"https:\/\/autorai.nl\/wp-content\/uploads\/2024\/09\/kia-pbv-pv5-concept-lineup-reveal-clean-digital-1920x1080-1-640x480.jpg\" class=\"attachment-medium size-medium\" alt=\"\" loading=\"lazy\"><i class=\"fa fa-search-plus\" aria-hidden=\"true\"><\/i><br \/>\n\t\t\t\t\t\t<\/span><br \/>\n\t\t\t\t\t<\/figure>\n<figure>\n\t\t\t\t\t<span style=\"cursor: pointer\" data-src=\"https:\/\/autorai.nl\/wp-content\/uploads\/2024\/09\/kia-pbv-pv5-anamorphic-screen-iaa-24-static-digital-1920x1080-004-1600x900.jpg\" data-fancybox=\"galery-0\" title=\"\"><br \/>\n\t\t\t\t\t\t\t<img decoding=\"async\" width=\"360\" height=\"270\" src=\"https:\/\/autorai.nl\/wp-content\/uploads\/2024\/09\/kia-pbv-pv5-anamorphic-screen-iaa-24-static-digital-1920x1080-004-360x270.jpg\" class=\"attachment-small size-small\" alt=\"\" loading=\"lazy\"><i class=\"fa fa-search-plus\" aria-hidden=\"true\"><\/i><br \/>\n\t\t\t\t\t\t<\/span><br \/>\n\t\t\t\t\t<\/figure>\n<figure>\n\t\t\t\t\t<span style=\"cursor: pointer\" data-src=\"https:\/\/autorai.nl\/wp-content\/uploads\/2024\/09\/kia-pbv-iaa-24-event-digital-1920x1080-009-1600x900.jpg\" data-fancybox=\"galery-0\" title=\"\"><br \/>\n\t\t\t\t\t\t\t<img decoding=\"async\" width=\"360\" height=\"270\" src=\"https:\/\/autorai.nl\/wp-content\/uploads\/2024\/09\/kia-pbv-iaa-24-event-digital-1920x1080-009-360x270.jpg\" class=\"attachment-small size-small\" alt=\"\" loading=\"lazy\"><i class=\"fa fa-search-plus\" aria-hidden=\"true\"><\/i><br \/>\n\t\t\t\t\t\t<\/span><br \/>\n\t\t\t\t\t<\/figure>\n<figure>\n\t\t\t\t\t<span style=\"cursor: pointer\" data-src=\"https:\/\/autorai.nl\/wp-content\/uploads\/2024\/09\/kia-pbv-iaa-24-event-digital-1920x1080-007-1600x900.jpg\" data-fancybox=\"galery-0\" title=\"\"><br \/>\n\t\t\t\t\t\t\t<img decoding=\"async\" width=\"640\" height=\"480\" src=\"https:\/\/autorai.nl\/wp-content\/uploads\/2024\/09\/kia-pbv-iaa-24-event-digital-1920x1080-007-640x480.jpg\" class=\"attachment-medium size-medium\" alt=\"\" loading=\"lazy\"><i class=\"fa fa-search-plus\" aria-hidden=\"true\"><\/i><br \/>\n\t\t\t\t\t\t<\/span><br \/>\n\t\t\t\t\t<\/figure>\n<figure>\n\t\t\t\t\t<span style=\"cursor: pointer\" data-src=\"https:\/\/autorai.nl\/wp-content\/uploads\/2024\/09\/kia-pbv-iaa-24-event-digital-1920x1080-006-1600x900.jpg\" data-fancybox=\"galery-0\" title=\"\"><br \/>\n\t\t\t\t\t\t\t<img decoding=\"async\" width=\"360\" height=\"270\" src=\"https:\/\/autorai.nl\/wp-content\/uploads\/2024\/09\/kia-pbv-iaa-24-event-digital-1920x1080-006-360x270.jpg\" class=\"attachment-small size-small\" alt=\"\" loading=\"lazy\"><i class=\"fa fa-search-plus\" aria-hidden=\"true\"><\/i><br \/>\n\t\t\t\t\t\t<\/span><br \/>\n\t\t\t\t\t<\/figure>\n<figure>\n\t\t\t\t\t<span style=\"cursor: pointer\" data-src=\"https:\/\/autorai.nl\/wp-content\/uploads\/2024\/09\/kia-pbv-iaa-24-event-digital-1920x1080-005-1600x900.jpg\" data-fancybox=\"galery-0\" title=\"\"><br \/>\n\t\t\t\t\t\t\t<img decoding=\"async\" width=\"360\" height=\"270\" src=\"https:\/\/autorai.nl\/wp-content\/uploads\/2024\/09\/kia-pbv-iaa-24-event-digital-1920x1080-005-360x270.jpg\" class=\"attachment-small size-small\" alt=\"\" loading=\"lazy\"><i class=\"fa fa-search-plus\" aria-hidden=\"true\"><\/i><br \/>\n\t\t\t\t\t\t<\/span><br \/>\n\t\t\t\t\t<\/figure>\n<figure>\n\t\t\t\t\t<span style=\"cursor: pointer\" data-src=\"https:\/\/autorai.nl\/wp-content\/uploads\/2024\/09\/kia-pbv-iaa-24-event-digital-1920x1080-003-1600x900.jpg\" data-fancybox=\"galery-0\" title=\"\"><br \/>\n\t\t\t\t\t\t\t<img decoding=\"async\" width=\"640\" height=\"480\" src=\"https:\/\/autorai.nl\/wp-content\/uploads\/2024\/09\/kia-pbv-iaa-24-event-digital-1920x1080-003-640x480.jpg\" class=\"attachment-medium size-medium\" alt=\"\" loading=\"lazy\"><i class=\"fa fa-search-plus\" aria-hidden=\"true\"><\/i><br \/>\n\t\t\t\t\t\t<\/span><br \/>\n\t\t\t\t\t<\/figure>\n<figure>\n\t\t\t\t\t<span style=\"cursor: pointer\" data-src=\"https:\/\/autorai.nl\/wp-content\/uploads\/2024\/09\/kia-pbv-iaa-24-event-digital-1920x1080-002-1600x900.jpg\" data-fancybox=\"galery-0\" title=\"\"><br \/>\n\t\t\t\t\t\t\t<img decoding=\"async\" width=\"360\" height=\"270\" src=\"https:\/\/autorai.nl\/wp-content\/uploads\/2024\/09\/kia-pbv-iaa-24-event-digital-1920x1080-002-360x270.jpg\" class=\"attachment-small size-small\" alt=\"\" loading=\"lazy\"><i class=\"fa fa-search-plus\" aria-hidden=\"true\"><\/i><br \/>\n\t\t\t\t\t\t<\/span><br \/>\n\t\t\t\t\t<\/figure>\n<figure>\n\t\t\t\t\t<span style=\"cursor: pointer\" data-src=\"https:\/\/autorai.nl\/wp-content\/uploads\/2024\/09\/kia-pbv-concept-pv5r-reveal-interior-clean-digital-1920x1080-1-1600x900.jpg\" data-fancybox=\"galery-0\" title=\"\"><br \/>\n\t\t\t\t\t\t\t<img decoding=\"async\" width=\"360\" height=\"270\" src=\"https:\/\/autorai.nl\/wp-content\/uploads\/2024\/09\/kia-pbv-concept-pv5r-reveal-interior-clean-digital-1920x1080-1-360x270.jpg\" class=\"attachment-small size-small\" alt=\"\" loading=\"lazy\"><i class=\"fa fa-search-plus\" aria-hidden=\"true\"><\/i><br \/>\n\t\t\t\t\t\t<\/span><br \/>\n\t\t\t\t\t<\/figure>\n<figure>\n\t\t\t\t\t<span style=\"cursor: pointer\" data-src=\"https:\/\/autorai.nl\/wp-content\/uploads\/2024\/09\/kia-pbv-concept-pv5r-reveal-exterior-clean-digital-1920x1080-1-1600x900.jpg\" data-fancybox=\"galery-0\" title=\"\"><br \/>\n\t\t\t\t\t\t\t<img decoding=\"async\" width=\"640\" height=\"480\" src=\"https:\/\/autorai.nl\/wp-content\/uploads\/2024\/09\/kia-pbv-concept-pv5r-reveal-exterior-clean-digital-1920x1080-1-640x480.jpg\" class=\"attachment-medium size-medium\" alt=\"\" loading=\"lazy\"><i class=\"fa fa-search-plus\" aria-hidden=\"true\"><\/i><br \/>\n\t\t\t\t\t\t<\/span><br \/>\n\t\t\t\t\t<\/figure>\n<figure>\n\t\t\t\t\t<span style=\"cursor: pointer\" data-src=\"https:\/\/autorai.nl\/wp-content\/uploads\/2024\/09\/kia-pbv-concept-pv5r-reveal-dynamic-clean-digital-1920x1080-1-1600x900.jpg\" data-fancybox=\"galery-0\" title=\"\"><br \/>\n\t\t\t\t\t\t\t<img decoding=\"async\" width=\"360\" height=\"270\" src=\"https:\/\/autorai.nl\/wp-content\/uploads\/2024\/09\/kia-pbv-concept-pv5r-reveal-dynamic-clean-digital-1920x1080-1-360x270.jpg\" class=\"attachment-small size-small\" alt=\"\" loading=\"lazy\"><i class=\"fa fa-search-plus\" aria-hidden=\"true\"><\/i><br \/>\n\t\t\t\t\t\t<\/span><br \/>\n\t\t\t\t\t<\/figure>\n<figure>\n\t\t\t\t\t<span style=\"cursor: pointer\" data-src=\"https:\/\/autorai.nl\/wp-content\/uploads\/2024\/09\/kia-pbv-concept-pv5hr-reveal-interior-clean-digital-1920x1080-1-1600x900.jpg\" data-fancybox=\"galery-0\" title=\"\"><br \/>\n\t\t\t\t\t\t\t<img decoding=\"async\" width=\"360\" height=\"270\" src=\"https:\/\/autorai.nl\/wp-content\/uploads\/2024\/09\/kia-pbv-concept-pv5hr-reveal-interior-clean-digital-1920x1080-1-360x270.jpg\" class=\"attachment-small size-small\" alt=\"\" loading=\"lazy\"><i class=\"fa fa-search-plus\" aria-hidden=\"true\"><\/i><br \/>\n\t\t\t\t\t\t<\/span><br \/>\n\t\t\t\t\t<\/figure>\n<figure>\n\t\t\t\t\t<span style=\"cursor: pointer\" data-src=\"https:\/\/autorai.nl\/wp-content\/uploads\/2024\/09\/kia-pbv-concept-pv5hr-reveal-exterior-clean-digital-1920x1080-1-1600x900.jpg\" data-fancybox=\"galery-0\" title=\"\"><br \/>\n\t\t\t\t\t\t\t<img decoding=\"async\" width=\"640\" height=\"480\" src=\"https:\/\/autorai.nl\/wp-content\/uploads\/2024\/09\/kia-pbv-concept-pv5hr-reveal-exterior-clean-digital-1920x1080-1-640x480.jpg\" class=\"attachment-medium size-medium\" alt=\"\" loading=\"lazy\"><i class=\"fa fa-search-plus\" aria-hidden=\"true\"><\/i><br \/>\n\t\t\t\t\t\t<\/span><br \/>\n\t\t\t\t\t<\/figure>\n<figure>\n\t\t\t\t\t<span style=\"cursor: pointer\" data-src=\"https:\/\/autorai.nl\/wp-content\/uploads\/2024\/09\/kia-pbv-concept-pv5-reveal-interior-2-clean-digital-1920x1080-1-1600x900.jpg\" data-fancybox=\"galery-0\" title=\"\"><br \/>\n\t\t\t\t\t\t\t<img decoding=\"async\" width=\"360\" height=\"270\" src=\"https:\/\/autorai.nl\/wp-content\/uploads\/2024\/09\/kia-pbv-concept-pv5-reveal-interior-2-clean-digital-1920x1080-1-360x270.jpg\" class=\"attachment-small size-small\" alt=\"\" loading=\"lazy\"><i class=\"fa fa-search-plus\" aria-hidden=\"true\"><\/i><br \/>\n\t\t\t\t\t\t<\/span><br \/>\n\t\t\t\t\t<\/figure>\n<figure>\n\t\t\t\t\t<span style=\"cursor: pointer\" data-src=\"https:\/\/autorai.nl\/wp-content\/uploads\/2024\/09\/kia-pbv-concept-pv5-reveal-interior-1-clean-digital-1920x1080-1-1600x900.jpg\" data-fancybox=\"galery-0\" title=\"\"><br \/>\n\t\t\t\t\t\t\t<img decoding=\"async\" width=\"360\" height=\"270\" src=\"https:\/\/autorai.nl\/wp-content\/uploads\/2024\/09\/kia-pbv-concept-pv5-reveal-interior-1-clean-digital-1920x1080-1-360x270.jpg\" class=\"attachment-small size-small\" alt=\"\" loading=\"lazy\"><i class=\"fa fa-search-plus\" aria-hidden=\"true\"><\/i><br \/>\n\t\t\t\t\t\t<\/span><br \/>\n\t\t\t\t\t<\/figure>\n<figure>\n\t\t\t\t\t<span style=\"cursor: pointer\" data-src=\"https:\/\/autorai.nl\/wp-content\/uploads\/2024\/09\/kia-pbv-concept-pv5-reveal-exterior-2-clean-digital-1920x1080-1-1600x900.jpg\" data-fancybox=\"galery-0\" title=\"\"><br \/>\n\t\t\t\t\t\t\t<img decoding=\"async\" width=\"640\" height=\"480\" src=\"https:\/\/autorai.nl\/wp-content\/uploads\/2024\/09\/kia-pbv-concept-pv5-reveal-exterior-2-clean-digital-1920x1080-1-640x480.jpg\" class=\"attachment-medium size-medium\" alt=\"\" loading=\"lazy\"><i class=\"fa fa-search-plus\" aria-hidden=\"true\"><\/i><br \/>\n\t\t\t\t\t\t<\/span><br \/>\n\t\t\t\t\t<\/figure>\n<figure>\n\t\t\t\t\t<span style=\"cursor: pointer\" data-src=\"https:\/\/autorai.nl\/wp-content\/uploads\/2024\/09\/kia-pbv-concept-pv5-reveal-exterior-1-clean-digital-1920x1080-1-1600x900.jpg\" data-fancybox=\"galery-0\" title=\"\"><br \/>\n\t\t\t\t\t\t\t<img decoding=\"async\" width=\"360\" height=\"270\" src=\"https:\/\/autorai.nl\/wp-content\/uploads\/2024\/09\/kia-pbv-concept-pv5-reveal-exterior-1-clean-digital-1920x1080-1-360x270.jpg\" class=\"attachment-small size-small\" alt=\"\" loading=\"lazy\"><i class=\"fa fa-search-plus\" aria-hidden=\"true\"><\/i><br \/>\n\t\t\t\t\t\t<\/span><br \/>\n\t\t\t\t\t<\/figure>\n<figure>\n\t\t\t\t\t<span style=\"cursor: pointer\" data-src=\"https:\/\/autorai.nl\/wp-content\/uploads\/2024\/09\/kia-pbv-concept-pv1-pv7-reveal-exterior-racking-clean-digital-1920x1080-1-1600x900.jpg\" data-fancybox=\"galery-0\" title=\"\"><br \/>\n\t\t\t\t\t\t\t<img decoding=\"async\" width=\"360\" height=\"270\" src=\"https:\/\/autorai.nl\/wp-content\/uploads\/2024\/09\/kia-pbv-concept-pv1-pv7-reveal-exterior-racking-clean-digital-1920x1080-1-360x270.jpg\" class=\"attachment-small size-small\" alt=\"\" loading=\"lazy\"><i class=\"fa fa-search-plus\" aria-hidden=\"true\"><\/i><br \/>\n\t\t\t\t\t\t<\/span><br \/>\n\t\t\t\t\t<\/figure>\n<figure>\n\t\t\t\t\t<span style=\"cursor: pointer\" data-src=\"https:\/\/autorai.nl\/wp-content\/uploads\/2024\/09\/kia-pbv-concept-pv1-pv5-reveal-exterior-racking-clean-digital-1920x1080-1-1600x900.jpg\" data-fancybox=\"galery-0\" title=\"\"><br \/>\n\t\t\t\t\t\t\t<img decoding=\"async\" width=\"640\" height=\"480\" src=\"https:\/\/autorai.nl\/wp-content\/uploads\/2024\/09\/kia-pbv-concept-pv1-pv5-reveal-exterior-racking-clean-digital-1920x1080-1-640x480.jpg\" class=\"attachment-medium size-medium\" alt=\"\" loading=\"lazy\"><i class=\"fa fa-search-plus\" aria-hidden=\"true\"><\/i><br \/>\n\t\t\t\t\t\t<\/span><br \/>\n\t\t\t\t\t<\/figure>\n<figure>\n\t\t\t\t\t<span style=\"cursor: pointer\" data-src=\"https:\/\/autorai.nl\/wp-content\/uploads\/2024\/09\/kia-pbv-concept-lineup-reveal-clean-digital-1920x1080-1-1600x900.jpg\" data-fancybox=\"galery-0\" title=\"\"><br \/>\n\t\t\t\t\t\t\t<img decoding=\"async\" width=\"360\" height=\"270\" src=\"https:\/\/autorai.nl\/wp-content\/uploads\/2024\/09\/kia-pbv-concept-lineup-reveal-clean-digital-1920x1080-1-360x270.jpg\" class=\"attachment-small size-small\" alt=\"\" loading=\"lazy\"><i class=\"fa fa-search-plus\" aria-hidden=\"true\"><\/i><br \/>\n\t\t\t\t\t\t<\/span><br \/>\n\t\t\t\t\t<\/figure>\n<figure>\n\t\t\t\t\t<span style=\"cursor: pointer\" data-src=\"https:\/\/autorai.nl\/wp-content\/uploads\/2024\/09\/kia-corporate-geotab-digital-1920x1080-1-1600x900.jpg\" data-fancybox=\"galery-0\" title=\"\"><br \/>\n\t\t\t\t\t\t\t<img decoding=\"async\" width=\"360\" height=\"270\" src=\"https:\/\/autorai.nl\/wp-content\/uploads\/2024\/09\/kia-corporate-geotab-digital-1920x1080-1-360x270.jpg\" class=\"attachment-small size-small\" alt=\"\" loading=\"lazy\"><i class=\"fa fa-search-plus\" aria-hidden=\"true\"><\/i><br \/>\n\t\t\t\t\t\t<\/span><br \/>\n\t\t\t\t\t<\/figure>\n<div class=\"clear\"><\/div>\n<\/div>\n","protected":false},"excerpt":{"rendered":"Kia-Nutzfahrzeuge ab 2025 Kia wird im Sommer 2025 die ersten Versionen von vollelektrischen leichten Nutzfahrzeugen auf den Markt bringen, die&hellip;","protected":false},"author":0,"featured_media":147681,"comment_status":"","ping_status":"open","sticky":false,"template":"","format":"standard","meta":{"footnotes":""},"categories":[125,207],"tags":[],"class_list":["post-149309","post","type-post","status-publish","format-standard","has-post-thumbnail","hentry","category-auto-nachrichten","category-firmenwagen"],"acf":[],"yoast_head":"<!-- This site is optimized with the Yoast SEO plugin v21.2 - https:\/\/yoast.com\/wordpress\/plugins\/seo\/ -->\n<title>Nutzfahrzeuge Kia: mehr Informationen zu Garantie und Ladem\u00f6glichkeiten - All cars news<\/title>\n<meta name=\"robots\" content=\"index, follow, max-snippet:-1, max-image-preview:large, max-video-preview:-1\" \/>\n<link rel=\"canonical\" href=\"https:\/\/all-car-news.com\/de\/nutzfahrzeuge-kia-mehr-informationen-zu-garantie-und-lademoeglichkeiten\/\" \/>\n<meta property=\"og:locale\" content=\"de_DE\" \/>\n<meta property=\"og:type\" content=\"article\" \/>\n<meta property=\"og:title\" content=\"Nutzfahrzeuge Kia: mehr Informationen zu Garantie und Ladem\u00f6glichkeiten - All cars news\" \/>\n<meta property=\"og:description\" content=\"Kia-Nutzfahrzeuge ab 2025 Kia wird im Sommer 2025 die ersten Versionen von vollelektrischen leichten Nutzfahrzeugen auf den Markt bringen, die auf einer v\u00f6llig neuen elektrischen Mehrzweckplattform basieren. In Hannover wird Kia das PV5-Konzept, das PV5-People-Mover-Konzept, das PV5-Hochdach-Konzept und das PV7-Konzept vorstellen [...]\" \/>\n<meta property=\"og:url\" content=\"https:\/\/all-car-news.com\/de\/nutzfahrzeuge-kia-mehr-informationen-zu-garantie-und-lademoeglichkeiten\/\" \/>\n<meta property=\"og:site_name\" content=\"All cars news\" \/>\n<meta property=\"article:published_time\" content=\"2024-09-16T15:31:03+00:00\" \/>\n<meta property=\"og:image\" content=\"https:\/\/autorai.nl\/wp-content\/uploads\/2024\/09\/kia-pbv-pv5-concept-lineup-reveal-clean-digital-1920x1080-1-1140x641.jpg\" \/>\n<meta name=\"twitter:card\" content=\"summary_large_image\" \/>\n<meta name=\"twitter:label1\" content=\"Gesch\u00e4tzte Lesezeit\" \/>\n\t<meta name=\"twitter:data1\" content=\"4\u00a0Minuten\" \/>\n<script type=\"application\/ld+json\" class=\"yoast-schema-graph\">{\"@context\":\"https:\/\/schema.org\",\"@graph\":[{\"@type\":\"Article\",\"@id\":\"https:\/\/all-car-news.com\/de\/nutzfahrzeuge-kia-mehr-informationen-zu-garantie-und-lademoeglichkeiten\/#article\",\"isPartOf\":{\"@id\":\"https:\/\/all-car-news.com\/de\/nutzfahrzeuge-kia-mehr-informationen-zu-garantie-und-lademoeglichkeiten\/\"},\"author\":{\"name\":\"\",\"@id\":\"\"},\"headline\":\"Nutzfahrzeuge Kia: mehr Informationen zu Garantie und Ladem\u00f6glichkeiten\",\"datePublished\":\"2024-09-16T15:31:03+00:00\",\"dateModified\":\"2024-09-16T15:31:03+00:00\",\"mainEntityOfPage\":{\"@id\":\"https:\/\/all-car-news.com\/de\/nutzfahrzeuge-kia-mehr-informationen-zu-garantie-und-lademoeglichkeiten\/\"},\"wordCount\":852,\"publisher\":{\"@id\":\"https:\/\/all-car-news.com\/de\/#organization\"},\"articleSection\":[\"Auto Nachrichten\",\"Firmenwagen\"],\"inLanguage\":\"de\"},{\"@type\":\"WebPage\",\"@id\":\"https:\/\/all-car-news.com\/de\/nutzfahrzeuge-kia-mehr-informationen-zu-garantie-und-lademoeglichkeiten\/\",\"url\":\"https:\/\/all-car-news.com\/de\/nutzfahrzeuge-kia-mehr-informationen-zu-garantie-und-lademoeglichkeiten\/\",\"name\":\"Nutzfahrzeuge Kia: mehr Informationen zu Garantie und Ladem\u00f6glichkeiten - All cars news\",\"isPartOf\":{\"@id\":\"https:\/\/all-car-news.com\/de\/#website\"},\"datePublished\":\"2024-09-16T15:31:03+00:00\",\"dateModified\":\"2024-09-16T15:31:03+00:00\",\"breadcrumb\":{\"@id\":\"https:\/\/all-car-news.com\/de\/nutzfahrzeuge-kia-mehr-informationen-zu-garantie-und-lademoeglichkeiten\/#breadcrumb\"},\"inLanguage\":\"de\",\"potentialAction\":[{\"@type\":\"ReadAction\",\"target\":[\"https:\/\/all-car-news.com\/de\/nutzfahrzeuge-kia-mehr-informationen-zu-garantie-und-lademoeglichkeiten\/\"]}]},{\"@type\":\"BreadcrumbList\",\"@id\":\"https:\/\/all-car-news.com\/de\/nutzfahrzeuge-kia-mehr-informationen-zu-garantie-und-lademoeglichkeiten\/#breadcrumb\",\"itemListElement\":[{\"@type\":\"ListItem\",\"position\":1,\"name\":\"Home\",\"item\":\"https:\/\/all-car-news.com\/de\/\"},{\"@type\":\"ListItem\",\"position\":2,\"name\":\"Nutzfahrzeuge Kia: mehr Informationen zu Garantie und Ladem\u00f6glichkeiten\"}]},{\"@type\":\"WebSite\",\"@id\":\"https:\/\/all-car-news.com\/de\/#website\",\"url\":\"https:\/\/all-car-news.com\/de\/\",\"name\":\"All cars news\",\"description\":\"\",\"publisher\":{\"@id\":\"https:\/\/all-car-news.com\/de\/#organization\"},\"potentialAction\":[{\"@type\":\"SearchAction\",\"target\":{\"@type\":\"EntryPoint\",\"urlTemplate\":\"https:\/\/all-car-news.com\/de\/?s={search_term_string}\"},\"query-input\":\"required name=search_term_string\"}],\"inLanguage\":\"de\"},{\"@type\":\"Organization\",\"@id\":\"https:\/\/all-car-news.com\/de\/#organization\",\"name\":\"All cars news\",\"url\":\"https:\/\/all-car-news.com\/de\/\",\"logo\":{\"@type\":\"ImageObject\",\"inLanguage\":\"de\",\"@id\":\"https:\/\/all-car-news.com\/de\/#\/schema\/logo\/image\/\",\"url\":\"https:\/\/all-car-news.com\/wp-content\/uploads\/2022\/02\/CMYK-AllCarNews_LANDSCAPE_300px-1.png\",\"contentUrl\":\"https:\/\/all-car-news.com\/wp-content\/uploads\/2022\/02\/CMYK-AllCarNews_LANDSCAPE_300px-1.png\",\"width\":300,\"height\":100,\"caption\":\"All cars news\"},\"image\":{\"@id\":\"https:\/\/all-car-news.com\/de\/#\/schema\/logo\/image\/\"}}]}<\/script>\n<!-- \/ Yoast SEO plugin. -->","yoast_head_json":{"title":"Nutzfahrzeuge Kia: mehr Informationen zu Garantie und Ladem\u00f6glichkeiten - All cars news","robots":{"index":"index","follow":"follow","max-snippet":"max-snippet:-1","max-image-preview":"max-image-preview:large","max-video-preview":"max-video-preview:-1"},"canonical":"https:\/\/all-car-news.com\/de\/nutzfahrzeuge-kia-mehr-informationen-zu-garantie-und-lademoeglichkeiten\/","og_locale":"de_DE","og_type":"article","og_title":"Nutzfahrzeuge Kia: mehr Informationen zu Garantie und Ladem\u00f6glichkeiten - All cars news","og_description":"Kia-Nutzfahrzeuge ab 2025 Kia wird im Sommer 2025 die ersten Versionen von vollelektrischen leichten Nutzfahrzeugen auf den Markt bringen, die auf einer v\u00f6llig neuen elektrischen Mehrzweckplattform basieren. In Hannover wird Kia das PV5-Konzept, das PV5-People-Mover-Konzept, das PV5-Hochdach-Konzept und das PV7-Konzept vorstellen [...]","og_url":"https:\/\/all-car-news.com\/de\/nutzfahrzeuge-kia-mehr-informationen-zu-garantie-und-lademoeglichkeiten\/","og_site_name":"All cars news","article_published_time":"2024-09-16T15:31:03+00:00","og_image":[{"url":"https:\/\/autorai.nl\/wp-content\/uploads\/2024\/09\/kia-pbv-pv5-concept-lineup-reveal-clean-digital-1920x1080-1-1140x641.jpg"}],"twitter_card":"summary_large_image","twitter_misc":{"Gesch\u00e4tzte Lesezeit":"4\u00a0Minuten"},"schema":{"@context":"https:\/\/schema.org","@graph":[{"@type":"Article","@id":"https:\/\/all-car-news.com\/de\/nutzfahrzeuge-kia-mehr-informationen-zu-garantie-und-lademoeglichkeiten\/#article","isPartOf":{"@id":"https:\/\/all-car-news.com\/de\/nutzfahrzeuge-kia-mehr-informationen-zu-garantie-und-lademoeglichkeiten\/"},"author":{"name":"","@id":""},"headline":"Nutzfahrzeuge Kia: mehr Informationen zu Garantie und Ladem\u00f6glichkeiten","datePublished":"2024-09-16T15:31:03+00:00","dateModified":"2024-09-16T15:31:03+00:00","mainEntityOfPage":{"@id":"https:\/\/all-car-news.com\/de\/nutzfahrzeuge-kia-mehr-informationen-zu-garantie-und-lademoeglichkeiten\/"},"wordCount":852,"publisher":{"@id":"https:\/\/all-car-news.com\/de\/#organization"},"articleSection":["Auto Nachrichten","Firmenwagen"],"inLanguage":"de"},{"@type":"WebPage","@id":"https:\/\/all-car-news.com\/de\/nutzfahrzeuge-kia-mehr-informationen-zu-garantie-und-lademoeglichkeiten\/","url":"https:\/\/all-car-news.com\/de\/nutzfahrzeuge-kia-mehr-informationen-zu-garantie-und-lademoeglichkeiten\/","name":"Nutzfahrzeuge Kia: mehr Informationen zu Garantie und Ladem\u00f6glichkeiten - All cars news","isPartOf":{"@id":"https:\/\/all-car-news.com\/de\/#website"},"datePublished":"2024-09-16T15:31:03+00:00","dateModified":"2024-09-16T15:31:03+00:00","breadcrumb":{"@id":"https:\/\/all-car-news.com\/de\/nutzfahrzeuge-kia-mehr-informationen-zu-garantie-und-lademoeglichkeiten\/#breadcrumb"},"inLanguage":"de","potentialAction":[{"@type":"ReadAction","target":["https:\/\/all-car-news.com\/de\/nutzfahrzeuge-kia-mehr-informationen-zu-garantie-und-lademoeglichkeiten\/"]}]},{"@type":"BreadcrumbList","@id":"https:\/\/all-car-news.com\/de\/nutzfahrzeuge-kia-mehr-informationen-zu-garantie-und-lademoeglichkeiten\/#breadcrumb","itemListElement":[{"@type":"ListItem","position":1,"name":"Home","item":"https:\/\/all-car-news.com\/de\/"},{"@type":"ListItem","position":2,"name":"Nutzfahrzeuge Kia: mehr Informationen zu Garantie und Ladem\u00f6glichkeiten"}]},{"@type":"WebSite","@id":"https:\/\/all-car-news.com\/de\/#website","url":"https:\/\/all-car-news.com\/de\/","name":"All cars news","description":"","publisher":{"@id":"https:\/\/all-car-news.com\/de\/#organization"},"potentialAction":[{"@type":"SearchAction","target":{"@type":"EntryPoint","urlTemplate":"https:\/\/all-car-news.com\/de\/?s={search_term_string}"},"query-input":"required name=search_term_string"}],"inLanguage":"de"},{"@type":"Organization","@id":"https:\/\/all-car-news.com\/de\/#organization","name":"All cars news","url":"https:\/\/all-car-news.com\/de\/","logo":{"@type":"ImageObject","inLanguage":"de","@id":"https:\/\/all-car-news.com\/de\/#\/schema\/logo\/image\/","url":"https:\/\/all-car-news.com\/wp-content\/uploads\/2022\/02\/CMYK-AllCarNews_LANDSCAPE_300px-1.png","contentUrl":"https:\/\/all-car-news.com\/wp-content\/uploads\/2022\/02\/CMYK-AllCarNews_LANDSCAPE_300px-1.png","width":300,"height":100,"caption":"All cars news"},"image":{"@id":"https:\/\/all-car-news.com\/de\/#\/schema\/logo\/image\/"}}]}},"_links":{"self":[{"href":"https:\/\/all-car-news.com\/de\/wp-json\/wp\/v2\/posts\/149309","targetHints":{"allow":["GET"]}}],"collection":[{"href":"https:\/\/all-car-news.com\/de\/wp-json\/wp\/v2\/posts"}],"about":[{"href":"https:\/\/all-car-news.com\/de\/wp-json\/wp\/v2\/types\/post"}],"replies":[{"embeddable":true,"href":"https:\/\/all-car-news.com\/de\/wp-json\/wp\/v2\/comments?post=149309"}],"version-history":[{"count":0,"href":"https:\/\/all-car-news.com\/de\/wp-json\/wp\/v2\/posts\/149309\/revisions"}],"wp:featuredmedia":[{"embeddable":true,"href":"https:\/\/all-car-news.com\/de\/wp-json\/wp\/v2\/media\/147681"}],"wp:attachment":[{"href":"https:\/\/all-car-news.com\/de\/wp-json\/wp\/v2\/media?parent=149309"}],"wp:term":[{"taxonomy":"category","embeddable":true,"href":"https:\/\/all-car-news.com\/de\/wp-json\/wp\/v2\/categories?post=149309"},{"taxonomy":"post_tag","embeddable":true,"href":"https:\/\/all-car-news.com\/de\/wp-json\/wp\/v2\/tags?post=149309"}],"curies":[{"name":"wp","href":"https:\/\/api.w.org\/{rel}","templated":true}]}}