{"id":149279,"date":"2024-09-16T07:50:44","date_gmt":"2024-09-16T07:50:44","guid":{"rendered":"https:\/\/all-car-news.com\/schoofs-regierungsprogramm-strassenverkehr-und-kfz-steuerplaene\/"},"modified":"2024-09-16T07:50:44","modified_gmt":"2024-09-16T07:50:44","slug":"schoofs-regierungsprogramm-strassenverkehr-und-kfz-steuerplaene","status":"publish","type":"post","link":"https:\/\/all-car-news.com\/de\/schoofs-regierungsprogramm-strassenverkehr-und-kfz-steuerplaene\/","title":{"rendered":"Schoofs Regierungsprogramm: Stra\u00dfenverkehr und Kfz-Steuerpl\u00e4ne"},"content":{"rendered":"<h2>Das Programm der Regierung Schoof umfasst die folgenden Punkte:<\/h2>\n<ul>\n<li>Das Auto ist f\u00fcr viele Niederl\u00e4nder das am meisten genutzte Verkehrsmittel.<br \/>\nDeshalb investieren wir in ein zuverl\u00e4ssiges, sicheres, erschwingliches und zukunftssicheres Hauptstra\u00dfennetz, wobei die Instandhaltung Priorit\u00e4t hat.<br \/>\nDamit wir heute und morgen weiterfahren k\u00f6nnen.  <\/li>\n<\/ul>\n<ul>\n<li>Die H\u00f6chstgeschwindigkeit auf Autobahnen wird &#8211; wo immer m\u00f6glich &#8211; auf 130 Stundenkilometer erh\u00f6ht.<br \/>\nDie Regierung wird noch vor Ende dieses Jahres eine Auto-Aktionsagenda vorlegen.<br \/>\nDiese wird den Ansatz f\u00fcr 130 km\/h und die sichere und verantwortungsvolle Reaktion auf technologische und autonome Entwicklungen, wie den Vormarsch des Elektroautos und die weitere Digitalisierung und Automatisierung, beinhalten.  <\/li>\n<\/ul>\n<ul>\n<li>In den kommenden Jahrzehnten wird die Autoflotte aus Elektroautos und Benzinautos bestehen.<br \/>\nEs ist wichtig, dass die Lasten zwischen den beiden Gruppen gerecht verteilt werden, damit das Autofahren erschwinglich bleibt und das Elektroauto ausreichend gef\u00f6rdert wird, um die vereinbarten Klima- und Energieziele zu erreichen und die Stickstoffreduzierung zu erreichen. <\/li>\n<\/ul>\n<ul>\n<li>Die allm\u00e4hliche Zunahme von Elektroautos wird die Staatseinnahmen verringern, w\u00e4hrend wir langfristig stabile Kfz-Steuereinnahmen anstreben.<br \/>\nVon den Elektroautofahrern wird ein fairer Beitrag verlangt.<br \/>\nDabei muss die Zug\u00e4nglichkeit in den Niederlanden in Ordnung bleiben.  <\/li>\n<\/ul>\n<ul>\n<li>In der kommenden Zeit werden wir nach einem neuen zukunftssicheren Gleichgewicht zwischen diesen Entwicklungen suchen und zu diesem Zweck im ersten Quartal 2025 einen Plan f\u00fcr eine Reform der Kfz-Steuern und der damit verbundenen Mobilit\u00e4tspolitik vorlegen.<br \/>\nDieser Plan wird mehrere Optionen ausarbeiten und dabei die Vereinbarungen zur Reform der Kfz-Steuer und der damit verbundenen CO2-Reduzierung ber\u00fccksichtigen, die im niederl\u00e4ndischen Konjunkturprogramm (HVP) enthalten sind.<br \/>\nVoraussetzung daf\u00fcr ist, dass wir bis 2025 alle neuen Kaufsubventionen f\u00fcr Personenkraftwagen einstellen.  <\/li>\n<\/ul>\n<ul>\n<li>Ab 2026 wird die Kfz-Steuer eine neue Steuererm\u00e4\u00dfigung f\u00fcr emissionsfreie Personenkraftwagen enthalten, die das technische Mehrgewicht des Batteriepacks teilweise ausgleicht.<\/li>\n<\/ul>\n<ul>\n<li>Wir wollen erforschen, welche intelligenten Ma\u00dfnahmen wir anwenden k\u00f6nnen (z.B. schnellere Abwicklung von Stra\u00dfenst\u00f6rungen), um Staus und \u00dcberlastungen zu reduzieren.<\/li>\n<\/ul>\n<ul>\n<li>Wir untersuchen au\u00dferdem, welche zus\u00e4tzlichen Ma\u00dfnahmen den Trend der steigenden Zahl von Verkehrsopfern umkehren k\u00f6nnten.<\/li>\n<\/ul>\n<p>Sind Sie auch neugierig auf all die anderen Pl\u00e4ne? <a href=\"https:\/\/www.rijksoverheid.nl\/documenten\/publicaties\/2024\/09\/13\/regeerprogramma-kabinet-schoof\" target=\"_blank\" rel=\"noreferrer noopener\">Sehen Sie sich das Koalitionsprogramm hier an<\/a>!<\/p>\n","protected":false},"excerpt":{"rendered":"Das Koalitionsprogramm des Kabinetts Schoof umfasst folgende Punkte: Das Auto ist f\u00fcr viele Niederl\u00e4nder das am meisten genutzte Verkehrsmittel. Deshalb&hellip;","protected":false},"author":0,"featured_media":147642,"comment_status":"","ping_status":"open","sticky":false,"template":"","format":"standard","meta":{"footnotes":""},"categories":[125,128,149],"tags":[],"class_list":["post-149279","post","type-post","status-publish","format-standard","has-post-thumbnail","hentry","category-auto-nachrichten","category-hintergrund","category-wirtschaft"],"acf":[],"yoast_head":"<!-- This site is optimized with the Yoast SEO plugin v21.2 - https:\/\/yoast.com\/wordpress\/plugins\/seo\/ -->\n<title>Schoofs Regierungsprogramm: Stra\u00dfenverkehr und Kfz-Steuerpl\u00e4ne - All cars news<\/title>\n<meta name=\"robots\" content=\"index, follow, max-snippet:-1, max-image-preview:large, max-video-preview:-1\" \/>\n<link rel=\"canonical\" href=\"https:\/\/all-car-news.com\/de\/schoofs-regierungsprogramm-strassenverkehr-und-kfz-steuerplaene\/\" \/>\n<meta property=\"og:locale\" content=\"de_DE\" \/>\n<meta property=\"og:type\" content=\"article\" \/>\n<meta property=\"og:title\" content=\"Schoofs Regierungsprogramm: Stra\u00dfenverkehr und Kfz-Steuerpl\u00e4ne - All cars news\" \/>\n<meta property=\"og:description\" content=\"Das Koalitionsprogramm des Kabinetts Schoof umfasst folgende Punkte: Das Auto ist f\u00fcr viele Niederl\u00e4nder das am meisten genutzte Verkehrsmittel. Deshalb investieren wir in ein zuverl\u00e4ssiges, sicheres, erschwingliches und zukunftssicheres Hauptstra\u00dfennetz, wobei der Instandhaltung Vorrang einger\u00e4umt wird. So k\u00f6nnen wir heute und morgen weiterfahren. Das Tempolimit auf Autobahnen wird - wo m\u00f6glich - auf [...]\" \/>\n<meta property=\"og:url\" content=\"https:\/\/all-car-news.com\/de\/schoofs-regierungsprogramm-strassenverkehr-und-kfz-steuerplaene\/\" \/>\n<meta property=\"og:site_name\" content=\"All cars news\" \/>\n<meta property=\"article:published_time\" content=\"2024-09-16T07:50:44+00:00\" \/>\n<meta name=\"twitter:card\" content=\"summary_large_image\" \/>\n<meta name=\"twitter:label1\" content=\"Gesch\u00e4tzte Lesezeit\" \/>\n\t<meta name=\"twitter:data1\" content=\"2\u00a0Minuten\" \/>\n<script type=\"application\/ld+json\" class=\"yoast-schema-graph\">{\"@context\":\"https:\/\/schema.org\",\"@graph\":[{\"@type\":\"Article\",\"@id\":\"https:\/\/all-car-news.com\/de\/schoofs-regierungsprogramm-strassenverkehr-und-kfz-steuerplaene\/#article\",\"isPartOf\":{\"@id\":\"https:\/\/all-car-news.com\/de\/schoofs-regierungsprogramm-strassenverkehr-und-kfz-steuerplaene\/\"},\"author\":{\"name\":\"\",\"@id\":\"\"},\"headline\":\"Schoofs Regierungsprogramm: Stra\u00dfenverkehr und Kfz-Steuerpl\u00e4ne\",\"datePublished\":\"2024-09-16T07:50:44+00:00\",\"dateModified\":\"2024-09-16T07:50:44+00:00\",\"mainEntityOfPage\":{\"@id\":\"https:\/\/all-car-news.com\/de\/schoofs-regierungsprogramm-strassenverkehr-und-kfz-steuerplaene\/\"},\"wordCount\":363,\"publisher\":{\"@id\":\"https:\/\/all-car-news.com\/de\/#organization\"},\"articleSection\":[\"Auto Nachrichten\",\"Hintergrund\",\"Wirtschaft\"],\"inLanguage\":\"de\"},{\"@type\":\"WebPage\",\"@id\":\"https:\/\/all-car-news.com\/de\/schoofs-regierungsprogramm-strassenverkehr-und-kfz-steuerplaene\/\",\"url\":\"https:\/\/all-car-news.com\/de\/schoofs-regierungsprogramm-strassenverkehr-und-kfz-steuerplaene\/\",\"name\":\"Schoofs Regierungsprogramm: Stra\u00dfenverkehr und Kfz-Steuerpl\u00e4ne - All cars news\",\"isPartOf\":{\"@id\":\"https:\/\/all-car-news.com\/de\/#website\"},\"datePublished\":\"2024-09-16T07:50:44+00:00\",\"dateModified\":\"2024-09-16T07:50:44+00:00\",\"breadcrumb\":{\"@id\":\"https:\/\/all-car-news.com\/de\/schoofs-regierungsprogramm-strassenverkehr-und-kfz-steuerplaene\/#breadcrumb\"},\"inLanguage\":\"de\",\"potentialAction\":[{\"@type\":\"ReadAction\",\"target\":[\"https:\/\/all-car-news.com\/de\/schoofs-regierungsprogramm-strassenverkehr-und-kfz-steuerplaene\/\"]}]},{\"@type\":\"BreadcrumbList\",\"@id\":\"https:\/\/all-car-news.com\/de\/schoofs-regierungsprogramm-strassenverkehr-und-kfz-steuerplaene\/#breadcrumb\",\"itemListElement\":[{\"@type\":\"ListItem\",\"position\":1,\"name\":\"Home\",\"item\":\"https:\/\/all-car-news.com\/de\/\"},{\"@type\":\"ListItem\",\"position\":2,\"name\":\"Schoofs Regierungsprogramm: Stra\u00dfenverkehr und Kfz-Steuerpl\u00e4ne\"}]},{\"@type\":\"WebSite\",\"@id\":\"https:\/\/all-car-news.com\/de\/#website\",\"url\":\"https:\/\/all-car-news.com\/de\/\",\"name\":\"All cars news\",\"description\":\"\",\"publisher\":{\"@id\":\"https:\/\/all-car-news.com\/de\/#organization\"},\"potentialAction\":[{\"@type\":\"SearchAction\",\"target\":{\"@type\":\"EntryPoint\",\"urlTemplate\":\"https:\/\/all-car-news.com\/de\/?s={search_term_string}\"},\"query-input\":\"required name=search_term_string\"}],\"inLanguage\":\"de\"},{\"@type\":\"Organization\",\"@id\":\"https:\/\/all-car-news.com\/de\/#organization\",\"name\":\"All cars news\",\"url\":\"https:\/\/all-car-news.com\/de\/\",\"logo\":{\"@type\":\"ImageObject\",\"inLanguage\":\"de\",\"@id\":\"https:\/\/all-car-news.com\/de\/#\/schema\/logo\/image\/\",\"url\":\"https:\/\/all-car-news.com\/wp-content\/uploads\/2022\/02\/CMYK-AllCarNews_LANDSCAPE_300px-1.png\",\"contentUrl\":\"https:\/\/all-car-news.com\/wp-content\/uploads\/2022\/02\/CMYK-AllCarNews_LANDSCAPE_300px-1.png\",\"width\":300,\"height\":100,\"caption\":\"All cars news\"},\"image\":{\"@id\":\"https:\/\/all-car-news.com\/de\/#\/schema\/logo\/image\/\"}}]}<\/script>\n<!-- \/ Yoast SEO plugin. -->","yoast_head_json":{"title":"Schoofs Regierungsprogramm: Stra\u00dfenverkehr und Kfz-Steuerpl\u00e4ne - All cars news","robots":{"index":"index","follow":"follow","max-snippet":"max-snippet:-1","max-image-preview":"max-image-preview:large","max-video-preview":"max-video-preview:-1"},"canonical":"https:\/\/all-car-news.com\/de\/schoofs-regierungsprogramm-strassenverkehr-und-kfz-steuerplaene\/","og_locale":"de_DE","og_type":"article","og_title":"Schoofs Regierungsprogramm: Stra\u00dfenverkehr und Kfz-Steuerpl\u00e4ne - All cars news","og_description":"Das Koalitionsprogramm des Kabinetts Schoof umfasst folgende Punkte: Das Auto ist f\u00fcr viele Niederl\u00e4nder das am meisten genutzte Verkehrsmittel. Deshalb investieren wir in ein zuverl\u00e4ssiges, sicheres, erschwingliches und zukunftssicheres Hauptstra\u00dfennetz, wobei der Instandhaltung Vorrang einger\u00e4umt wird. So k\u00f6nnen wir heute und morgen weiterfahren. Das Tempolimit auf Autobahnen wird - wo m\u00f6glich - auf [...]","og_url":"https:\/\/all-car-news.com\/de\/schoofs-regierungsprogramm-strassenverkehr-und-kfz-steuerplaene\/","og_site_name":"All cars news","article_published_time":"2024-09-16T07:50:44+00:00","twitter_card":"summary_large_image","twitter_misc":{"Gesch\u00e4tzte Lesezeit":"2\u00a0Minuten"},"schema":{"@context":"https:\/\/schema.org","@graph":[{"@type":"Article","@id":"https:\/\/all-car-news.com\/de\/schoofs-regierungsprogramm-strassenverkehr-und-kfz-steuerplaene\/#article","isPartOf":{"@id":"https:\/\/all-car-news.com\/de\/schoofs-regierungsprogramm-strassenverkehr-und-kfz-steuerplaene\/"},"author":{"name":"","@id":""},"headline":"Schoofs Regierungsprogramm: Stra\u00dfenverkehr und Kfz-Steuerpl\u00e4ne","datePublished":"2024-09-16T07:50:44+00:00","dateModified":"2024-09-16T07:50:44+00:00","mainEntityOfPage":{"@id":"https:\/\/all-car-news.com\/de\/schoofs-regierungsprogramm-strassenverkehr-und-kfz-steuerplaene\/"},"wordCount":363,"publisher":{"@id":"https:\/\/all-car-news.com\/de\/#organization"},"articleSection":["Auto Nachrichten","Hintergrund","Wirtschaft"],"inLanguage":"de"},{"@type":"WebPage","@id":"https:\/\/all-car-news.com\/de\/schoofs-regierungsprogramm-strassenverkehr-und-kfz-steuerplaene\/","url":"https:\/\/all-car-news.com\/de\/schoofs-regierungsprogramm-strassenverkehr-und-kfz-steuerplaene\/","name":"Schoofs Regierungsprogramm: Stra\u00dfenverkehr und Kfz-Steuerpl\u00e4ne - All cars news","isPartOf":{"@id":"https:\/\/all-car-news.com\/de\/#website"},"datePublished":"2024-09-16T07:50:44+00:00","dateModified":"2024-09-16T07:50:44+00:00","breadcrumb":{"@id":"https:\/\/all-car-news.com\/de\/schoofs-regierungsprogramm-strassenverkehr-und-kfz-steuerplaene\/#breadcrumb"},"inLanguage":"de","potentialAction":[{"@type":"ReadAction","target":["https:\/\/all-car-news.com\/de\/schoofs-regierungsprogramm-strassenverkehr-und-kfz-steuerplaene\/"]}]},{"@type":"BreadcrumbList","@id":"https:\/\/all-car-news.com\/de\/schoofs-regierungsprogramm-strassenverkehr-und-kfz-steuerplaene\/#breadcrumb","itemListElement":[{"@type":"ListItem","position":1,"name":"Home","item":"https:\/\/all-car-news.com\/de\/"},{"@type":"ListItem","position":2,"name":"Schoofs Regierungsprogramm: Stra\u00dfenverkehr und Kfz-Steuerpl\u00e4ne"}]},{"@type":"WebSite","@id":"https:\/\/all-car-news.com\/de\/#website","url":"https:\/\/all-car-news.com\/de\/","name":"All cars news","description":"","publisher":{"@id":"https:\/\/all-car-news.com\/de\/#organization"},"potentialAction":[{"@type":"SearchAction","target":{"@type":"EntryPoint","urlTemplate":"https:\/\/all-car-news.com\/de\/?s={search_term_string}"},"query-input":"required name=search_term_string"}],"inLanguage":"de"},{"@type":"Organization","@id":"https:\/\/all-car-news.com\/de\/#organization","name":"All cars news","url":"https:\/\/all-car-news.com\/de\/","logo":{"@type":"ImageObject","inLanguage":"de","@id":"https:\/\/all-car-news.com\/de\/#\/schema\/logo\/image\/","url":"https:\/\/all-car-news.com\/wp-content\/uploads\/2022\/02\/CMYK-AllCarNews_LANDSCAPE_300px-1.png","contentUrl":"https:\/\/all-car-news.com\/wp-content\/uploads\/2022\/02\/CMYK-AllCarNews_LANDSCAPE_300px-1.png","width":300,"height":100,"caption":"All cars news"},"image":{"@id":"https:\/\/all-car-news.com\/de\/#\/schema\/logo\/image\/"}}]}},"_links":{"self":[{"href":"https:\/\/all-car-news.com\/de\/wp-json\/wp\/v2\/posts\/149279","targetHints":{"allow":["GET"]}}],"collection":[{"href":"https:\/\/all-car-news.com\/de\/wp-json\/wp\/v2\/posts"}],"about":[{"href":"https:\/\/all-car-news.com\/de\/wp-json\/wp\/v2\/types\/post"}],"replies":[{"embeddable":true,"href":"https:\/\/all-car-news.com\/de\/wp-json\/wp\/v2\/comments?post=149279"}],"version-history":[{"count":0,"href":"https:\/\/all-car-news.com\/de\/wp-json\/wp\/v2\/posts\/149279\/revisions"}],"wp:featuredmedia":[{"embeddable":true,"href":"https:\/\/all-car-news.com\/de\/wp-json\/wp\/v2\/media\/147642"}],"wp:attachment":[{"href":"https:\/\/all-car-news.com\/de\/wp-json\/wp\/v2\/media?parent=149279"}],"wp:term":[{"taxonomy":"category","embeddable":true,"href":"https:\/\/all-car-news.com\/de\/wp-json\/wp\/v2\/categories?post=149279"},{"taxonomy":"post_tag","embeddable":true,"href":"https:\/\/all-car-news.com\/de\/wp-json\/wp\/v2\/tags?post=149279"}],"curies":[{"name":"wp","href":"https:\/\/api.w.org\/{rel}","templated":true}]}}