{"id":149103,"date":"2024-08-14T13:28:44","date_gmt":"2024-08-14T13:28:44","guid":{"rendered":"https:\/\/all-car-news.com\/a2-legt-sich-unters-messer-an-diesen-tagen-arbeiten-sie-besser-von-zu-hause-aus\/"},"modified":"2024-08-14T13:28:44","modified_gmt":"2024-08-14T13:28:44","slug":"a2-legt-sich-unters-messer-an-diesen-tagen-arbeiten-sie-besser-von-zu-hause-aus","status":"publish","type":"post","link":"https:\/\/all-car-news.com\/de\/a2-legt-sich-unters-messer-an-diesen-tagen-arbeiten-sie-besser-von-zu-hause-aus\/","title":{"rendered":"A2 legt sich unters Messer: An diesen Tagen arbeiten Sie besser von zu Hause aus"},"content":{"rendered":"<h3>Was ist zu erwarten?<\/h3>\n<p>Die A2 muss dringend gewartet werden.<br \/>\nDer derzeitige Asphalt muss ersetzt werden, und da sie ohnehin stark befahren ist, legt Rijkswaterstaat sofort leiseren Asphalt auf.<br \/>\nDas bedeutet weniger L\u00e4rm f\u00fcr die Anwohner und eine Stra\u00dfe, die wieder jahrelang halten kann. <a href=\"https:\/\/www.rijkswaterstaat.nl\/nieuws\/archief\/2024\/07\/a2-afsluitingen-en-hinder-richting-s-hertogenbosch-14-augustus-30-september-2024\" target=\"_blank\" rel=\"noreferrer noopener\">Rijkswaterstaat <\/a>wird auch die Jan Blankenbrug sanieren.<br \/>\nDas Ergebnis?<br \/>\nF\u00fcnf Wochenenden voller Sperrungen und einige N\u00e4chte mit weniger Fahrspuren.      <\/p>\n<h2><strong>Wann k\u00f6nnen Sie mit den Schlie\u00dfungen rechnen?<\/strong><\/h2>\n<p>Ab dem 14. August m\u00fcssen Sie mit mehr Staus rund um Utrecht rechnen.<br \/>\nZwischen dem Knotenpunkt Oudenrijn und Everdingen wird Rijkswaterstaat neuen Asphalt verlegen und die Fahrspuren werden gesperrt.<br \/>\nW\u00e4hrend der Arbeiten wird die A2 in Richtung &#8217;s-Hertogenbosch an f\u00fcnf Wochenenden gesperrt sein.<br \/>\nVom 15. bis 19. August und vom 29. August bis 2. September zwischen den Anschlussstellen Oudenrijn und Vianen sowie vom 22. bis 26. August, 6. bis 9. September und 20. bis 23. September zwischen den Anschlussstellen Oudenrijn und Everdingen.<br \/>\nAn 3 der 5 Wochenenden ist die A2 bereits ab Donnerstagabend gesperrt.    <\/p>\n<p>Dar\u00fcber hinaus werden acht Nachtsperrungen vorgenommen, und sowohl tags\u00fcber als auch nachts werden an Wochentagen zwischen dem Autobahnkreuz Oudenrijn und dem Autobahnkreuz Everdingen weniger Fahrspuren zur Verf\u00fcgung stehen.<br \/>\nDie zus\u00e4tzliche Reisezeit kann mehr als 60 Minuten betragen.<br \/>\nRijkswaterstaat bittet die Bev\u00f6lkerung dringend, w\u00e4hrend der Bauarbeiten nach M\u00f6glichkeit zu Hause zu bleiben oder zu arbeiten und gemeinsam oder auf andere Weise zu reisen.  <\/p>\n<p><strong>Ein \u00dcberblick:<\/strong><\/p>\n<ul>\n<li><strong>15-19 August:<\/strong> A2 gesperrt von Oudenrijn bis Vianen.<\/li>\n<li><strong>22-26 August:<\/strong> Sperrung von Oudenrijn bis Everdingen.<\/li>\n<li><strong>29. August &#8211; 2. September:<\/strong> Zwischen Oudenrijn und Vianen wieder geschlossen.<\/li>\n<li><strong>6-9 September:<\/strong> Wieder zwischen Oudenrijn und Vianen.<\/li>\n<li><strong>20-23 September:<\/strong> Endg\u00fcltige Schlie\u00dfung von Oudenrijn nach Everdingen.<\/li>\n<\/ul>\n<h3><\/h3>\n<p>Siehe auch: <a href=\"https:\/\/www.youtube.com\/watch?v=jmBIkTQuWuI&amp;t=1s\" target=\"_blank\" rel=\"noreferrer noopener\">Hochsommerurlaub in S\u00fcdfrankreich mit dem am schnellsten aufladbaren Elektroauto<\/a><\/p>\n<figure class=\"wp-block-embed is-type-video is-provider-youtube wp-block-embed-youtube wp-embed-aspect-16-9 wp-has-aspect-ratio\">\n<div class=\"wp-block-embed__wrapper\">\n<\/div>\n<\/figure><\/p>\n","protected":false},"excerpt":{"rendered":"Was ist geplant? Auf der A2 steht eine gr\u00f6\u00dfere Wartung an. Der derzeitige Asphalt muss ersetzt werden, und da ohnehin&hellip;","protected":false},"author":0,"featured_media":146807,"comment_status":"","ping_status":"open","sticky":false,"template":"","format":"standard","meta":{"footnotes":""},"categories":[125],"tags":[],"class_list":["post-149103","post","type-post","status-publish","format-standard","has-post-thumbnail","hentry","category-auto-nachrichten"],"acf":[],"yoast_head":"<!-- This site is optimized with the Yoast SEO plugin v21.2 - https:\/\/yoast.com\/wordpress\/plugins\/seo\/ -->\n<title>A2 legt sich unters Messer: An diesen Tagen arbeiten Sie besser von zu Hause aus - All cars news<\/title>\n<meta name=\"robots\" content=\"index, follow, max-snippet:-1, max-image-preview:large, max-video-preview:-1\" \/>\n<link rel=\"canonical\" href=\"https:\/\/all-car-news.com\/de\/a2-legt-sich-unters-messer-an-diesen-tagen-arbeiten-sie-besser-von-zu-hause-aus\/\" \/>\n<meta property=\"og:locale\" content=\"de_DE\" \/>\n<meta property=\"og:type\" content=\"article\" \/>\n<meta property=\"og:title\" content=\"A2 legt sich unters Messer: An diesen Tagen arbeiten Sie besser von zu Hause aus - All cars news\" \/>\n<meta property=\"og:description\" content=\"Was ist geplant? Auf der A2 steht eine gr\u00f6\u00dfere Wartung an. Der derzeitige Asphalt muss ersetzt werden, und da ohnehin viel los ist, wird Rijkswaterstaat gleich leiseren Asphalt verlegen. Das bedeutet weniger L\u00e4rm f\u00fcr die Anwohner und eine Stra\u00dfe, die wieder jahrelang halten kann. Rijkswaterstaat wird auch die Jan Blankenbrug ersetzen [...].\" \/>\n<meta property=\"og:url\" content=\"https:\/\/all-car-news.com\/de\/a2-legt-sich-unters-messer-an-diesen-tagen-arbeiten-sie-besser-von-zu-hause-aus\/\" \/>\n<meta property=\"og:site_name\" content=\"All cars news\" \/>\n<meta property=\"article:published_time\" content=\"2024-08-14T13:28:44+00:00\" \/>\n<meta name=\"twitter:card\" content=\"summary_large_image\" \/>\n<meta name=\"twitter:label1\" content=\"Gesch\u00e4tzte Lesezeit\" \/>\n\t<meta name=\"twitter:data1\" content=\"1\u00a0Minute\" \/>\n<script type=\"application\/ld+json\" class=\"yoast-schema-graph\">{\"@context\":\"https:\/\/schema.org\",\"@graph\":[{\"@type\":\"Article\",\"@id\":\"https:\/\/all-car-news.com\/de\/a2-legt-sich-unters-messer-an-diesen-tagen-arbeiten-sie-besser-von-zu-hause-aus\/#article\",\"isPartOf\":{\"@id\":\"https:\/\/all-car-news.com\/de\/a2-legt-sich-unters-messer-an-diesen-tagen-arbeiten-sie-besser-von-zu-hause-aus\/\"},\"author\":{\"name\":\"\",\"@id\":\"\"},\"headline\":\"A2 legt sich unters Messer: An diesen Tagen arbeiten Sie besser von zu Hause aus\",\"datePublished\":\"2024-08-14T13:28:44+00:00\",\"dateModified\":\"2024-08-14T13:28:44+00:00\",\"mainEntityOfPage\":{\"@id\":\"https:\/\/all-car-news.com\/de\/a2-legt-sich-unters-messer-an-diesen-tagen-arbeiten-sie-besser-von-zu-hause-aus\/\"},\"wordCount\":299,\"publisher\":{\"@id\":\"https:\/\/all-car-news.com\/de\/#organization\"},\"articleSection\":[\"Auto Nachrichten\"],\"inLanguage\":\"de\"},{\"@type\":\"WebPage\",\"@id\":\"https:\/\/all-car-news.com\/de\/a2-legt-sich-unters-messer-an-diesen-tagen-arbeiten-sie-besser-von-zu-hause-aus\/\",\"url\":\"https:\/\/all-car-news.com\/de\/a2-legt-sich-unters-messer-an-diesen-tagen-arbeiten-sie-besser-von-zu-hause-aus\/\",\"name\":\"A2 legt sich unters Messer: An diesen Tagen arbeiten Sie besser von zu Hause aus - All cars news\",\"isPartOf\":{\"@id\":\"https:\/\/all-car-news.com\/de\/#website\"},\"datePublished\":\"2024-08-14T13:28:44+00:00\",\"dateModified\":\"2024-08-14T13:28:44+00:00\",\"breadcrumb\":{\"@id\":\"https:\/\/all-car-news.com\/de\/a2-legt-sich-unters-messer-an-diesen-tagen-arbeiten-sie-besser-von-zu-hause-aus\/#breadcrumb\"},\"inLanguage\":\"de\",\"potentialAction\":[{\"@type\":\"ReadAction\",\"target\":[\"https:\/\/all-car-news.com\/de\/a2-legt-sich-unters-messer-an-diesen-tagen-arbeiten-sie-besser-von-zu-hause-aus\/\"]}]},{\"@type\":\"BreadcrumbList\",\"@id\":\"https:\/\/all-car-news.com\/de\/a2-legt-sich-unters-messer-an-diesen-tagen-arbeiten-sie-besser-von-zu-hause-aus\/#breadcrumb\",\"itemListElement\":[{\"@type\":\"ListItem\",\"position\":1,\"name\":\"Home\",\"item\":\"https:\/\/all-car-news.com\/de\/\"},{\"@type\":\"ListItem\",\"position\":2,\"name\":\"A2 legt sich unters Messer: An diesen Tagen arbeiten Sie besser von zu Hause aus\"}]},{\"@type\":\"WebSite\",\"@id\":\"https:\/\/all-car-news.com\/de\/#website\",\"url\":\"https:\/\/all-car-news.com\/de\/\",\"name\":\"All cars news\",\"description\":\"\",\"publisher\":{\"@id\":\"https:\/\/all-car-news.com\/de\/#organization\"},\"potentialAction\":[{\"@type\":\"SearchAction\",\"target\":{\"@type\":\"EntryPoint\",\"urlTemplate\":\"https:\/\/all-car-news.com\/de\/?s={search_term_string}\"},\"query-input\":\"required name=search_term_string\"}],\"inLanguage\":\"de\"},{\"@type\":\"Organization\",\"@id\":\"https:\/\/all-car-news.com\/de\/#organization\",\"name\":\"All cars news\",\"url\":\"https:\/\/all-car-news.com\/de\/\",\"logo\":{\"@type\":\"ImageObject\",\"inLanguage\":\"de\",\"@id\":\"https:\/\/all-car-news.com\/de\/#\/schema\/logo\/image\/\",\"url\":\"https:\/\/all-car-news.com\/wp-content\/uploads\/2022\/02\/CMYK-AllCarNews_LANDSCAPE_300px-1.png\",\"contentUrl\":\"https:\/\/all-car-news.com\/wp-content\/uploads\/2022\/02\/CMYK-AllCarNews_LANDSCAPE_300px-1.png\",\"width\":300,\"height\":100,\"caption\":\"All cars news\"},\"image\":{\"@id\":\"https:\/\/all-car-news.com\/de\/#\/schema\/logo\/image\/\"}}]}<\/script>\n<!-- \/ Yoast SEO plugin. -->","yoast_head_json":{"title":"A2 legt sich unters Messer: An diesen Tagen arbeiten Sie besser von zu Hause aus - All cars news","robots":{"index":"index","follow":"follow","max-snippet":"max-snippet:-1","max-image-preview":"max-image-preview:large","max-video-preview":"max-video-preview:-1"},"canonical":"https:\/\/all-car-news.com\/de\/a2-legt-sich-unters-messer-an-diesen-tagen-arbeiten-sie-besser-von-zu-hause-aus\/","og_locale":"de_DE","og_type":"article","og_title":"A2 legt sich unters Messer: An diesen Tagen arbeiten Sie besser von zu Hause aus - All cars news","og_description":"Was ist geplant? Auf der A2 steht eine gr\u00f6\u00dfere Wartung an. Der derzeitige Asphalt muss ersetzt werden, und da ohnehin viel los ist, wird Rijkswaterstaat gleich leiseren Asphalt verlegen. Das bedeutet weniger L\u00e4rm f\u00fcr die Anwohner und eine Stra\u00dfe, die wieder jahrelang halten kann. Rijkswaterstaat wird auch die Jan Blankenbrug ersetzen [...].","og_url":"https:\/\/all-car-news.com\/de\/a2-legt-sich-unters-messer-an-diesen-tagen-arbeiten-sie-besser-von-zu-hause-aus\/","og_site_name":"All cars news","article_published_time":"2024-08-14T13:28:44+00:00","twitter_card":"summary_large_image","twitter_misc":{"Gesch\u00e4tzte Lesezeit":"1\u00a0Minute"},"schema":{"@context":"https:\/\/schema.org","@graph":[{"@type":"Article","@id":"https:\/\/all-car-news.com\/de\/a2-legt-sich-unters-messer-an-diesen-tagen-arbeiten-sie-besser-von-zu-hause-aus\/#article","isPartOf":{"@id":"https:\/\/all-car-news.com\/de\/a2-legt-sich-unters-messer-an-diesen-tagen-arbeiten-sie-besser-von-zu-hause-aus\/"},"author":{"name":"","@id":""},"headline":"A2 legt sich unters Messer: An diesen Tagen arbeiten Sie besser von zu Hause aus","datePublished":"2024-08-14T13:28:44+00:00","dateModified":"2024-08-14T13:28:44+00:00","mainEntityOfPage":{"@id":"https:\/\/all-car-news.com\/de\/a2-legt-sich-unters-messer-an-diesen-tagen-arbeiten-sie-besser-von-zu-hause-aus\/"},"wordCount":299,"publisher":{"@id":"https:\/\/all-car-news.com\/de\/#organization"},"articleSection":["Auto Nachrichten"],"inLanguage":"de"},{"@type":"WebPage","@id":"https:\/\/all-car-news.com\/de\/a2-legt-sich-unters-messer-an-diesen-tagen-arbeiten-sie-besser-von-zu-hause-aus\/","url":"https:\/\/all-car-news.com\/de\/a2-legt-sich-unters-messer-an-diesen-tagen-arbeiten-sie-besser-von-zu-hause-aus\/","name":"A2 legt sich unters Messer: An diesen Tagen arbeiten Sie besser von zu Hause aus - All cars news","isPartOf":{"@id":"https:\/\/all-car-news.com\/de\/#website"},"datePublished":"2024-08-14T13:28:44+00:00","dateModified":"2024-08-14T13:28:44+00:00","breadcrumb":{"@id":"https:\/\/all-car-news.com\/de\/a2-legt-sich-unters-messer-an-diesen-tagen-arbeiten-sie-besser-von-zu-hause-aus\/#breadcrumb"},"inLanguage":"de","potentialAction":[{"@type":"ReadAction","target":["https:\/\/all-car-news.com\/de\/a2-legt-sich-unters-messer-an-diesen-tagen-arbeiten-sie-besser-von-zu-hause-aus\/"]}]},{"@type":"BreadcrumbList","@id":"https:\/\/all-car-news.com\/de\/a2-legt-sich-unters-messer-an-diesen-tagen-arbeiten-sie-besser-von-zu-hause-aus\/#breadcrumb","itemListElement":[{"@type":"ListItem","position":1,"name":"Home","item":"https:\/\/all-car-news.com\/de\/"},{"@type":"ListItem","position":2,"name":"A2 legt sich unters Messer: An diesen Tagen arbeiten Sie besser von zu Hause aus"}]},{"@type":"WebSite","@id":"https:\/\/all-car-news.com\/de\/#website","url":"https:\/\/all-car-news.com\/de\/","name":"All cars news","description":"","publisher":{"@id":"https:\/\/all-car-news.com\/de\/#organization"},"potentialAction":[{"@type":"SearchAction","target":{"@type":"EntryPoint","urlTemplate":"https:\/\/all-car-news.com\/de\/?s={search_term_string}"},"query-input":"required name=search_term_string"}],"inLanguage":"de"},{"@type":"Organization","@id":"https:\/\/all-car-news.com\/de\/#organization","name":"All cars news","url":"https:\/\/all-car-news.com\/de\/","logo":{"@type":"ImageObject","inLanguage":"de","@id":"https:\/\/all-car-news.com\/de\/#\/schema\/logo\/image\/","url":"https:\/\/all-car-news.com\/wp-content\/uploads\/2022\/02\/CMYK-AllCarNews_LANDSCAPE_300px-1.png","contentUrl":"https:\/\/all-car-news.com\/wp-content\/uploads\/2022\/02\/CMYK-AllCarNews_LANDSCAPE_300px-1.png","width":300,"height":100,"caption":"All cars news"},"image":{"@id":"https:\/\/all-car-news.com\/de\/#\/schema\/logo\/image\/"}}]}},"_links":{"self":[{"href":"https:\/\/all-car-news.com\/de\/wp-json\/wp\/v2\/posts\/149103","targetHints":{"allow":["GET"]}}],"collection":[{"href":"https:\/\/all-car-news.com\/de\/wp-json\/wp\/v2\/posts"}],"about":[{"href":"https:\/\/all-car-news.com\/de\/wp-json\/wp\/v2\/types\/post"}],"replies":[{"embeddable":true,"href":"https:\/\/all-car-news.com\/de\/wp-json\/wp\/v2\/comments?post=149103"}],"version-history":[{"count":0,"href":"https:\/\/all-car-news.com\/de\/wp-json\/wp\/v2\/posts\/149103\/revisions"}],"wp:featuredmedia":[{"embeddable":true,"href":"https:\/\/all-car-news.com\/de\/wp-json\/wp\/v2\/media\/146807"}],"wp:attachment":[{"href":"https:\/\/all-car-news.com\/de\/wp-json\/wp\/v2\/media?parent=149103"}],"wp:term":[{"taxonomy":"category","embeddable":true,"href":"https:\/\/all-car-news.com\/de\/wp-json\/wp\/v2\/categories?post=149103"},{"taxonomy":"post_tag","embeddable":true,"href":"https:\/\/all-car-news.com\/de\/wp-json\/wp\/v2\/tags?post=149103"}],"curies":[{"name":"wp","href":"https:\/\/api.w.org\/{rel}","templated":true}]}}