{"id":149070,"date":"2024-08-01T13:57:41","date_gmt":"2024-08-01T13:57:41","guid":{"rendered":"https:\/\/all-car-news.com\/das-sind-die-neuen-volkswagen-transporter-und-caravelle\/"},"modified":"2024-08-01T13:57:41","modified_gmt":"2024-08-01T13:57:41","slug":"das-sind-die-neuen-volkswagen-transporter-und-caravelle","status":"publish","type":"post","link":"https:\/\/all-car-news.com\/de\/das-sind-die-neuen-volkswagen-transporter-und-caravelle\/","title":{"rendered":"Das sind die neuen Volkswagen Transporter und Caravelle!"},"content":{"rendered":"<h2>Mehrere Varianten<\/h2>\n<p>Der neue Volkswagen Transporter ist in einer breiten Palette von Versionen erh\u00e4ltlich.<br \/>\nEs gibt viele M\u00f6glichkeiten f\u00fcr Unternehmer, sich ihr Nutzfahrzeug ganz nach ihren W\u00fcnschen zusammenzustellen.<br \/>\nEr wird in einer Vielzahl von Varianten erh\u00e4ltlich sein, wie z.B. als geschlossener Van, Doppelkabine, Kombi (Personentransport) und Doppelkabine Pick-up.<br \/>\nDer Van und der Kombi werden auch mit einem erh\u00f6hten Dach und\/oder einem verl\u00e4ngerten Radstand erh\u00e4ltlich sein.<br \/>\nDer Double Cab hat immer einen langen Radstand mit Standarddachh\u00f6he.<br \/>\nDie Caravelle, die ebenfalls mit kurzem und langem Radstand erh\u00e4ltlich ist, bietet Platz f\u00fcr bis zu neun Passagiere und ist ideal f\u00fcr den luxuri\u00f6sen Personentransport.     <\/p>\n<figure class=\"wp-block-image size-content\"><img decoding=\"async\" loading=\"lazy\" width=\"1140\" height=\"708\" src=\"https:\/\/autorai.nl\/wp-content\/uploads\/2024\/08\/volkswagentransporterbestelwagen-4-1140x708.jpg\" alt=\"\" class=\"wp-image-182482\"><\/figure>\n<h2><strong>Antriebsstr\u00e4nge Volkswagen Transporter und Caravelle<\/strong><\/h2>\n<p>Der Transporter und die Caravelle werden mit Turbodieselmotoren (TDI), als Plug-in-Hybrid oder mit einem vollelektrischen Antriebsstrang erh\u00e4ltlich sein.<br \/>\nDer TDI-Motor ist mit einer Leistung von 81 kW (110 PS), 110 kW (150 PS) oder 125 kW (170 PS) erh\u00e4ltlich.<br \/>\nDer neu entwickelte Plug-in-Hybrid (eHybrid) hat eine Systemleistung von 171 kW (232 PS).<br \/>\nBei den Elektroversionen mit einer 64 kWh-Batterie (netto) haben Sie die Wahl zwischen 100 kW (136 PS), 160 kW (218 PS) und 210 kW (286 PS).<br \/>\nEine weitere Elektroversion mit geringerer Leistung und kleinerer Batterie folgt speziell f\u00fcr den st\u00e4dtischen Vertrieb.<br \/>\nDer TDI mit 125 kW verf\u00fcgt serienm\u00e4\u00dfig \u00fcber ein Achtgang-Automatikgetriebe, bei der 110 kW-Version kann dieses Getriebe als Option bestellt werden.     <\/p>\n<h2><strong>Abmessungen Volkswagen Transporter<\/strong><\/h2>\n<p>Mit 5.055 mm L\u00e4nge ist der neue Transporter 146 mm l\u00e4nger als der T6.1.<br \/>\nDer Radstand misst 3.100 mm und ist um 97 mm gewachsen.<br \/>\nEine Version mit 400 mm l\u00e4ngerem Radstand ist ebenfalls erh\u00e4ltlich.<br \/>\nDa sich der Laderaum um 148 mm verbreitert hat, passt jetzt eine Ladung von 1.392 mm zwischen die Radk\u00e4sten, so dass Sie noch einfacher eine Europalette einladen k\u00f6nnen.<br \/>\nDie Ladefl\u00e4che hat eine L\u00e4nge von 2.602 mm bzw. 3.002 mm in der Version mit verl\u00e4ngertem Radstand.      <\/p>\n<p>In der Standardversion betr\u00e4gt das maximale Ladevolumen jetzt 5,8<sup>m2<\/sup>; mit dem langen Radstand und dem erh\u00f6hten Dach k\u00f6nnen sogar 9,0<sup>m2<\/sup> transportiert werden.<br \/>\nTrotz der vergr\u00f6\u00dferten Abmessungen bleibt der Wagen leicht zu man\u00f6vrieren; der Wendekreis betr\u00e4gt 11,8 m (Standard-Radstand).<br \/>\nJe nach Version kann das neue Modell eine Last von bis zu 2,8 Tonnen ziehen.  <\/p>\n<div class=\"galery galery-0\">\n<figure>\n\t\t\t\t\t<span style=\"cursor: pointer\" data-src=\"https:\/\/autorai.nl\/wp-content\/uploads\/2024\/08\/volkswagentransporterbestelwagen-header-1600x900.jpg\" data-fancybox=\"galery-0\" title=\"\"><br \/>\n\t\t\t\t\t\t\t<img decoding=\"async\" width=\"360\" height=\"270\" src=\"https:\/\/autorai.nl\/wp-content\/uploads\/2024\/08\/volkswagentransporterbestelwagen-header-360x270.jpg\" class=\"attachment-small size-small\" alt=\"\" loading=\"lazy\"><i class=\"fa fa-search-plus\" aria-hidden=\"true\"><\/i><br \/>\n\t\t\t\t\t\t<\/span><br \/>\n\t\t\t\t\t<\/figure>\n<figure>\n\t\t\t\t\t<span style=\"cursor: pointer\" data-src=\"https:\/\/autorai.nl\/wp-content\/uploads\/2024\/08\/volkswagentransportercaravelle-4-1600x994.jpg\" data-fancybox=\"galery-0\" title=\"\"><br \/>\n\t\t\t\t\t\t\t<img decoding=\"async\" width=\"360\" height=\"270\" src=\"https:\/\/autorai.nl\/wp-content\/uploads\/2024\/08\/volkswagentransportercaravelle-4-360x270.jpg\" class=\"attachment-small size-small\" alt=\"\" loading=\"lazy\"><i class=\"fa fa-search-plus\" aria-hidden=\"true\"><\/i><br \/>\n\t\t\t\t\t\t<\/span><br \/>\n\t\t\t\t\t<\/figure>\n<figure>\n\t\t\t\t\t<span style=\"cursor: pointer\" data-src=\"https:\/\/autorai.nl\/wp-content\/uploads\/2024\/08\/volkswagentransporterbestelwagen-2-1600x994.jpg\" data-fancybox=\"galery-0\" title=\"\"><br \/>\n\t\t\t\t\t\t\t<img decoding=\"async\" width=\"360\" height=\"270\" src=\"https:\/\/autorai.nl\/wp-content\/uploads\/2024\/08\/volkswagentransporterbestelwagen-2-360x270.jpg\" class=\"attachment-small size-small\" alt=\"\" loading=\"lazy\"><i class=\"fa fa-search-plus\" aria-hidden=\"true\"><\/i><br \/>\n\t\t\t\t\t\t<\/span><br \/>\n\t\t\t\t\t<\/figure>\n<figure>\n\t\t\t\t\t<span style=\"cursor: pointer\" data-src=\"https:\/\/autorai.nl\/wp-content\/uploads\/2024\/08\/volkswagentransportercaravelle-1.png\" data-fancybox=\"galery-0\" title=\"\"><br \/>\n\t\t\t\t\t\t\t<img decoding=\"async\" width=\"360\" height=\"270\" src=\"https:\/\/autorai.nl\/wp-content\/uploads\/2024\/08\/volkswagentransportercaravelle-1-360x270.png\" class=\"attachment-small size-small\" alt=\"\" loading=\"lazy\"><i class=\"fa fa-search-plus\" aria-hidden=\"true\"><\/i><br \/>\n\t\t\t\t\t\t<\/span><br \/>\n\t\t\t\t\t<\/figure>\n<figure>\n\t\t\t\t\t<span style=\"cursor: pointer\" data-src=\"https:\/\/autorai.nl\/wp-content\/uploads\/2024\/08\/volkswagentransporterbestelwagen-3-1600x994.jpg\" data-fancybox=\"galery-0\" title=\"\"><br \/>\n\t\t\t\t\t\t\t<img decoding=\"async\" width=\"360\" height=\"270\" src=\"https:\/\/autorai.nl\/wp-content\/uploads\/2024\/08\/volkswagentransporterbestelwagen-3-360x270.jpg\" class=\"attachment-small size-small\" alt=\"\" loading=\"lazy\"><i class=\"fa fa-search-plus\" aria-hidden=\"true\"><\/i><br \/>\n\t\t\t\t\t\t<\/span><br \/>\n\t\t\t\t\t<\/figure>\n<figure>\n\t\t\t\t\t<span style=\"cursor: pointer\" data-src=\"https:\/\/autorai.nl\/wp-content\/uploads\/2024\/08\/volkswagentransporterbestelwagen-4-1600x994.jpg\" data-fancybox=\"galery-0\" title=\"\"><br \/>\n\t\t\t\t\t\t\t<img decoding=\"async\" width=\"360\" height=\"270\" src=\"https:\/\/autorai.nl\/wp-content\/uploads\/2024\/08\/volkswagentransporterbestelwagen-4-360x270.jpg\" class=\"attachment-small size-small\" alt=\"\" loading=\"lazy\"><i class=\"fa fa-search-plus\" aria-hidden=\"true\"><\/i><br \/>\n\t\t\t\t\t\t<\/span><br \/>\n\t\t\t\t\t<\/figure>\n<figure>\n\t\t\t\t\t<span style=\"cursor: pointer\" data-src=\"https:\/\/autorai.nl\/wp-content\/uploads\/2024\/08\/volkswagentransporterbestelwagen-5.png\" data-fancybox=\"galery-0\" title=\"\"><br \/>\n\t\t\t\t\t\t\t<img decoding=\"async\" width=\"360\" height=\"270\" src=\"https:\/\/autorai.nl\/wp-content\/uploads\/2024\/08\/volkswagentransporterbestelwagen-5-360x270.png\" class=\"attachment-small size-small\" alt=\"\" loading=\"lazy\"><i class=\"fa fa-search-plus\" aria-hidden=\"true\"><\/i><br \/>\n\t\t\t\t\t\t<\/span><br \/>\n\t\t\t\t\t<\/figure>\n<div class=\"clear\"><\/div>\n<\/div>\n<h2>gro\u00dfe Digitalanzeigen<\/h2>\n<p>Der neue Transporter und der Caravelle werden nicht mehr mit einem Schl\u00fcssel gestartet, sondern mit der Starttaste, die sich zwischen dem digitalen 12-Zoll-Kombiinstrument und dem 13-Zoll gro\u00dfen Infotainment-Bildschirm befindet.<br \/>\nEbenfalls charakteristisch f\u00fcr diese neueste Generation des Transporters sind das hohe Armaturenbrett mit einer ergonomischen Anordnung und die hohe Sitzposition.<br \/>\nDer W\u00e4hlhebel des (optionalen) Automatikgetriebes ist h\u00f6her auf dem Armaturenbrett positioniert als beim T6.1, was mehr Beinfreiheit schafft.<br \/>\nDer Schalthebel f\u00fcr die manuellen Versionen befindet sich wie bisher in der Mittelkonsole.     <\/p>\n<p>Das Multifunktionslenkrad verf\u00fcgt \u00fcber mehrere Tasten.<br \/>\nDie Lautst\u00e4rke des Infotainmentsystems kann \u00fcber das Lenkrad oder einen klassischen Drehknopf eingestellt werden.<br \/>\nDer traditionelle Handbremshebel wurde durch einen Schalter f\u00fcr die Feststellbremse in der Mitte des Armaturenbretts ersetzt, um noch mehr Fu\u00dfraum zu schaffen.<br \/>\nIm oberen Teil des Armaturenbretts befinden sich zus\u00e4tzliche Becherhalter und praktische Ablagef\u00e4cher.   <\/p>\n<h2>Bequeme Verbindungen<\/h2>\n<p>Und mit seinem Arsenal an Ladepunkten kann er auch w\u00e4hrend der Fahrt oder am Zielort eine Vielzahl von Ger\u00e4ten mit Strom versorgen.<br \/>\nDie elektrischen Schnittstellen umfassen nicht nur USB-A-, USB-C- und 12-V-Steckdosen, sondern bei Bedarf auch Ladem\u00f6glichkeiten f\u00fcr 230-V-Ger\u00e4te.<br \/>\nBei den Dieselversionen befindet sich die 230V-Steckdose (400 W) immer am Rahmen des Fahrersitzes.<br \/>\nDie (teil-)elektrischen Versionen k\u00f6nnen mit zwei zus\u00e4tzlichen Steckdosen in der N\u00e4he der D-S\u00e4ulen ausgestattet werden; in diesem Fall bieten alle drei 230V-Steckdosen eine Gesamtleistung von 2.300 W.   &nbsp;<\/p>\n<h2><strong>Serienm\u00e4\u00dfige Ausstattung<\/strong><\/h2>\n<p>Transporter-Fahrer profitieren jetzt von einer noch umfangreicheren Serienausstattung.<br \/>\nDie neueste Generation des Transporter ist serienm\u00e4\u00dfig mit LED-Scheinwerfern, LED-R\u00fcckleuchten, einer elektronischen Parkbremse mit Auto-Hold-Funktion, einer digitalen 12-Zoll-Instrumententafel (Digital Cockpit), einem Infotainmentsystem (einschlie\u00dflich DAB+, Apple CarPlay, Android Auto, Online-Diensten und 13-Zoll-Touchscreen), einem Multifunktionslenkrad, dem Keyless Start-System, einem Regensensor, einem Spurassistenten, einer autonomen Notbremsung und der dynamischen Verkehrszeichenanzeige ausgestattet.   <\/p>\n<h2>Volkswagen PanAmericana<\/h2>\n<p>Seit 2001 war der PanAmericana bereits au\u00dferhalb der Niederlande erh\u00e4ltlich, wo er sich zu einem exklusiven und beliebten Kultklassiker entwickelte.<br \/>\nEs war daher schnell klar, dass ein PanAmericana der siebten Generation wieder gebraucht wurde.<br \/>\nDiese Version wurde als Variante des Transporters Van und der Caravelle entwickelt und ist an robusten Gel\u00e4ndewagenelementen wie genarbten Seitenschwellern und Radk\u00e4sten zu erkennen.<br \/>\nDie Sto\u00dfstangen sind f\u00fcr raue Bedingungen vorbereitet und die Heckklappe oder die T\u00fcren sind mit einer Schutzh\u00fclle versehen.<br \/>\nIm Innenraum finden Sie beleuchtete Einstiegsleisten aus Edelstahl, hochgl\u00e4nzende schwarze Zierleisten am Armaturenbrett, verchromte T\u00fcrgriffe und spezielle Polsterungen.<br \/>\nDie PanAmericana-Versionen sind mit 17- und 19-Zoll-R\u00e4dern erh\u00e4ltlich.<br \/>\nDer optionale 4MOTION-Allradantrieb erg\u00e4nzt den robusten Charakter des PanAmericana perfekt.<br \/>\nDer neue Transporter Van PanAmericana wird ab dieser Generation auch in den Niederlanden ausgeliefert.         <\/p>\n<h2>Enth\u00fcllung im September 2024<\/h2>\n<p>Der neue Volkswagen Transporter und Caravelle werden am 15. September enth\u00fcllt und im Anschluss an die IAA in Hannover vorgestellt.<br \/>\nVolkswagen Nutzfahrzeuge wird die niederl\u00e4ndischen Versionen, Preise und Spezifikationen zum Beginn des Vorverkaufs, kurz nach der IAA, bekannt geben.   <\/p><\/p>\n","protected":false},"excerpt":{"rendered":"Verschiedene Varianten Der neue Volkswagen Transporter ist in einer breiten Palette von Versionen erh\u00e4ltlich. Es gibt viele M\u00f6glichkeiten f\u00fcr Unternehmer,&hellip;","protected":false},"author":0,"featured_media":146464,"comment_status":"","ping_status":"open","sticky":false,"template":"","format":"standard","meta":{"footnotes":""},"categories":[125],"tags":[],"class_list":["post-149070","post","type-post","status-publish","format-standard","has-post-thumbnail","hentry","category-auto-nachrichten"],"acf":[],"yoast_head":"<!-- This site is optimized with the Yoast SEO plugin v21.2 - https:\/\/yoast.com\/wordpress\/plugins\/seo\/ -->\n<title>Das sind die neuen Volkswagen Transporter und Caravelle! - All cars news<\/title>\n<meta name=\"robots\" content=\"index, follow, max-snippet:-1, max-image-preview:large, max-video-preview:-1\" \/>\n<link rel=\"canonical\" href=\"https:\/\/all-car-news.com\/de\/das-sind-die-neuen-volkswagen-transporter-und-caravelle\/\" \/>\n<meta property=\"og:locale\" content=\"de_DE\" \/>\n<meta property=\"og:type\" content=\"article\" \/>\n<meta property=\"og:title\" content=\"Das sind die neuen Volkswagen Transporter und Caravelle! - All cars news\" \/>\n<meta property=\"og:description\" content=\"Verschiedene Varianten Der neue Volkswagen Transporter ist in einer breiten Palette von Versionen erh\u00e4ltlich. Es gibt viele M\u00f6glichkeiten f\u00fcr Unternehmer, sich ihr Nutzfahrzeug ganz nach ihren W\u00fcnschen zusammenzustellen. Er wird in einer Vielzahl von Varianten erh\u00e4ltlich sein, wie z.B. als geschlossener Van, Doppelkabine, Kombi (Personentransport) und Doppelkabinen-Pick-up. Der Van und der Kombi werden auch als [...]\" \/>\n<meta property=\"og:url\" content=\"https:\/\/all-car-news.com\/de\/das-sind-die-neuen-volkswagen-transporter-und-caravelle\/\" \/>\n<meta property=\"og:site_name\" content=\"All cars news\" \/>\n<meta property=\"article:published_time\" content=\"2024-08-01T13:57:41+00:00\" \/>\n<meta property=\"og:image\" content=\"https:\/\/autorai.nl\/wp-content\/uploads\/2024\/08\/volkswagentransporterbestelwagen-4-1140x708.jpg\" \/>\n<meta name=\"twitter:card\" content=\"summary_large_image\" \/>\n<meta name=\"twitter:label1\" content=\"Gesch\u00e4tzte Lesezeit\" \/>\n\t<meta name=\"twitter:data1\" content=\"4\u00a0Minuten\" \/>\n<script type=\"application\/ld+json\" class=\"yoast-schema-graph\">{\"@context\":\"https:\/\/schema.org\",\"@graph\":[{\"@type\":\"Article\",\"@id\":\"https:\/\/all-car-news.com\/de\/das-sind-die-neuen-volkswagen-transporter-und-caravelle\/#article\",\"isPartOf\":{\"@id\":\"https:\/\/all-car-news.com\/de\/das-sind-die-neuen-volkswagen-transporter-und-caravelle\/\"},\"author\":{\"name\":\"\",\"@id\":\"\"},\"headline\":\"Das sind die neuen Volkswagen Transporter und Caravelle!\",\"datePublished\":\"2024-08-01T13:57:41+00:00\",\"dateModified\":\"2024-08-01T13:57:41+00:00\",\"mainEntityOfPage\":{\"@id\":\"https:\/\/all-car-news.com\/de\/das-sind-die-neuen-volkswagen-transporter-und-caravelle\/\"},\"wordCount\":858,\"publisher\":{\"@id\":\"https:\/\/all-car-news.com\/de\/#organization\"},\"articleSection\":[\"Auto Nachrichten\"],\"inLanguage\":\"de\"},{\"@type\":\"WebPage\",\"@id\":\"https:\/\/all-car-news.com\/de\/das-sind-die-neuen-volkswagen-transporter-und-caravelle\/\",\"url\":\"https:\/\/all-car-news.com\/de\/das-sind-die-neuen-volkswagen-transporter-und-caravelle\/\",\"name\":\"Das sind die neuen Volkswagen Transporter und Caravelle! - All cars news\",\"isPartOf\":{\"@id\":\"https:\/\/all-car-news.com\/de\/#website\"},\"datePublished\":\"2024-08-01T13:57:41+00:00\",\"dateModified\":\"2024-08-01T13:57:41+00:00\",\"breadcrumb\":{\"@id\":\"https:\/\/all-car-news.com\/de\/das-sind-die-neuen-volkswagen-transporter-und-caravelle\/#breadcrumb\"},\"inLanguage\":\"de\",\"potentialAction\":[{\"@type\":\"ReadAction\",\"target\":[\"https:\/\/all-car-news.com\/de\/das-sind-die-neuen-volkswagen-transporter-und-caravelle\/\"]}]},{\"@type\":\"BreadcrumbList\",\"@id\":\"https:\/\/all-car-news.com\/de\/das-sind-die-neuen-volkswagen-transporter-und-caravelle\/#breadcrumb\",\"itemListElement\":[{\"@type\":\"ListItem\",\"position\":1,\"name\":\"Home\",\"item\":\"https:\/\/all-car-news.com\/de\/\"},{\"@type\":\"ListItem\",\"position\":2,\"name\":\"Das sind die neuen Volkswagen Transporter und Caravelle!\"}]},{\"@type\":\"WebSite\",\"@id\":\"https:\/\/all-car-news.com\/de\/#website\",\"url\":\"https:\/\/all-car-news.com\/de\/\",\"name\":\"All cars news\",\"description\":\"\",\"publisher\":{\"@id\":\"https:\/\/all-car-news.com\/de\/#organization\"},\"potentialAction\":[{\"@type\":\"SearchAction\",\"target\":{\"@type\":\"EntryPoint\",\"urlTemplate\":\"https:\/\/all-car-news.com\/de\/?s={search_term_string}\"},\"query-input\":\"required name=search_term_string\"}],\"inLanguage\":\"de\"},{\"@type\":\"Organization\",\"@id\":\"https:\/\/all-car-news.com\/de\/#organization\",\"name\":\"All cars news\",\"url\":\"https:\/\/all-car-news.com\/de\/\",\"logo\":{\"@type\":\"ImageObject\",\"inLanguage\":\"de\",\"@id\":\"https:\/\/all-car-news.com\/de\/#\/schema\/logo\/image\/\",\"url\":\"https:\/\/all-car-news.com\/wp-content\/uploads\/2022\/02\/CMYK-AllCarNews_LANDSCAPE_300px-1.png\",\"contentUrl\":\"https:\/\/all-car-news.com\/wp-content\/uploads\/2022\/02\/CMYK-AllCarNews_LANDSCAPE_300px-1.png\",\"width\":300,\"height\":100,\"caption\":\"All cars news\"},\"image\":{\"@id\":\"https:\/\/all-car-news.com\/de\/#\/schema\/logo\/image\/\"}}]}<\/script>\n<!-- \/ Yoast SEO plugin. -->","yoast_head_json":{"title":"Das sind die neuen Volkswagen Transporter und Caravelle! - All cars news","robots":{"index":"index","follow":"follow","max-snippet":"max-snippet:-1","max-image-preview":"max-image-preview:large","max-video-preview":"max-video-preview:-1"},"canonical":"https:\/\/all-car-news.com\/de\/das-sind-die-neuen-volkswagen-transporter-und-caravelle\/","og_locale":"de_DE","og_type":"article","og_title":"Das sind die neuen Volkswagen Transporter und Caravelle! - All cars news","og_description":"Verschiedene Varianten Der neue Volkswagen Transporter ist in einer breiten Palette von Versionen erh\u00e4ltlich. Es gibt viele M\u00f6glichkeiten f\u00fcr Unternehmer, sich ihr Nutzfahrzeug ganz nach ihren W\u00fcnschen zusammenzustellen. Er wird in einer Vielzahl von Varianten erh\u00e4ltlich sein, wie z.B. als geschlossener Van, Doppelkabine, Kombi (Personentransport) und Doppelkabinen-Pick-up. Der Van und der Kombi werden auch als [...]","og_url":"https:\/\/all-car-news.com\/de\/das-sind-die-neuen-volkswagen-transporter-und-caravelle\/","og_site_name":"All cars news","article_published_time":"2024-08-01T13:57:41+00:00","og_image":[{"url":"https:\/\/autorai.nl\/wp-content\/uploads\/2024\/08\/volkswagentransporterbestelwagen-4-1140x708.jpg"}],"twitter_card":"summary_large_image","twitter_misc":{"Gesch\u00e4tzte Lesezeit":"4\u00a0Minuten"},"schema":{"@context":"https:\/\/schema.org","@graph":[{"@type":"Article","@id":"https:\/\/all-car-news.com\/de\/das-sind-die-neuen-volkswagen-transporter-und-caravelle\/#article","isPartOf":{"@id":"https:\/\/all-car-news.com\/de\/das-sind-die-neuen-volkswagen-transporter-und-caravelle\/"},"author":{"name":"","@id":""},"headline":"Das sind die neuen Volkswagen Transporter und Caravelle!","datePublished":"2024-08-01T13:57:41+00:00","dateModified":"2024-08-01T13:57:41+00:00","mainEntityOfPage":{"@id":"https:\/\/all-car-news.com\/de\/das-sind-die-neuen-volkswagen-transporter-und-caravelle\/"},"wordCount":858,"publisher":{"@id":"https:\/\/all-car-news.com\/de\/#organization"},"articleSection":["Auto Nachrichten"],"inLanguage":"de"},{"@type":"WebPage","@id":"https:\/\/all-car-news.com\/de\/das-sind-die-neuen-volkswagen-transporter-und-caravelle\/","url":"https:\/\/all-car-news.com\/de\/das-sind-die-neuen-volkswagen-transporter-und-caravelle\/","name":"Das sind die neuen Volkswagen Transporter und Caravelle! - All cars news","isPartOf":{"@id":"https:\/\/all-car-news.com\/de\/#website"},"datePublished":"2024-08-01T13:57:41+00:00","dateModified":"2024-08-01T13:57:41+00:00","breadcrumb":{"@id":"https:\/\/all-car-news.com\/de\/das-sind-die-neuen-volkswagen-transporter-und-caravelle\/#breadcrumb"},"inLanguage":"de","potentialAction":[{"@type":"ReadAction","target":["https:\/\/all-car-news.com\/de\/das-sind-die-neuen-volkswagen-transporter-und-caravelle\/"]}]},{"@type":"BreadcrumbList","@id":"https:\/\/all-car-news.com\/de\/das-sind-die-neuen-volkswagen-transporter-und-caravelle\/#breadcrumb","itemListElement":[{"@type":"ListItem","position":1,"name":"Home","item":"https:\/\/all-car-news.com\/de\/"},{"@type":"ListItem","position":2,"name":"Das sind die neuen Volkswagen Transporter und Caravelle!"}]},{"@type":"WebSite","@id":"https:\/\/all-car-news.com\/de\/#website","url":"https:\/\/all-car-news.com\/de\/","name":"All cars news","description":"","publisher":{"@id":"https:\/\/all-car-news.com\/de\/#organization"},"potentialAction":[{"@type":"SearchAction","target":{"@type":"EntryPoint","urlTemplate":"https:\/\/all-car-news.com\/de\/?s={search_term_string}"},"query-input":"required name=search_term_string"}],"inLanguage":"de"},{"@type":"Organization","@id":"https:\/\/all-car-news.com\/de\/#organization","name":"All cars news","url":"https:\/\/all-car-news.com\/de\/","logo":{"@type":"ImageObject","inLanguage":"de","@id":"https:\/\/all-car-news.com\/de\/#\/schema\/logo\/image\/","url":"https:\/\/all-car-news.com\/wp-content\/uploads\/2022\/02\/CMYK-AllCarNews_LANDSCAPE_300px-1.png","contentUrl":"https:\/\/all-car-news.com\/wp-content\/uploads\/2022\/02\/CMYK-AllCarNews_LANDSCAPE_300px-1.png","width":300,"height":100,"caption":"All cars news"},"image":{"@id":"https:\/\/all-car-news.com\/de\/#\/schema\/logo\/image\/"}}]}},"_links":{"self":[{"href":"https:\/\/all-car-news.com\/de\/wp-json\/wp\/v2\/posts\/149070","targetHints":{"allow":["GET"]}}],"collection":[{"href":"https:\/\/all-car-news.com\/de\/wp-json\/wp\/v2\/posts"}],"about":[{"href":"https:\/\/all-car-news.com\/de\/wp-json\/wp\/v2\/types\/post"}],"replies":[{"embeddable":true,"href":"https:\/\/all-car-news.com\/de\/wp-json\/wp\/v2\/comments?post=149070"}],"version-history":[{"count":0,"href":"https:\/\/all-car-news.com\/de\/wp-json\/wp\/v2\/posts\/149070\/revisions"}],"wp:featuredmedia":[{"embeddable":true,"href":"https:\/\/all-car-news.com\/de\/wp-json\/wp\/v2\/media\/146464"}],"wp:attachment":[{"href":"https:\/\/all-car-news.com\/de\/wp-json\/wp\/v2\/media?parent=149070"}],"wp:term":[{"taxonomy":"category","embeddable":true,"href":"https:\/\/all-car-news.com\/de\/wp-json\/wp\/v2\/categories?post=149070"},{"taxonomy":"post_tag","embeddable":true,"href":"https:\/\/all-car-news.com\/de\/wp-json\/wp\/v2\/tags?post=149070"}],"curies":[{"name":"wp","href":"https:\/\/api.w.org\/{rel}","templated":true}]}}