{"id":147454,"date":"2024-09-09T09:32:14","date_gmt":"2024-09-09T09:32:14","guid":{"rendered":"https:\/\/all-car-news.com\/autohersteller-fuerchten-milliardenstrafen-wegen-enttaeuschender-ev-verkaeufe-in-europa\/"},"modified":"2024-09-09T09:32:14","modified_gmt":"2024-09-09T09:32:14","slug":"autohersteller-fuerchten-milliardenstrafen-wegen-enttaeuschender-ev-verkaeufe-in-europa","status":"publish","type":"post","link":"https:\/\/all-car-news.com\/de\/autohersteller-fuerchten-milliardenstrafen-wegen-enttaeuschender-ev-verkaeufe-in-europa\/","title":{"rendered":"Autohersteller f\u00fcrchten Milliardenstrafen wegen entt\u00e4uschender EV-Verk\u00e4ufe in Europa"},"content":{"rendered":"<h2>CO2-Regeln<\/h2>\n<p>Die europ\u00e4ischen Autohersteller stehen vor einer gro\u00dfen Herausforderung: Der Absatz von Elektroautos hinkt hinterher, und das k\u00f6nnte die Branche Milliarden an Strafzahlungen kosten.<br \/>\nIn der Tat werden die CO2-Vorschriften ab 2025 versch\u00e4rft, indem die zul\u00e4ssigen Emissionen pro Auto von 116 Gramm auf 94 Gramm CO2 pro Kilometer gesenkt werden.<br \/>\nDas mag wie ein kleiner Schritt erscheinen, aber f\u00fcr die Hersteller wird es eine gro\u00dfe Aufgabe sein, ihn zu erf\u00fcllen.<br \/>\nWenn die neuen Standards nicht eingehalten werden, drohen empfindliche Geldstrafen: 95 Euro f\u00fcr jedes Gramm CO2, das \u00fcber der Norm liegt, pro verkauftem Fahrzeug.<br \/>\nDas k\u00f6nnte die Hersteller teuer zu stehen kommen, insbesondere wenn der Verkauf von Elektroautos nicht bald anzieht.    <\/p>\n<h2>15 Milliarden EUR<\/h2>\n<p>Luca de Meo, CEO von Renault und Pr\u00e4sident des europ\u00e4ischen Automobilherstellerverbandes ACEA, schlug k\u00fcrzlich in einem Interview mit dem franz\u00f6sischen Radiosender France Inter Alarm.<br \/>\nEr warnte, dass sich die Geldstrafen auf bis zu 15 Milliarden Euro belaufen k\u00f6nnten, wenn sich die aktuellen Verkaufszahlen f\u00fcr Elektromodelle nicht verbessern.<br \/>\n&#8222;Wenn wir die Ziele nicht erreichen, k\u00f6nnten wir gezwungen sein, die Produktion von mehr als 2,5 Millionen Fahrzeugen einzustellen&#8220;, sagte De Meo.  <\/p>\n<h2>Millionen von Arbeitspl\u00e4tzen<\/h2>\n<p>Die Besorgnis \u00fcber entt\u00e4uschende Verkaufszahlen von Elektrofahrzeugen ist nicht nur ein finanzielles Problem f\u00fcr die Automobilhersteller, sondern k\u00f6nnte auch erhebliche Auswirkungen auf die gesamte Lieferkette und den Arbeitsmarkt in Europa haben.<br \/>\nImmerhin ist die Automobilindustrie einer der gr\u00f6\u00dften Arbeitgeber des Kontinents und besch\u00e4ftigt Millionen von Menschen, von den Flie\u00dfb\u00e4ndern bis zur Technologieentwicklung.<br \/>\nSo hat beispielsweise Schaeffler, ein gro\u00dfer deutscher Automobilzulieferer, vor kurzem beschlossen, seine Strategie aufgrund des r\u00fcckl\u00e4ufigen Marktes f\u00fcr Elektrofahrzeuge deutlich anzupassen:  <\/p>\n<p>Lesen Sie mehr: <a href=\"https:\/\/autorai.nl\/automotive-leverancier-schaeffler-vermindert-productie-ev-onderdelen\/\">Gro\u00dfer deutscher Automobilzulieferer reduziert Produktion von EV-Teilen<\/a><\/p>\n<figure class=\"wp-block-embed is-type-wp-embed is-provider-autorai-nl wp-block-embed-autorai-nl\">\n<div class=\"wp-block-embed__wrapper\">\n<blockquote class=\"wp-embedded-content\" data-secret=\"xZ5j5H0oJm\"><p><a href=\"https:\/\/autorai.nl\/automotive-leverancier-schaeffler-vermindert-productie-ev-onderdelen\/\">Gro\u00dfer deutscher Automobilzulieferer reduziert Produktion von EV-Teilen<\/a><\/p><\/blockquote>\n<\/div>\n<\/figure>\n","protected":false},"excerpt":{"rendered":"CO2-Vorschriften Die europ\u00e4ischen Autohersteller stehen vor einer gro\u00dfen Herausforderung: Der Absatz von Elektroautos hinkt hinterher, und das k\u00f6nnte die Branche&hellip;","protected":false},"author":0,"featured_media":147419,"comment_status":"","ping_status":"open","sticky":false,"template":"","format":"standard","meta":{"footnotes":""},"categories":[125],"tags":[],"class_list":["post-147454","post","type-post","status-publish","format-standard","has-post-thumbnail","hentry","category-auto-nachrichten"],"acf":[],"yoast_head":"<!-- This site is optimized with the Yoast SEO plugin v21.2 - https:\/\/yoast.com\/wordpress\/plugins\/seo\/ -->\n<title>Autohersteller f\u00fcrchten Milliardenstrafen wegen entt\u00e4uschender EV-Verk\u00e4ufe in Europa - All cars news<\/title>\n<meta name=\"robots\" content=\"index, follow, max-snippet:-1, max-image-preview:large, max-video-preview:-1\" \/>\n<link rel=\"canonical\" href=\"https:\/\/all-car-news.com\/de\/autohersteller-fuerchten-milliardenstrafen-wegen-enttaeuschender-ev-verkaeufe-in-europa\/\" \/>\n<meta property=\"og:locale\" content=\"de_DE\" \/>\n<meta property=\"og:type\" content=\"article\" \/>\n<meta property=\"og:title\" content=\"Autohersteller f\u00fcrchten Milliardenstrafen wegen entt\u00e4uschender EV-Verk\u00e4ufe in Europa - All cars news\" \/>\n<meta property=\"og:description\" content=\"CO2-Vorschriften Die europ\u00e4ischen Autohersteller stehen vor einer gro\u00dfen Herausforderung: Der Absatz von Elektroautos hinkt hinterher, und das k\u00f6nnte die Branche Milliarden an Strafzahlungen kosten. Denn ab 2025 werden die CO2-Vorschriften versch\u00e4rft, indem die zul\u00e4ssigen Emissionen pro Auto von 116 Gramm auf 94 Gramm CO2 pro Kilometer gesenkt werden. Das scheint ein kleiner Schritt zu sein, aber [...]\" \/>\n<meta property=\"og:url\" content=\"https:\/\/all-car-news.com\/de\/autohersteller-fuerchten-milliardenstrafen-wegen-enttaeuschender-ev-verkaeufe-in-europa\/\" \/>\n<meta property=\"og:site_name\" content=\"All cars news\" \/>\n<meta property=\"article:published_time\" content=\"2024-09-09T09:32:14+00:00\" \/>\n<meta name=\"twitter:card\" content=\"summary_large_image\" \/>\n<meta name=\"twitter:label1\" content=\"Gesch\u00e4tzte Lesezeit\" \/>\n\t<meta name=\"twitter:data1\" content=\"2\u00a0Minuten\" \/>\n<script type=\"application\/ld+json\" class=\"yoast-schema-graph\">{\"@context\":\"https:\/\/schema.org\",\"@graph\":[{\"@type\":\"Article\",\"@id\":\"https:\/\/all-car-news.com\/de\/autohersteller-fuerchten-milliardenstrafen-wegen-enttaeuschender-ev-verkaeufe-in-europa\/#article\",\"isPartOf\":{\"@id\":\"https:\/\/all-car-news.com\/de\/autohersteller-fuerchten-milliardenstrafen-wegen-enttaeuschender-ev-verkaeufe-in-europa\/\"},\"author\":{\"name\":\"\",\"@id\":\"\"},\"headline\":\"Autohersteller f\u00fcrchten Milliardenstrafen wegen entt\u00e4uschender EV-Verk\u00e4ufe in Europa\",\"datePublished\":\"2024-09-09T09:32:14+00:00\",\"dateModified\":\"2024-09-09T09:32:14+00:00\",\"mainEntityOfPage\":{\"@id\":\"https:\/\/all-car-news.com\/de\/autohersteller-fuerchten-milliardenstrafen-wegen-enttaeuschender-ev-verkaeufe-in-europa\/\"},\"wordCount\":313,\"publisher\":{\"@id\":\"https:\/\/all-car-news.com\/de\/#organization\"},\"articleSection\":[\"Auto Nachrichten\"],\"inLanguage\":\"de\"},{\"@type\":\"WebPage\",\"@id\":\"https:\/\/all-car-news.com\/de\/autohersteller-fuerchten-milliardenstrafen-wegen-enttaeuschender-ev-verkaeufe-in-europa\/\",\"url\":\"https:\/\/all-car-news.com\/de\/autohersteller-fuerchten-milliardenstrafen-wegen-enttaeuschender-ev-verkaeufe-in-europa\/\",\"name\":\"Autohersteller f\u00fcrchten Milliardenstrafen wegen entt\u00e4uschender EV-Verk\u00e4ufe in Europa - All cars news\",\"isPartOf\":{\"@id\":\"https:\/\/all-car-news.com\/de\/#website\"},\"datePublished\":\"2024-09-09T09:32:14+00:00\",\"dateModified\":\"2024-09-09T09:32:14+00:00\",\"breadcrumb\":{\"@id\":\"https:\/\/all-car-news.com\/de\/autohersteller-fuerchten-milliardenstrafen-wegen-enttaeuschender-ev-verkaeufe-in-europa\/#breadcrumb\"},\"inLanguage\":\"de\",\"potentialAction\":[{\"@type\":\"ReadAction\",\"target\":[\"https:\/\/all-car-news.com\/de\/autohersteller-fuerchten-milliardenstrafen-wegen-enttaeuschender-ev-verkaeufe-in-europa\/\"]}]},{\"@type\":\"BreadcrumbList\",\"@id\":\"https:\/\/all-car-news.com\/de\/autohersteller-fuerchten-milliardenstrafen-wegen-enttaeuschender-ev-verkaeufe-in-europa\/#breadcrumb\",\"itemListElement\":[{\"@type\":\"ListItem\",\"position\":1,\"name\":\"Home\",\"item\":\"https:\/\/all-car-news.com\/de\/\"},{\"@type\":\"ListItem\",\"position\":2,\"name\":\"Autohersteller f\u00fcrchten Milliardenstrafen wegen entt\u00e4uschender EV-Verk\u00e4ufe in Europa\"}]},{\"@type\":\"WebSite\",\"@id\":\"https:\/\/all-car-news.com\/de\/#website\",\"url\":\"https:\/\/all-car-news.com\/de\/\",\"name\":\"All cars news\",\"description\":\"\",\"publisher\":{\"@id\":\"https:\/\/all-car-news.com\/de\/#organization\"},\"potentialAction\":[{\"@type\":\"SearchAction\",\"target\":{\"@type\":\"EntryPoint\",\"urlTemplate\":\"https:\/\/all-car-news.com\/de\/?s={search_term_string}\"},\"query-input\":\"required name=search_term_string\"}],\"inLanguage\":\"de\"},{\"@type\":\"Organization\",\"@id\":\"https:\/\/all-car-news.com\/de\/#organization\",\"name\":\"All cars news\",\"url\":\"https:\/\/all-car-news.com\/de\/\",\"logo\":{\"@type\":\"ImageObject\",\"inLanguage\":\"de\",\"@id\":\"https:\/\/all-car-news.com\/de\/#\/schema\/logo\/image\/\",\"url\":\"https:\/\/all-car-news.com\/wp-content\/uploads\/2022\/02\/CMYK-AllCarNews_LANDSCAPE_300px-1.png\",\"contentUrl\":\"https:\/\/all-car-news.com\/wp-content\/uploads\/2022\/02\/CMYK-AllCarNews_LANDSCAPE_300px-1.png\",\"width\":300,\"height\":100,\"caption\":\"All cars news\"},\"image\":{\"@id\":\"https:\/\/all-car-news.com\/de\/#\/schema\/logo\/image\/\"}}]}<\/script>\n<!-- \/ Yoast SEO plugin. -->","yoast_head_json":{"title":"Autohersteller f\u00fcrchten Milliardenstrafen wegen entt\u00e4uschender EV-Verk\u00e4ufe in Europa - All cars news","robots":{"index":"index","follow":"follow","max-snippet":"max-snippet:-1","max-image-preview":"max-image-preview:large","max-video-preview":"max-video-preview:-1"},"canonical":"https:\/\/all-car-news.com\/de\/autohersteller-fuerchten-milliardenstrafen-wegen-enttaeuschender-ev-verkaeufe-in-europa\/","og_locale":"de_DE","og_type":"article","og_title":"Autohersteller f\u00fcrchten Milliardenstrafen wegen entt\u00e4uschender EV-Verk\u00e4ufe in Europa - All cars news","og_description":"CO2-Vorschriften Die europ\u00e4ischen Autohersteller stehen vor einer gro\u00dfen Herausforderung: Der Absatz von Elektroautos hinkt hinterher, und das k\u00f6nnte die Branche Milliarden an Strafzahlungen kosten. Denn ab 2025 werden die CO2-Vorschriften versch\u00e4rft, indem die zul\u00e4ssigen Emissionen pro Auto von 116 Gramm auf 94 Gramm CO2 pro Kilometer gesenkt werden. Das scheint ein kleiner Schritt zu sein, aber [...]","og_url":"https:\/\/all-car-news.com\/de\/autohersteller-fuerchten-milliardenstrafen-wegen-enttaeuschender-ev-verkaeufe-in-europa\/","og_site_name":"All cars news","article_published_time":"2024-09-09T09:32:14+00:00","twitter_card":"summary_large_image","twitter_misc":{"Gesch\u00e4tzte Lesezeit":"2\u00a0Minuten"},"schema":{"@context":"https:\/\/schema.org","@graph":[{"@type":"Article","@id":"https:\/\/all-car-news.com\/de\/autohersteller-fuerchten-milliardenstrafen-wegen-enttaeuschender-ev-verkaeufe-in-europa\/#article","isPartOf":{"@id":"https:\/\/all-car-news.com\/de\/autohersteller-fuerchten-milliardenstrafen-wegen-enttaeuschender-ev-verkaeufe-in-europa\/"},"author":{"name":"","@id":""},"headline":"Autohersteller f\u00fcrchten Milliardenstrafen wegen entt\u00e4uschender EV-Verk\u00e4ufe in Europa","datePublished":"2024-09-09T09:32:14+00:00","dateModified":"2024-09-09T09:32:14+00:00","mainEntityOfPage":{"@id":"https:\/\/all-car-news.com\/de\/autohersteller-fuerchten-milliardenstrafen-wegen-enttaeuschender-ev-verkaeufe-in-europa\/"},"wordCount":313,"publisher":{"@id":"https:\/\/all-car-news.com\/de\/#organization"},"articleSection":["Auto Nachrichten"],"inLanguage":"de"},{"@type":"WebPage","@id":"https:\/\/all-car-news.com\/de\/autohersteller-fuerchten-milliardenstrafen-wegen-enttaeuschender-ev-verkaeufe-in-europa\/","url":"https:\/\/all-car-news.com\/de\/autohersteller-fuerchten-milliardenstrafen-wegen-enttaeuschender-ev-verkaeufe-in-europa\/","name":"Autohersteller f\u00fcrchten Milliardenstrafen wegen entt\u00e4uschender EV-Verk\u00e4ufe in Europa - All cars news","isPartOf":{"@id":"https:\/\/all-car-news.com\/de\/#website"},"datePublished":"2024-09-09T09:32:14+00:00","dateModified":"2024-09-09T09:32:14+00:00","breadcrumb":{"@id":"https:\/\/all-car-news.com\/de\/autohersteller-fuerchten-milliardenstrafen-wegen-enttaeuschender-ev-verkaeufe-in-europa\/#breadcrumb"},"inLanguage":"de","potentialAction":[{"@type":"ReadAction","target":["https:\/\/all-car-news.com\/de\/autohersteller-fuerchten-milliardenstrafen-wegen-enttaeuschender-ev-verkaeufe-in-europa\/"]}]},{"@type":"BreadcrumbList","@id":"https:\/\/all-car-news.com\/de\/autohersteller-fuerchten-milliardenstrafen-wegen-enttaeuschender-ev-verkaeufe-in-europa\/#breadcrumb","itemListElement":[{"@type":"ListItem","position":1,"name":"Home","item":"https:\/\/all-car-news.com\/de\/"},{"@type":"ListItem","position":2,"name":"Autohersteller f\u00fcrchten Milliardenstrafen wegen entt\u00e4uschender EV-Verk\u00e4ufe in Europa"}]},{"@type":"WebSite","@id":"https:\/\/all-car-news.com\/de\/#website","url":"https:\/\/all-car-news.com\/de\/","name":"All cars news","description":"","publisher":{"@id":"https:\/\/all-car-news.com\/de\/#organization"},"potentialAction":[{"@type":"SearchAction","target":{"@type":"EntryPoint","urlTemplate":"https:\/\/all-car-news.com\/de\/?s={search_term_string}"},"query-input":"required name=search_term_string"}],"inLanguage":"de"},{"@type":"Organization","@id":"https:\/\/all-car-news.com\/de\/#organization","name":"All cars news","url":"https:\/\/all-car-news.com\/de\/","logo":{"@type":"ImageObject","inLanguage":"de","@id":"https:\/\/all-car-news.com\/de\/#\/schema\/logo\/image\/","url":"https:\/\/all-car-news.com\/wp-content\/uploads\/2022\/02\/CMYK-AllCarNews_LANDSCAPE_300px-1.png","contentUrl":"https:\/\/all-car-news.com\/wp-content\/uploads\/2022\/02\/CMYK-AllCarNews_LANDSCAPE_300px-1.png","width":300,"height":100,"caption":"All cars news"},"image":{"@id":"https:\/\/all-car-news.com\/de\/#\/schema\/logo\/image\/"}}]}},"_links":{"self":[{"href":"https:\/\/all-car-news.com\/de\/wp-json\/wp\/v2\/posts\/147454","targetHints":{"allow":["GET"]}}],"collection":[{"href":"https:\/\/all-car-news.com\/de\/wp-json\/wp\/v2\/posts"}],"about":[{"href":"https:\/\/all-car-news.com\/de\/wp-json\/wp\/v2\/types\/post"}],"replies":[{"embeddable":true,"href":"https:\/\/all-car-news.com\/de\/wp-json\/wp\/v2\/comments?post=147454"}],"version-history":[{"count":0,"href":"https:\/\/all-car-news.com\/de\/wp-json\/wp\/v2\/posts\/147454\/revisions"}],"wp:featuredmedia":[{"embeddable":true,"href":"https:\/\/all-car-news.com\/de\/wp-json\/wp\/v2\/media\/147419"}],"wp:attachment":[{"href":"https:\/\/all-car-news.com\/de\/wp-json\/wp\/v2\/media?parent=147454"}],"wp:term":[{"taxonomy":"category","embeddable":true,"href":"https:\/\/all-car-news.com\/de\/wp-json\/wp\/v2\/categories?post=147454"},{"taxonomy":"post_tag","embeddable":true,"href":"https:\/\/all-car-news.com\/de\/wp-json\/wp\/v2\/tags?post=147454"}],"curies":[{"name":"wp","href":"https:\/\/api.w.org\/{rel}","templated":true}]}}