{"id":147116,"date":"2024-08-26T13:02:51","date_gmt":"2024-08-26T13:02:51","guid":{"rendered":"https:\/\/all-car-news.com\/ladesaeulen-schiessen-aus-dem-boden-aber-mit-schraeger-verteilung\/"},"modified":"2024-08-26T13:02:51","modified_gmt":"2024-08-26T13:02:51","slug":"ladesaeulen-schiessen-aus-dem-boden-aber-mit-schraeger-verteilung","status":"publish","type":"post","link":"https:\/\/all-car-news.com\/de\/ladesaeulen-schiessen-aus-dem-boden-aber-mit-schraeger-verteilung\/","title":{"rendered":"Lades\u00e4ulen schie\u00dfen aus dem Boden, aber mit schr\u00e4ger Verteilung"},"content":{"rendered":"<h2>Randstad<\/h2>\n<p>Die Niederlande sind auf dem besten Weg zu einem fl\u00e4chendeckenden Ladenetz.<br \/>\nEtwa 85 Prozent der Wohngebiete haben jetzt eine Ladestation in fu\u00dfl\u00e4ufiger Entfernung, aber es gibt noch einige L\u00fccken zu schlie\u00dfen. <a href=\"https:\/\/www.nu.nl\/klimaat\/6325468\/steeds-minder-zoeken-naar-openbare-laadpaal-maar-verdeling-blijft-ongelijk.html\" target=\"_blank\" rel=\"noreferrer noopener\">Nu.nl<\/a> hat sich mit den Zahlen von CBS und der Nationalen Agenda f\u00fcr Ladeinfrastruktur befasst und was dabei herauskommt: Vor allem in St\u00e4dten wie Amsterdam, Rotterdam und Den Haag ist die Ladestationsdichte beeindruckend: mehr als eine Ladestation pro 100 Einwohner.   <\/p>\n<h2>Friesland<\/h2>\n<p>Au\u00dferhalb der Randstad m\u00fcssen Sie manchmal lange suchen, um eine \u00f6ffentliche Ladestation zu finden.<br \/>\nDie wenigsten Lades\u00e4ulen finden Sie in der Gemeinde Dantumadiel in Friesland.<br \/>\nDort m\u00fcssen sich 19.000 Einwohner zusammen 17 Lades\u00e4ulen teilen.<br \/>\nLaut dem B\u00fcrgermeister dieser Gemeinde gibt es wenig Grund zur Sorge: Die meisten Einwohner haben eine eigene Einfahrt und k\u00f6nnen ihr Elektroauto \u00fcber ihre eigene Ladestation mit Strom versorgen.     <\/p>\n<h2><strong>Efteling<\/strong><\/h2>\n<p>Die zeel\u00e4ndische Gemeinde Sluis schneidet mit fast 600 Ladestationen f\u00fcr etwas mehr als 23.000 Einwohner bemerkenswert gut ab.<br \/>\nLoon op Zand, bekannt f\u00fcr den Efteling-Vergn\u00fcgungspark, schneidet mit mehr als 500 Ladepunkten f\u00fcr 24.000 Einwohner ebenfalls \u00fcberraschend gut ab.<br \/>\nDiese Orte verdanken ihre hohe Anzahl an Ladepunkten vor allem dem Tourismus: viele der Ladepunkte befinden sich in Hotels, Ferienparks und Vergn\u00fcgungsparks.<br \/>\nPraktisch f\u00fcr Besucher, die ihr Auto w\u00e4hrend eines Tagesausflugs aufladen m\u00f6chten.<br \/>\nIn den Niederlanden gibt es inzwischen rund 160.000 (halb)\u00f6ffentliche Ladestationen.<br \/>\nLetztes Jahr kamen pro Tag etwa 60 hinzu.       <\/p>\n<p>Lesen Sie auch: <a href=\"https:\/\/autorai.nl\/na-ev-subsidie-jagen-nederlanders-nu-op-gratis-laadpaal\/\">Nach der EV-Subventionierung suchen die Niederl\u00e4nder jetzt nach kostenlosen Ladestationen<\/a><\/p>\n<figure class=\"wp-block-embed is-type-wp-embed is-provider-autorai-nl wp-block-embed-autorai-nl\">\n<div class=\"wp-block-embed__wrapper\">\n<blockquote class=\"wp-embedded-content\" data-secret=\"Oh0QFVr0P7\"><p><a href=\"https:\/\/autorai.nl\/na-ev-subsidie-jagen-nederlanders-nu-op-gratis-laadpaal\/\">Nach der EV-Subventionierung suchen die Niederl\u00e4nder jetzt nach kostenlosen Ladestationen<\/a><\/p><\/blockquote>\n<\/div>\n<\/figure>\n","protected":false},"excerpt":{"rendered":"Die Randstad Niederlande ist auf dem besten Weg zu einem fl\u00e4chendeckenden Ladenetz. Etwa 85 Prozent der Wohngebiete haben jetzt eine&hellip;","protected":false},"author":0,"featured_media":147090,"comment_status":"","ping_status":"open","sticky":false,"template":"","format":"standard","meta":{"footnotes":""},"categories":[128],"tags":[],"class_list":["post-147116","post","type-post","status-publish","format-standard","has-post-thumbnail","hentry","category-hintergrund"],"acf":[],"yoast_head":"<!-- This site is optimized with the Yoast SEO plugin v21.2 - https:\/\/yoast.com\/wordpress\/plugins\/seo\/ -->\n<title>Lades\u00e4ulen schie\u00dfen aus dem Boden, aber mit schr\u00e4ger Verteilung - All cars news<\/title>\n<meta name=\"robots\" content=\"index, follow, max-snippet:-1, max-image-preview:large, max-video-preview:-1\" \/>\n<link rel=\"canonical\" href=\"https:\/\/all-car-news.com\/de\/ladesaeulen-schiessen-aus-dem-boden-aber-mit-schraeger-verteilung\/\" \/>\n<meta property=\"og:locale\" content=\"de_DE\" \/>\n<meta property=\"og:type\" content=\"article\" \/>\n<meta property=\"og:title\" content=\"Lades\u00e4ulen schie\u00dfen aus dem Boden, aber mit schr\u00e4ger Verteilung - All cars news\" \/>\n<meta property=\"og:description\" content=\"Die Randstad Niederlande ist auf dem besten Weg zu einem fl\u00e4chendeckenden Ladenetz. Etwa 85 Prozent der Wohngebiete haben jetzt eine Ladestation in fu\u00dfl\u00e4ufiger Entfernung, aber es gibt noch einige L\u00fccken zu schlie\u00dfen. Nu.nl hat sich mit den Zahlen von CBS und der Nationalen Agenda Ladeinfrastruktur befasst und was dabei herauskommt: Vor allem in St\u00e4dten wie Amsterdam, Rotterdam und Den [...]\" \/>\n<meta property=\"og:url\" content=\"https:\/\/all-car-news.com\/de\/ladesaeulen-schiessen-aus-dem-boden-aber-mit-schraeger-verteilung\/\" \/>\n<meta property=\"og:site_name\" content=\"All cars news\" \/>\n<meta property=\"article:published_time\" content=\"2024-08-26T13:02:51+00:00\" \/>\n<meta name=\"twitter:card\" content=\"summary_large_image\" \/>\n<meta name=\"twitter:label1\" content=\"Gesch\u00e4tzte Lesezeit\" \/>\n\t<meta name=\"twitter:data1\" content=\"1\u00a0Minute\" \/>\n<script type=\"application\/ld+json\" class=\"yoast-schema-graph\">{\"@context\":\"https:\/\/schema.org\",\"@graph\":[{\"@type\":\"Article\",\"@id\":\"https:\/\/all-car-news.com\/de\/ladesaeulen-schiessen-aus-dem-boden-aber-mit-schraeger-verteilung\/#article\",\"isPartOf\":{\"@id\":\"https:\/\/all-car-news.com\/de\/ladesaeulen-schiessen-aus-dem-boden-aber-mit-schraeger-verteilung\/\"},\"author\":{\"name\":\"\",\"@id\":\"\"},\"headline\":\"Lades\u00e4ulen schie\u00dfen aus dem Boden, aber mit schr\u00e4ger Verteilung\",\"datePublished\":\"2024-08-26T13:02:51+00:00\",\"dateModified\":\"2024-08-26T13:02:51+00:00\",\"mainEntityOfPage\":{\"@id\":\"https:\/\/all-car-news.com\/de\/ladesaeulen-schiessen-aus-dem-boden-aber-mit-schraeger-verteilung\/\"},\"wordCount\":278,\"publisher\":{\"@id\":\"https:\/\/all-car-news.com\/de\/#organization\"},\"articleSection\":[\"Hintergrund\"],\"inLanguage\":\"de\"},{\"@type\":\"WebPage\",\"@id\":\"https:\/\/all-car-news.com\/de\/ladesaeulen-schiessen-aus-dem-boden-aber-mit-schraeger-verteilung\/\",\"url\":\"https:\/\/all-car-news.com\/de\/ladesaeulen-schiessen-aus-dem-boden-aber-mit-schraeger-verteilung\/\",\"name\":\"Lades\u00e4ulen schie\u00dfen aus dem Boden, aber mit schr\u00e4ger Verteilung - All cars news\",\"isPartOf\":{\"@id\":\"https:\/\/all-car-news.com\/de\/#website\"},\"datePublished\":\"2024-08-26T13:02:51+00:00\",\"dateModified\":\"2024-08-26T13:02:51+00:00\",\"breadcrumb\":{\"@id\":\"https:\/\/all-car-news.com\/de\/ladesaeulen-schiessen-aus-dem-boden-aber-mit-schraeger-verteilung\/#breadcrumb\"},\"inLanguage\":\"de\",\"potentialAction\":[{\"@type\":\"ReadAction\",\"target\":[\"https:\/\/all-car-news.com\/de\/ladesaeulen-schiessen-aus-dem-boden-aber-mit-schraeger-verteilung\/\"]}]},{\"@type\":\"BreadcrumbList\",\"@id\":\"https:\/\/all-car-news.com\/de\/ladesaeulen-schiessen-aus-dem-boden-aber-mit-schraeger-verteilung\/#breadcrumb\",\"itemListElement\":[{\"@type\":\"ListItem\",\"position\":1,\"name\":\"Home\",\"item\":\"https:\/\/all-car-news.com\/de\/\"},{\"@type\":\"ListItem\",\"position\":2,\"name\":\"Lades\u00e4ulen schie\u00dfen aus dem Boden, aber mit schr\u00e4ger Verteilung\"}]},{\"@type\":\"WebSite\",\"@id\":\"https:\/\/all-car-news.com\/de\/#website\",\"url\":\"https:\/\/all-car-news.com\/de\/\",\"name\":\"All cars news\",\"description\":\"\",\"publisher\":{\"@id\":\"https:\/\/all-car-news.com\/de\/#organization\"},\"potentialAction\":[{\"@type\":\"SearchAction\",\"target\":{\"@type\":\"EntryPoint\",\"urlTemplate\":\"https:\/\/all-car-news.com\/de\/?s={search_term_string}\"},\"query-input\":\"required name=search_term_string\"}],\"inLanguage\":\"de\"},{\"@type\":\"Organization\",\"@id\":\"https:\/\/all-car-news.com\/de\/#organization\",\"name\":\"All cars news\",\"url\":\"https:\/\/all-car-news.com\/de\/\",\"logo\":{\"@type\":\"ImageObject\",\"inLanguage\":\"de\",\"@id\":\"https:\/\/all-car-news.com\/de\/#\/schema\/logo\/image\/\",\"url\":\"https:\/\/all-car-news.com\/wp-content\/uploads\/2022\/02\/CMYK-AllCarNews_LANDSCAPE_300px-1.png\",\"contentUrl\":\"https:\/\/all-car-news.com\/wp-content\/uploads\/2022\/02\/CMYK-AllCarNews_LANDSCAPE_300px-1.png\",\"width\":300,\"height\":100,\"caption\":\"All cars news\"},\"image\":{\"@id\":\"https:\/\/all-car-news.com\/de\/#\/schema\/logo\/image\/\"}}]}<\/script>\n<!-- \/ Yoast SEO plugin. -->","yoast_head_json":{"title":"Lades\u00e4ulen schie\u00dfen aus dem Boden, aber mit schr\u00e4ger Verteilung - All cars news","robots":{"index":"index","follow":"follow","max-snippet":"max-snippet:-1","max-image-preview":"max-image-preview:large","max-video-preview":"max-video-preview:-1"},"canonical":"https:\/\/all-car-news.com\/de\/ladesaeulen-schiessen-aus-dem-boden-aber-mit-schraeger-verteilung\/","og_locale":"de_DE","og_type":"article","og_title":"Lades\u00e4ulen schie\u00dfen aus dem Boden, aber mit schr\u00e4ger Verteilung - All cars news","og_description":"Die Randstad Niederlande ist auf dem besten Weg zu einem fl\u00e4chendeckenden Ladenetz. Etwa 85 Prozent der Wohngebiete haben jetzt eine Ladestation in fu\u00dfl\u00e4ufiger Entfernung, aber es gibt noch einige L\u00fccken zu schlie\u00dfen. Nu.nl hat sich mit den Zahlen von CBS und der Nationalen Agenda Ladeinfrastruktur befasst und was dabei herauskommt: Vor allem in St\u00e4dten wie Amsterdam, Rotterdam und Den [...]","og_url":"https:\/\/all-car-news.com\/de\/ladesaeulen-schiessen-aus-dem-boden-aber-mit-schraeger-verteilung\/","og_site_name":"All cars news","article_published_time":"2024-08-26T13:02:51+00:00","twitter_card":"summary_large_image","twitter_misc":{"Gesch\u00e4tzte Lesezeit":"1\u00a0Minute"},"schema":{"@context":"https:\/\/schema.org","@graph":[{"@type":"Article","@id":"https:\/\/all-car-news.com\/de\/ladesaeulen-schiessen-aus-dem-boden-aber-mit-schraeger-verteilung\/#article","isPartOf":{"@id":"https:\/\/all-car-news.com\/de\/ladesaeulen-schiessen-aus-dem-boden-aber-mit-schraeger-verteilung\/"},"author":{"name":"","@id":""},"headline":"Lades\u00e4ulen schie\u00dfen aus dem Boden, aber mit schr\u00e4ger Verteilung","datePublished":"2024-08-26T13:02:51+00:00","dateModified":"2024-08-26T13:02:51+00:00","mainEntityOfPage":{"@id":"https:\/\/all-car-news.com\/de\/ladesaeulen-schiessen-aus-dem-boden-aber-mit-schraeger-verteilung\/"},"wordCount":278,"publisher":{"@id":"https:\/\/all-car-news.com\/de\/#organization"},"articleSection":["Hintergrund"],"inLanguage":"de"},{"@type":"WebPage","@id":"https:\/\/all-car-news.com\/de\/ladesaeulen-schiessen-aus-dem-boden-aber-mit-schraeger-verteilung\/","url":"https:\/\/all-car-news.com\/de\/ladesaeulen-schiessen-aus-dem-boden-aber-mit-schraeger-verteilung\/","name":"Lades\u00e4ulen schie\u00dfen aus dem Boden, aber mit schr\u00e4ger Verteilung - All cars news","isPartOf":{"@id":"https:\/\/all-car-news.com\/de\/#website"},"datePublished":"2024-08-26T13:02:51+00:00","dateModified":"2024-08-26T13:02:51+00:00","breadcrumb":{"@id":"https:\/\/all-car-news.com\/de\/ladesaeulen-schiessen-aus-dem-boden-aber-mit-schraeger-verteilung\/#breadcrumb"},"inLanguage":"de","potentialAction":[{"@type":"ReadAction","target":["https:\/\/all-car-news.com\/de\/ladesaeulen-schiessen-aus-dem-boden-aber-mit-schraeger-verteilung\/"]}]},{"@type":"BreadcrumbList","@id":"https:\/\/all-car-news.com\/de\/ladesaeulen-schiessen-aus-dem-boden-aber-mit-schraeger-verteilung\/#breadcrumb","itemListElement":[{"@type":"ListItem","position":1,"name":"Home","item":"https:\/\/all-car-news.com\/de\/"},{"@type":"ListItem","position":2,"name":"Lades\u00e4ulen schie\u00dfen aus dem Boden, aber mit schr\u00e4ger Verteilung"}]},{"@type":"WebSite","@id":"https:\/\/all-car-news.com\/de\/#website","url":"https:\/\/all-car-news.com\/de\/","name":"All cars news","description":"","publisher":{"@id":"https:\/\/all-car-news.com\/de\/#organization"},"potentialAction":[{"@type":"SearchAction","target":{"@type":"EntryPoint","urlTemplate":"https:\/\/all-car-news.com\/de\/?s={search_term_string}"},"query-input":"required name=search_term_string"}],"inLanguage":"de"},{"@type":"Organization","@id":"https:\/\/all-car-news.com\/de\/#organization","name":"All cars news","url":"https:\/\/all-car-news.com\/de\/","logo":{"@type":"ImageObject","inLanguage":"de","@id":"https:\/\/all-car-news.com\/de\/#\/schema\/logo\/image\/","url":"https:\/\/all-car-news.com\/wp-content\/uploads\/2022\/02\/CMYK-AllCarNews_LANDSCAPE_300px-1.png","contentUrl":"https:\/\/all-car-news.com\/wp-content\/uploads\/2022\/02\/CMYK-AllCarNews_LANDSCAPE_300px-1.png","width":300,"height":100,"caption":"All cars news"},"image":{"@id":"https:\/\/all-car-news.com\/de\/#\/schema\/logo\/image\/"}}]}},"_links":{"self":[{"href":"https:\/\/all-car-news.com\/de\/wp-json\/wp\/v2\/posts\/147116","targetHints":{"allow":["GET"]}}],"collection":[{"href":"https:\/\/all-car-news.com\/de\/wp-json\/wp\/v2\/posts"}],"about":[{"href":"https:\/\/all-car-news.com\/de\/wp-json\/wp\/v2\/types\/post"}],"replies":[{"embeddable":true,"href":"https:\/\/all-car-news.com\/de\/wp-json\/wp\/v2\/comments?post=147116"}],"version-history":[{"count":0,"href":"https:\/\/all-car-news.com\/de\/wp-json\/wp\/v2\/posts\/147116\/revisions"}],"wp:featuredmedia":[{"embeddable":true,"href":"https:\/\/all-car-news.com\/de\/wp-json\/wp\/v2\/media\/147090"}],"wp:attachment":[{"href":"https:\/\/all-car-news.com\/de\/wp-json\/wp\/v2\/media?parent=147116"}],"wp:term":[{"taxonomy":"category","embeddable":true,"href":"https:\/\/all-car-news.com\/de\/wp-json\/wp\/v2\/categories?post=147116"},{"taxonomy":"post_tag","embeddable":true,"href":"https:\/\/all-car-news.com\/de\/wp-json\/wp\/v2\/tags?post=147116"}],"curies":[{"name":"wp","href":"https:\/\/api.w.org\/{rel}","templated":true}]}}