{"id":146748,"date":"2024-08-12T08:33:07","date_gmt":"2024-08-12T08:33:07","guid":{"rendered":"https:\/\/all-car-news.com\/was-wird-bei-vdl-nedcar-in-limburg-passieren\/"},"modified":"2024-08-12T08:33:07","modified_gmt":"2024-08-12T08:33:07","slug":"was-wird-bei-vdl-nedcar-in-limburg-passieren","status":"publish","type":"post","link":"https:\/\/all-car-news.com\/de\/was-wird-bei-vdl-nedcar-in-limburg-passieren\/","title":{"rendered":"Was wird bei VDL Nedcar in Limburg passieren?"},"content":{"rendered":"<h2>Update zu VDL Nedcar<\/h2>\n<p>Wer die <a href=\"https:\/\/www.vdlnedcar.nl\/nl\" target=\"_blank\" rel=\"noreferrer noopener\">Website von VDL Nedcar<\/a> besucht, st\u00f6\u00dft auf sehr wenige Informationen.<br \/>\nEs gibt auch einfach noch nicht viel zu berichten.<br \/>\nEs gibt jedoch eine kurze Erkl\u00e4rung.<br \/>\n&#8222;Da es vorl\u00e4ufig keine neuen Fahrzeugprojekte gibt, wird der unabh\u00e4ngige Fahrzeugbau bei VDL Nedcar nach fast 1,2 Millionen produzierten Fahrzeugen in Born seit 2014 eingestellt.&#8220;   <\/p>\n<p>&#8222;Mit der Aufnahme der Aktivit\u00e4ten von VDL Special Vehicles und des VDL Mobility Innovation Centre (MIC) in Born &#8211; dem (Neu-)Bau von Spezialfahrzeugen und der Montage von Batteriepaketen &#8211; haben die ersten Konturen unseres Strebens nach gr\u00f6\u00dferer Unabh\u00e4ngigkeit von markt- und geopolitischen Entwicklungen einerseits und einem leistungsf\u00e4higeren Ertragsmodell andererseits begonnen.&#8220;<\/p>\n<p>OK, VDL Nedcar setzt also auf zwei Komponenten: VDL Special Vehicles und das VDL Mobility Innovation Centre (MIC).<br \/>\nWas haben diese beiden Komponenten zu bedeuten? <\/p>\n<h2>VDL Spezialfahrzeuge<\/h2>\n<p>VDL Special Vehicles ist auf Fahrzeugumbau, Karosseriebau und Modifikationen spezialisiert.<br \/>\nZiel ist die Entwicklung verschiedener Wasserstoff- und batterieelektrischer L\u00f6sungen f\u00fcr mittelschwere und schwere Stra\u00dfenfahrzeuge wie Busse und Lkw.<br \/>\nDas Ingenieurteam dieses Gesch\u00e4ftsbereichs ist in der Lage, diese und andere L\u00f6sungen in bestehende Fahrzeuge anderer Hersteller zu integrieren.<br \/>\nBeispiele hierf\u00fcr sind Bau-, Landwirtschafts-, Hafen- oder Flughafenausr\u00fcstungen.   <\/p>\n<p>&#8222;Als Auftragsfertiger bieten wir Produktionskapazit\u00e4ten f\u00fcr kleine bis mittlere Serien (von Teilen) von emissionsfreien Fahrzeugen. Dar\u00fcber hinaus k\u00f6nnen wir auch im Bereich der Produktentwicklung, des Prototypenbaus und der Zertifizierung von emissionsfreien Antriebsstr\u00e4ngen unterst\u00fctzen, bis hin zur kompletten Entwicklung eines alternativen Antriebsstrangs&#8220;, hei\u00dft es in der Erkl\u00e4rung.<\/p>\n<h2>VDL Innovationszentrum f\u00fcr Mobilit\u00e4t (MIC)<\/h2>\n<p>Das VDL Mobility Innovation Centre (MIC) ist vielleicht noch interessanter.<br \/>\nDenn in Born &#8211; auf demselben Gel\u00e4nde wie VDL Nedcar &#8211; wurde eine spezielle, neue Produktionsst\u00e4tte f\u00fcr die Batteriemontage eingerichtet.<br \/>\nDer Komplex erstreckt sich \u00fcber 30.000 m\u00b2.<br \/>\nDies ist die gr\u00f6\u00dfte Batterieproduktionsanlage in den Niederlanden.<br \/>\nAber warum ein MIC?<br \/>\nAm 18. Juli 2024 hat VDL das unten stehende Video ver\u00f6ffentlicht, in dem Sie einen guten Eindruck von dem neuen MIC bekommen.     <\/p>\n<\/p>\n<figure class=\"wp-block-embed is-type-video is-provider-youtube wp-block-embed-youtube wp-embed-aspect-16-9 wp-has-aspect-ratio\">\n<div class=\"wp-block-embed__wrapper\">\n<\/div>\n<\/figure>\n<h2><strong>Nachhaltige Mobilit\u00e4tsl\u00f6sungen<\/strong><\/h2>\n<p>&#8222;Elektrisches Fahren ist die Zukunft. Als innovativer Partner bieten wir im Mobility Innovation Centre (MIC) Industrialisierungs- und Fertigungsl\u00f6sungen f\u00fcr die (E-)Mobilit\u00e4t an. Ob es um die Entwicklung von Batterien f\u00fcr Elektrofahrzeuge geht, um die Zusammenarbeit mit fortschrittlichen OEMs bei der Montage von E-Mobilit\u00e4t oder um die gemeinsame Entwicklung innovativer Mobilit\u00e4tskonzepte in den Bereichen Design, Konnektivit\u00e4t, autonomes Fahren und Dienstleistungen. Wir machen das alles. Das MIC bringt diese verschiedenen nachhaltigen Mobilit\u00e4tsl\u00f6sungen zusammen und lebt von Partnerschaften.&#8220;<\/p>\n<p>Das VDL Mobility Innovation Centre (MIC) in Born ist ein neues Unternehmen innerhalb der VDL Groep.<br \/>\nGemeinsam mit Partnern entwickelt das MIC Aktivit\u00e4ten, die der breit angelegten Mobilit\u00e4tsstrategie der VDL Groep entsprechen: Design, Elektrifizierung, Konnektivit\u00e4t, autonomes Fahren und Dienstleistungen.<br \/>\nMIC konzentriert sich zun\u00e4chst auf Batterie- und Energiesysteme und alternative Fahrzeuge (autonomes Fahren und E-Mobilit\u00e4t).  <\/p>\n<h2>Produktion von Akkupacks<\/h2>\n<p>VDL Nedcar hofft also, ein Unternehmen zu finden, das die Batteriepacks in Limburg herstellen lassen m\u00f6chte.<br \/>\nWelche Partei das sein wird, ist noch nicht bekannt.<br \/>\nAuch VDL selbst gibt dazu keine Informationen heraus.<br \/>\nDass es eine Investition geben wird, steht au\u00dfer Zweifel.   <\/p>\n","protected":false},"excerpt":{"rendered":"Update zu VDL Nedcar Wer die Website von VDL Nedcar besucht, wird nur wenige Informationen finden. Es gibt auch einfach&hellip;","protected":false},"author":0,"featured_media":146733,"comment_status":"","ping_status":"open","sticky":false,"template":"","format":"standard","meta":{"footnotes":""},"categories":[125,128],"tags":[],"class_list":["post-146748","post","type-post","status-publish","format-standard","has-post-thumbnail","hentry","category-auto-nachrichten","category-hintergrund"],"acf":[],"yoast_head":"<!-- This site is optimized with the Yoast SEO plugin v21.2 - https:\/\/yoast.com\/wordpress\/plugins\/seo\/ -->\n<title>Was wird bei VDL Nedcar in Limburg passieren? - All cars news<\/title>\n<meta name=\"robots\" content=\"index, follow, max-snippet:-1, max-image-preview:large, max-video-preview:-1\" \/>\n<link rel=\"canonical\" href=\"https:\/\/all-car-news.com\/de\/was-wird-bei-vdl-nedcar-in-limburg-passieren\/\" \/>\n<meta property=\"og:locale\" content=\"de_DE\" \/>\n<meta property=\"og:type\" content=\"article\" \/>\n<meta property=\"og:title\" content=\"Was wird bei VDL Nedcar in Limburg passieren? - All cars news\" \/>\n<meta property=\"og:description\" content=\"Update zu VDL Nedcar Wer die Website von VDL Nedcar besucht, wird nur wenige Informationen finden. Es gibt auch einfach noch nicht viel zu berichten. Es gibt jedoch eine kurze Erkl\u00e4rung. &quot;Nachdem in Born seit 2014 fast 1,2 Millionen Autos produziert wurden, gibt es vorerst keine neuen Fahrzeugprojekte, [...]\" \/>\n<meta property=\"og:url\" content=\"https:\/\/all-car-news.com\/de\/was-wird-bei-vdl-nedcar-in-limburg-passieren\/\" \/>\n<meta property=\"og:site_name\" content=\"All cars news\" \/>\n<meta property=\"article:published_time\" content=\"2024-08-12T08:33:07+00:00\" \/>\n<meta name=\"twitter:card\" content=\"summary_large_image\" \/>\n<meta name=\"twitter:label1\" content=\"Gesch\u00e4tzte Lesezeit\" \/>\n\t<meta name=\"twitter:data1\" content=\"3\u00a0Minuten\" \/>\n<script type=\"application\/ld+json\" class=\"yoast-schema-graph\">{\"@context\":\"https:\/\/schema.org\",\"@graph\":[{\"@type\":\"Article\",\"@id\":\"https:\/\/all-car-news.com\/de\/was-wird-bei-vdl-nedcar-in-limburg-passieren\/#article\",\"isPartOf\":{\"@id\":\"https:\/\/all-car-news.com\/de\/was-wird-bei-vdl-nedcar-in-limburg-passieren\/\"},\"author\":{\"name\":\"\",\"@id\":\"\"},\"headline\":\"Was wird bei VDL Nedcar in Limburg passieren?\",\"datePublished\":\"2024-08-12T08:33:07+00:00\",\"dateModified\":\"2024-08-12T08:33:07+00:00\",\"mainEntityOfPage\":{\"@id\":\"https:\/\/all-car-news.com\/de\/was-wird-bei-vdl-nedcar-in-limburg-passieren\/\"},\"wordCount\":539,\"publisher\":{\"@id\":\"https:\/\/all-car-news.com\/de\/#organization\"},\"articleSection\":[\"Auto Nachrichten\",\"Hintergrund\"],\"inLanguage\":\"de\"},{\"@type\":\"WebPage\",\"@id\":\"https:\/\/all-car-news.com\/de\/was-wird-bei-vdl-nedcar-in-limburg-passieren\/\",\"url\":\"https:\/\/all-car-news.com\/de\/was-wird-bei-vdl-nedcar-in-limburg-passieren\/\",\"name\":\"Was wird bei VDL Nedcar in Limburg passieren? - All cars news\",\"isPartOf\":{\"@id\":\"https:\/\/all-car-news.com\/de\/#website\"},\"datePublished\":\"2024-08-12T08:33:07+00:00\",\"dateModified\":\"2024-08-12T08:33:07+00:00\",\"breadcrumb\":{\"@id\":\"https:\/\/all-car-news.com\/de\/was-wird-bei-vdl-nedcar-in-limburg-passieren\/#breadcrumb\"},\"inLanguage\":\"de\",\"potentialAction\":[{\"@type\":\"ReadAction\",\"target\":[\"https:\/\/all-car-news.com\/de\/was-wird-bei-vdl-nedcar-in-limburg-passieren\/\"]}]},{\"@type\":\"BreadcrumbList\",\"@id\":\"https:\/\/all-car-news.com\/de\/was-wird-bei-vdl-nedcar-in-limburg-passieren\/#breadcrumb\",\"itemListElement\":[{\"@type\":\"ListItem\",\"position\":1,\"name\":\"Home\",\"item\":\"https:\/\/all-car-news.com\/de\/\"},{\"@type\":\"ListItem\",\"position\":2,\"name\":\"Was wird bei VDL Nedcar in Limburg passieren?\"}]},{\"@type\":\"WebSite\",\"@id\":\"https:\/\/all-car-news.com\/de\/#website\",\"url\":\"https:\/\/all-car-news.com\/de\/\",\"name\":\"All cars news\",\"description\":\"\",\"publisher\":{\"@id\":\"https:\/\/all-car-news.com\/de\/#organization\"},\"potentialAction\":[{\"@type\":\"SearchAction\",\"target\":{\"@type\":\"EntryPoint\",\"urlTemplate\":\"https:\/\/all-car-news.com\/de\/?s={search_term_string}\"},\"query-input\":\"required name=search_term_string\"}],\"inLanguage\":\"de\"},{\"@type\":\"Organization\",\"@id\":\"https:\/\/all-car-news.com\/de\/#organization\",\"name\":\"All cars news\",\"url\":\"https:\/\/all-car-news.com\/de\/\",\"logo\":{\"@type\":\"ImageObject\",\"inLanguage\":\"de\",\"@id\":\"https:\/\/all-car-news.com\/de\/#\/schema\/logo\/image\/\",\"url\":\"https:\/\/all-car-news.com\/wp-content\/uploads\/2022\/02\/CMYK-AllCarNews_LANDSCAPE_300px-1.png\",\"contentUrl\":\"https:\/\/all-car-news.com\/wp-content\/uploads\/2022\/02\/CMYK-AllCarNews_LANDSCAPE_300px-1.png\",\"width\":300,\"height\":100,\"caption\":\"All cars news\"},\"image\":{\"@id\":\"https:\/\/all-car-news.com\/de\/#\/schema\/logo\/image\/\"}}]}<\/script>\n<!-- \/ Yoast SEO plugin. -->","yoast_head_json":{"title":"Was wird bei VDL Nedcar in Limburg passieren? - All cars news","robots":{"index":"index","follow":"follow","max-snippet":"max-snippet:-1","max-image-preview":"max-image-preview:large","max-video-preview":"max-video-preview:-1"},"canonical":"https:\/\/all-car-news.com\/de\/was-wird-bei-vdl-nedcar-in-limburg-passieren\/","og_locale":"de_DE","og_type":"article","og_title":"Was wird bei VDL Nedcar in Limburg passieren? - All cars news","og_description":"Update zu VDL Nedcar Wer die Website von VDL Nedcar besucht, wird nur wenige Informationen finden. Es gibt auch einfach noch nicht viel zu berichten. Es gibt jedoch eine kurze Erkl\u00e4rung. \"Nachdem in Born seit 2014 fast 1,2 Millionen Autos produziert wurden, gibt es vorerst keine neuen Fahrzeugprojekte, [...]","og_url":"https:\/\/all-car-news.com\/de\/was-wird-bei-vdl-nedcar-in-limburg-passieren\/","og_site_name":"All cars news","article_published_time":"2024-08-12T08:33:07+00:00","twitter_card":"summary_large_image","twitter_misc":{"Gesch\u00e4tzte Lesezeit":"3\u00a0Minuten"},"schema":{"@context":"https:\/\/schema.org","@graph":[{"@type":"Article","@id":"https:\/\/all-car-news.com\/de\/was-wird-bei-vdl-nedcar-in-limburg-passieren\/#article","isPartOf":{"@id":"https:\/\/all-car-news.com\/de\/was-wird-bei-vdl-nedcar-in-limburg-passieren\/"},"author":{"name":"","@id":""},"headline":"Was wird bei VDL Nedcar in Limburg passieren?","datePublished":"2024-08-12T08:33:07+00:00","dateModified":"2024-08-12T08:33:07+00:00","mainEntityOfPage":{"@id":"https:\/\/all-car-news.com\/de\/was-wird-bei-vdl-nedcar-in-limburg-passieren\/"},"wordCount":539,"publisher":{"@id":"https:\/\/all-car-news.com\/de\/#organization"},"articleSection":["Auto Nachrichten","Hintergrund"],"inLanguage":"de"},{"@type":"WebPage","@id":"https:\/\/all-car-news.com\/de\/was-wird-bei-vdl-nedcar-in-limburg-passieren\/","url":"https:\/\/all-car-news.com\/de\/was-wird-bei-vdl-nedcar-in-limburg-passieren\/","name":"Was wird bei VDL Nedcar in Limburg passieren? - All cars news","isPartOf":{"@id":"https:\/\/all-car-news.com\/de\/#website"},"datePublished":"2024-08-12T08:33:07+00:00","dateModified":"2024-08-12T08:33:07+00:00","breadcrumb":{"@id":"https:\/\/all-car-news.com\/de\/was-wird-bei-vdl-nedcar-in-limburg-passieren\/#breadcrumb"},"inLanguage":"de","potentialAction":[{"@type":"ReadAction","target":["https:\/\/all-car-news.com\/de\/was-wird-bei-vdl-nedcar-in-limburg-passieren\/"]}]},{"@type":"BreadcrumbList","@id":"https:\/\/all-car-news.com\/de\/was-wird-bei-vdl-nedcar-in-limburg-passieren\/#breadcrumb","itemListElement":[{"@type":"ListItem","position":1,"name":"Home","item":"https:\/\/all-car-news.com\/de\/"},{"@type":"ListItem","position":2,"name":"Was wird bei VDL Nedcar in Limburg passieren?"}]},{"@type":"WebSite","@id":"https:\/\/all-car-news.com\/de\/#website","url":"https:\/\/all-car-news.com\/de\/","name":"All cars news","description":"","publisher":{"@id":"https:\/\/all-car-news.com\/de\/#organization"},"potentialAction":[{"@type":"SearchAction","target":{"@type":"EntryPoint","urlTemplate":"https:\/\/all-car-news.com\/de\/?s={search_term_string}"},"query-input":"required name=search_term_string"}],"inLanguage":"de"},{"@type":"Organization","@id":"https:\/\/all-car-news.com\/de\/#organization","name":"All cars news","url":"https:\/\/all-car-news.com\/de\/","logo":{"@type":"ImageObject","inLanguage":"de","@id":"https:\/\/all-car-news.com\/de\/#\/schema\/logo\/image\/","url":"https:\/\/all-car-news.com\/wp-content\/uploads\/2022\/02\/CMYK-AllCarNews_LANDSCAPE_300px-1.png","contentUrl":"https:\/\/all-car-news.com\/wp-content\/uploads\/2022\/02\/CMYK-AllCarNews_LANDSCAPE_300px-1.png","width":300,"height":100,"caption":"All cars news"},"image":{"@id":"https:\/\/all-car-news.com\/de\/#\/schema\/logo\/image\/"}}]}},"_links":{"self":[{"href":"https:\/\/all-car-news.com\/de\/wp-json\/wp\/v2\/posts\/146748","targetHints":{"allow":["GET"]}}],"collection":[{"href":"https:\/\/all-car-news.com\/de\/wp-json\/wp\/v2\/posts"}],"about":[{"href":"https:\/\/all-car-news.com\/de\/wp-json\/wp\/v2\/types\/post"}],"replies":[{"embeddable":true,"href":"https:\/\/all-car-news.com\/de\/wp-json\/wp\/v2\/comments?post=146748"}],"version-history":[{"count":0,"href":"https:\/\/all-car-news.com\/de\/wp-json\/wp\/v2\/posts\/146748\/revisions"}],"wp:featuredmedia":[{"embeddable":true,"href":"https:\/\/all-car-news.com\/de\/wp-json\/wp\/v2\/media\/146733"}],"wp:attachment":[{"href":"https:\/\/all-car-news.com\/de\/wp-json\/wp\/v2\/media?parent=146748"}],"wp:term":[{"taxonomy":"category","embeddable":true,"href":"https:\/\/all-car-news.com\/de\/wp-json\/wp\/v2\/categories?post=146748"},{"taxonomy":"post_tag","embeddable":true,"href":"https:\/\/all-car-news.com\/de\/wp-json\/wp\/v2\/tags?post=146748"}],"curies":[{"name":"wp","href":"https:\/\/api.w.org\/{rel}","templated":true}]}}