{"id":146411,"date":"2024-07-29T15:54:00","date_gmt":"2024-07-29T15:54:00","guid":{"rendered":"https:\/\/all-car-news.com\/citroen-c3-e-c3-sie-gegen-max-autorai-tv\/"},"modified":"2024-07-29T15:54:00","modified_gmt":"2024-07-29T15:54:00","slug":"citroen-c3-e-c3-sie-gegen-max-autorai-tv","status":"publish","type":"post","link":"https:\/\/all-car-news.com\/de\/citroen-c3-e-c3-sie-gegen-max-autorai-tv\/","title":{"rendered":"Citro\u00ebn C3\/\u00eb-C3: Sie gegen Max &#8211; AutoRAI TV"},"content":{"rendered":"<h2>Sie gegen Max<\/h2>\n<p>Mit der Mission, Elektromobilit\u00e4t erschwinglicher zu machen, bl\u00e4st Citro\u00ebn mit dem neuen \u00eb-C3 zum H\u00f6henflug.<br \/>\nElektrisches Fahren f\u00fcr weniger als 25.000 Euro!<br \/>\nMit SEPP-F\u00f6rderung sogar f\u00fcr nur 21.000!<br \/>\nNur wenige Konkurrenten haben darauf bereits eine Antwort.<br \/>\nAber welche Zugest\u00e4ndnisse machen Sie genau, wenn Sie sich f\u00fcr eine You-Version entscheiden?<br \/>\nUnd was noch wichtiger ist: W\u00e4re es nicht kl\u00fcger, auf eine reichhaltiger ausgestattete Max-Version zu sparen?<br \/>\nIn diesem Video zeigen wir Ihnen die Unterschiede zwischen den You- und Max-Versionen des neuen Citro\u00ebn C3 mit Benzinmotor und des elektrischen Citro\u00ebn \u00eb-C3.       Was scheint? Diese Unterschiede sind in der Praxis ziemlich bedeutend.<\/p>\n<h2>Ein Gesp\u00fcr daf\u00fcr, was die C3\/e-C3 Sie <em>nicht <\/em>haben:<\/h2>\n<ul>\n<li>Automatische Klimatisierung<\/li>\n<li>Ein Infotainment-System<\/li>\n<li>Ein Lenkrad aus Lederimitat<\/li>\n<li>Zwei USB-C-Ladepunkte auf der R\u00fcckseite<\/li>\n<li>Ablagef\u00e4cher hinter den Sitzen<\/li>\n<li>Die R\u00fccksitze lassen sich nicht im Verh\u00e4ltnis 60\/40 umklappen wie beim Max<\/li>\n<li>Die Kopfst\u00fctzen sind nicht h\u00f6henverstellbar<\/li>\n<li>Der Fahrersitz ist nicht h\u00f6henverstellbar<\/li>\n<li>Sie haben keine Armlehne<\/li>\n<li>Sie haben keine Deckenleuchte mit zwei LED-Leselampen.  <\/li>\n<li>Es fehlt ein automatisch abblendender Innenspiegel<\/li>\n<li>Der You hat auch keine schallisolierte Windschutzscheibe<\/li>\n<\/ul>\n<h2>Mehr Unterschiede<\/h2>\n<p>M\u00f6chten Sie noch mehr Unterschiede entdecken? Dann sehen Sie sich das Video an!<\/p>\n<h2>CITRO\u00cbN C3\/E-C3: SIE gegen MAX &#8211; Ist die BASISVERSION \u00fcberhaupt interessant? &#8211; AutoRAI TV<\/h2>\n<\/p>\n<figure class=\"wp-block-embed is-type-video is-provider-youtube wp-block-embed-youtube wp-embed-aspect-16-9 wp-has-aspect-ratio\">\n<div class=\"wp-block-embed__wrapper\">\n<\/div>\n<\/figure>\n<h2>Jetzt auch mit Pack Plus<\/h2>\n<p>Ab sofort sind der neue Citro\u00ebn C3 und der \u00eb-C3 in der Ausstattungsvariante You auch mit dem Optionspaket Pack Plus erh\u00e4ltlich.<br \/>\nZu einem \u00e4u\u00dferst wettbewerbsf\u00e4higen Aufpreis bietet das Paket eine noch umfangreichere Ausstattung.<br \/>\nDas Paket umfasst einen automatischen Regensensor, Unterfahrschutz vorne und hinten, eine Dachreling in Glossy Black, Colour Clips, ein Lenkrad mit Kunstlederbezug und einen 10,25-Zoll-Farb-Touchscreen mit drahtloser Apple Carplay\/Android Auto-Funktion.<br \/>\nMit der Einf\u00fchrung des Pack Plus f\u00fcr die You-Version ist die Modellpalette des neuen Citro\u00ebn \u00eb-C3 und C3 ausgewogener und geht noch mehr auf die Bed\u00fcrfnisse der Kunden ein.   <\/p>\n<h2>Was hat Pack Plus zu bieten?<\/h2>\n<p>Das Paket Plus f\u00fcr den neuen Citro\u00ebn \u00eb-C3 und C3 verf\u00fcgt trotz seines begrenzten Aufpreises (2.200 \u20ac f\u00fcr den \u00eb-C3 und 2.510 \u20ac f\u00fcr den Benziner) \u00fcber eine umfangreiche Ausstattung.<br \/>\nDas Paket umfasst vordere und hintere Unterfahrschutzbleche, elektrisch anklappbare und beheizbare Au\u00dfenspiegel, auff\u00e4llige Color Clips, ein Dach in einer anderen Au\u00dfenfarbe (Two Tone Dach) und 17-Zoll-Stahlr\u00e4der mit Reifen der Gr\u00f6\u00dfe 205\/50 R17 und &#8218;Azurite&#8216;-Radabdeckungen.<br \/>\nDie Dachreling, die B- und C-S\u00e4ulen und die Au\u00dfenspiegelkappen sind in Glossy Black ausgef\u00fchrt.  <\/p>\n<p>Das Plus-Paket umfasst au\u00dferdem einen automatischen Regensensor, ein Kunstlederlenkrad mit Chromverzierung, ein LED-Display vorne mit zwei Leselampen, eine hohe Mittelkonsole mit Armlehne und Stauraum (nicht beim Turbo S&amp;S MT6), die einzigartigen Advanced Comfort Seats und Ultra Blue-Zierleisten am Armaturenbrett sowie an den vorderen und hinteren T\u00fcren.<\/p>\n<p>Zur weiteren Ausstattung geh\u00f6ren h\u00f6henverstellbare Kopfst\u00fctzen f\u00fcr die Vordersitze, ein h\u00f6henverstellbarer Fahrersitz, eine im Verh\u00e4ltnis 60\/40 geteilt umklappbare R\u00fccksitzlehne und &#8222;Happy Tags&#8220;.<br \/>\nDas sprichw\u00f6rtliche Sahneh\u00e4ubchen ist ein 10,25-Zoll-Farb-Touchscreen, einschlie\u00dflich FM\/AM\/Digital Radio DAB+ mit sechs Lautsprechern, drahtloser Unterst\u00fctzung f\u00fcr Apple Carplay und Android Auto, einem USB-C-Anschluss vorne und zwei USB-C-Anschl\u00fcssen hinten. <\/p>\n<p>Der Citro\u00ebn C3 1.2 Turbo S&amp;S You mit Pack Plus ist ab 24.200 Euro erh\u00e4ltlich und der \u00eb-C3 44 kWh You mit Pack Plus hat eine unverbindliche Preisempfehlung von 26.490 Euro.<br \/>\nDer neue Citro\u00ebn C3 ist bereits f\u00fcr eine unverbindliche Preisempfehlung von 21.690 Euro erh\u00e4ltlich.<br \/>\nDie You-Version des neuen Citro\u00ebn \u00eb-C3 Aircross war bereits mit einem Pack Plus erh\u00e4ltlich.<br \/>\nAlle neuen C3-Modelle sind in auff\u00e4lligen Farben erh\u00e4ltlich, wie Monte Carlo Blue (Standard) und der Metallic-Lackierung Elixer Red.   <\/p>\n<div class=\"galery galery-0\">\n<figure>\n\t\t\t\t\t<span style=\"cursor: pointer\" data-src=\"https:\/\/autorai.nl\/wp-content\/uploads\/2024\/07\/citroen-c3-pack-plus-foto1.jpg\" data-fancybox=\"galery-0\" title=\"Innenansicht eines Fahrzeugs mit zwei Vordersitzen mit schwarzer und grauer Polsterung, einem Lenkrad, einem Armaturenbrett und hinteren Beifahrersitzen, mit der charakteristischen Ausstattung des Citro\u00ebn C3.\"><br \/>\n\t\t\t\t\t\t\t<img decoding=\"async\" width=\"360\" height=\"270\" src=\"https:\/\/autorai.nl\/wp-content\/uploads\/2024\/07\/citroen-c3-pack-plus-foto1-360x270.jpg\" class=\"attachment-small size-small\" alt=\"Innenansicht eines Fahrzeugs mit zwei Vordersitzen mit schwarzer und grauer Polsterung, einem Lenkrad, einem Armaturenbrett und hinteren Beifahrersitzen, mit der charakteristischen Ausstattung des Citro\u00ebn C3.\" loading=\"lazy\"><i class=\"fa fa-search-plus\" aria-hidden=\"true\"><\/i><br \/>\n\t\t\t\t\t\t<\/span><br \/>\n\t\t\t\t\t<\/figure>\n<figure>\n\t\t\t\t\t<span style=\"cursor: pointer\" data-src=\"https:\/\/autorai.nl\/wp-content\/uploads\/2024\/07\/citroen-c3-pack-plus-foto2.jpg\" data-fancybox=\"galery-0\" title=\"Das Interieur eines modernen Fahrzeugs mit einem Touchscreen-Navigationssystem, einem manuellen Schalthebel und einem schlanken Armaturenbrett mit blauer Stimmungsbeleuchtung erinnert an die Ausstattung des Citro\u00ebn C3.\"><br \/>\n\t\t\t\t\t\t\t<img decoding=\"async\" width=\"360\" height=\"270\" src=\"https:\/\/autorai.nl\/wp-content\/uploads\/2024\/07\/citroen-c3-pack-plus-foto2-360x270.jpg\" class=\"attachment-small size-small\" alt=\"Das Interieur eines modernen Fahrzeugs mit einem Touchscreen-Navigationssystem, einem manuellen Schalthebel und einem schlanken Armaturenbrett mit blauer Stimmungsbeleuchtung erinnert an die Ausstattung des Citro\u00ebn C3.\" loading=\"lazy\"><i class=\"fa fa-search-plus\" aria-hidden=\"true\"><\/i><br \/>\n\t\t\t\t\t\t<\/span><br \/>\n\t\t\t\t\t<\/figure>\n<figure>\n\t\t\t\t\t<span style=\"cursor: pointer\" data-src=\"https:\/\/autorai.nl\/wp-content\/uploads\/2024\/07\/citroen-c3-pack-plus-foto3.jpg\" data-fancybox=\"galery-0\" title=\"Der Innenraum eines modernen Fahrzeugs wie dem Citro\u00ebn C3 verf\u00fcgt \u00fcber ein digitales Armaturenbrett, ein Lenkrad mit Bedienelementen, ein Touchscreen-Display mit einer Landkarte und eine schwarze Polsterung mit blauer Akzentbeleuchtung.\"><br \/>\n\t\t\t\t\t\t\t<img decoding=\"async\" width=\"360\" height=\"270\" src=\"https:\/\/autorai.nl\/wp-content\/uploads\/2024\/07\/citroen-c3-pack-plus-foto3-360x270.jpg\" class=\"attachment-small size-small\" alt=\"Der Innenraum eines modernen Fahrzeugs wie dem Citro\u00ebn C3 verf\u00fcgt \u00fcber ein digitales Armaturenbrett, ein Lenkrad mit Bedienelementen, ein Touchscreen-Display mit einer Landkarte und eine schwarze Polsterung mit blauer Akzentbeleuchtung.\" loading=\"lazy\"><i class=\"fa fa-search-plus\" aria-hidden=\"true\"><\/i><br \/>\n\t\t\t\t\t\t<\/span><br \/>\n\t\t\t\t\t<\/figure>\n<figure>\n\t\t\t\t\t<span style=\"cursor: pointer\" data-src=\"https:\/\/autorai.nl\/wp-content\/uploads\/2024\/07\/citroen-c3-pack-plus-foto4.jpg\" data-fancybox=\"galery-0\" title=\"Das Bild zeigt die Frontansicht eines roten Citro\u00ebn C3 SUV mit schwarzen Akzenten, mit dem Citro\u00ebn-Logo auf dem K\u00fchlergrill, der die raffinierte Ausstattung zeigt, f\u00fcr die der Citro\u00ebn C3 bekannt ist.\"><br \/>\n\t\t\t\t\t\t\t<img decoding=\"async\" width=\"360\" height=\"270\" src=\"https:\/\/autorai.nl\/wp-content\/uploads\/2024\/07\/citroen-c3-pack-plus-foto4-360x270.jpg\" class=\"attachment-small size-small\" alt=\"Das Bild zeigt die Frontansicht eines roten Citro\u00ebn C3 SUV mit schwarzen Akzenten, mit dem Citro\u00ebn-Logo auf dem K\u00fchlergrill, der die raffinierte Ausstattung zeigt, f\u00fcr die der Citro\u00ebn C3 bekannt ist.\" loading=\"lazy\"><i class=\"fa fa-search-plus\" aria-hidden=\"true\"><\/i><br \/>\n\t\t\t\t\t\t<\/span><br \/>\n\t\t\t\t\t<\/figure>\n<figure>\n\t\t\t\t\t<span style=\"cursor: pointer\" data-src=\"https:\/\/autorai.nl\/wp-content\/uploads\/2024\/07\/citroen-c3-pack-plus-foto5.jpg\" data-fancybox=\"galery-0\" title=\"Ein roter kompakter SUV mit schwarzem Dach und schwarzen Akzenten, modernen Scheinwerfern und Leichtmetallr\u00e4dern im F\u00fcnfspeichen-Design, dargestellt in einer Dreiviertel-Frontansicht. Entdecken Sie die stilvolle Ausstattung des Citro\u00ebn C3.\"><br \/>\n\t\t\t\t\t\t\t<img decoding=\"async\" width=\"360\" height=\"270\" src=\"https:\/\/autorai.nl\/wp-content\/uploads\/2024\/07\/citroen-c3-pack-plus-foto5-360x270.jpg\" class=\"attachment-small size-small\" alt=\"Ein roter Kompakt-SUV mit schwarzem Dach und schwarzen Akzenten, modernen Scheinwerfern und Leichtmetallr\u00e4dern im F\u00fcnfspeichen-Design, dargestellt in einer Dreiviertel-Frontansicht. Entdecken Sie die stilvolle Ausstattung des Citro\u00ebn C3.\" loading=\"lazy\"><i class=\"fa fa-search-plus\" aria-hidden=\"true\"><\/i><br \/>\n\t\t\t\t\t\t<\/span><br \/>\n\t\t\t\t\t<\/figure>\n<figure>\n\t\t\t\t\t<span style=\"cursor: pointer\" data-src=\"https:\/\/autorai.nl\/wp-content\/uploads\/2024\/07\/citroen-c3-pack-plus-foto6.jpg\" data-fancybox=\"galery-0\" title=\"Ein roter Citro\u00ebn C3 SUV mit schwarzem Dach und Leichtmetallr\u00e4dern wird aus einer Dreiviertelansicht von vorne fotografiert. Vor einem makellosen wei\u00dfen Hintergrund leuchtet die fortschrittliche Ausstattung.\"><br \/>\n\t\t\t\t\t\t\t<img decoding=\"async\" width=\"360\" height=\"270\" src=\"https:\/\/autorai.nl\/wp-content\/uploads\/2024\/07\/citroen-c3-pack-plus-foto6-360x270.jpg\" class=\"attachment-small size-small\" alt=\"Ein roter Citro\u00ebn C3 SUV mit schwarzem Dach und Leichtmetallr\u00e4dern wird aus einer Dreiviertelansicht von vorne fotografiert. Vor einem makellosen wei\u00dfen Hintergrund leuchtet die fortschrittliche Ausstattung.\" loading=\"lazy\"><i class=\"fa fa-search-plus\" aria-hidden=\"true\"><\/i><br \/>\n\t\t\t\t\t\t<\/span><br \/>\n\t\t\t\t\t<\/figure>\n<figure>\n\t\t\t\t\t<span style=\"cursor: pointer\" data-src=\"https:\/\/autorai.nl\/wp-content\/uploads\/2024\/07\/citroen-c3-pack-plus-foto7.jpg\" data-fancybox=\"galery-0\" title=\"Eine Seitenansicht eines roten kompakten Gel\u00e4ndewagens mit klaren Linien, schwarzer Dachreling und R\u00e4dern mit silbernen Akzenten, die an die stilvolle Citro\u00ebn C3-Ausstattung erinnern, isoliert auf einem wei\u00dfen Hintergrund.\"><br \/>\n\t\t\t\t\t\t\t<img decoding=\"async\" width=\"360\" height=\"270\" src=\"https:\/\/autorai.nl\/wp-content\/uploads\/2024\/07\/citroen-c3-pack-plus-foto7-360x270.jpg\" class=\"attachment-small size-small\" alt=\"Eine Seitenansicht eines roten kompakten Gel\u00e4ndewagens mit klaren Linien, schwarzer Dachreling und R\u00e4dern mit silbernen Akzenten, die an die stilvolle Citro\u00ebn C3-Ausstattung erinnern, isoliert auf einem wei\u00dfen Hintergrund.\" loading=\"lazy\"><i class=\"fa fa-search-plus\" aria-hidden=\"true\"><\/i><br \/>\n\t\t\t\t\t\t<\/span><br \/>\n\t\t\t\t\t<\/figure>\n<figure>\n\t\t\t\t\t<span style=\"cursor: pointer\" data-src=\"https:\/\/autorai.nl\/wp-content\/uploads\/2024\/07\/citroen-c3-pack-plus-foto8.jpg\" data-fancybox=\"galery-0\" title=\"Ein roter Citro\u00ebn C3 wird von hinten in einem leichten Winkel gezeigt, wobei die R\u00fcckleuchten, die Hecksto\u00dfstange und die Heckscheibe mit den stilvollen Merkmalen des Citro\u00ebn C3 zu sehen sind.\"><br \/>\n\t\t\t\t\t\t\t<img decoding=\"async\" width=\"360\" height=\"270\" src=\"https:\/\/autorai.nl\/wp-content\/uploads\/2024\/07\/citroen-c3-pack-plus-foto8-360x270.jpg\" class=\"attachment-small size-small\" alt=\"Ein roter Citro\u00ebn C3 wird von hinten in einem leichten Winkel gezeigt, wobei die R\u00fcckleuchten, die Hecksto\u00dfstange und die Heckscheibe mit den stilvollen Merkmalen des Citro\u00ebn C3 zu sehen sind.\" loading=\"lazy\"><i class=\"fa fa-search-plus\" aria-hidden=\"true\"><\/i><br \/>\n\t\t\t\t\t\t<\/span><br \/>\n\t\t\t\t\t<\/figure>\n<div class=\"clear\"><\/div>\n<\/div>\n","protected":false},"excerpt":{"rendered":"You versus Max Mit der Mission, die Elektromobilit\u00e4t erschwinglicher zu machen, sprengt Citro\u00ebn mit dem neuen \u00eb-C3 den Rahmen. Elektrisches&hellip;","protected":false},"author":0,"featured_media":146407,"comment_status":"","ping_status":"open","sticky":false,"template":"","format":"standard","meta":{"footnotes":""},"categories":[125],"tags":[],"class_list":["post-146411","post","type-post","status-publish","format-standard","has-post-thumbnail","hentry","category-auto-nachrichten"],"acf":[],"yoast_head":"<!-- This site is optimized with the Yoast SEO plugin v21.2 - https:\/\/yoast.com\/wordpress\/plugins\/seo\/ -->\n<title>Citro\u00ebn C3\/\u00eb-C3: Sie gegen Max - AutoRAI TV - All cars news<\/title>\n<meta name=\"robots\" content=\"index, follow, max-snippet:-1, max-image-preview:large, max-video-preview:-1\" \/>\n<link rel=\"canonical\" href=\"https:\/\/all-car-news.com\/de\/citroen-c3-e-c3-sie-gegen-max-autorai-tv\/\" \/>\n<meta property=\"og:locale\" content=\"de_DE\" \/>\n<meta property=\"og:type\" content=\"article\" \/>\n<meta property=\"og:title\" content=\"Citro\u00ebn C3\/\u00eb-C3: Sie gegen Max - AutoRAI TV - All cars news\" \/>\n<meta property=\"og:description\" content=\"You versus Max Mit der Mission, die Elektromobilit\u00e4t erschwinglicher zu machen, sprengt Citro\u00ebn mit dem neuen \u00eb-C3 den Rahmen. Elektrisches Fahren f\u00fcr weniger als 25.000 Euro! Mit SEPP-F\u00f6rderung sogar f\u00fcr nur 21.000! Nur wenige Konkurrenten haben darauf bereits eine Antwort. Aber welche Zugest\u00e4ndnisse machen Sie genau, wenn Sie sich f\u00fcr einen [...]\" \/>\n<meta property=\"og:url\" content=\"https:\/\/all-car-news.com\/de\/citroen-c3-e-c3-sie-gegen-max-autorai-tv\/\" \/>\n<meta property=\"og:site_name\" content=\"All cars news\" \/>\n<meta property=\"article:published_time\" content=\"2024-07-29T15:54:00+00:00\" \/>\n<meta property=\"og:image\" content=\"https:\/\/autorai.nl\/wp-content\/uploads\/2024\/07\/citroen-c3-pack-plus-foto1-360x270.jpg\" \/>\n<meta name=\"twitter:card\" content=\"summary_large_image\" \/>\n<meta name=\"twitter:label1\" content=\"Gesch\u00e4tzte Lesezeit\" \/>\n\t<meta name=\"twitter:data1\" content=\"3\u00a0Minuten\" \/>\n<script type=\"application\/ld+json\" class=\"yoast-schema-graph\">{\"@context\":\"https:\/\/schema.org\",\"@graph\":[{\"@type\":\"Article\",\"@id\":\"https:\/\/all-car-news.com\/de\/citroen-c3-e-c3-sie-gegen-max-autorai-tv\/#article\",\"isPartOf\":{\"@id\":\"https:\/\/all-car-news.com\/de\/citroen-c3-e-c3-sie-gegen-max-autorai-tv\/\"},\"author\":{\"name\":\"\",\"@id\":\"\"},\"headline\":\"Citro\u00ebn C3\/\u00eb-C3: Sie gegen Max &#8211; AutoRAI TV\",\"datePublished\":\"2024-07-29T15:54:00+00:00\",\"dateModified\":\"2024-07-29T15:54:00+00:00\",\"mainEntityOfPage\":{\"@id\":\"https:\/\/all-car-news.com\/de\/citroen-c3-e-c3-sie-gegen-max-autorai-tv\/\"},\"wordCount\":631,\"publisher\":{\"@id\":\"https:\/\/all-car-news.com\/de\/#organization\"},\"articleSection\":[\"Auto Nachrichten\"],\"inLanguage\":\"de\"},{\"@type\":\"WebPage\",\"@id\":\"https:\/\/all-car-news.com\/de\/citroen-c3-e-c3-sie-gegen-max-autorai-tv\/\",\"url\":\"https:\/\/all-car-news.com\/de\/citroen-c3-e-c3-sie-gegen-max-autorai-tv\/\",\"name\":\"Citro\u00ebn C3\/\u00eb-C3: Sie gegen Max - AutoRAI TV - All cars news\",\"isPartOf\":{\"@id\":\"https:\/\/all-car-news.com\/de\/#website\"},\"datePublished\":\"2024-07-29T15:54:00+00:00\",\"dateModified\":\"2024-07-29T15:54:00+00:00\",\"breadcrumb\":{\"@id\":\"https:\/\/all-car-news.com\/de\/citroen-c3-e-c3-sie-gegen-max-autorai-tv\/#breadcrumb\"},\"inLanguage\":\"de\",\"potentialAction\":[{\"@type\":\"ReadAction\",\"target\":[\"https:\/\/all-car-news.com\/de\/citroen-c3-e-c3-sie-gegen-max-autorai-tv\/\"]}]},{\"@type\":\"BreadcrumbList\",\"@id\":\"https:\/\/all-car-news.com\/de\/citroen-c3-e-c3-sie-gegen-max-autorai-tv\/#breadcrumb\",\"itemListElement\":[{\"@type\":\"ListItem\",\"position\":1,\"name\":\"Home\",\"item\":\"https:\/\/all-car-news.com\/de\/\"},{\"@type\":\"ListItem\",\"position\":2,\"name\":\"Citro\u00ebn C3\/\u00eb-C3: Sie gegen Max &#8211; AutoRAI TV\"}]},{\"@type\":\"WebSite\",\"@id\":\"https:\/\/all-car-news.com\/de\/#website\",\"url\":\"https:\/\/all-car-news.com\/de\/\",\"name\":\"All cars news\",\"description\":\"\",\"publisher\":{\"@id\":\"https:\/\/all-car-news.com\/de\/#organization\"},\"potentialAction\":[{\"@type\":\"SearchAction\",\"target\":{\"@type\":\"EntryPoint\",\"urlTemplate\":\"https:\/\/all-car-news.com\/de\/?s={search_term_string}\"},\"query-input\":\"required name=search_term_string\"}],\"inLanguage\":\"de\"},{\"@type\":\"Organization\",\"@id\":\"https:\/\/all-car-news.com\/de\/#organization\",\"name\":\"All cars news\",\"url\":\"https:\/\/all-car-news.com\/de\/\",\"logo\":{\"@type\":\"ImageObject\",\"inLanguage\":\"de\",\"@id\":\"https:\/\/all-car-news.com\/de\/#\/schema\/logo\/image\/\",\"url\":\"https:\/\/all-car-news.com\/wp-content\/uploads\/2022\/02\/CMYK-AllCarNews_LANDSCAPE_300px-1.png\",\"contentUrl\":\"https:\/\/all-car-news.com\/wp-content\/uploads\/2022\/02\/CMYK-AllCarNews_LANDSCAPE_300px-1.png\",\"width\":300,\"height\":100,\"caption\":\"All cars news\"},\"image\":{\"@id\":\"https:\/\/all-car-news.com\/de\/#\/schema\/logo\/image\/\"}}]}<\/script>\n<!-- \/ Yoast SEO plugin. -->","yoast_head_json":{"title":"Citro\u00ebn C3\/\u00eb-C3: Sie gegen Max - AutoRAI TV - All cars news","robots":{"index":"index","follow":"follow","max-snippet":"max-snippet:-1","max-image-preview":"max-image-preview:large","max-video-preview":"max-video-preview:-1"},"canonical":"https:\/\/all-car-news.com\/de\/citroen-c3-e-c3-sie-gegen-max-autorai-tv\/","og_locale":"de_DE","og_type":"article","og_title":"Citro\u00ebn C3\/\u00eb-C3: Sie gegen Max - AutoRAI TV - All cars news","og_description":"You versus Max Mit der Mission, die Elektromobilit\u00e4t erschwinglicher zu machen, sprengt Citro\u00ebn mit dem neuen \u00eb-C3 den Rahmen. Elektrisches Fahren f\u00fcr weniger als 25.000 Euro! Mit SEPP-F\u00f6rderung sogar f\u00fcr nur 21.000! Nur wenige Konkurrenten haben darauf bereits eine Antwort. Aber welche Zugest\u00e4ndnisse machen Sie genau, wenn Sie sich f\u00fcr einen [...]","og_url":"https:\/\/all-car-news.com\/de\/citroen-c3-e-c3-sie-gegen-max-autorai-tv\/","og_site_name":"All cars news","article_published_time":"2024-07-29T15:54:00+00:00","og_image":[{"url":"https:\/\/autorai.nl\/wp-content\/uploads\/2024\/07\/citroen-c3-pack-plus-foto1-360x270.jpg"}],"twitter_card":"summary_large_image","twitter_misc":{"Gesch\u00e4tzte Lesezeit":"3\u00a0Minuten"},"schema":{"@context":"https:\/\/schema.org","@graph":[{"@type":"Article","@id":"https:\/\/all-car-news.com\/de\/citroen-c3-e-c3-sie-gegen-max-autorai-tv\/#article","isPartOf":{"@id":"https:\/\/all-car-news.com\/de\/citroen-c3-e-c3-sie-gegen-max-autorai-tv\/"},"author":{"name":"","@id":""},"headline":"Citro\u00ebn C3\/\u00eb-C3: Sie gegen Max &#8211; AutoRAI TV","datePublished":"2024-07-29T15:54:00+00:00","dateModified":"2024-07-29T15:54:00+00:00","mainEntityOfPage":{"@id":"https:\/\/all-car-news.com\/de\/citroen-c3-e-c3-sie-gegen-max-autorai-tv\/"},"wordCount":631,"publisher":{"@id":"https:\/\/all-car-news.com\/de\/#organization"},"articleSection":["Auto Nachrichten"],"inLanguage":"de"},{"@type":"WebPage","@id":"https:\/\/all-car-news.com\/de\/citroen-c3-e-c3-sie-gegen-max-autorai-tv\/","url":"https:\/\/all-car-news.com\/de\/citroen-c3-e-c3-sie-gegen-max-autorai-tv\/","name":"Citro\u00ebn C3\/\u00eb-C3: Sie gegen Max - AutoRAI TV - All cars news","isPartOf":{"@id":"https:\/\/all-car-news.com\/de\/#website"},"datePublished":"2024-07-29T15:54:00+00:00","dateModified":"2024-07-29T15:54:00+00:00","breadcrumb":{"@id":"https:\/\/all-car-news.com\/de\/citroen-c3-e-c3-sie-gegen-max-autorai-tv\/#breadcrumb"},"inLanguage":"de","potentialAction":[{"@type":"ReadAction","target":["https:\/\/all-car-news.com\/de\/citroen-c3-e-c3-sie-gegen-max-autorai-tv\/"]}]},{"@type":"BreadcrumbList","@id":"https:\/\/all-car-news.com\/de\/citroen-c3-e-c3-sie-gegen-max-autorai-tv\/#breadcrumb","itemListElement":[{"@type":"ListItem","position":1,"name":"Home","item":"https:\/\/all-car-news.com\/de\/"},{"@type":"ListItem","position":2,"name":"Citro\u00ebn C3\/\u00eb-C3: Sie gegen Max &#8211; AutoRAI TV"}]},{"@type":"WebSite","@id":"https:\/\/all-car-news.com\/de\/#website","url":"https:\/\/all-car-news.com\/de\/","name":"All cars news","description":"","publisher":{"@id":"https:\/\/all-car-news.com\/de\/#organization"},"potentialAction":[{"@type":"SearchAction","target":{"@type":"EntryPoint","urlTemplate":"https:\/\/all-car-news.com\/de\/?s={search_term_string}"},"query-input":"required name=search_term_string"}],"inLanguage":"de"},{"@type":"Organization","@id":"https:\/\/all-car-news.com\/de\/#organization","name":"All cars news","url":"https:\/\/all-car-news.com\/de\/","logo":{"@type":"ImageObject","inLanguage":"de","@id":"https:\/\/all-car-news.com\/de\/#\/schema\/logo\/image\/","url":"https:\/\/all-car-news.com\/wp-content\/uploads\/2022\/02\/CMYK-AllCarNews_LANDSCAPE_300px-1.png","contentUrl":"https:\/\/all-car-news.com\/wp-content\/uploads\/2022\/02\/CMYK-AllCarNews_LANDSCAPE_300px-1.png","width":300,"height":100,"caption":"All cars news"},"image":{"@id":"https:\/\/all-car-news.com\/de\/#\/schema\/logo\/image\/"}}]}},"_links":{"self":[{"href":"https:\/\/all-car-news.com\/de\/wp-json\/wp\/v2\/posts\/146411","targetHints":{"allow":["GET"]}}],"collection":[{"href":"https:\/\/all-car-news.com\/de\/wp-json\/wp\/v2\/posts"}],"about":[{"href":"https:\/\/all-car-news.com\/de\/wp-json\/wp\/v2\/types\/post"}],"replies":[{"embeddable":true,"href":"https:\/\/all-car-news.com\/de\/wp-json\/wp\/v2\/comments?post=146411"}],"version-history":[{"count":0,"href":"https:\/\/all-car-news.com\/de\/wp-json\/wp\/v2\/posts\/146411\/revisions"}],"wp:featuredmedia":[{"embeddable":true,"href":"https:\/\/all-car-news.com\/de\/wp-json\/wp\/v2\/media\/146407"}],"wp:attachment":[{"href":"https:\/\/all-car-news.com\/de\/wp-json\/wp\/v2\/media?parent=146411"}],"wp:term":[{"taxonomy":"category","embeddable":true,"href":"https:\/\/all-car-news.com\/de\/wp-json\/wp\/v2\/categories?post=146411"},{"taxonomy":"post_tag","embeddable":true,"href":"https:\/\/all-car-news.com\/de\/wp-json\/wp\/v2\/tags?post=146411"}],"curies":[{"name":"wp","href":"https:\/\/api.w.org\/{rel}","templated":true}]}}