{"id":144238,"date":"2024-04-12T12:28:47","date_gmt":"2024-04-12T12:28:47","guid":{"rendered":"https:\/\/all-car-news.com\/preis-audi-q6-e-tron-mit-100-kwh-batteriepaket-angekuendigt\/"},"modified":"2024-04-12T12:28:47","modified_gmt":"2024-04-12T12:28:47","slug":"preis-audi-q6-e-tron-mit-100-kwh-batteriepaket-angekuendigt","status":"publish","type":"post","link":"https:\/\/all-car-news.com\/de\/preis-audi-q6-e-tron-mit-100-kwh-batteriepaket-angekuendigt\/","title":{"rendered":"Preis Audi Q6 e-tron mit 100 kWh-Batteriepaket angek\u00fcndigt"},"content":{"rendered":"<h2>Audi Q6 e-tron Preis<\/h2>\n<p>Die Preise f\u00fcr den Audi Q6 e-tron mit 100 kWh-Batterie beginnen bei 77.950 Euro. Gleichzeitig ist auch das Topmodell, der 360 kW (490 PS) starke Audi SQ6 e-tron, ab sofort bestellbar. Sp\u00e4ter in diesem Jahr werden auch zwei Versionen mit Heckantrieb folgen: eine Variante mit dem 100-kWh-Batteriepaket und damit einer noch gr\u00f6\u00dferen Reichweite sowie eine Version mit einem 83-kWh-Batteriepaket, die einen indikativen Startpreis von 65.000 Euro hat.<\/p>\n<h2>Audi Q6 e-tron 100 kWh<\/h2>\n<p>Die ersten Audi Q6 e-tron Modelle, die in den Niederlanden erh\u00e4ltlich sind, verf\u00fcgen \u00fcber einen Antriebsstrang mit einem 100 kWh-Batteriepaket und Quattro-Allradantrieb. Die Leistung betr\u00e4gt 285 kW (388 PS), das Topmodell SQ6 e-tron bringt es sogar auf 360 kW (490 PS). Das 100 kWh-Batteriepaket garantiert eine maximale Reichweite von 625 km WLTP). Ein wesentlicher Vorteil der Premium Platform Electric ist die 800-Volt-Bordspannung, die ein Laden mit einer Leistung von bis zu 270 kW erm\u00f6glicht. Eine 10-min\u00fctige Ladezeit reicht dabei aus, um die Reichweite um mehr als 250 Kilometer zu erh\u00f6hen. Das Aufladen des Akkupacks von 10-80 % dauert etwa 21 Minuten.  <\/p>\n<figure class=\"wp-block-image size-content\"><img decoding=\"async\" loading=\"lazy\" width=\"1140\" height=\"760\" src=\"https:\/\/autorai.nl\/wp-content\/uploads\/2024\/04\/audi-sq6-etron-prijs-nederland-foto4-1140x760.jpg\" alt=\"Audi SQ6 e-tron\" class=\"wp-image-177253\"><\/figure>\n<h2>Erweiterte Ausgabe<\/h2>\n<p>Der Audi Q6 e-tron Quattro Advanced edition umfasst das S line Exterieurpaket (erstmals bei einer Audi Advanced edition), 19-Zoll-Leichtmetallr\u00e4der, LED-Scheinwerfer plus mit Fernlichtassistent und LED-R\u00fcckleuchten Pro. Dar\u00fcber hinaus bietet es mit dem Komfort-Paket, der Lenkrad- und R\u00fccksitzheizung, der Komfortheizung, der Einparkhilfe mit Fernanzeige, dem Parkassistenten plus, den Umgebungskameras und dem adaptiven Geschwindigkeitsassistenten ein Plus an Luxus, Komfort und Bequemlichkeit. Der Audi Q6 e-tron Quattro Advanced edition ist ab 83.950 Euro erh\u00e4ltlich.<\/p>\n<h2>Audi Q6 e-tron Quattro S edition<\/h2>\n<p>Als S-Edition bietet der Audi Q6 e-tron Quattro das S line Exterieur- und S line Interieur-Paket inklusive Sportfahrwerk, Sportsitze im Innenraum, 20-Zoll-Leichtmetallr\u00e4der (wie beim SQ6 e-tron), das Optik-Paket schwarz (bei dem die Exterieur-Akzente und auch die Geh\u00e4use der Spiegelkappen in Hochglanzschwarz ausgef\u00fchrt sind) sowie komplett in Wagenfarbe lackierte Sto\u00dff\u00e4nger.  <\/p>\n<p>Matrix-LED-Scheinwerfer, digitale Lichtsignale, der e-tron Sportsound, das Komfortpaket plus und das MMI-Fahrgastdisplay geh\u00f6ren ebenfalls zur Serienausstattung. Damit verf\u00fcgt der Audi Q6 e-tron Quattro S edition \u00fcber ein noch gr\u00f6\u00dferes Angebot an Fahrassistenzsystemen, darunter der Spurhalteassistent mit Notfallassistenz und der Proaktive Insassenschutz. Der Q6 e-tron Quattro S edition ist ab 89.950 Euro erh\u00e4ltlich.<\/p>\n<h2>Audi SQ6 e-tron&nbsp;Preis<\/h2>\n<p>Der Audi SQ6 e-tron ist das sportliche Topmodell der Baureihe. Mit einer Systemleistung von 360 kW (490 PS) steht er f\u00fcr hohe Leistung. So beschleunigt der SQ6 e-tron in 4,3 Sekunden von 0-100 km\/h und seine H\u00f6chstgeschwindigkeit ist elektronisch auf 230 km\/h begrenzt (andere Q6 e-tron Quattro Modelle: 210 km\/h).<\/p>\n<p>Zus\u00e4tzlich zu den genannten Ausstattungsmerkmalen bietet er unter anderem das Komfortpaket pro, die adaptive S-Luftfederung, Matrix-LED-Scheinwerfer und OLED-R\u00fcckleuchten mit digitalen Lichtsignalen, den adaptiven Geschwindigkeitsassistenten und den adaptiven Fahrassistenten Plus. Der Audi SQ6 e-tron ist ab 101.400 Euro erh\u00e4ltlich.<\/p>\n<h2>Audi Garantie<\/h2>\n<p>Jeder Audi (S)Q6 e-tron ist mit einer zweij\u00e4hrigen Herstellergarantie und einer achtj\u00e4hrigen (oder maximal 160.000 km) Garantie auf die Hochvoltbatterie ausgestattet. Audi \u00fcbernimmt auch alle vorgeschriebenen Wartungen sowie die gesetzlich vorgeschriebenen T\u00dcV-Pr\u00fcfungen f\u00fcr einen Zeitraum von bis zu 7 Jahren\/84 Monaten oder einer maximalen Laufleistung von 180.000 Kilometern (je nachdem, was zuerst eintritt).  <\/p>\n<h2>Markteinf\u00fchrung<\/h2>\n<p>Die neuen Audi Q6 e-tron-Modelle mit dem 100 kWh-Batteriepaket und Quattro-Allradantrieb k\u00f6nnen ab heute bei den niederl\u00e4ndischen Audi-H\u00e4ndlern bestellt werden. Die Auslieferung beginnt in diesem Sommer. Die heckgetriebene Version mit dem 100-kWh-Batteriepaket wird ebenfalls bald folgen, w\u00e4hrend die heckgetriebene Variante mit dem 83-kWh-Batteriepaket bis Ende des Jahres bestellbar sein wird.<\/p>\n<div class=\"galery shuffle galery-0\">\n<figure>\n\t\t\t\t\t<span style=\"cursor: pointer\" data-src=\"https:\/\/autorai.nl\/wp-content\/uploads\/2024\/04\/audi-sq6-etron-prijs-nederland-foto5-1600x1067.jpg\" data-fancybox=\"galery-0\" title=\"Audi SQ6 e-tron\"><br \/>\n\t\t\t\t\t\t\t<img decoding=\"async\" width=\"640\" height=\"480\" src=\"https:\/\/autorai.nl\/wp-content\/uploads\/2024\/04\/audi-sq6-etron-prijs-nederland-foto5-640x480.jpg\" class=\"attachment-medium size-medium\" alt=\"Audi SQ6 e-tron\" loading=\"lazy\"><i class=\"fa fa-search-plus\" aria-hidden=\"true\"><\/i><br \/>\n\t\t\t\t\t\t<\/span><br \/>\n\t\t\t\t\t<\/figure>\n<figure>\n\t\t\t\t\t<span style=\"cursor: pointer\" data-src=\"https:\/\/autorai.nl\/wp-content\/uploads\/2024\/04\/audi-sq6-etron-prijs-nederland-foto4-1600x1067.jpg\" data-fancybox=\"galery-0\" title=\"Ein silberner Gel\u00e4ndewagen parkt drau\u00dfen in der N\u00e4he eines modernen Geb\u00e4udes, akzentuiert durch das sanfte Licht des Sonnenuntergangs und umgeben von \u00fcppiger Vegetation.\"><br \/>\n\t\t\t\t\t\t\t<img decoding=\"async\" width=\"360\" height=\"270\" src=\"https:\/\/autorai.nl\/wp-content\/uploads\/2024\/04\/audi-sq6-etron-prijs-nederland-foto4-360x270.jpg\" class=\"attachment-small size-small\" alt=\"Audi SQ6 e-tron\" loading=\"lazy\"><i class=\"fa fa-search-plus\" aria-hidden=\"true\"><\/i><br \/>\n\t\t\t\t\t\t<\/span><br \/>\n\t\t\t\t\t<\/figure>\n<figure>\n\t\t\t\t\t<span style=\"cursor: pointer\" data-src=\"https:\/\/autorai.nl\/wp-content\/uploads\/2024\/04\/audi-sq6-etron-prijs-nederland-foto3-1600x1067.jpg\" data-fancybox=\"galery-0\" title=\"Luftaufnahme eines grauen Gel\u00e4ndewagens, der in einer modernen Einfahrt neben einer Gr\u00fcnanlage mit ordentlichem Zaun und einem Baum geparkt ist.\"><br \/>\n\t\t\t\t\t\t\t<img decoding=\"async\" width=\"360\" height=\"270\" src=\"https:\/\/autorai.nl\/wp-content\/uploads\/2024\/04\/audi-sq6-etron-prijs-nederland-foto3-360x270.jpg\" class=\"attachment-small size-small\" alt=\"Luftaufnahme eines grauen Gel\u00e4ndewagens, der in einer modernen Einfahrt neben einer Gr\u00fcnanlage mit ordentlichem Zaun und einem Baum geparkt ist.\" loading=\"lazy\"><i class=\"fa fa-search-plus\" aria-hidden=\"true\"><\/i><br \/>\n\t\t\t\t\t\t<\/span><br \/>\n\t\t\t\t\t<\/figure>\n<figure>\n\t\t\t\t\t<span style=\"cursor: pointer\" data-src=\"https:\/\/autorai.nl\/wp-content\/uploads\/2024\/04\/audi-sq6-etron-prijs-nederland-foto2-1600x1067.jpg\" data-fancybox=\"galery-0\" title=\"Innenansicht eines Audi mit Lenkrad, Armaturenbrett und Ledersitzen, wobei durch die Windschutzscheibe eine Stadtlandschaft zu sehen ist.\"><br \/>\n\t\t\t\t\t\t\t<img decoding=\"async\" width=\"640\" height=\"480\" src=\"https:\/\/autorai.nl\/wp-content\/uploads\/2024\/04\/audi-sq6-etron-prijs-nederland-foto2-640x480.jpg\" class=\"attachment-medium size-medium\" alt=\"Innenansicht eines Audi mit Lenkrad, Armaturenbrett und Ledersitzen, wobei durch die Windschutzscheibe eine Stadtlandschaft zu sehen ist.\" loading=\"lazy\"><i class=\"fa fa-search-plus\" aria-hidden=\"true\"><\/i><br \/>\n\t\t\t\t\t\t<\/span><br \/>\n\t\t\t\t\t<\/figure>\n<figure>\n\t\t\t\t\t<span style=\"cursor: pointer\" data-src=\"https:\/\/autorai.nl\/wp-content\/uploads\/2024\/04\/audi-sq6-etron-prijs-nederland-foto1-1600x1067.jpg\" data-fancybox=\"galery-0\" title=\"Innenansicht eines modernen Fahrzeugs mit Details der luxuri\u00f6sen, schwarz und rot gen\u00e4hten Ledersitze und der Skyline der Stadt im Hintergrund.\"><br \/>\n\t\t\t\t\t\t\t<img decoding=\"async\" width=\"360\" height=\"270\" src=\"https:\/\/autorai.nl\/wp-content\/uploads\/2024\/04\/audi-sq6-etron-prijs-nederland-foto1-360x270.jpg\" class=\"attachment-small size-small\" alt=\"Innenansicht eines modernen Fahrzeugs mit Details der luxuri\u00f6sen, schwarz und rot gen\u00e4hten Ledersitze und der Skyline der Stadt im Hintergrund.\" loading=\"lazy\"><i class=\"fa fa-search-plus\" aria-hidden=\"true\"><\/i><br \/>\n\t\t\t\t\t\t<\/span><br \/>\n\t\t\t\t\t<\/figure>\n<figure>\n\t\t\t\t\t<span style=\"cursor: pointer\" data-src=\"https:\/\/autorai.nl\/wp-content\/uploads\/2024\/04\/audi-q6-etron-prijs-nederland-foto4-1600x1067.jpg\" data-fancybox=\"galery-0\" title=\"Innenansicht eines Audi mit modernem Armaturenbrett, Ledersitzen und schneebedeckten Bergen, die durch die Windschutzscheibe sichtbar sind.\"><br \/>\n\t\t\t\t\t\t\t<img decoding=\"async\" width=\"360\" height=\"270\" src=\"https:\/\/autorai.nl\/wp-content\/uploads\/2024\/04\/audi-q6-etron-prijs-nederland-foto4-360x270.jpg\" class=\"attachment-small size-small\" alt=\"Innenansicht eines Audi mit modernem Armaturenbrett, Ledersitzen und schneebedeckten Bergen, die durch die Windschutzscheibe sichtbar sind.\" loading=\"lazy\"><i class=\"fa fa-search-plus\" aria-hidden=\"true\"><\/i><br \/>\n\t\t\t\t\t\t<\/span><br \/>\n\t\t\t\t\t<\/figure>\n<figure>\n\t\t\t\t\t<span style=\"cursor: pointer\" data-src=\"https:\/\/autorai.nl\/wp-content\/uploads\/2024\/04\/audi-q6-etron-prijs-nederland-foto3-1600x1067.jpg\" data-fancybox=\"galery-0\" title=\"Innenraum eines modernen Autos mit einem Armaturenbrett mit gro\u00dfem Touchscreen-Display und einer Navigationskarte, umgeben von eleganten Holzakzenten.\"><br \/>\n\t\t\t\t\t\t\t<img decoding=\"async\" width=\"640\" height=\"480\" src=\"https:\/\/autorai.nl\/wp-content\/uploads\/2024\/04\/audi-q6-etron-prijs-nederland-foto3-640x480.jpg\" class=\"attachment-medium size-medium\" alt=\"Innenraum eines modernen Autos mit einem Armaturenbrett mit gro\u00dfem Touchscreen-Display und einer Navigationskarte, umgeben von eleganten Holzakzenten.\" loading=\"lazy\"><i class=\"fa fa-search-plus\" aria-hidden=\"true\"><\/i><br \/>\n\t\t\t\t\t\t<\/span><br \/>\n\t\t\t\t\t<\/figure>\n<figure>\n\t\t\t\t\t<span style=\"cursor: pointer\" data-src=\"https:\/\/autorai.nl\/wp-content\/uploads\/2024\/04\/audi-q6-etron-prijs-nederland-foto2-1600x1067.jpg\" data-fancybox=\"galery-0\" title=\"Ein moderner blauer Gel\u00e4ndewagen, der in der Abendd\u00e4mmerung auf einer asphaltierten Stra\u00dfe mit Bergen im Hintergrund geparkt ist.\"><br \/>\n\t\t\t\t\t\t\t<img decoding=\"async\" width=\"360\" height=\"270\" src=\"https:\/\/autorai.nl\/wp-content\/uploads\/2024\/04\/audi-q6-etron-prijs-nederland-foto2-360x270.jpg\" class=\"attachment-small size-small\" alt=\"Ein moderner blauer Gel\u00e4ndewagen, der in der Abendd\u00e4mmerung auf einer asphaltierten Stra\u00dfe mit Bergen im Hintergrund geparkt ist.\" loading=\"lazy\"><i class=\"fa fa-search-plus\" aria-hidden=\"true\"><\/i><br \/>\n\t\t\t\t\t\t<\/span><br \/>\n\t\t\t\t\t<\/figure>\n<figure>\n\t\t\t\t\t<span style=\"cursor: pointer\" data-src=\"https:\/\/autorai.nl\/wp-content\/uploads\/2024\/04\/audi-q6-etron-prijs-nederland-foto1-1600x1067.jpg\" data-fancybox=\"galery-0\" title=\"Ein blauer Gel\u00e4ndewagen, der in der Abendd\u00e4mmerung auf einer Asphaltfl\u00e4che vor einem bergigen Hintergrund geparkt ist.\"><br \/>\n\t\t\t\t\t\t\t<img decoding=\"async\" width=\"360\" height=\"270\" src=\"https:\/\/autorai.nl\/wp-content\/uploads\/2024\/04\/audi-q6-etron-prijs-nederland-foto1-360x270.jpg\" class=\"attachment-small size-small\" alt=\"Ein blauer Gel\u00e4ndewagen, der in der Abendd\u00e4mmerung auf einer Asphaltfl\u00e4che vor einem bergigen Hintergrund geparkt ist.\" loading=\"lazy\"><i class=\"fa fa-search-plus\" aria-hidden=\"true\"><\/i><br \/>\n\t\t\t\t\t\t<\/span><br \/>\n\t\t\t\t\t<\/figure>\n<div class=\"clear\"><\/div>\n<\/div>\n","protected":false},"excerpt":{"rendered":"Audi Q6 e-tron Preis Die Preise f\u00fcr den Audi Q6 e-tron mit 100 kWh Batterie beginnen bei 77.950 Euro. Gleichzeitig&hellip;","protected":false},"author":0,"featured_media":144228,"comment_status":"","ping_status":"open","sticky":false,"template":"","format":"standard","meta":{"footnotes":""},"categories":[125],"tags":[],"class_list":["post-144238","post","type-post","status-publish","format-standard","has-post-thumbnail","hentry","category-auto-nachrichten"],"acf":[],"yoast_head":"<!-- This site is optimized with the Yoast SEO plugin v21.2 - https:\/\/yoast.com\/wordpress\/plugins\/seo\/ -->\n<title>Preis Audi Q6 e-tron mit 100 kWh-Batteriepaket angek\u00fcndigt - All cars news<\/title>\n<meta name=\"robots\" content=\"index, follow, max-snippet:-1, max-image-preview:large, max-video-preview:-1\" \/>\n<link rel=\"canonical\" href=\"https:\/\/all-car-news.com\/de\/preis-audi-q6-e-tron-mit-100-kwh-batteriepaket-angekuendigt\/\" \/>\n<meta property=\"og:locale\" content=\"de_DE\" \/>\n<meta property=\"og:type\" content=\"article\" \/>\n<meta property=\"og:title\" content=\"Preis Audi Q6 e-tron mit 100 kWh-Batteriepaket angek\u00fcndigt - All cars news\" \/>\n<meta property=\"og:description\" content=\"Audi Q6 e-tron Preis Die Preise f\u00fcr den Audi Q6 e-tron mit 100 kWh Batterie beginnen bei 77.950 Euro. Gleichzeitig ist auch das Topmodell, der 360 kW (490 PS) starke Audi SQ6 e-tron, ab sofort bestellbar. Sp\u00e4ter in diesem Jahr werden auch zwei Versionen mit Heckantrieb folgen: eine Variante mit dem 100-kWh-Batteriepaket und damit eine [...]\" \/>\n<meta property=\"og:url\" content=\"https:\/\/all-car-news.com\/de\/preis-audi-q6-e-tron-mit-100-kwh-batteriepaket-angekuendigt\/\" \/>\n<meta property=\"og:site_name\" content=\"All cars news\" \/>\n<meta property=\"article:published_time\" content=\"2024-04-12T12:28:47+00:00\" \/>\n<meta property=\"og:image\" content=\"https:\/\/autorai.nl\/wp-content\/uploads\/2024\/04\/audi-sq6-etron-prijs-nederland-foto4-1140x760.jpg\" \/>\n<meta name=\"twitter:card\" content=\"summary_large_image\" \/>\n<meta name=\"twitter:label1\" content=\"Gesch\u00e4tzte Lesezeit\" \/>\n\t<meta name=\"twitter:data1\" content=\"3\u00a0Minuten\" \/>\n<script type=\"application\/ld+json\" class=\"yoast-schema-graph\">{\"@context\":\"https:\/\/schema.org\",\"@graph\":[{\"@type\":\"Article\",\"@id\":\"https:\/\/all-car-news.com\/de\/preis-audi-q6-e-tron-mit-100-kwh-batteriepaket-angekuendigt\/#article\",\"isPartOf\":{\"@id\":\"https:\/\/all-car-news.com\/de\/preis-audi-q6-e-tron-mit-100-kwh-batteriepaket-angekuendigt\/\"},\"author\":{\"name\":\"\",\"@id\":\"\"},\"headline\":\"Preis Audi Q6 e-tron mit 100 kWh-Batteriepaket angek\u00fcndigt\",\"datePublished\":\"2024-04-12T12:28:47+00:00\",\"dateModified\":\"2024-04-12T12:28:47+00:00\",\"mainEntityOfPage\":{\"@id\":\"https:\/\/all-car-news.com\/de\/preis-audi-q6-e-tron-mit-100-kwh-batteriepaket-angekuendigt\/\"},\"wordCount\":577,\"publisher\":{\"@id\":\"https:\/\/all-car-news.com\/de\/#organization\"},\"articleSection\":[\"Auto Nachrichten\"],\"inLanguage\":\"de\"},{\"@type\":\"WebPage\",\"@id\":\"https:\/\/all-car-news.com\/de\/preis-audi-q6-e-tron-mit-100-kwh-batteriepaket-angekuendigt\/\",\"url\":\"https:\/\/all-car-news.com\/de\/preis-audi-q6-e-tron-mit-100-kwh-batteriepaket-angekuendigt\/\",\"name\":\"Preis Audi Q6 e-tron mit 100 kWh-Batteriepaket angek\u00fcndigt - All cars news\",\"isPartOf\":{\"@id\":\"https:\/\/all-car-news.com\/de\/#website\"},\"datePublished\":\"2024-04-12T12:28:47+00:00\",\"dateModified\":\"2024-04-12T12:28:47+00:00\",\"breadcrumb\":{\"@id\":\"https:\/\/all-car-news.com\/de\/preis-audi-q6-e-tron-mit-100-kwh-batteriepaket-angekuendigt\/#breadcrumb\"},\"inLanguage\":\"de\",\"potentialAction\":[{\"@type\":\"ReadAction\",\"target\":[\"https:\/\/all-car-news.com\/de\/preis-audi-q6-e-tron-mit-100-kwh-batteriepaket-angekuendigt\/\"]}]},{\"@type\":\"BreadcrumbList\",\"@id\":\"https:\/\/all-car-news.com\/de\/preis-audi-q6-e-tron-mit-100-kwh-batteriepaket-angekuendigt\/#breadcrumb\",\"itemListElement\":[{\"@type\":\"ListItem\",\"position\":1,\"name\":\"Home\",\"item\":\"https:\/\/all-car-news.com\/de\/\"},{\"@type\":\"ListItem\",\"position\":2,\"name\":\"Preis Audi Q6 e-tron mit 100 kWh-Batteriepaket angek\u00fcndigt\"}]},{\"@type\":\"WebSite\",\"@id\":\"https:\/\/all-car-news.com\/de\/#website\",\"url\":\"https:\/\/all-car-news.com\/de\/\",\"name\":\"All cars news\",\"description\":\"\",\"publisher\":{\"@id\":\"https:\/\/all-car-news.com\/de\/#organization\"},\"potentialAction\":[{\"@type\":\"SearchAction\",\"target\":{\"@type\":\"EntryPoint\",\"urlTemplate\":\"https:\/\/all-car-news.com\/de\/?s={search_term_string}\"},\"query-input\":\"required name=search_term_string\"}],\"inLanguage\":\"de\"},{\"@type\":\"Organization\",\"@id\":\"https:\/\/all-car-news.com\/de\/#organization\",\"name\":\"All cars news\",\"url\":\"https:\/\/all-car-news.com\/de\/\",\"logo\":{\"@type\":\"ImageObject\",\"inLanguage\":\"de\",\"@id\":\"https:\/\/all-car-news.com\/de\/#\/schema\/logo\/image\/\",\"url\":\"https:\/\/all-car-news.com\/wp-content\/uploads\/2022\/02\/CMYK-AllCarNews_LANDSCAPE_300px-1.png\",\"contentUrl\":\"https:\/\/all-car-news.com\/wp-content\/uploads\/2022\/02\/CMYK-AllCarNews_LANDSCAPE_300px-1.png\",\"width\":300,\"height\":100,\"caption\":\"All cars news\"},\"image\":{\"@id\":\"https:\/\/all-car-news.com\/de\/#\/schema\/logo\/image\/\"}}]}<\/script>\n<!-- \/ Yoast SEO plugin. -->","yoast_head_json":{"title":"Preis Audi Q6 e-tron mit 100 kWh-Batteriepaket angek\u00fcndigt - All cars news","robots":{"index":"index","follow":"follow","max-snippet":"max-snippet:-1","max-image-preview":"max-image-preview:large","max-video-preview":"max-video-preview:-1"},"canonical":"https:\/\/all-car-news.com\/de\/preis-audi-q6-e-tron-mit-100-kwh-batteriepaket-angekuendigt\/","og_locale":"de_DE","og_type":"article","og_title":"Preis Audi Q6 e-tron mit 100 kWh-Batteriepaket angek\u00fcndigt - All cars news","og_description":"Audi Q6 e-tron Preis Die Preise f\u00fcr den Audi Q6 e-tron mit 100 kWh Batterie beginnen bei 77.950 Euro. Gleichzeitig ist auch das Topmodell, der 360 kW (490 PS) starke Audi SQ6 e-tron, ab sofort bestellbar. Sp\u00e4ter in diesem Jahr werden auch zwei Versionen mit Heckantrieb folgen: eine Variante mit dem 100-kWh-Batteriepaket und damit eine [...]","og_url":"https:\/\/all-car-news.com\/de\/preis-audi-q6-e-tron-mit-100-kwh-batteriepaket-angekuendigt\/","og_site_name":"All cars news","article_published_time":"2024-04-12T12:28:47+00:00","og_image":[{"url":"https:\/\/autorai.nl\/wp-content\/uploads\/2024\/04\/audi-sq6-etron-prijs-nederland-foto4-1140x760.jpg"}],"twitter_card":"summary_large_image","twitter_misc":{"Gesch\u00e4tzte Lesezeit":"3\u00a0Minuten"},"schema":{"@context":"https:\/\/schema.org","@graph":[{"@type":"Article","@id":"https:\/\/all-car-news.com\/de\/preis-audi-q6-e-tron-mit-100-kwh-batteriepaket-angekuendigt\/#article","isPartOf":{"@id":"https:\/\/all-car-news.com\/de\/preis-audi-q6-e-tron-mit-100-kwh-batteriepaket-angekuendigt\/"},"author":{"name":"","@id":""},"headline":"Preis Audi Q6 e-tron mit 100 kWh-Batteriepaket angek\u00fcndigt","datePublished":"2024-04-12T12:28:47+00:00","dateModified":"2024-04-12T12:28:47+00:00","mainEntityOfPage":{"@id":"https:\/\/all-car-news.com\/de\/preis-audi-q6-e-tron-mit-100-kwh-batteriepaket-angekuendigt\/"},"wordCount":577,"publisher":{"@id":"https:\/\/all-car-news.com\/de\/#organization"},"articleSection":["Auto Nachrichten"],"inLanguage":"de"},{"@type":"WebPage","@id":"https:\/\/all-car-news.com\/de\/preis-audi-q6-e-tron-mit-100-kwh-batteriepaket-angekuendigt\/","url":"https:\/\/all-car-news.com\/de\/preis-audi-q6-e-tron-mit-100-kwh-batteriepaket-angekuendigt\/","name":"Preis Audi Q6 e-tron mit 100 kWh-Batteriepaket angek\u00fcndigt - All cars news","isPartOf":{"@id":"https:\/\/all-car-news.com\/de\/#website"},"datePublished":"2024-04-12T12:28:47+00:00","dateModified":"2024-04-12T12:28:47+00:00","breadcrumb":{"@id":"https:\/\/all-car-news.com\/de\/preis-audi-q6-e-tron-mit-100-kwh-batteriepaket-angekuendigt\/#breadcrumb"},"inLanguage":"de","potentialAction":[{"@type":"ReadAction","target":["https:\/\/all-car-news.com\/de\/preis-audi-q6-e-tron-mit-100-kwh-batteriepaket-angekuendigt\/"]}]},{"@type":"BreadcrumbList","@id":"https:\/\/all-car-news.com\/de\/preis-audi-q6-e-tron-mit-100-kwh-batteriepaket-angekuendigt\/#breadcrumb","itemListElement":[{"@type":"ListItem","position":1,"name":"Home","item":"https:\/\/all-car-news.com\/de\/"},{"@type":"ListItem","position":2,"name":"Preis Audi Q6 e-tron mit 100 kWh-Batteriepaket angek\u00fcndigt"}]},{"@type":"WebSite","@id":"https:\/\/all-car-news.com\/de\/#website","url":"https:\/\/all-car-news.com\/de\/","name":"All cars news","description":"","publisher":{"@id":"https:\/\/all-car-news.com\/de\/#organization"},"potentialAction":[{"@type":"SearchAction","target":{"@type":"EntryPoint","urlTemplate":"https:\/\/all-car-news.com\/de\/?s={search_term_string}"},"query-input":"required name=search_term_string"}],"inLanguage":"de"},{"@type":"Organization","@id":"https:\/\/all-car-news.com\/de\/#organization","name":"All cars news","url":"https:\/\/all-car-news.com\/de\/","logo":{"@type":"ImageObject","inLanguage":"de","@id":"https:\/\/all-car-news.com\/de\/#\/schema\/logo\/image\/","url":"https:\/\/all-car-news.com\/wp-content\/uploads\/2022\/02\/CMYK-AllCarNews_LANDSCAPE_300px-1.png","contentUrl":"https:\/\/all-car-news.com\/wp-content\/uploads\/2022\/02\/CMYK-AllCarNews_LANDSCAPE_300px-1.png","width":300,"height":100,"caption":"All cars news"},"image":{"@id":"https:\/\/all-car-news.com\/de\/#\/schema\/logo\/image\/"}}]}},"_links":{"self":[{"href":"https:\/\/all-car-news.com\/de\/wp-json\/wp\/v2\/posts\/144238","targetHints":{"allow":["GET"]}}],"collection":[{"href":"https:\/\/all-car-news.com\/de\/wp-json\/wp\/v2\/posts"}],"about":[{"href":"https:\/\/all-car-news.com\/de\/wp-json\/wp\/v2\/types\/post"}],"replies":[{"embeddable":true,"href":"https:\/\/all-car-news.com\/de\/wp-json\/wp\/v2\/comments?post=144238"}],"version-history":[{"count":0,"href":"https:\/\/all-car-news.com\/de\/wp-json\/wp\/v2\/posts\/144238\/revisions"}],"wp:featuredmedia":[{"embeddable":true,"href":"https:\/\/all-car-news.com\/de\/wp-json\/wp\/v2\/media\/144228"}],"wp:attachment":[{"href":"https:\/\/all-car-news.com\/de\/wp-json\/wp\/v2\/media?parent=144238"}],"wp:term":[{"taxonomy":"category","embeddable":true,"href":"https:\/\/all-car-news.com\/de\/wp-json\/wp\/v2\/categories?post=144238"},{"taxonomy":"post_tag","embeddable":true,"href":"https:\/\/all-car-news.com\/de\/wp-json\/wp\/v2\/tags?post=144238"}],"curies":[{"name":"wp","href":"https:\/\/api.w.org\/{rel}","templated":true}]}}