{"id":144061,"date":"2024-04-02T10:34:54","date_gmt":"2024-04-02T10:34:54","guid":{"rendered":"https:\/\/all-car-news.com\/pikant-die-ersten-fotos-des-abarth-600e\/"},"modified":"2024-04-02T10:34:54","modified_gmt":"2024-04-02T10:34:54","slug":"pikant-die-ersten-fotos-des-abarth-600e","status":"publish","type":"post","link":"https:\/\/all-car-news.com\/de\/pikant-die-ersten-fotos-des-abarth-600e\/","title":{"rendered":"Pikant: Die ersten Fotos des Abarth 600e"},"content":{"rendered":"<h2>Abarth 600e<\/h2>\n<p>Es ist eine festliche Woche f\u00fcr Abarth, denn das Unternehmen feiert sein 75-j\u00e4hriges Bestehen und bietet seinen Fans eine \u00dcberraschung: den ersten Blick auf den Abarth 600th Scorpionissima. Zuvor hatten wir bereits einige bearbeitete Fotos zu sehen bekommen, aber dieses Mal bekommen wir das Modell ohne digitalen Schnickschnack zu sehen. Auf den Fotos erstrahlt der Abarth 600e Scorpionissima in der auff\u00e4lligen Farbe Hypnotic Purple. Stolz ziert das Markenlogo die Seite, w\u00e4hrend imposante R\u00e4der, ein wuchtiger Diffusor und der gigantische Heckspoiler sofort ins Auge stechen.<\/p>\n<figure class=\"wp-block-image size-content\"><img decoding=\"async\" loading=\"lazy\" width=\"1140\" height=\"760\" src=\"https:\/\/autorai.nl\/wp-content\/uploads\/2024\/04\/02_Nieuwe-fotos-van-de-Abarth-600e-ter-ere-van-75-jarig-bestaan-1140x760.jpg\" alt=\"\" class=\"wp-image-176772\"><\/figure>\n<h2>Skorpion<\/h2>\n<p>Auch das Innere des neuen Abarth 600e Scorpionissima ist auf den Fotos zu sehen. Das Armaturenbrett ist mit einer auff\u00e4lligen Abarth Grafik versehen. Es gibt weitere auff\u00e4llige Details, wie den Skorpion auf dem Lenkrad und die farblich abgesetzten N\u00e4hte. Der sportliche Charakter des <a href=\"https:\/\/autorai.nl\/abarth-presenteert-eerste-foto-van-abarth-600e-scorpionissima\/\" target=\"_blank\" rel=\"noreferrer noopener\">Abarth 600e Scorpionissima<\/a> wird durch Schalensitze und ein Lenkrad mit Leder- und Alcantara-Eins\u00e4tzen noch unterstrichen. Im Juni wird Abarth den 240 PS starken Elektro-Crossover offiziell der Welt\u00f6ffentlichkeit vorstellen.<\/p>\n<figure class=\"wp-block-image size-content\"><img decoding=\"async\" loading=\"lazy\" width=\"1140\" height=\"759\" src=\"https:\/\/autorai.nl\/wp-content\/uploads\/2024\/04\/03_Nieuwe-fotos-van-de-Abarth-600e-ter-ere-van-75-jarig-bestaan-1140x759.jpg\" alt=\"\" class=\"wp-image-176773\"><\/figure>\n","protected":false},"excerpt":{"rendered":"Abarth 600e Es ist eine festliche Woche f\u00fcr Abarth, denn das Unternehmen feiert sein 75-j\u00e4hriges Bestehen und bietet seinen Fans&hellip;","protected":false},"author":0,"featured_media":144052,"comment_status":"","ping_status":"open","sticky":false,"template":"","format":"standard","meta":{"footnotes":""},"categories":[125],"tags":[],"class_list":["post-144061","post","type-post","status-publish","format-standard","has-post-thumbnail","hentry","category-auto-nachrichten"],"acf":[],"yoast_head":"<!-- This site is optimized with the Yoast SEO plugin v21.2 - https:\/\/yoast.com\/wordpress\/plugins\/seo\/ -->\n<title>Pikant: Die ersten Fotos des Abarth 600e - All cars news<\/title>\n<meta name=\"robots\" content=\"index, follow, max-snippet:-1, max-image-preview:large, max-video-preview:-1\" \/>\n<link rel=\"canonical\" href=\"https:\/\/all-car-news.com\/de\/pikant-die-ersten-fotos-des-abarth-600e\/\" \/>\n<meta property=\"og:locale\" content=\"de_DE\" \/>\n<meta property=\"og:type\" content=\"article\" \/>\n<meta property=\"og:title\" content=\"Pikant: Die ersten Fotos des Abarth 600e - All cars news\" \/>\n<meta property=\"og:description\" content=\"Abarth 600e Es ist eine festliche Woche f\u00fcr Abarth, denn das Unternehmen feiert sein 75-j\u00e4hriges Bestehen und bietet seinen Fans eine \u00dcberraschung: den ersten Blick auf den Abarth 600e Scorpionissima. Zuvor hatten wir bereits einige bearbeitete Fotos zu sehen bekommen, aber dieses Mal bekommen wir das Modell ohne digitalen Schnickschnack zu sehen. Auf den Fotos [...]\" \/>\n<meta property=\"og:url\" content=\"https:\/\/all-car-news.com\/de\/pikant-die-ersten-fotos-des-abarth-600e\/\" \/>\n<meta property=\"og:site_name\" content=\"All cars news\" \/>\n<meta property=\"article:published_time\" content=\"2024-04-02T10:34:54+00:00\" \/>\n<meta property=\"og:image\" content=\"https:\/\/autorai.nl\/wp-content\/uploads\/2024\/04\/02_Nieuwe-fotos-van-de-Abarth-600e-ter-ere-van-75-jarig-bestaan-1140x760.jpg\" \/>\n<meta name=\"twitter:card\" content=\"summary_large_image\" \/>\n<meta name=\"twitter:label1\" content=\"Gesch\u00e4tzte Lesezeit\" \/>\n\t<meta name=\"twitter:data1\" content=\"1\u00a0Minute\" \/>\n<script type=\"application\/ld+json\" class=\"yoast-schema-graph\">{\"@context\":\"https:\/\/schema.org\",\"@graph\":[{\"@type\":\"Article\",\"@id\":\"https:\/\/all-car-news.com\/de\/pikant-die-ersten-fotos-des-abarth-600e\/#article\",\"isPartOf\":{\"@id\":\"https:\/\/all-car-news.com\/de\/pikant-die-ersten-fotos-des-abarth-600e\/\"},\"author\":{\"name\":\"\",\"@id\":\"\"},\"headline\":\"Pikant: Die ersten Fotos des Abarth 600e\",\"datePublished\":\"2024-04-02T10:34:54+00:00\",\"dateModified\":\"2024-04-02T10:34:54+00:00\",\"mainEntityOfPage\":{\"@id\":\"https:\/\/all-car-news.com\/de\/pikant-die-ersten-fotos-des-abarth-600e\/\"},\"wordCount\":174,\"publisher\":{\"@id\":\"https:\/\/all-car-news.com\/de\/#organization\"},\"articleSection\":[\"Auto Nachrichten\"],\"inLanguage\":\"de\"},{\"@type\":\"WebPage\",\"@id\":\"https:\/\/all-car-news.com\/de\/pikant-die-ersten-fotos-des-abarth-600e\/\",\"url\":\"https:\/\/all-car-news.com\/de\/pikant-die-ersten-fotos-des-abarth-600e\/\",\"name\":\"Pikant: Die ersten Fotos des Abarth 600e - All cars news\",\"isPartOf\":{\"@id\":\"https:\/\/all-car-news.com\/de\/#website\"},\"datePublished\":\"2024-04-02T10:34:54+00:00\",\"dateModified\":\"2024-04-02T10:34:54+00:00\",\"breadcrumb\":{\"@id\":\"https:\/\/all-car-news.com\/de\/pikant-die-ersten-fotos-des-abarth-600e\/#breadcrumb\"},\"inLanguage\":\"de\",\"potentialAction\":[{\"@type\":\"ReadAction\",\"target\":[\"https:\/\/all-car-news.com\/de\/pikant-die-ersten-fotos-des-abarth-600e\/\"]}]},{\"@type\":\"BreadcrumbList\",\"@id\":\"https:\/\/all-car-news.com\/de\/pikant-die-ersten-fotos-des-abarth-600e\/#breadcrumb\",\"itemListElement\":[{\"@type\":\"ListItem\",\"position\":1,\"name\":\"Home\",\"item\":\"https:\/\/all-car-news.com\/de\/\"},{\"@type\":\"ListItem\",\"position\":2,\"name\":\"Pikant: Die ersten Fotos des Abarth 600e\"}]},{\"@type\":\"WebSite\",\"@id\":\"https:\/\/all-car-news.com\/de\/#website\",\"url\":\"https:\/\/all-car-news.com\/de\/\",\"name\":\"All cars news\",\"description\":\"\",\"publisher\":{\"@id\":\"https:\/\/all-car-news.com\/de\/#organization\"},\"potentialAction\":[{\"@type\":\"SearchAction\",\"target\":{\"@type\":\"EntryPoint\",\"urlTemplate\":\"https:\/\/all-car-news.com\/de\/?s={search_term_string}\"},\"query-input\":\"required name=search_term_string\"}],\"inLanguage\":\"de\"},{\"@type\":\"Organization\",\"@id\":\"https:\/\/all-car-news.com\/de\/#organization\",\"name\":\"All cars news\",\"url\":\"https:\/\/all-car-news.com\/de\/\",\"logo\":{\"@type\":\"ImageObject\",\"inLanguage\":\"de\",\"@id\":\"https:\/\/all-car-news.com\/de\/#\/schema\/logo\/image\/\",\"url\":\"https:\/\/all-car-news.com\/wp-content\/uploads\/2022\/02\/CMYK-AllCarNews_LANDSCAPE_300px-1.png\",\"contentUrl\":\"https:\/\/all-car-news.com\/wp-content\/uploads\/2022\/02\/CMYK-AllCarNews_LANDSCAPE_300px-1.png\",\"width\":300,\"height\":100,\"caption\":\"All cars news\"},\"image\":{\"@id\":\"https:\/\/all-car-news.com\/de\/#\/schema\/logo\/image\/\"}}]}<\/script>\n<!-- \/ Yoast SEO plugin. -->","yoast_head_json":{"title":"Pikant: Die ersten Fotos des Abarth 600e - All cars news","robots":{"index":"index","follow":"follow","max-snippet":"max-snippet:-1","max-image-preview":"max-image-preview:large","max-video-preview":"max-video-preview:-1"},"canonical":"https:\/\/all-car-news.com\/de\/pikant-die-ersten-fotos-des-abarth-600e\/","og_locale":"de_DE","og_type":"article","og_title":"Pikant: Die ersten Fotos des Abarth 600e - All cars news","og_description":"Abarth 600e Es ist eine festliche Woche f\u00fcr Abarth, denn das Unternehmen feiert sein 75-j\u00e4hriges Bestehen und bietet seinen Fans eine \u00dcberraschung: den ersten Blick auf den Abarth 600e Scorpionissima. Zuvor hatten wir bereits einige bearbeitete Fotos zu sehen bekommen, aber dieses Mal bekommen wir das Modell ohne digitalen Schnickschnack zu sehen. Auf den Fotos [...]","og_url":"https:\/\/all-car-news.com\/de\/pikant-die-ersten-fotos-des-abarth-600e\/","og_site_name":"All cars news","article_published_time":"2024-04-02T10:34:54+00:00","og_image":[{"url":"https:\/\/autorai.nl\/wp-content\/uploads\/2024\/04\/02_Nieuwe-fotos-van-de-Abarth-600e-ter-ere-van-75-jarig-bestaan-1140x760.jpg"}],"twitter_card":"summary_large_image","twitter_misc":{"Gesch\u00e4tzte Lesezeit":"1\u00a0Minute"},"schema":{"@context":"https:\/\/schema.org","@graph":[{"@type":"Article","@id":"https:\/\/all-car-news.com\/de\/pikant-die-ersten-fotos-des-abarth-600e\/#article","isPartOf":{"@id":"https:\/\/all-car-news.com\/de\/pikant-die-ersten-fotos-des-abarth-600e\/"},"author":{"name":"","@id":""},"headline":"Pikant: Die ersten Fotos des Abarth 600e","datePublished":"2024-04-02T10:34:54+00:00","dateModified":"2024-04-02T10:34:54+00:00","mainEntityOfPage":{"@id":"https:\/\/all-car-news.com\/de\/pikant-die-ersten-fotos-des-abarth-600e\/"},"wordCount":174,"publisher":{"@id":"https:\/\/all-car-news.com\/de\/#organization"},"articleSection":["Auto Nachrichten"],"inLanguage":"de"},{"@type":"WebPage","@id":"https:\/\/all-car-news.com\/de\/pikant-die-ersten-fotos-des-abarth-600e\/","url":"https:\/\/all-car-news.com\/de\/pikant-die-ersten-fotos-des-abarth-600e\/","name":"Pikant: Die ersten Fotos des Abarth 600e - All cars news","isPartOf":{"@id":"https:\/\/all-car-news.com\/de\/#website"},"datePublished":"2024-04-02T10:34:54+00:00","dateModified":"2024-04-02T10:34:54+00:00","breadcrumb":{"@id":"https:\/\/all-car-news.com\/de\/pikant-die-ersten-fotos-des-abarth-600e\/#breadcrumb"},"inLanguage":"de","potentialAction":[{"@type":"ReadAction","target":["https:\/\/all-car-news.com\/de\/pikant-die-ersten-fotos-des-abarth-600e\/"]}]},{"@type":"BreadcrumbList","@id":"https:\/\/all-car-news.com\/de\/pikant-die-ersten-fotos-des-abarth-600e\/#breadcrumb","itemListElement":[{"@type":"ListItem","position":1,"name":"Home","item":"https:\/\/all-car-news.com\/de\/"},{"@type":"ListItem","position":2,"name":"Pikant: Die ersten Fotos des Abarth 600e"}]},{"@type":"WebSite","@id":"https:\/\/all-car-news.com\/de\/#website","url":"https:\/\/all-car-news.com\/de\/","name":"All cars news","description":"","publisher":{"@id":"https:\/\/all-car-news.com\/de\/#organization"},"potentialAction":[{"@type":"SearchAction","target":{"@type":"EntryPoint","urlTemplate":"https:\/\/all-car-news.com\/de\/?s={search_term_string}"},"query-input":"required name=search_term_string"}],"inLanguage":"de"},{"@type":"Organization","@id":"https:\/\/all-car-news.com\/de\/#organization","name":"All cars news","url":"https:\/\/all-car-news.com\/de\/","logo":{"@type":"ImageObject","inLanguage":"de","@id":"https:\/\/all-car-news.com\/de\/#\/schema\/logo\/image\/","url":"https:\/\/all-car-news.com\/wp-content\/uploads\/2022\/02\/CMYK-AllCarNews_LANDSCAPE_300px-1.png","contentUrl":"https:\/\/all-car-news.com\/wp-content\/uploads\/2022\/02\/CMYK-AllCarNews_LANDSCAPE_300px-1.png","width":300,"height":100,"caption":"All cars news"},"image":{"@id":"https:\/\/all-car-news.com\/de\/#\/schema\/logo\/image\/"}}]}},"_links":{"self":[{"href":"https:\/\/all-car-news.com\/de\/wp-json\/wp\/v2\/posts\/144061","targetHints":{"allow":["GET"]}}],"collection":[{"href":"https:\/\/all-car-news.com\/de\/wp-json\/wp\/v2\/posts"}],"about":[{"href":"https:\/\/all-car-news.com\/de\/wp-json\/wp\/v2\/types\/post"}],"replies":[{"embeddable":true,"href":"https:\/\/all-car-news.com\/de\/wp-json\/wp\/v2\/comments?post=144061"}],"version-history":[{"count":0,"href":"https:\/\/all-car-news.com\/de\/wp-json\/wp\/v2\/posts\/144061\/revisions"}],"wp:featuredmedia":[{"embeddable":true,"href":"https:\/\/all-car-news.com\/de\/wp-json\/wp\/v2\/media\/144052"}],"wp:attachment":[{"href":"https:\/\/all-car-news.com\/de\/wp-json\/wp\/v2\/media?parent=144061"}],"wp:term":[{"taxonomy":"category","embeddable":true,"href":"https:\/\/all-car-news.com\/de\/wp-json\/wp\/v2\/categories?post=144061"},{"taxonomy":"post_tag","embeddable":true,"href":"https:\/\/all-car-news.com\/de\/wp-json\/wp\/v2\/tags?post=144061"}],"curies":[{"name":"wp","href":"https:\/\/api.w.org\/{rel}","templated":true}]}}