{"id":143568,"date":"2024-03-08T08:51:52","date_gmt":"2024-03-08T08:51:52","guid":{"rendered":"https:\/\/all-car-news.com\/ford-niederlande-feiert-100-jaehriges-jubilaeum\/"},"modified":"2024-03-08T08:51:52","modified_gmt":"2024-03-08T08:51:52","slug":"ford-niederlande-feiert-100-jaehriges-jubilaeum","status":"publish","type":"post","link":"https:\/\/all-car-news.com\/de\/ford-niederlande-feiert-100-jaehriges-jubilaeum\/","title":{"rendered":"Ford Niederlande feiert 100-j\u00e4hriges Jubil\u00e4um"},"content":{"rendered":"<h2>Die Geschichte von Ford in den Niederlanden<\/h2>\n<p>Am 6. M\u00e4rz 1924 wurde die Ford Motor Company of Holland mit einem Anfangskapital von 100.000 FL und einem Team von 55 Mitarbeitern gegr\u00fcndet. Das B\u00fcro, in dem Ford Niederlande 1924 seinen Anfang nahm, befand sich zun\u00e4chst in einem Rotterdamer Hotel. Die brandneue Niederlassung der damals gr\u00f6\u00dften Automarke der Welt hatte das Ziel, Autos in den Niederlanden zu montieren, wie es in anderen L\u00e4ndern \u00fcblich war. Im Jahr 1928, nur vier Jahre nach der Gr\u00fcndung von Ford Niederlande, belegte Ford bei der ersten offiziellen Z\u00e4hlung des niederl\u00e4ndischen Fahrzeugbestands mit satten 12.336 Fahrzeugen sofort den ersten Platz. Eine beeindruckende Leistung, bei der Chevrolet und Citro\u00ebn den zweiten bzw. dritten Platz belegten.<\/p>\n<h2>Niederl\u00e4ndische Amerikaner<\/h2>\n<p>Der Traum, Autos in den Niederlanden zu montieren, wurde 1932 mit der Er\u00f6ffnung der Ford-Fabrik am Nordseekanal verwirklicht. Das Gel\u00e4nde war von der Stadt Amsterdam angeboten worden, nachdem Henry Ford beschlossen hatte, dass alle Ford-Fabriken aus Gr\u00fcnden eines effizienten Transports direkt am Wasser angesiedelt werden sollten. Bis zum Beginn des Zweiten Weltkriegs liefen t\u00e4glich viele Autos vom Band, darunter auch das Ford Modell A, das im Volksmund als A-Ford bekannt ist.<\/p>\n<figure class=\"wp-block-image size-content\"><img decoding=\"async\" loading=\"lazy\" width=\"1140\" height=\"687\" src=\"https:\/\/autorai.nl\/wp-content\/uploads\/2024\/03\/ford-100-jaar-nederland-foto7-1140x687.jpg\" alt=\"Ford Niederlande: 100 Jahre\" class=\"wp-image-175459\"><\/figure>\n<h2>Anglia, Cortina, Corsair und Taunus<\/h2>\n<p>Nach einem schwierigen Neustart nach dem Krieg, der durch Materialengp\u00e4sse verursacht wurde, erlebte Ford Niederlande in den 1950er Jahren ein enormes Wachstum, wobei Modelle wie der Anglia, Cortina, Corsair und Taunus in gro\u00dfen Mengen gebaut und verkauft wurden. In den sp\u00e4ten 1960er Jahren wurde sogar der legend\u00e4re Ford Mustang in Amsterdam gebaut. Viele dieser Modelle waren im niederl\u00e4ndischen Stra\u00dfenbild in gro\u00dfer Zahl vertreten. Schon damals bekam der Autok\u00e4ufer beim Kauf eines Ford ein gutes Preis-Leistungs-Verh\u00e4ltnis. Das erkl\u00e4rt, warum viele Generationen in den Niederlanden auf dem R\u00fccksitz eines Fords aufgewachsen sind.<\/p>\n<h2>Montage von Lieferwagen und Lastwagen<\/h2>\n<p>Ab Anfang der 1970er Jahre verlagerte sich der Schwerpunkt des Ford-Werks auf die Montage von Transportern und Lastkraftwagen, wie dem Transit und dem Transcontinental. Damit wurde das Werk auch zur Geburtsst\u00e4tte der Erfolgsgeschichte, die heute unter dem Namen Ford Pro&nbsp;firmiert und eine breite Palette von Nutzfahrzeugen und Dienstleistungen anbietet, die es dem niederl\u00e4ndischen Unternehmer erm\u00f6glichen, sich auf seine erfolgreiche Gesch\u00e4ftst\u00e4tigkeit zu konzentrieren. Die niederl\u00e4ndische Produktion wurde 1983 eingestellt, doch Ford Niederlande blieb als &#8222;Nationale Vertriebsgesellschaft&#8220; mit einem ausgedehnten Netz von H\u00e4ndlern und Servicepartnern im ganzen Land t\u00e4tig.<\/p>\n<figure class=\"wp-block-image size-content\"><img decoding=\"async\" loading=\"lazy\" width=\"1140\" height=\"760\" src=\"https:\/\/autorai.nl\/wp-content\/uploads\/2024\/03\/ford-100-jaar-nederland-foto8-1140x760.jpg\" alt=\"Ford Niederlande: 100 Jahre\" class=\"wp-image-175460\"><\/figure>\n<h2>Escort, Sierra, Mondeo und Transit<\/h2>\n<p>Auch heute noch ist Ford eine feste Gr\u00f6\u00dfe in den Niederlanden. In den letzten hundert Jahren wurden etwa 1,5 Millionen Ford verkauft, was bedeutet, dass fast in jeder Familie jemand einen Ford besitzt oder irgendwann besessen hat. Ikonische Modelle wie der Escort, der Sierra, der Mondeo und der Transit sind fast schon selbst zu Konzepten geworden. Das gilt zum Beispiel auch f\u00fcr den Focus und den Fiesta, die an jeder Stra\u00dfenecke zu finden sind und laut RDW sogar zu den h\u00e4ufigsten Modellen in den Niederlanden geh\u00f6ren.<\/p>\n<div class=\"galery shuffle galery-0\">\n<figure>\n\t\t\t\t\t<span style=\"cursor: pointer\" data-src=\"https:\/\/autorai.nl\/wp-content\/uploads\/2024\/03\/ford-100-jaar-nederland-foto13-1600x1064.jpg\" data-fancybox=\"galery-0\" title=\"\"><br \/>\n\t\t\t\t\t\t\t<img decoding=\"async\" width=\"640\" height=\"480\" src=\"https:\/\/autorai.nl\/wp-content\/uploads\/2024\/03\/ford-100-jaar-nederland-foto13-640x480.jpg\" class=\"attachment-medium size-medium\" alt=\"\" loading=\"lazy\"><i class=\"fa fa-search-plus\" aria-hidden=\"true\"><\/i><br \/>\n\t\t\t\t\t\t<\/span><br \/>\n\t\t\t\t\t<\/figure>\n<figure>\n\t\t\t\t\t<span style=\"cursor: pointer\" data-src=\"https:\/\/autorai.nl\/wp-content\/uploads\/2024\/03\/ford-100-jaar-nederland-foto12-1147x1600.jpg\" data-fancybox=\"galery-0\" title=\"\"><br \/>\n\t\t\t\t\t\t\t<img decoding=\"async\" width=\"360\" height=\"270\" src=\"https:\/\/autorai.nl\/wp-content\/uploads\/2024\/03\/ford-100-jaar-nederland-foto12-360x270.jpg\" class=\"attachment-small size-small\" alt=\"\" loading=\"lazy\"><i class=\"fa fa-search-plus\" aria-hidden=\"true\"><\/i><br \/>\n\t\t\t\t\t\t<\/span><br \/>\n\t\t\t\t\t<\/figure>\n<figure>\n\t\t\t\t\t<span style=\"cursor: pointer\" data-src=\"https:\/\/autorai.nl\/wp-content\/uploads\/2024\/03\/ford-100-jaar-nederland-foto11-1600x963.jpg\" data-fancybox=\"galery-0\" title=\"\"><br \/>\n\t\t\t\t\t\t\t<img decoding=\"async\" width=\"360\" height=\"270\" src=\"https:\/\/autorai.nl\/wp-content\/uploads\/2024\/03\/ford-100-jaar-nederland-foto11-360x270.jpg\" class=\"attachment-small size-small\" alt=\"\" loading=\"lazy\"><i class=\"fa fa-search-plus\" aria-hidden=\"true\"><\/i><br \/>\n\t\t\t\t\t\t<\/span><br \/>\n\t\t\t\t\t<\/figure>\n<figure>\n\t\t\t\t\t<span style=\"cursor: pointer\" data-src=\"https:\/\/autorai.nl\/wp-content\/uploads\/2024\/03\/ford-100-jaar-nederland-foto10-1600x1064.jpg\" data-fancybox=\"galery-0\" title=\"\"><br \/>\n\t\t\t\t\t\t\t<img decoding=\"async\" width=\"640\" height=\"480\" src=\"https:\/\/autorai.nl\/wp-content\/uploads\/2024\/03\/ford-100-jaar-nederland-foto10-640x480.jpg\" class=\"attachment-medium size-medium\" alt=\"\" loading=\"lazy\"><i class=\"fa fa-search-plus\" aria-hidden=\"true\"><\/i><br \/>\n\t\t\t\t\t\t<\/span><br \/>\n\t\t\t\t\t<\/figure>\n<figure>\n\t\t\t\t\t<span style=\"cursor: pointer\" data-src=\"https:\/\/autorai.nl\/wp-content\/uploads\/2024\/03\/ford-100-jaar-nederland-foto9-1073x1600.jpg\" data-fancybox=\"galery-0\" title=\"\"><br \/>\n\t\t\t\t\t\t\t<img decoding=\"async\" width=\"360\" height=\"270\" src=\"https:\/\/autorai.nl\/wp-content\/uploads\/2024\/03\/ford-100-jaar-nederland-foto9-360x270.jpg\" class=\"attachment-small size-small\" alt=\"\" loading=\"lazy\"><i class=\"fa fa-search-plus\" aria-hidden=\"true\"><\/i><br \/>\n\t\t\t\t\t\t<\/span><br \/>\n\t\t\t\t\t<\/figure>\n<figure>\n\t\t\t\t\t<span style=\"cursor: pointer\" data-src=\"https:\/\/autorai.nl\/wp-content\/uploads\/2024\/03\/ford-100-jaar-nederland-foto8-1600x1067.jpg\" data-fancybox=\"galery-0\" title=\"\"><br \/>\n\t\t\t\t\t\t\t<img decoding=\"async\" width=\"360\" height=\"270\" src=\"https:\/\/autorai.nl\/wp-content\/uploads\/2024\/03\/ford-100-jaar-nederland-foto8-360x270.jpg\" class=\"attachment-small size-small\" alt=\"Ford Niederlande: 100 Jahre\" loading=\"lazy\"><i class=\"fa fa-search-plus\" aria-hidden=\"true\"><\/i><br \/>\n\t\t\t\t\t\t<\/span><br \/>\n\t\t\t\t\t<\/figure>\n<figure>\n\t\t\t\t\t<span style=\"cursor: pointer\" data-src=\"https:\/\/autorai.nl\/wp-content\/uploads\/2024\/03\/ford-100-jaar-nederland-foto6-1600x1600.jpg\" data-fancybox=\"galery-0\" title=\"\"><br \/>\n\t\t\t\t\t\t\t<img decoding=\"async\" width=\"640\" height=\"480\" src=\"https:\/\/autorai.nl\/wp-content\/uploads\/2024\/03\/ford-100-jaar-nederland-foto6-640x480.jpg\" class=\"attachment-medium size-medium\" alt=\"\" loading=\"lazy\"><i class=\"fa fa-search-plus\" aria-hidden=\"true\"><\/i><br \/>\n\t\t\t\t\t\t<\/span><br \/>\n\t\t\t\t\t<\/figure>\n<figure>\n\t\t\t\t\t<span style=\"cursor: pointer\" data-src=\"https:\/\/autorai.nl\/wp-content\/uploads\/2024\/03\/ford-100-jaar-nederland-foto5-1600x1067.jpg\" data-fancybox=\"galery-0\" title=\"\"><br \/>\n\t\t\t\t\t\t\t<img decoding=\"async\" width=\"360\" height=\"270\" src=\"https:\/\/autorai.nl\/wp-content\/uploads\/2024\/03\/ford-100-jaar-nederland-foto5-360x270.jpg\" class=\"attachment-small size-small\" alt=\"Ford Niederlande: 100 Jahre\" loading=\"lazy\"><i class=\"fa fa-search-plus\" aria-hidden=\"true\"><\/i><br \/>\n\t\t\t\t\t\t<\/span><br \/>\n\t\t\t\t\t<\/figure>\n<figure>\n\t\t\t\t\t<span style=\"cursor: pointer\" data-src=\"https:\/\/autorai.nl\/wp-content\/uploads\/2024\/03\/ford-100-jaar-nederland-foto4-1600x1108.jpg\" data-fancybox=\"galery-0\" title=\"\"><br \/>\n\t\t\t\t\t\t\t<img decoding=\"async\" width=\"360\" height=\"270\" src=\"https:\/\/autorai.nl\/wp-content\/uploads\/2024\/03\/ford-100-jaar-nederland-foto4-360x270.jpg\" class=\"attachment-small size-small\" alt=\"\" loading=\"lazy\"><i class=\"fa fa-search-plus\" aria-hidden=\"true\"><\/i><br \/>\n\t\t\t\t\t\t<\/span><br \/>\n\t\t\t\t\t<\/figure>\n<figure>\n\t\t\t\t\t<span style=\"cursor: pointer\" data-src=\"https:\/\/autorai.nl\/wp-content\/uploads\/2024\/03\/ford-100-jaar-nederland-foto3-1600x1600.jpg\" data-fancybox=\"galery-0\" title=\"\"><br \/>\n\t\t\t\t\t\t\t<img decoding=\"async\" width=\"640\" height=\"480\" src=\"https:\/\/autorai.nl\/wp-content\/uploads\/2024\/03\/ford-100-jaar-nederland-foto3-640x480.jpg\" class=\"attachment-medium size-medium\" alt=\"\" loading=\"lazy\"><i class=\"fa fa-search-plus\" aria-hidden=\"true\"><\/i><br \/>\n\t\t\t\t\t\t<\/span><br \/>\n\t\t\t\t\t<\/figure>\n<figure>\n\t\t\t\t\t<span style=\"cursor: pointer\" data-src=\"https:\/\/autorai.nl\/wp-content\/uploads\/2024\/03\/ford-100-jaar-nederland-foto2-1600x1600.jpg\" data-fancybox=\"galery-0\" title=\"\"><br \/>\n\t\t\t\t\t\t\t<img decoding=\"async\" width=\"360\" height=\"270\" src=\"https:\/\/autorai.nl\/wp-content\/uploads\/2024\/03\/ford-100-jaar-nederland-foto2-360x270.jpg\" class=\"attachment-small size-small\" alt=\"\" loading=\"lazy\"><i class=\"fa fa-search-plus\" aria-hidden=\"true\"><\/i><br \/>\n\t\t\t\t\t\t<\/span><br \/>\n\t\t\t\t\t<\/figure>\n<figure>\n\t\t\t\t\t<span style=\"cursor: pointer\" data-src=\"https:\/\/autorai.nl\/wp-content\/uploads\/2024\/03\/ford-100-jaar-nederland-foto1-1600x1067.jpg\" data-fancybox=\"galery-0\" title=\"\"><br \/>\n\t\t\t\t\t\t\t<img decoding=\"async\" width=\"360\" height=\"270\" src=\"https:\/\/autorai.nl\/wp-content\/uploads\/2024\/03\/ford-100-jaar-nederland-foto1-360x270.jpg\" class=\"attachment-small size-small\" alt=\"\" loading=\"lazy\"><i class=\"fa fa-search-plus\" aria-hidden=\"true\"><\/i><br \/>\n\t\t\t\t\t\t<\/span><br \/>\n\t\t\t\t\t<\/figure>\n<div class=\"clear\"><\/div>\n<\/div>\n","protected":false},"excerpt":{"rendered":"Geschichte Ford in den Niederlanden Am 6. M\u00e4rz 1924 wurde die Ford Motor Company of Holland mit einem Startkapital von&hellip;","protected":false},"author":0,"featured_media":143561,"comment_status":"","ping_status":"open","sticky":false,"template":"","format":"standard","meta":{"footnotes":""},"categories":[125],"tags":[],"class_list":["post-143568","post","type-post","status-publish","format-standard","has-post-thumbnail","hentry","category-auto-nachrichten"],"acf":[],"yoast_head":"<!-- This site is optimized with the Yoast SEO plugin v21.2 - https:\/\/yoast.com\/wordpress\/plugins\/seo\/ -->\n<title>Ford Niederlande feiert 100-j\u00e4hriges Jubil\u00e4um - All cars news<\/title>\n<meta name=\"robots\" content=\"index, follow, max-snippet:-1, max-image-preview:large, max-video-preview:-1\" \/>\n<link rel=\"canonical\" href=\"https:\/\/all-car-news.com\/de\/ford-niederlande-feiert-100-jaehriges-jubilaeum\/\" \/>\n<meta property=\"og:locale\" content=\"de_DE\" \/>\n<meta property=\"og:type\" content=\"article\" \/>\n<meta property=\"og:title\" content=\"Ford Niederlande feiert 100-j\u00e4hriges Jubil\u00e4um - All cars news\" \/>\n<meta property=\"og:description\" content=\"Geschichte Ford in den Niederlanden Am 6. M\u00e4rz 1924 wurde die Ford Motor Company of Holland mit einem Startkapital von 100.000 FL und einem Team von 55 Mitarbeitern gegr\u00fcndet. Das B\u00fcro, in dem Ford Niederlande 1924 seinen Anfang nahm, befand sich zun\u00e4chst in einem Rotterdamer Hotel. Der brandneue Zweig der damals gr\u00f6\u00dften Automarke der Welt hatte zum Ziel, [...]\" \/>\n<meta property=\"og:url\" content=\"https:\/\/all-car-news.com\/de\/ford-niederlande-feiert-100-jaehriges-jubilaeum\/\" \/>\n<meta property=\"og:site_name\" content=\"All cars news\" \/>\n<meta property=\"article:published_time\" content=\"2024-03-08T08:51:52+00:00\" \/>\n<meta property=\"og:image\" content=\"https:\/\/autorai.nl\/wp-content\/uploads\/2024\/03\/ford-100-jaar-nederland-foto7-1140x687.jpg\" \/>\n<meta name=\"twitter:card\" content=\"summary_large_image\" \/>\n<meta name=\"twitter:label1\" content=\"Gesch\u00e4tzte Lesezeit\" \/>\n\t<meta name=\"twitter:data1\" content=\"2\u00a0Minuten\" \/>\n<script type=\"application\/ld+json\" class=\"yoast-schema-graph\">{\"@context\":\"https:\/\/schema.org\",\"@graph\":[{\"@type\":\"Article\",\"@id\":\"https:\/\/all-car-news.com\/de\/ford-niederlande-feiert-100-jaehriges-jubilaeum\/#article\",\"isPartOf\":{\"@id\":\"https:\/\/all-car-news.com\/de\/ford-niederlande-feiert-100-jaehriges-jubilaeum\/\"},\"author\":{\"name\":\"\",\"@id\":\"\"},\"headline\":\"Ford Niederlande feiert 100-j\u00e4hriges Jubil\u00e4um\",\"datePublished\":\"2024-03-08T08:51:52+00:00\",\"dateModified\":\"2024-03-08T08:51:52+00:00\",\"mainEntityOfPage\":{\"@id\":\"https:\/\/all-car-news.com\/de\/ford-niederlande-feiert-100-jaehriges-jubilaeum\/\"},\"wordCount\":506,\"publisher\":{\"@id\":\"https:\/\/all-car-news.com\/de\/#organization\"},\"articleSection\":[\"Auto Nachrichten\"],\"inLanguage\":\"de\"},{\"@type\":\"WebPage\",\"@id\":\"https:\/\/all-car-news.com\/de\/ford-niederlande-feiert-100-jaehriges-jubilaeum\/\",\"url\":\"https:\/\/all-car-news.com\/de\/ford-niederlande-feiert-100-jaehriges-jubilaeum\/\",\"name\":\"Ford Niederlande feiert 100-j\u00e4hriges Jubil\u00e4um - All cars news\",\"isPartOf\":{\"@id\":\"https:\/\/all-car-news.com\/de\/#website\"},\"datePublished\":\"2024-03-08T08:51:52+00:00\",\"dateModified\":\"2024-03-08T08:51:52+00:00\",\"breadcrumb\":{\"@id\":\"https:\/\/all-car-news.com\/de\/ford-niederlande-feiert-100-jaehriges-jubilaeum\/#breadcrumb\"},\"inLanguage\":\"de\",\"potentialAction\":[{\"@type\":\"ReadAction\",\"target\":[\"https:\/\/all-car-news.com\/de\/ford-niederlande-feiert-100-jaehriges-jubilaeum\/\"]}]},{\"@type\":\"BreadcrumbList\",\"@id\":\"https:\/\/all-car-news.com\/de\/ford-niederlande-feiert-100-jaehriges-jubilaeum\/#breadcrumb\",\"itemListElement\":[{\"@type\":\"ListItem\",\"position\":1,\"name\":\"Home\",\"item\":\"https:\/\/all-car-news.com\/de\/\"},{\"@type\":\"ListItem\",\"position\":2,\"name\":\"Ford Niederlande feiert 100-j\u00e4hriges Jubil\u00e4um\"}]},{\"@type\":\"WebSite\",\"@id\":\"https:\/\/all-car-news.com\/de\/#website\",\"url\":\"https:\/\/all-car-news.com\/de\/\",\"name\":\"All cars news\",\"description\":\"\",\"publisher\":{\"@id\":\"https:\/\/all-car-news.com\/de\/#organization\"},\"potentialAction\":[{\"@type\":\"SearchAction\",\"target\":{\"@type\":\"EntryPoint\",\"urlTemplate\":\"https:\/\/all-car-news.com\/de\/?s={search_term_string}\"},\"query-input\":\"required name=search_term_string\"}],\"inLanguage\":\"de\"},{\"@type\":\"Organization\",\"@id\":\"https:\/\/all-car-news.com\/de\/#organization\",\"name\":\"All cars news\",\"url\":\"https:\/\/all-car-news.com\/de\/\",\"logo\":{\"@type\":\"ImageObject\",\"inLanguage\":\"de\",\"@id\":\"https:\/\/all-car-news.com\/de\/#\/schema\/logo\/image\/\",\"url\":\"https:\/\/all-car-news.com\/wp-content\/uploads\/2022\/02\/CMYK-AllCarNews_LANDSCAPE_300px-1.png\",\"contentUrl\":\"https:\/\/all-car-news.com\/wp-content\/uploads\/2022\/02\/CMYK-AllCarNews_LANDSCAPE_300px-1.png\",\"width\":300,\"height\":100,\"caption\":\"All cars news\"},\"image\":{\"@id\":\"https:\/\/all-car-news.com\/de\/#\/schema\/logo\/image\/\"}}]}<\/script>\n<!-- \/ Yoast SEO plugin. -->","yoast_head_json":{"title":"Ford Niederlande feiert 100-j\u00e4hriges Jubil\u00e4um - All cars news","robots":{"index":"index","follow":"follow","max-snippet":"max-snippet:-1","max-image-preview":"max-image-preview:large","max-video-preview":"max-video-preview:-1"},"canonical":"https:\/\/all-car-news.com\/de\/ford-niederlande-feiert-100-jaehriges-jubilaeum\/","og_locale":"de_DE","og_type":"article","og_title":"Ford Niederlande feiert 100-j\u00e4hriges Jubil\u00e4um - All cars news","og_description":"Geschichte Ford in den Niederlanden Am 6. M\u00e4rz 1924 wurde die Ford Motor Company of Holland mit einem Startkapital von 100.000 FL und einem Team von 55 Mitarbeitern gegr\u00fcndet. Das B\u00fcro, in dem Ford Niederlande 1924 seinen Anfang nahm, befand sich zun\u00e4chst in einem Rotterdamer Hotel. Der brandneue Zweig der damals gr\u00f6\u00dften Automarke der Welt hatte zum Ziel, [...]","og_url":"https:\/\/all-car-news.com\/de\/ford-niederlande-feiert-100-jaehriges-jubilaeum\/","og_site_name":"All cars news","article_published_time":"2024-03-08T08:51:52+00:00","og_image":[{"url":"https:\/\/autorai.nl\/wp-content\/uploads\/2024\/03\/ford-100-jaar-nederland-foto7-1140x687.jpg"}],"twitter_card":"summary_large_image","twitter_misc":{"Gesch\u00e4tzte Lesezeit":"2\u00a0Minuten"},"schema":{"@context":"https:\/\/schema.org","@graph":[{"@type":"Article","@id":"https:\/\/all-car-news.com\/de\/ford-niederlande-feiert-100-jaehriges-jubilaeum\/#article","isPartOf":{"@id":"https:\/\/all-car-news.com\/de\/ford-niederlande-feiert-100-jaehriges-jubilaeum\/"},"author":{"name":"","@id":""},"headline":"Ford Niederlande feiert 100-j\u00e4hriges Jubil\u00e4um","datePublished":"2024-03-08T08:51:52+00:00","dateModified":"2024-03-08T08:51:52+00:00","mainEntityOfPage":{"@id":"https:\/\/all-car-news.com\/de\/ford-niederlande-feiert-100-jaehriges-jubilaeum\/"},"wordCount":506,"publisher":{"@id":"https:\/\/all-car-news.com\/de\/#organization"},"articleSection":["Auto Nachrichten"],"inLanguage":"de"},{"@type":"WebPage","@id":"https:\/\/all-car-news.com\/de\/ford-niederlande-feiert-100-jaehriges-jubilaeum\/","url":"https:\/\/all-car-news.com\/de\/ford-niederlande-feiert-100-jaehriges-jubilaeum\/","name":"Ford Niederlande feiert 100-j\u00e4hriges Jubil\u00e4um - All cars news","isPartOf":{"@id":"https:\/\/all-car-news.com\/de\/#website"},"datePublished":"2024-03-08T08:51:52+00:00","dateModified":"2024-03-08T08:51:52+00:00","breadcrumb":{"@id":"https:\/\/all-car-news.com\/de\/ford-niederlande-feiert-100-jaehriges-jubilaeum\/#breadcrumb"},"inLanguage":"de","potentialAction":[{"@type":"ReadAction","target":["https:\/\/all-car-news.com\/de\/ford-niederlande-feiert-100-jaehriges-jubilaeum\/"]}]},{"@type":"BreadcrumbList","@id":"https:\/\/all-car-news.com\/de\/ford-niederlande-feiert-100-jaehriges-jubilaeum\/#breadcrumb","itemListElement":[{"@type":"ListItem","position":1,"name":"Home","item":"https:\/\/all-car-news.com\/de\/"},{"@type":"ListItem","position":2,"name":"Ford Niederlande feiert 100-j\u00e4hriges Jubil\u00e4um"}]},{"@type":"WebSite","@id":"https:\/\/all-car-news.com\/de\/#website","url":"https:\/\/all-car-news.com\/de\/","name":"All cars news","description":"","publisher":{"@id":"https:\/\/all-car-news.com\/de\/#organization"},"potentialAction":[{"@type":"SearchAction","target":{"@type":"EntryPoint","urlTemplate":"https:\/\/all-car-news.com\/de\/?s={search_term_string}"},"query-input":"required name=search_term_string"}],"inLanguage":"de"},{"@type":"Organization","@id":"https:\/\/all-car-news.com\/de\/#organization","name":"All cars news","url":"https:\/\/all-car-news.com\/de\/","logo":{"@type":"ImageObject","inLanguage":"de","@id":"https:\/\/all-car-news.com\/de\/#\/schema\/logo\/image\/","url":"https:\/\/all-car-news.com\/wp-content\/uploads\/2022\/02\/CMYK-AllCarNews_LANDSCAPE_300px-1.png","contentUrl":"https:\/\/all-car-news.com\/wp-content\/uploads\/2022\/02\/CMYK-AllCarNews_LANDSCAPE_300px-1.png","width":300,"height":100,"caption":"All cars news"},"image":{"@id":"https:\/\/all-car-news.com\/de\/#\/schema\/logo\/image\/"}}]}},"_links":{"self":[{"href":"https:\/\/all-car-news.com\/de\/wp-json\/wp\/v2\/posts\/143568","targetHints":{"allow":["GET"]}}],"collection":[{"href":"https:\/\/all-car-news.com\/de\/wp-json\/wp\/v2\/posts"}],"about":[{"href":"https:\/\/all-car-news.com\/de\/wp-json\/wp\/v2\/types\/post"}],"replies":[{"embeddable":true,"href":"https:\/\/all-car-news.com\/de\/wp-json\/wp\/v2\/comments?post=143568"}],"version-history":[{"count":0,"href":"https:\/\/all-car-news.com\/de\/wp-json\/wp\/v2\/posts\/143568\/revisions"}],"wp:featuredmedia":[{"embeddable":true,"href":"https:\/\/all-car-news.com\/de\/wp-json\/wp\/v2\/media\/143561"}],"wp:attachment":[{"href":"https:\/\/all-car-news.com\/de\/wp-json\/wp\/v2\/media?parent=143568"}],"wp:term":[{"taxonomy":"category","embeddable":true,"href":"https:\/\/all-car-news.com\/de\/wp-json\/wp\/v2\/categories?post=143568"},{"taxonomy":"post_tag","embeddable":true,"href":"https:\/\/all-car-news.com\/de\/wp-json\/wp\/v2\/tags?post=143568"}],"curies":[{"name":"wp","href":"https:\/\/api.w.org\/{rel}","templated":true}]}}