{"id":143535,"date":"2023-12-04T08:19:15","date_gmt":"2023-12-04T08:19:15","guid":{"rendered":"https:\/\/all-car-news.com\/serienversion-des-toyota-urban-suv-kommt-bereits-2024-auf-den-markt\/"},"modified":"2023-12-04T08:19:15","modified_gmt":"2023-12-04T08:19:15","slug":"serienversion-des-toyota-urban-suv-kommt-bereits-2024-auf-den-markt","status":"publish","type":"post","link":"https:\/\/all-car-news.com\/de\/serienversion-des-toyota-urban-suv-kommt-bereits-2024-auf-den-markt\/","title":{"rendered":"Serienversion des Toyota Urban SUV kommt bereits 2024 auf den Markt"},"content":{"rendered":"<h2>Sechs BEV-Modelle<\/h2>\n<p>Toyota plant, bis 2026 sechs BEV-Modelle in Europa einzuf\u00fchren. Eine breite Palette an elektrifizierten Modellen wird Toyota Motor Europe dabei helfen, sein Ziel zu erreichen, bis 2035 ausschlie\u00dflich emissionsfreie Fahrzeuge anzubieten und bis 2040 vollst\u00e4ndig kohlenstoffneutral zu sein. Das Toyota Urban SUV Concept ist eines dieser Modelle. Der Wagen ist im B-Segment angesiedelt.<\/p>\n<h2>Toyota bringt Elektro-SUV im B-Segment auf den Markt! &#8211; TOYOTA URBAN SUV CONCEPT &#8211; AutoRAI TV<\/h2>\n<\/p>\n<figure class=\"wp-block-embed is-type-video is-provider-youtube wp-block-embed-youtube wp-embed-aspect-16-9 wp-has-aspect-ratio\">\n<div class=\"wp-block-embed__wrapper\">\n<\/div>\n<\/figure>\n<h2>B-Segment<\/h2>\n<p>Das Toyota Urban SUV Concept wird zusammen mit dem Toyota Yaris Cross in die Produktpalette von Toyota aufgenommen. Viele Informationen sind noch nicht bekannt. Laut Toyota hat das Modell &#8222;eine kompakte Karosserie mit kr\u00e4ftigen Schultern und einer hohen Sitzposition&#8220;. Der Hersteller sagt au\u00dferdem Folgendes: &#8222;Der flexible Innenraum, der sich verstellen l\u00e4sst, um mehr Beinfreiheit f\u00fcr die Fondpassagiere oder alternativ mehr Gep\u00e4ckraum zu schaffen, nutzt den Innenraum optimal aus.&#8220;<\/p>\n<figure class=\"wp-block-image size-content\"><img decoding=\"async\" loading=\"lazy\" width=\"1140\" height=\"641\" src=\"https:\/\/autorai.nl\/wp-content\/uploads\/2023\/12\/toyota-urban-suv-concept-foto16-1140x641.jpg\" alt=\"Toyota Urban SUV\" class=\"wp-image-170208\"><\/figure>\n<h2>Zwei Batterien f\u00fcr die Produktionsversion<\/h2>\n<p>Die Serienversion wird mit zwei Batterien unterschiedlicher Kapazit\u00e4t erh\u00e4ltlich sein, um den Anforderungen an Budget und Reichweite gerecht zu werden. Toyota wird weitere Details sowie das Serienmodell dieses batterieelektrischen SUVs im Jahr 2024 vorstellen.<\/p>\n<h2>Namensgebung Toyota<\/h2>\n<p>Dass Toyota sich f\u00fcr einen Modellnamen mit &#8218;bZ&#8216; in der Bezeichnung entscheiden wird, ist noch nicht ganz sicher. Sonst h\u00e4tte Toyota dieses Modell auch als &#8218;bZ2&#8216; angek\u00fcndigt. Es besteht die M\u00f6glichkeit, dass Toyota zu einer anderen Namensstrategie \u00fcbergehen wird. Auf dem K\u00fchlergrill dieses Studienmodells steht immer noch dezent &#8222;bZ&#8220;, eine Abk\u00fcrzung f\u00fcr Beyond Zero. Doch w\u00e4hrend der Pr\u00e4sentation wurde dieser Begriff &#8211; geschweige denn die bZ &#8211; v\u00f6llig ausgeblendet. Dies deutet darauf hin, dass Toyota \u00fcber andere Namensgebungen nachdenkt.<\/p>\n<h2>Spezifikationen des Toyota Urban SUV Concept<\/h2>\n<p><strong>L\u00e4nge<\/strong>: 4.300 mm<br \/><strong>Breite<\/strong>: 1.820 mm<br \/><strong>H\u00f6he<\/strong>: 1.620 mm<\/p>\n<div class=\"galery shuffle galery-0\">\n<figure>\n\t\t\t\t\t<span style=\"cursor: pointer\" data-src=\"https:\/\/autorai.nl\/wp-content\/uploads\/2023\/12\/toyota-urban-suv-concept-foto21-1600x900.jpg\" data-fancybox=\"galery-0\" title=\"\"><br \/>\n\t\t\t\t\t\t\t<img decoding=\"async\" width=\"640\" height=\"480\" src=\"https:\/\/autorai.nl\/wp-content\/uploads\/2023\/12\/toyota-urban-suv-concept-foto21-640x480.jpg\" class=\"attachment-medium size-medium\" alt=\"\" loading=\"lazy\"><i class=\"fa fa-search-plus\" aria-hidden=\"true\"><\/i><br \/>\n\t\t\t\t\t\t<\/span><br \/>\n\t\t\t\t\t<\/figure>\n<figure>\n\t\t\t\t\t<span style=\"cursor: pointer\" data-src=\"https:\/\/autorai.nl\/wp-content\/uploads\/2023\/12\/toyota-urban-suv-concept-foto20-1600x900.jpg\" data-fancybox=\"galery-0\" title=\"\"><br \/>\n\t\t\t\t\t\t\t<img decoding=\"async\" width=\"360\" height=\"270\" src=\"https:\/\/autorai.nl\/wp-content\/uploads\/2023\/12\/toyota-urban-suv-concept-foto20-360x270.jpg\" class=\"attachment-small size-small\" alt=\"\" loading=\"lazy\"><i class=\"fa fa-search-plus\" aria-hidden=\"true\"><\/i><br \/>\n\t\t\t\t\t\t<\/span><br \/>\n\t\t\t\t\t<\/figure>\n<figure>\n\t\t\t\t\t<span style=\"cursor: pointer\" data-src=\"https:\/\/autorai.nl\/wp-content\/uploads\/2023\/12\/toyota-urban-suv-concept-foto19-1600x900.jpg\" data-fancybox=\"galery-0\" title=\"\"><br \/>\n\t\t\t\t\t\t\t<img decoding=\"async\" width=\"360\" height=\"270\" src=\"https:\/\/autorai.nl\/wp-content\/uploads\/2023\/12\/toyota-urban-suv-concept-foto19-360x270.jpg\" class=\"attachment-small size-small\" alt=\"\" loading=\"lazy\"><i class=\"fa fa-search-plus\" aria-hidden=\"true\"><\/i><br \/>\n\t\t\t\t\t\t<\/span><br \/>\n\t\t\t\t\t<\/figure>\n<figure>\n\t\t\t\t\t<span style=\"cursor: pointer\" data-src=\"https:\/\/autorai.nl\/wp-content\/uploads\/2023\/12\/toyota-urban-suv-concept-foto18-1600x900.jpg\" data-fancybox=\"galery-0\" title=\"\"><br \/>\n\t\t\t\t\t\t\t<img decoding=\"async\" width=\"640\" height=\"480\" src=\"https:\/\/autorai.nl\/wp-content\/uploads\/2023\/12\/toyota-urban-suv-concept-foto18-640x480.jpg\" class=\"attachment-medium size-medium\" alt=\"\" loading=\"lazy\"><i class=\"fa fa-search-plus\" aria-hidden=\"true\"><\/i><br \/>\n\t\t\t\t\t\t<\/span><br \/>\n\t\t\t\t\t<\/figure>\n<figure>\n\t\t\t\t\t<span style=\"cursor: pointer\" data-src=\"https:\/\/autorai.nl\/wp-content\/uploads\/2023\/12\/toyota-urban-suv-concept-foto17-1600x900.jpg\" data-fancybox=\"galery-0\" title=\"\"><br \/>\n\t\t\t\t\t\t\t<img decoding=\"async\" width=\"360\" height=\"270\" src=\"https:\/\/autorai.nl\/wp-content\/uploads\/2023\/12\/toyota-urban-suv-concept-foto17-360x270.jpg\" class=\"attachment-small size-small\" alt=\"Toyota Urban SUV Konzept\" loading=\"lazy\"><i class=\"fa fa-search-plus\" aria-hidden=\"true\"><\/i><br \/>\n\t\t\t\t\t\t<\/span><br \/>\n\t\t\t\t\t<\/figure>\n<figure>\n\t\t\t\t\t<span style=\"cursor: pointer\" data-src=\"https:\/\/autorai.nl\/wp-content\/uploads\/2023\/12\/toyota-urban-suv-concept-foto16-1600x900.jpg\" data-fancybox=\"galery-0\" title=\"\"><br \/>\n\t\t\t\t\t\t\t<img decoding=\"async\" width=\"360\" height=\"270\" src=\"https:\/\/autorai.nl\/wp-content\/uploads\/2023\/12\/toyota-urban-suv-concept-foto16-360x270.jpg\" class=\"attachment-small size-small\" alt=\"Toyota Urban SUV\" loading=\"lazy\"><i class=\"fa fa-search-plus\" aria-hidden=\"true\"><\/i><br \/>\n\t\t\t\t\t\t<\/span><br \/>\n\t\t\t\t\t<\/figure>\n<figure>\n\t\t\t\t\t<span style=\"cursor: pointer\" data-src=\"https:\/\/autorai.nl\/wp-content\/uploads\/2023\/12\/toyota-urban-suv-concept-foto15-1600x900.jpg\" data-fancybox=\"galery-0\" title=\"\"><br \/>\n\t\t\t\t\t\t\t<img decoding=\"async\" width=\"640\" height=\"480\" src=\"https:\/\/autorai.nl\/wp-content\/uploads\/2023\/12\/toyota-urban-suv-concept-foto15-640x480.jpg\" class=\"attachment-medium size-medium\" alt=\"\" loading=\"lazy\"><i class=\"fa fa-search-plus\" aria-hidden=\"true\"><\/i><br \/>\n\t\t\t\t\t\t<\/span><br \/>\n\t\t\t\t\t<\/figure>\n<figure>\n\t\t\t\t\t<span style=\"cursor: pointer\" data-src=\"https:\/\/autorai.nl\/wp-content\/uploads\/2023\/12\/toyota-urban-suv-concept-foto14-1600x900.jpg\" data-fancybox=\"galery-0\" title=\"\"><br \/>\n\t\t\t\t\t\t\t<img decoding=\"async\" width=\"360\" height=\"270\" src=\"https:\/\/autorai.nl\/wp-content\/uploads\/2023\/12\/toyota-urban-suv-concept-foto14-360x270.jpg\" class=\"attachment-small size-small\" alt=\"\" loading=\"lazy\"><i class=\"fa fa-search-plus\" aria-hidden=\"true\"><\/i><br \/>\n\t\t\t\t\t\t<\/span><br \/>\n\t\t\t\t\t<\/figure>\n<figure>\n\t\t\t\t\t<span style=\"cursor: pointer\" data-src=\"https:\/\/autorai.nl\/wp-content\/uploads\/2023\/12\/toyota-urban-suv-concept-foto13-1600x900.jpg\" data-fancybox=\"galery-0\" title=\"\"><br \/>\n\t\t\t\t\t\t\t<img decoding=\"async\" width=\"360\" height=\"270\" src=\"https:\/\/autorai.nl\/wp-content\/uploads\/2023\/12\/toyota-urban-suv-concept-foto13-360x270.jpg\" class=\"attachment-small size-small\" alt=\"\" loading=\"lazy\"><i class=\"fa fa-search-plus\" aria-hidden=\"true\"><\/i><br \/>\n\t\t\t\t\t\t<\/span><br \/>\n\t\t\t\t\t<\/figure>\n<figure>\n\t\t\t\t\t<span style=\"cursor: pointer\" data-src=\"https:\/\/autorai.nl\/wp-content\/uploads\/2023\/12\/toyota-urban-suv-concept-foto12-1600x900.jpg\" data-fancybox=\"galery-0\" title=\"\"><br \/>\n\t\t\t\t\t\t\t<img decoding=\"async\" width=\"640\" height=\"480\" src=\"https:\/\/autorai.nl\/wp-content\/uploads\/2023\/12\/toyota-urban-suv-concept-foto12-640x480.jpg\" class=\"attachment-medium size-medium\" alt=\"\" loading=\"lazy\"><i class=\"fa fa-search-plus\" aria-hidden=\"true\"><\/i><br \/>\n\t\t\t\t\t\t<\/span><br \/>\n\t\t\t\t\t<\/figure>\n<figure>\n\t\t\t\t\t<span style=\"cursor: pointer\" data-src=\"https:\/\/autorai.nl\/wp-content\/uploads\/2023\/12\/toyota-urban-suv-concept-foto11-1600x900.jpg\" data-fancybox=\"galery-0\" title=\"\"><br \/>\n\t\t\t\t\t\t\t<img decoding=\"async\" width=\"360\" height=\"270\" src=\"https:\/\/autorai.nl\/wp-content\/uploads\/2023\/12\/toyota-urban-suv-concept-foto11-360x270.jpg\" class=\"attachment-small size-small\" alt=\"\" loading=\"lazy\"><i class=\"fa fa-search-plus\" aria-hidden=\"true\"><\/i><br \/>\n\t\t\t\t\t\t<\/span><br \/>\n\t\t\t\t\t<\/figure>\n<figure>\n\t\t\t\t\t<span style=\"cursor: pointer\" data-src=\"https:\/\/autorai.nl\/wp-content\/uploads\/2023\/12\/toyota-urban-suv-concept-foto10-1600x900.jpg\" data-fancybox=\"galery-0\" title=\"\"><br \/>\n\t\t\t\t\t\t\t<img decoding=\"async\" width=\"360\" height=\"270\" src=\"https:\/\/autorai.nl\/wp-content\/uploads\/2023\/12\/toyota-urban-suv-concept-foto10-360x270.jpg\" class=\"attachment-small size-small\" alt=\"\" loading=\"lazy\"><i class=\"fa fa-search-plus\" aria-hidden=\"true\"><\/i><br \/>\n\t\t\t\t\t\t<\/span><br \/>\n\t\t\t\t\t<\/figure>\n<figure>\n\t\t\t\t\t<span style=\"cursor: pointer\" data-src=\"https:\/\/autorai.nl\/wp-content\/uploads\/2023\/12\/toyota-urban-suv-concept-foto9-1600x900.jpg\" data-fancybox=\"galery-0\" title=\"\"><br \/>\n\t\t\t\t\t\t\t<img decoding=\"async\" width=\"640\" height=\"480\" src=\"https:\/\/autorai.nl\/wp-content\/uploads\/2023\/12\/toyota-urban-suv-concept-foto9-640x480.jpg\" class=\"attachment-medium size-medium\" alt=\"\" loading=\"lazy\"><i class=\"fa fa-search-plus\" aria-hidden=\"true\"><\/i><br \/>\n\t\t\t\t\t\t<\/span><br \/>\n\t\t\t\t\t<\/figure>\n<figure>\n\t\t\t\t\t<span style=\"cursor: pointer\" data-src=\"https:\/\/autorai.nl\/wp-content\/uploads\/2023\/12\/toyota-urban-suv-concept-foto8-1600x900.jpg\" data-fancybox=\"galery-0\" title=\"\"><br \/>\n\t\t\t\t\t\t\t<img decoding=\"async\" width=\"360\" height=\"270\" src=\"https:\/\/autorai.nl\/wp-content\/uploads\/2023\/12\/toyota-urban-suv-concept-foto8-360x270.jpg\" class=\"attachment-small size-small\" alt=\"\" loading=\"lazy\"><i class=\"fa fa-search-plus\" aria-hidden=\"true\"><\/i><br \/>\n\t\t\t\t\t\t<\/span><br \/>\n\t\t\t\t\t<\/figure>\n<figure>\n\t\t\t\t\t<span style=\"cursor: pointer\" data-src=\"https:\/\/autorai.nl\/wp-content\/uploads\/2023\/12\/toyota-urban-suv-concept-foto7-1600x900.jpg\" data-fancybox=\"galery-0\" title=\"\"><br \/>\n\t\t\t\t\t\t\t<img decoding=\"async\" width=\"360\" height=\"270\" src=\"https:\/\/autorai.nl\/wp-content\/uploads\/2023\/12\/toyota-urban-suv-concept-foto7-360x270.jpg\" class=\"attachment-small size-small\" alt=\"\" loading=\"lazy\"><i class=\"fa fa-search-plus\" aria-hidden=\"true\"><\/i><br \/>\n\t\t\t\t\t\t<\/span><br \/>\n\t\t\t\t\t<\/figure>\n<figure>\n\t\t\t\t\t<span style=\"cursor: pointer\" data-src=\"https:\/\/autorai.nl\/wp-content\/uploads\/2023\/12\/toyota-urban-suv-concept-foto6-1600x900.jpg\" data-fancybox=\"galery-0\" title=\"\"><br \/>\n\t\t\t\t\t\t\t<img decoding=\"async\" width=\"640\" height=\"480\" src=\"https:\/\/autorai.nl\/wp-content\/uploads\/2023\/12\/toyota-urban-suv-concept-foto6-640x480.jpg\" class=\"attachment-medium size-medium\" alt=\"\" loading=\"lazy\"><i class=\"fa fa-search-plus\" aria-hidden=\"true\"><\/i><br \/>\n\t\t\t\t\t\t<\/span><br \/>\n\t\t\t\t\t<\/figure>\n<figure>\n\t\t\t\t\t<span style=\"cursor: pointer\" data-src=\"https:\/\/autorai.nl\/wp-content\/uploads\/2023\/12\/toyota-urban-suv-concept-foto5-1600x1200.jpg\" data-fancybox=\"galery-0\" title=\"\"><br \/>\n\t\t\t\t\t\t\t<img decoding=\"async\" width=\"360\" height=\"270\" src=\"https:\/\/autorai.nl\/wp-content\/uploads\/2023\/12\/toyota-urban-suv-concept-foto5-360x270.jpg\" class=\"attachment-small size-small\" alt=\"\" loading=\"lazy\"><i class=\"fa fa-search-plus\" aria-hidden=\"true\"><\/i><br \/>\n\t\t\t\t\t\t<\/span><br \/>\n\t\t\t\t\t<\/figure>\n<figure>\n\t\t\t\t\t<span style=\"cursor: pointer\" data-src=\"https:\/\/autorai.nl\/wp-content\/uploads\/2023\/12\/toyota-urban-suv-concept-foto4-1600x1200.jpg\" data-fancybox=\"galery-0\" title=\"\"><br \/>\n\t\t\t\t\t\t\t<img decoding=\"async\" width=\"360\" height=\"270\" src=\"https:\/\/autorai.nl\/wp-content\/uploads\/2023\/12\/toyota-urban-suv-concept-foto4-360x270.jpg\" class=\"attachment-small size-small\" alt=\"\" loading=\"lazy\"><i class=\"fa fa-search-plus\" aria-hidden=\"true\"><\/i><br \/>\n\t\t\t\t\t\t<\/span><br \/>\n\t\t\t\t\t<\/figure>\n<figure>\n\t\t\t\t\t<span style=\"cursor: pointer\" data-src=\"https:\/\/autorai.nl\/wp-content\/uploads\/2023\/12\/toyota-urban-suv-concept-foto3-1600x1200.jpg\" data-fancybox=\"galery-0\" title=\"\"><br \/>\n\t\t\t\t\t\t\t<img decoding=\"async\" width=\"640\" height=\"480\" src=\"https:\/\/autorai.nl\/wp-content\/uploads\/2023\/12\/toyota-urban-suv-concept-foto3-640x480.jpg\" class=\"attachment-medium size-medium\" alt=\"\" loading=\"lazy\"><i class=\"fa fa-search-plus\" aria-hidden=\"true\"><\/i><br \/>\n\t\t\t\t\t\t<\/span><br \/>\n\t\t\t\t\t<\/figure>\n<figure>\n\t\t\t\t\t<span style=\"cursor: pointer\" data-src=\"https:\/\/autorai.nl\/wp-content\/uploads\/2023\/12\/toyota-urban-suv-concept-foto2-1600x1200.jpg\" data-fancybox=\"galery-0\" title=\"\"><br \/>\n\t\t\t\t\t\t\t<img decoding=\"async\" width=\"360\" height=\"270\" src=\"https:\/\/autorai.nl\/wp-content\/uploads\/2023\/12\/toyota-urban-suv-concept-foto2-360x270.jpg\" class=\"attachment-small size-small\" alt=\"\" loading=\"lazy\"><i class=\"fa fa-search-plus\" aria-hidden=\"true\"><\/i><br \/>\n\t\t\t\t\t\t<\/span><br \/>\n\t\t\t\t\t<\/figure>\n<figure>\n\t\t\t\t\t<span style=\"cursor: pointer\" data-src=\"https:\/\/autorai.nl\/wp-content\/uploads\/2023\/12\/toyota-urban-suv-concept-foto1-1600x1200.jpg\" data-fancybox=\"galery-0\" title=\"\"><br \/>\n\t\t\t\t\t\t\t<img decoding=\"async\" width=\"360\" height=\"270\" src=\"https:\/\/autorai.nl\/wp-content\/uploads\/2023\/12\/toyota-urban-suv-concept-foto1-360x270.jpg\" class=\"attachment-small size-small\" alt=\"\" loading=\"lazy\"><i class=\"fa fa-search-plus\" aria-hidden=\"true\"><\/i><br \/>\n\t\t\t\t\t\t<\/span><br \/>\n\t\t\t\t\t<\/figure>\n<div class=\"clear\"><\/div>\n<\/div>\n","protected":false},"excerpt":{"rendered":"Sechs BEV-Modelle Toyota plant, bis 2026 sechs BEV-Modelle in Europa einzuf\u00fchren. Eine breite Palette an elektrifizierten Modellen wird Toyota Motor&hellip;","protected":false},"author":0,"featured_media":141009,"comment_status":"","ping_status":"open","sticky":false,"template":"","format":"standard","meta":{"footnotes":""},"categories":[125],"tags":[],"class_list":["post-143535","post","type-post","status-publish","format-standard","has-post-thumbnail","hentry","category-auto-nachrichten"],"acf":[],"yoast_head":"<!-- This site is optimized with the Yoast SEO plugin v21.2 - https:\/\/yoast.com\/wordpress\/plugins\/seo\/ -->\n<title>Serienversion des Toyota Urban SUV kommt bereits 2024 auf den Markt - All cars news<\/title>\n<meta name=\"robots\" content=\"index, follow, max-snippet:-1, max-image-preview:large, max-video-preview:-1\" \/>\n<link rel=\"canonical\" href=\"https:\/\/all-car-news.com\/de\/serienversion-des-toyota-urban-suv-kommt-bereits-2024-auf-den-markt\/\" \/>\n<meta property=\"og:locale\" content=\"de_DE\" \/>\n<meta property=\"og:type\" content=\"article\" \/>\n<meta property=\"og:title\" content=\"Serienversion des Toyota Urban SUV kommt bereits 2024 auf den Markt - All cars news\" \/>\n<meta property=\"og:description\" content=\"Sechs BEV-Modelle Toyota plant, bis 2026 sechs BEV-Modelle in Europa einzuf\u00fchren. Eine breite Palette an elektrifizierten Modellen wird Toyota Motor Europe dabei helfen, sein Ziel zu erreichen, bis 2035 ausschlie\u00dflich emissionsfreie Fahrzeuge anzubieten und bis 2040 vollst\u00e4ndig kohlenstoffneutral zu sein. Dieses Toyota Urban SUV Concept ist [...]\" \/>\n<meta property=\"og:url\" content=\"https:\/\/all-car-news.com\/de\/serienversion-des-toyota-urban-suv-kommt-bereits-2024-auf-den-markt\/\" \/>\n<meta property=\"og:site_name\" content=\"All cars news\" \/>\n<meta property=\"article:published_time\" content=\"2023-12-04T08:19:15+00:00\" \/>\n<meta property=\"og:image\" content=\"https:\/\/autorai.nl\/wp-content\/uploads\/2023\/12\/toyota-urban-suv-concept-foto16-1140x641.jpg\" \/>\n<meta name=\"twitter:card\" content=\"summary_large_image\" \/>\n<meta name=\"twitter:label1\" content=\"Gesch\u00e4tzte Lesezeit\" \/>\n\t<meta name=\"twitter:data1\" content=\"1\u00a0Minute\" \/>\n<script type=\"application\/ld+json\" class=\"yoast-schema-graph\">{\"@context\":\"https:\/\/schema.org\",\"@graph\":[{\"@type\":\"Article\",\"@id\":\"https:\/\/all-car-news.com\/de\/serienversion-des-toyota-urban-suv-kommt-bereits-2024-auf-den-markt\/#article\",\"isPartOf\":{\"@id\":\"https:\/\/all-car-news.com\/de\/serienversion-des-toyota-urban-suv-kommt-bereits-2024-auf-den-markt\/\"},\"author\":{\"name\":\"\",\"@id\":\"\"},\"headline\":\"Serienversion des Toyota Urban SUV kommt bereits 2024 auf den Markt\",\"datePublished\":\"2023-12-04T08:19:15+00:00\",\"dateModified\":\"2023-12-04T08:19:15+00:00\",\"mainEntityOfPage\":{\"@id\":\"https:\/\/all-car-news.com\/de\/serienversion-des-toyota-urban-suv-kommt-bereits-2024-auf-den-markt\/\"},\"wordCount\":302,\"publisher\":{\"@id\":\"https:\/\/all-car-news.com\/de\/#organization\"},\"articleSection\":[\"Auto Nachrichten\"],\"inLanguage\":\"de\"},{\"@type\":\"WebPage\",\"@id\":\"https:\/\/all-car-news.com\/de\/serienversion-des-toyota-urban-suv-kommt-bereits-2024-auf-den-markt\/\",\"url\":\"https:\/\/all-car-news.com\/de\/serienversion-des-toyota-urban-suv-kommt-bereits-2024-auf-den-markt\/\",\"name\":\"Serienversion des Toyota Urban SUV kommt bereits 2024 auf den Markt - All cars news\",\"isPartOf\":{\"@id\":\"https:\/\/all-car-news.com\/de\/#website\"},\"datePublished\":\"2023-12-04T08:19:15+00:00\",\"dateModified\":\"2023-12-04T08:19:15+00:00\",\"breadcrumb\":{\"@id\":\"https:\/\/all-car-news.com\/de\/serienversion-des-toyota-urban-suv-kommt-bereits-2024-auf-den-markt\/#breadcrumb\"},\"inLanguage\":\"de\",\"potentialAction\":[{\"@type\":\"ReadAction\",\"target\":[\"https:\/\/all-car-news.com\/de\/serienversion-des-toyota-urban-suv-kommt-bereits-2024-auf-den-markt\/\"]}]},{\"@type\":\"BreadcrumbList\",\"@id\":\"https:\/\/all-car-news.com\/de\/serienversion-des-toyota-urban-suv-kommt-bereits-2024-auf-den-markt\/#breadcrumb\",\"itemListElement\":[{\"@type\":\"ListItem\",\"position\":1,\"name\":\"Home\",\"item\":\"https:\/\/all-car-news.com\/de\/\"},{\"@type\":\"ListItem\",\"position\":2,\"name\":\"Serienversion des Toyota Urban SUV kommt bereits 2024 auf den Markt\"}]},{\"@type\":\"WebSite\",\"@id\":\"https:\/\/all-car-news.com\/de\/#website\",\"url\":\"https:\/\/all-car-news.com\/de\/\",\"name\":\"All cars news\",\"description\":\"\",\"publisher\":{\"@id\":\"https:\/\/all-car-news.com\/de\/#organization\"},\"potentialAction\":[{\"@type\":\"SearchAction\",\"target\":{\"@type\":\"EntryPoint\",\"urlTemplate\":\"https:\/\/all-car-news.com\/de\/?s={search_term_string}\"},\"query-input\":\"required name=search_term_string\"}],\"inLanguage\":\"de\"},{\"@type\":\"Organization\",\"@id\":\"https:\/\/all-car-news.com\/de\/#organization\",\"name\":\"All cars news\",\"url\":\"https:\/\/all-car-news.com\/de\/\",\"logo\":{\"@type\":\"ImageObject\",\"inLanguage\":\"de\",\"@id\":\"https:\/\/all-car-news.com\/de\/#\/schema\/logo\/image\/\",\"url\":\"https:\/\/all-car-news.com\/wp-content\/uploads\/2022\/02\/CMYK-AllCarNews_LANDSCAPE_300px-1.png\",\"contentUrl\":\"https:\/\/all-car-news.com\/wp-content\/uploads\/2022\/02\/CMYK-AllCarNews_LANDSCAPE_300px-1.png\",\"width\":300,\"height\":100,\"caption\":\"All cars news\"},\"image\":{\"@id\":\"https:\/\/all-car-news.com\/de\/#\/schema\/logo\/image\/\"}}]}<\/script>\n<!-- \/ Yoast SEO plugin. -->","yoast_head_json":{"title":"Serienversion des Toyota Urban SUV kommt bereits 2024 auf den Markt - All cars news","robots":{"index":"index","follow":"follow","max-snippet":"max-snippet:-1","max-image-preview":"max-image-preview:large","max-video-preview":"max-video-preview:-1"},"canonical":"https:\/\/all-car-news.com\/de\/serienversion-des-toyota-urban-suv-kommt-bereits-2024-auf-den-markt\/","og_locale":"de_DE","og_type":"article","og_title":"Serienversion des Toyota Urban SUV kommt bereits 2024 auf den Markt - All cars news","og_description":"Sechs BEV-Modelle Toyota plant, bis 2026 sechs BEV-Modelle in Europa einzuf\u00fchren. Eine breite Palette an elektrifizierten Modellen wird Toyota Motor Europe dabei helfen, sein Ziel zu erreichen, bis 2035 ausschlie\u00dflich emissionsfreie Fahrzeuge anzubieten und bis 2040 vollst\u00e4ndig kohlenstoffneutral zu sein. Dieses Toyota Urban SUV Concept ist [...]","og_url":"https:\/\/all-car-news.com\/de\/serienversion-des-toyota-urban-suv-kommt-bereits-2024-auf-den-markt\/","og_site_name":"All cars news","article_published_time":"2023-12-04T08:19:15+00:00","og_image":[{"url":"https:\/\/autorai.nl\/wp-content\/uploads\/2023\/12\/toyota-urban-suv-concept-foto16-1140x641.jpg"}],"twitter_card":"summary_large_image","twitter_misc":{"Gesch\u00e4tzte Lesezeit":"1\u00a0Minute"},"schema":{"@context":"https:\/\/schema.org","@graph":[{"@type":"Article","@id":"https:\/\/all-car-news.com\/de\/serienversion-des-toyota-urban-suv-kommt-bereits-2024-auf-den-markt\/#article","isPartOf":{"@id":"https:\/\/all-car-news.com\/de\/serienversion-des-toyota-urban-suv-kommt-bereits-2024-auf-den-markt\/"},"author":{"name":"","@id":""},"headline":"Serienversion des Toyota Urban SUV kommt bereits 2024 auf den Markt","datePublished":"2023-12-04T08:19:15+00:00","dateModified":"2023-12-04T08:19:15+00:00","mainEntityOfPage":{"@id":"https:\/\/all-car-news.com\/de\/serienversion-des-toyota-urban-suv-kommt-bereits-2024-auf-den-markt\/"},"wordCount":302,"publisher":{"@id":"https:\/\/all-car-news.com\/de\/#organization"},"articleSection":["Auto Nachrichten"],"inLanguage":"de"},{"@type":"WebPage","@id":"https:\/\/all-car-news.com\/de\/serienversion-des-toyota-urban-suv-kommt-bereits-2024-auf-den-markt\/","url":"https:\/\/all-car-news.com\/de\/serienversion-des-toyota-urban-suv-kommt-bereits-2024-auf-den-markt\/","name":"Serienversion des Toyota Urban SUV kommt bereits 2024 auf den Markt - All cars news","isPartOf":{"@id":"https:\/\/all-car-news.com\/de\/#website"},"datePublished":"2023-12-04T08:19:15+00:00","dateModified":"2023-12-04T08:19:15+00:00","breadcrumb":{"@id":"https:\/\/all-car-news.com\/de\/serienversion-des-toyota-urban-suv-kommt-bereits-2024-auf-den-markt\/#breadcrumb"},"inLanguage":"de","potentialAction":[{"@type":"ReadAction","target":["https:\/\/all-car-news.com\/de\/serienversion-des-toyota-urban-suv-kommt-bereits-2024-auf-den-markt\/"]}]},{"@type":"BreadcrumbList","@id":"https:\/\/all-car-news.com\/de\/serienversion-des-toyota-urban-suv-kommt-bereits-2024-auf-den-markt\/#breadcrumb","itemListElement":[{"@type":"ListItem","position":1,"name":"Home","item":"https:\/\/all-car-news.com\/de\/"},{"@type":"ListItem","position":2,"name":"Serienversion des Toyota Urban SUV kommt bereits 2024 auf den Markt"}]},{"@type":"WebSite","@id":"https:\/\/all-car-news.com\/de\/#website","url":"https:\/\/all-car-news.com\/de\/","name":"All cars news","description":"","publisher":{"@id":"https:\/\/all-car-news.com\/de\/#organization"},"potentialAction":[{"@type":"SearchAction","target":{"@type":"EntryPoint","urlTemplate":"https:\/\/all-car-news.com\/de\/?s={search_term_string}"},"query-input":"required name=search_term_string"}],"inLanguage":"de"},{"@type":"Organization","@id":"https:\/\/all-car-news.com\/de\/#organization","name":"All cars news","url":"https:\/\/all-car-news.com\/de\/","logo":{"@type":"ImageObject","inLanguage":"de","@id":"https:\/\/all-car-news.com\/de\/#\/schema\/logo\/image\/","url":"https:\/\/all-car-news.com\/wp-content\/uploads\/2022\/02\/CMYK-AllCarNews_LANDSCAPE_300px-1.png","contentUrl":"https:\/\/all-car-news.com\/wp-content\/uploads\/2022\/02\/CMYK-AllCarNews_LANDSCAPE_300px-1.png","width":300,"height":100,"caption":"All cars news"},"image":{"@id":"https:\/\/all-car-news.com\/de\/#\/schema\/logo\/image\/"}}]}},"_links":{"self":[{"href":"https:\/\/all-car-news.com\/de\/wp-json\/wp\/v2\/posts\/143535","targetHints":{"allow":["GET"]}}],"collection":[{"href":"https:\/\/all-car-news.com\/de\/wp-json\/wp\/v2\/posts"}],"about":[{"href":"https:\/\/all-car-news.com\/de\/wp-json\/wp\/v2\/types\/post"}],"replies":[{"embeddable":true,"href":"https:\/\/all-car-news.com\/de\/wp-json\/wp\/v2\/comments?post=143535"}],"version-history":[{"count":0,"href":"https:\/\/all-car-news.com\/de\/wp-json\/wp\/v2\/posts\/143535\/revisions"}],"wp:featuredmedia":[{"embeddable":true,"href":"https:\/\/all-car-news.com\/de\/wp-json\/wp\/v2\/media\/141009"}],"wp:attachment":[{"href":"https:\/\/all-car-news.com\/de\/wp-json\/wp\/v2\/media?parent=143535"}],"wp:term":[{"taxonomy":"category","embeddable":true,"href":"https:\/\/all-car-news.com\/de\/wp-json\/wp\/v2\/categories?post=143535"},{"taxonomy":"post_tag","embeddable":true,"href":"https:\/\/all-car-news.com\/de\/wp-json\/wp\/v2\/tags?post=143535"}],"curies":[{"name":"wp","href":"https:\/\/api.w.org\/{rel}","templated":true}]}}