{"id":143304,"date":"2024-02-26T07:00:05","date_gmt":"2024-02-26T07:00:05","guid":{"rendered":"https:\/\/all-car-news.com\/opel-corsa-electric-yes-ein-special-von-opel\/"},"modified":"2024-02-26T07:00:05","modified_gmt":"2024-02-26T07:00:05","slug":"opel-corsa-electric-yes-ein-special-von-opel","status":"publish","type":"post","link":"https:\/\/all-car-news.com\/de\/opel-corsa-electric-yes-ein-special-von-opel\/","title":{"rendered":"Opel Corsa Electric YES: ein Special von Opel"},"content":{"rendered":"<h2>Gesch\u00e4ftsf\u00fchrerin von Opel Niederlande<\/h2>\n<p>&#8222;Ist unser neuer, exklusiver Corsa reichhaltig ausgestattet? F\u00e4llt er auf? Und vor allem: Bietet er gro\u00dfen Fahrspa\u00df und ist er lokal emissionsfrei? Der neue Corsa Electric YES kann all diese Fragen &#8218;durchschlagend&#8216; mit &#8218;JA&#8216; beantworten: YES, oder Corsa!&#8220;, sagt Andres van der Kuil, Gesch\u00e4ftsf\u00fchrer von Opel Niederlande. &#8222;Mit dieser limitierten Sonderedition bringen wir unsere erfolgreiche Kampagne auf die Stra\u00dfe und zeigen, dass wir halten, was wir versprechen &#8211; mit vielen Vorteilen f\u00fcr den Kunden.&#8220;<\/p>\n<h2>Innenraum Opel Corsa Electric YES<\/h2>\n<p>Sollte Ihnen die Farbe Rekord Red nicht gefallen: Opel liefert die YES-Edition wahlweise auch in anderen Farben. Starke Kontraste finden sich auch in der Innenausstattung. Fahrer und Beifahrer nehmen auf Sportsitzen Platz, die mit Stoff und Kunstleder bezogen sind. Rote Akzente und ein dunkler Dachhimmel unterstreichen den sportlichen Look.  <\/p>\n<figure class=\"wp-block-image size-content\"><img decoding=\"async\" loading=\"lazy\" width=\"1140\" height=\"641\" src=\"https:\/\/autorai.nl\/wp-content\/uploads\/2024\/02\/opel-corsa-electric-yes-foto1-1140x641.jpg\" alt=\"Opel Corsa Electric YES\" class=\"wp-image-174748\"><\/figure>\n<h2>Weitere Ausstattung<\/h2>\n<p>Die vielen serienm\u00e4\u00dfigen Fahrassistenzsysteme, Keyless Start, 16-Zoll-Leichtmetallr\u00e4der, Parksensoren hinten und Klimaautomatik machen die limitierte Auflage des elektrischen Corsa noch attraktiver. Die Version verf\u00fcgt au\u00dferdem \u00fcber einen 10-Zoll-Touchscreen, Apple CarPlay oder Android Auto, drahtlose Smartphone-Integration und OpelConnect-Dienste. Die Connect Plus-Dienste sind sechs Monate lang nach Beginn der Herstellergarantie kostenlos verf\u00fcgbar.<\/p>\n<h2>Antriebsstrang Opel Corsa Electric YES<\/h2>\n<p>Der vollelektrische Opel Corsa Electric YES bietet dank seines 100 kW (136 PS) starken Elektromotors mit 260 Nm Drehmoment vom ersten Tritt auf das Gaspedal an jede Menge Fahrspa\u00df. Die 50-kWh-Batterie tr\u00e4gt zu einer Reichweite von bis zu 357 Kilometern (WLTP) bei.<\/p>\n<h2>Preis<\/h2>\n<p>Das Sondermodell kann ab sofort zum Preis von 30.949 Euro (inklusive Lieferkosten; Steuerwert 29.950 Euro) bestellt werden. Nach Abzug des staatlichen Zuschusses f\u00fcr Privatpersonen (SEPP) ist der Corsa Electric YES bereits ab 27.999 Euro erh\u00e4ltlich.<\/p>\n<div class=\"galery shuffle galery-0\">\n<figure>\n\t\t\t\t\t<span style=\"cursor: pointer\" data-src=\"https:\/\/autorai.nl\/wp-content\/uploads\/2024\/02\/opel-corsa-electric-yes-foto2-1600x1131.jpg\" data-fancybox=\"galery-0\" title=\"\"><br \/>\n\t\t\t\t\t\t\t<img decoding=\"async\" width=\"640\" height=\"480\" src=\"https:\/\/autorai.nl\/wp-content\/uploads\/2024\/02\/opel-corsa-electric-yes-foto2-640x480.jpg\" class=\"attachment-medium size-medium\" alt=\"Opel Corsa Electric YES\" loading=\"lazy\"><i class=\"fa fa-search-plus\" aria-hidden=\"true\"><\/i><br \/>\n\t\t\t\t\t\t<\/span><br \/>\n\t\t\t\t\t<\/figure>\n<figure>\n\t\t\t\t\t<span style=\"cursor: pointer\" data-src=\"https:\/\/autorai.nl\/wp-content\/uploads\/2024\/02\/opel-corsa-electric-yes-foto4-1600x900.jpg\" data-fancybox=\"galery-0\" title=\"\"><br \/>\n\t\t\t\t\t\t\t<img decoding=\"async\" width=\"360\" height=\"270\" src=\"https:\/\/autorai.nl\/wp-content\/uploads\/2024\/02\/opel-corsa-electric-yes-foto4-360x270.jpg\" class=\"attachment-small size-small\" alt=\"Opel Corsa Electric YES\" loading=\"lazy\"><i class=\"fa fa-search-plus\" aria-hidden=\"true\"><\/i><br \/>\n\t\t\t\t\t\t<\/span><br \/>\n\t\t\t\t\t<\/figure>\n<figure>\n\t\t\t\t\t<span style=\"cursor: pointer\" data-src=\"https:\/\/autorai.nl\/wp-content\/uploads\/2024\/02\/opel-corsa-electric-yes-foto3-1600x900.jpg\" data-fancybox=\"galery-0\" title=\"\"><br \/>\n\t\t\t\t\t\t\t<img decoding=\"async\" width=\"360\" height=\"270\" src=\"https:\/\/autorai.nl\/wp-content\/uploads\/2024\/02\/opel-corsa-electric-yes-foto3-360x270.jpg\" class=\"attachment-small size-small\" alt=\"Opel Corsa Electric YES\" loading=\"lazy\"><i class=\"fa fa-search-plus\" aria-hidden=\"true\"><\/i><br \/>\n\t\t\t\t\t\t<\/span><br \/>\n\t\t\t\t\t<\/figure>\n<div class=\"clear\"><\/div>\n<\/div>\n","protected":false},"excerpt":{"rendered":"General Manager von Opel Nederland \"Ist unser neuer, exklusiver Corsa reichhaltig ausgestattet? F\u00e4llt er auf? Und vor allem: Bietet er&hellip;","protected":false},"author":0,"featured_media":143279,"comment_status":"","ping_status":"open","sticky":false,"template":"","format":"standard","meta":{"footnotes":""},"categories":[125],"tags":[],"class_list":["post-143304","post","type-post","status-publish","format-standard","has-post-thumbnail","hentry","category-auto-nachrichten"],"acf":[],"yoast_head":"<!-- This site is optimized with the Yoast SEO plugin v21.2 - https:\/\/yoast.com\/wordpress\/plugins\/seo\/ -->\n<title>Opel Corsa Electric YES: ein Special von Opel - All cars news<\/title>\n<meta name=\"robots\" content=\"index, follow, max-snippet:-1, max-image-preview:large, max-video-preview:-1\" \/>\n<link rel=\"canonical\" href=\"https:\/\/all-car-news.com\/de\/opel-corsa-electric-yes-ein-special-von-opel\/\" \/>\n<meta property=\"og:locale\" content=\"de_DE\" \/>\n<meta property=\"og:type\" content=\"article\" \/>\n<meta property=\"og:title\" content=\"Opel Corsa Electric YES: ein Special von Opel - All cars news\" \/>\n<meta property=\"og:description\" content=\"General Manager von Opel Nederland &quot;Ist unser neuer, exklusiver Corsa reichhaltig ausgestattet? F\u00e4llt er auf? Und vor allem: Bietet er gro\u00dfen Fahrspa\u00df und ist er lokal emissionsfrei? Der neue Corsa Electric YES kann all diese Fragen mit einem klaren &#039;JA&#039; beantworten: YES, oder Corsa!&quot;, sagt Andres van der Kuil, Gesch\u00e4ftsf\u00fchrer von Opel Niederlande. &quot;Mit diesem besonderen [...]\" \/>\n<meta property=\"og:url\" content=\"https:\/\/all-car-news.com\/de\/opel-corsa-electric-yes-ein-special-von-opel\/\" \/>\n<meta property=\"og:site_name\" content=\"All cars news\" \/>\n<meta property=\"article:published_time\" content=\"2024-02-26T07:00:05+00:00\" \/>\n<meta property=\"og:image\" content=\"https:\/\/autorai.nl\/wp-content\/uploads\/2024\/02\/opel-corsa-electric-yes-foto1-1140x641.jpg\" \/>\n<meta name=\"twitter:card\" content=\"summary_large_image\" \/>\n<meta name=\"twitter:label1\" content=\"Gesch\u00e4tzte Lesezeit\" \/>\n\t<meta name=\"twitter:data1\" content=\"1\u00a0Minute\" \/>\n<script type=\"application\/ld+json\" class=\"yoast-schema-graph\">{\"@context\":\"https:\/\/schema.org\",\"@graph\":[{\"@type\":\"Article\",\"@id\":\"https:\/\/all-car-news.com\/de\/opel-corsa-electric-yes-ein-special-von-opel\/#article\",\"isPartOf\":{\"@id\":\"https:\/\/all-car-news.com\/de\/opel-corsa-electric-yes-ein-special-von-opel\/\"},\"author\":{\"name\":\"\",\"@id\":\"\"},\"headline\":\"Opel Corsa Electric YES: ein Special von Opel\",\"datePublished\":\"2024-02-26T07:00:05+00:00\",\"dateModified\":\"2024-02-26T07:00:05+00:00\",\"mainEntityOfPage\":{\"@id\":\"https:\/\/all-car-news.com\/de\/opel-corsa-electric-yes-ein-special-von-opel\/\"},\"wordCount\":283,\"publisher\":{\"@id\":\"https:\/\/all-car-news.com\/de\/#organization\"},\"articleSection\":[\"Auto Nachrichten\"],\"inLanguage\":\"de\"},{\"@type\":\"WebPage\",\"@id\":\"https:\/\/all-car-news.com\/de\/opel-corsa-electric-yes-ein-special-von-opel\/\",\"url\":\"https:\/\/all-car-news.com\/de\/opel-corsa-electric-yes-ein-special-von-opel\/\",\"name\":\"Opel Corsa Electric YES: ein Special von Opel - All cars news\",\"isPartOf\":{\"@id\":\"https:\/\/all-car-news.com\/de\/#website\"},\"datePublished\":\"2024-02-26T07:00:05+00:00\",\"dateModified\":\"2024-02-26T07:00:05+00:00\",\"breadcrumb\":{\"@id\":\"https:\/\/all-car-news.com\/de\/opel-corsa-electric-yes-ein-special-von-opel\/#breadcrumb\"},\"inLanguage\":\"de\",\"potentialAction\":[{\"@type\":\"ReadAction\",\"target\":[\"https:\/\/all-car-news.com\/de\/opel-corsa-electric-yes-ein-special-von-opel\/\"]}]},{\"@type\":\"BreadcrumbList\",\"@id\":\"https:\/\/all-car-news.com\/de\/opel-corsa-electric-yes-ein-special-von-opel\/#breadcrumb\",\"itemListElement\":[{\"@type\":\"ListItem\",\"position\":1,\"name\":\"Home\",\"item\":\"https:\/\/all-car-news.com\/de\/\"},{\"@type\":\"ListItem\",\"position\":2,\"name\":\"Opel Corsa Electric YES: ein Special von Opel\"}]},{\"@type\":\"WebSite\",\"@id\":\"https:\/\/all-car-news.com\/de\/#website\",\"url\":\"https:\/\/all-car-news.com\/de\/\",\"name\":\"All cars news\",\"description\":\"\",\"publisher\":{\"@id\":\"https:\/\/all-car-news.com\/de\/#organization\"},\"potentialAction\":[{\"@type\":\"SearchAction\",\"target\":{\"@type\":\"EntryPoint\",\"urlTemplate\":\"https:\/\/all-car-news.com\/de\/?s={search_term_string}\"},\"query-input\":\"required name=search_term_string\"}],\"inLanguage\":\"de\"},{\"@type\":\"Organization\",\"@id\":\"https:\/\/all-car-news.com\/de\/#organization\",\"name\":\"All cars news\",\"url\":\"https:\/\/all-car-news.com\/de\/\",\"logo\":{\"@type\":\"ImageObject\",\"inLanguage\":\"de\",\"@id\":\"https:\/\/all-car-news.com\/de\/#\/schema\/logo\/image\/\",\"url\":\"https:\/\/all-car-news.com\/wp-content\/uploads\/2022\/02\/CMYK-AllCarNews_LANDSCAPE_300px-1.png\",\"contentUrl\":\"https:\/\/all-car-news.com\/wp-content\/uploads\/2022\/02\/CMYK-AllCarNews_LANDSCAPE_300px-1.png\",\"width\":300,\"height\":100,\"caption\":\"All cars news\"},\"image\":{\"@id\":\"https:\/\/all-car-news.com\/de\/#\/schema\/logo\/image\/\"}}]}<\/script>\n<!-- \/ Yoast SEO plugin. -->","yoast_head_json":{"title":"Opel Corsa Electric YES: ein Special von Opel - All cars news","robots":{"index":"index","follow":"follow","max-snippet":"max-snippet:-1","max-image-preview":"max-image-preview:large","max-video-preview":"max-video-preview:-1"},"canonical":"https:\/\/all-car-news.com\/de\/opel-corsa-electric-yes-ein-special-von-opel\/","og_locale":"de_DE","og_type":"article","og_title":"Opel Corsa Electric YES: ein Special von Opel - All cars news","og_description":"General Manager von Opel Nederland \"Ist unser neuer, exklusiver Corsa reichhaltig ausgestattet? F\u00e4llt er auf? Und vor allem: Bietet er gro\u00dfen Fahrspa\u00df und ist er lokal emissionsfrei? Der neue Corsa Electric YES kann all diese Fragen mit einem klaren 'JA' beantworten: YES, oder Corsa!\", sagt Andres van der Kuil, Gesch\u00e4ftsf\u00fchrer von Opel Niederlande. \"Mit diesem besonderen [...]","og_url":"https:\/\/all-car-news.com\/de\/opel-corsa-electric-yes-ein-special-von-opel\/","og_site_name":"All cars news","article_published_time":"2024-02-26T07:00:05+00:00","og_image":[{"url":"https:\/\/autorai.nl\/wp-content\/uploads\/2024\/02\/opel-corsa-electric-yes-foto1-1140x641.jpg"}],"twitter_card":"summary_large_image","twitter_misc":{"Gesch\u00e4tzte Lesezeit":"1\u00a0Minute"},"schema":{"@context":"https:\/\/schema.org","@graph":[{"@type":"Article","@id":"https:\/\/all-car-news.com\/de\/opel-corsa-electric-yes-ein-special-von-opel\/#article","isPartOf":{"@id":"https:\/\/all-car-news.com\/de\/opel-corsa-electric-yes-ein-special-von-opel\/"},"author":{"name":"","@id":""},"headline":"Opel Corsa Electric YES: ein Special von Opel","datePublished":"2024-02-26T07:00:05+00:00","dateModified":"2024-02-26T07:00:05+00:00","mainEntityOfPage":{"@id":"https:\/\/all-car-news.com\/de\/opel-corsa-electric-yes-ein-special-von-opel\/"},"wordCount":283,"publisher":{"@id":"https:\/\/all-car-news.com\/de\/#organization"},"articleSection":["Auto Nachrichten"],"inLanguage":"de"},{"@type":"WebPage","@id":"https:\/\/all-car-news.com\/de\/opel-corsa-electric-yes-ein-special-von-opel\/","url":"https:\/\/all-car-news.com\/de\/opel-corsa-electric-yes-ein-special-von-opel\/","name":"Opel Corsa Electric YES: ein Special von Opel - All cars news","isPartOf":{"@id":"https:\/\/all-car-news.com\/de\/#website"},"datePublished":"2024-02-26T07:00:05+00:00","dateModified":"2024-02-26T07:00:05+00:00","breadcrumb":{"@id":"https:\/\/all-car-news.com\/de\/opel-corsa-electric-yes-ein-special-von-opel\/#breadcrumb"},"inLanguage":"de","potentialAction":[{"@type":"ReadAction","target":["https:\/\/all-car-news.com\/de\/opel-corsa-electric-yes-ein-special-von-opel\/"]}]},{"@type":"BreadcrumbList","@id":"https:\/\/all-car-news.com\/de\/opel-corsa-electric-yes-ein-special-von-opel\/#breadcrumb","itemListElement":[{"@type":"ListItem","position":1,"name":"Home","item":"https:\/\/all-car-news.com\/de\/"},{"@type":"ListItem","position":2,"name":"Opel Corsa Electric YES: ein Special von Opel"}]},{"@type":"WebSite","@id":"https:\/\/all-car-news.com\/de\/#website","url":"https:\/\/all-car-news.com\/de\/","name":"All cars news","description":"","publisher":{"@id":"https:\/\/all-car-news.com\/de\/#organization"},"potentialAction":[{"@type":"SearchAction","target":{"@type":"EntryPoint","urlTemplate":"https:\/\/all-car-news.com\/de\/?s={search_term_string}"},"query-input":"required name=search_term_string"}],"inLanguage":"de"},{"@type":"Organization","@id":"https:\/\/all-car-news.com\/de\/#organization","name":"All cars news","url":"https:\/\/all-car-news.com\/de\/","logo":{"@type":"ImageObject","inLanguage":"de","@id":"https:\/\/all-car-news.com\/de\/#\/schema\/logo\/image\/","url":"https:\/\/all-car-news.com\/wp-content\/uploads\/2022\/02\/CMYK-AllCarNews_LANDSCAPE_300px-1.png","contentUrl":"https:\/\/all-car-news.com\/wp-content\/uploads\/2022\/02\/CMYK-AllCarNews_LANDSCAPE_300px-1.png","width":300,"height":100,"caption":"All cars news"},"image":{"@id":"https:\/\/all-car-news.com\/de\/#\/schema\/logo\/image\/"}}]}},"_links":{"self":[{"href":"https:\/\/all-car-news.com\/de\/wp-json\/wp\/v2\/posts\/143304","targetHints":{"allow":["GET"]}}],"collection":[{"href":"https:\/\/all-car-news.com\/de\/wp-json\/wp\/v2\/posts"}],"about":[{"href":"https:\/\/all-car-news.com\/de\/wp-json\/wp\/v2\/types\/post"}],"replies":[{"embeddable":true,"href":"https:\/\/all-car-news.com\/de\/wp-json\/wp\/v2\/comments?post=143304"}],"version-history":[{"count":0,"href":"https:\/\/all-car-news.com\/de\/wp-json\/wp\/v2\/posts\/143304\/revisions"}],"wp:featuredmedia":[{"embeddable":true,"href":"https:\/\/all-car-news.com\/de\/wp-json\/wp\/v2\/media\/143279"}],"wp:attachment":[{"href":"https:\/\/all-car-news.com\/de\/wp-json\/wp\/v2\/media?parent=143304"}],"wp:term":[{"taxonomy":"category","embeddable":true,"href":"https:\/\/all-car-news.com\/de\/wp-json\/wp\/v2\/categories?post=143304"},{"taxonomy":"post_tag","embeddable":true,"href":"https:\/\/all-car-news.com\/de\/wp-json\/wp\/v2\/tags?post=143304"}],"curies":[{"name":"wp","href":"https:\/\/api.w.org\/{rel}","templated":true}]}}