{"id":143231,"date":"2024-02-23T15:38:00","date_gmt":"2024-02-23T15:38:00","guid":{"rendered":"https:\/\/all-car-news.com\/gesichtet-ein-fiat-128-1100-von-1979\/"},"modified":"2024-02-23T15:38:00","modified_gmt":"2024-02-23T15:38:00","slug":"gesichtet-ein-fiat-128-1100-von-1979","status":"publish","type":"post","link":"https:\/\/all-car-news.com\/de\/gesichtet-ein-fiat-128-1100-von-1979\/","title":{"rendered":"Gesichtet: ein Fiat 128 1100 von 1979"},"content":{"rendered":"<p>1969 f\u00fchrte <a href=\"https:\/\/autorai.nl\/autozoeker\/fiat\/\" target=\"_blank\" rel=\"noreferrer noopener\">Fiat<\/a> den 128 als Nachfolger der 1100er-Modellfamilie ein. Der Fiat 128 hat bei weitem nicht so einen Kultstatus wie die Fiats 500 und 600, aber er war bei seiner Einf\u00fchrung ein ziemlich innovatives Auto. Erstens, weil er den Frontmotor mit Frontantrieb kombiniert. Das war an sich nichts Neues (man denke nur an den klassischen Mini), aber Fiat hat die notwendigen Verbesserungen vorgenommen, und au\u00dferdem war es im Kompaktsegment noch lange nicht \u00fcblich.<\/p>\n<h2><strong>Fiat 128 mit hocheffizientem Layout<\/strong><\/h2>\n<p>Da der verf\u00fcgbare Raum auch f\u00fcr den Rest des Autos sehr effizient genutzt wurde, bot der Fiat 128 trotz seiner kompakten Abmessungen (L x B x H: 3,8 x 1,6 x 1,35 Meter) gen\u00fcgend Platz f\u00fcr die ganze Familie. Nach den Ma\u00dfst\u00e4ben der damaligen Zeit also. Nach Angaben von Fiat beansprucht der Antriebsstrang nur 20 % des gesamten Innenraums. Bei dem Motor handelte es sich zun\u00e4chst um einen 1,1-Liter-Vierzylinder mit 36 kW (49 PS), sp\u00e4ter wurde auch ein 1,3-Liter-Vierzylinder mit 49 kW (67 PS) in das Programm aufgenommen. Angesichts des geringen Gewichts reichte diese Leistung aus, um den Fiat zu einem f\u00fcr die damalige Zeit flotten kleinen Auto zu machen. Sp\u00e4ter erschienen auch Modelle mit mehr Leistung.<\/p>\n<figure class=\"wp-block-image size-full\"><img decoding=\"async\" loading=\"lazy\" width=\"800\" height=\"450\" src=\"https:\/\/autorai.nl\/wp-content\/uploads\/2024\/02\/Fiat-128-1.jpg\" alt=\"\" class=\"wp-image-174724\"><\/figure>\n<h2><strong>Fiat 128 war ein gro\u00dfer Erfolg<\/strong><\/h2>\n<p>Das Konzept erwies sich als erfolgreich: Allein von den regul\u00e4ren Limousinen- und Kombi-Modellen wurden schlie\u00dflich \u00fcber 2,7 Millionen Einheiten produziert. Dank des Erfolgs des Fiat 128 begannen viele weitere Marken, einen solchen kompakten Antriebsstrang zu \u00fcbernehmen. Manche sehen im 128 sogar den Urvater des modernen Kleinwagens.<\/p>\n<h2><strong>Der Fiat 128 hatte zahlreiche Varianten<\/strong><\/h2>\n<p>Der Fiat 128 ist vor allem als zwei- und viert\u00fcrige Limousine bekannt, aber es gab auch eine Reihe anderer Varianten des Modells. Ebenso wie eine dreit\u00fcrige Kombi-Variante und eine Coup\u00e9-Version. Letzterer hatte ein ganz anderes Design als die Limousine und der Kombi. Au\u00dferhalb Europas gab es weitere Varianten, darunter einen f\u00fcnft\u00fcrigen Kombi und sogar einen Pick-up. Auch der Fiat 128 wurde in Lizenz gebaut, unter anderem in einer Schr\u00e4gheckversion. Der 128 diente auch als technische Basis f\u00fcr andere Modelle, darunter sogar der ber\u00fchmte Fiat X1\/9 mit Mittelmotor.<\/p>\n<div class=\"galery galery-0\">\n<figure>\n\t\t\t\t\t<span style=\"cursor: pointer\" data-src=\"https:\/\/autorai.nl\/wp-content\/uploads\/2024\/02\/Fiat-128-2.jpg\" data-fancybox=\"galery-0\" title=\"\"><br \/>\n\t\t\t\t\t\t\t<img decoding=\"async\" width=\"360\" height=\"270\" src=\"https:\/\/autorai.nl\/wp-content\/uploads\/2024\/02\/Fiat-128-2-360x270.jpg\" class=\"attachment-small size-small\" alt=\"\" loading=\"lazy\"><i class=\"fa fa-search-plus\" aria-hidden=\"true\"><\/i><br \/>\n\t\t\t\t\t\t<\/span><br \/>\n\t\t\t\t\t<\/figure>\n<figure>\n\t\t\t\t\t<span style=\"cursor: pointer\" data-src=\"https:\/\/autorai.nl\/wp-content\/uploads\/2024\/02\/Fiat-128-3.jpg\" data-fancybox=\"galery-0\" title=\"\"><br \/>\n\t\t\t\t\t\t\t<img decoding=\"async\" width=\"360\" height=\"270\" src=\"https:\/\/autorai.nl\/wp-content\/uploads\/2024\/02\/Fiat-128-3-360x270.jpg\" class=\"attachment-small size-small\" alt=\"\" loading=\"lazy\"><i class=\"fa fa-search-plus\" aria-hidden=\"true\"><\/i><br \/>\n\t\t\t\t\t\t<\/span><br \/>\n\t\t\t\t\t<\/figure>\n<figure>\n\t\t\t\t\t<span style=\"cursor: pointer\" data-src=\"https:\/\/autorai.nl\/wp-content\/uploads\/2024\/02\/Fiat-128-4.jpg\" data-fancybox=\"galery-0\" title=\"\"><br \/>\n\t\t\t\t\t\t\t<img decoding=\"async\" width=\"360\" height=\"270\" src=\"https:\/\/autorai.nl\/wp-content\/uploads\/2024\/02\/Fiat-128-4-360x270.jpg\" class=\"attachment-small size-small\" alt=\"\" loading=\"lazy\"><i class=\"fa fa-search-plus\" aria-hidden=\"true\"><\/i><br \/>\n\t\t\t\t\t\t<\/span><br \/>\n\t\t\t\t\t<\/figure>\n<figure>\n\t\t\t\t\t<span style=\"cursor: pointer\" data-src=\"https:\/\/autorai.nl\/wp-content\/uploads\/2024\/02\/Fiat-128-5.jpg\" data-fancybox=\"galery-0\" title=\"\"><br \/>\n\t\t\t\t\t\t\t<img decoding=\"async\" width=\"360\" height=\"270\" src=\"https:\/\/autorai.nl\/wp-content\/uploads\/2024\/02\/Fiat-128-5-360x270.jpg\" class=\"attachment-small size-small\" alt=\"\" loading=\"lazy\"><i class=\"fa fa-search-plus\" aria-hidden=\"true\"><\/i><br \/>\n\t\t\t\t\t\t<\/span><br \/>\n\t\t\t\t\t<\/figure>\n<div class=\"clear\"><\/div>\n<\/div>\n<p>Damit haben wir noch nicht alle Varianten des Fiat 128 gehabt. Dazu geh\u00f6rte die lokale Produktion in Argentinien, Kolumbien, Sri Lanka und S\u00fcdafrika, einschlie\u00dflich einiger marktspezifischer Varianten. In Spanien verkaufte SEAT eine eigene Variante des Fahrzeugs. In Serbien und Polen baute Zastava seine eigenen Varianten in Lizenz, von denen einige wiederum von Nasr in \u00c4gypten in Lizenz hergestellt wurden. Die regul\u00e4re Produktion des Fiat 128 wurde 1985 eingestellt, um Platz f\u00fcr die Fiats Ritmo und Regata zu machen. Die letzten lizenzierten Modelle des 128 liefen jedoch erst 2008 vom Band.<\/p>\n<div class=\"galery galery-1\">\n<figure>\n\t\t\t\t\t<span style=\"cursor: pointer\" data-src=\"https:\/\/autorai.nl\/wp-content\/uploads\/2024\/02\/Fiat-128-Familiar.jpg\" data-fancybox=\"galery-1\" title=\"\"><br \/>\n\t\t\t\t\t\t\t<img decoding=\"async\" width=\"360\" height=\"270\" src=\"https:\/\/autorai.nl\/wp-content\/uploads\/2024\/02\/Fiat-128-Familiar-360x270.jpg\" class=\"attachment-small size-small\" alt=\"\" loading=\"lazy\"><i class=\"fa fa-search-plus\" aria-hidden=\"true\"><\/i><br \/>\n\t\t\t\t\t\t<\/span><br \/>\n\t\t\t\t\t<\/figure>\n<figure>\n\t\t\t\t\t<span style=\"cursor: pointer\" data-src=\"https:\/\/autorai.nl\/wp-content\/uploads\/2024\/02\/Fiat-X1-9-1600x900.jpg\" data-fancybox=\"galery-1\" title=\"\"><br \/>\n\t\t\t\t\t\t\t<img decoding=\"async\" width=\"360\" height=\"270\" src=\"https:\/\/autorai.nl\/wp-content\/uploads\/2024\/02\/Fiat-X1-9-360x270.jpg\" class=\"attachment-small size-small\" alt=\"\" loading=\"lazy\"><i class=\"fa fa-search-plus\" aria-hidden=\"true\"><\/i><br \/>\n\t\t\t\t\t\t<\/span><br \/>\n\t\t\t\t\t<\/figure>\n<figure>\n\t\t\t\t\t<span style=\"cursor: pointer\" data-src=\"https:\/\/autorai.nl\/wp-content\/uploads\/2024\/02\/Zastava-101.jpg\" data-fancybox=\"galery-1\" title=\"\"><br \/>\n\t\t\t\t\t\t\t<img decoding=\"async\" width=\"360\" height=\"270\" src=\"https:\/\/autorai.nl\/wp-content\/uploads\/2024\/02\/Zastava-101-360x270.jpg\" class=\"attachment-small size-small\" alt=\"\" loading=\"lazy\"><i class=\"fa fa-search-plus\" aria-hidden=\"true\"><\/i><br \/>\n\t\t\t\t\t\t<\/span><br \/>\n\t\t\t\t\t<\/figure>\n<figure>\n\t\t\t\t\t<span style=\"cursor: pointer\" data-src=\"https:\/\/autorai.nl\/wp-content\/uploads\/2024\/02\/Zastava-1100.jpg\" data-fancybox=\"galery-1\" title=\"\"><br \/>\n\t\t\t\t\t\t\t<img decoding=\"async\" width=\"360\" height=\"270\" src=\"https:\/\/autorai.nl\/wp-content\/uploads\/2024\/02\/Zastava-1100-360x270.jpg\" class=\"attachment-small size-small\" alt=\"\" loading=\"lazy\"><i class=\"fa fa-search-plus\" aria-hidden=\"true\"><\/i><br \/>\n\t\t\t\t\t\t<\/span><br \/>\n\t\t\t\t\t<\/figure>\n<div class=\"clear\"><\/div>\n<\/div>\n<h2><strong>Das gefleckte Exemplar<\/strong><\/h2>\n<p>Wir sind auf diesen Fiat 128 1100 gesto\u00dfen. Bei diesem Modell steckt also der 1,1-Liter unter der Haube. Die Zulassungsnummer dieses Fiat ist dem RDW nicht mehr bekannt, aber die Buchstabenkombination macht deutlich, dass er 1979 ausgegeben wurde. Eine andere Website zur \u00dcberpr\u00fcfung des Kennzeichens best\u00e4tigt, dass es sich bei dem Fiat um ein niederl\u00e4ndisches Original aus diesem Jahr handelt. Das Auto h\u00e4tte nicht einmal den Besitzer gewechselt. Der T\u00dcV ist jedoch seit 2004 abgelaufen, und 2016 wurde das Nummernschild f\u00fcr &#8222;vor\u00fcbergehend ung\u00fcltig&#8220; erkl\u00e4rt.<\/p>\n<p>Da das Auto auf einem Privatgrundst\u00fcck gesichtet wurde, erw\u00e4hnen wir diesmal nicht den Ort des Geschehens, zeigen so wenig Umgebung wie m\u00f6glich und haben das Nummernschild teilweise unkenntlich gemacht. Wir hoffen jedoch, dass jemand das betreffende Auto wiedererkennt. Schlie\u00dflich muss es eine interessante Geschichte dazu geben, und wir sind neugierig. Warum ist das niedliche kleine Auto so lange geparkt worden? Auf jeden Fall hoffen wir, dass der Fiat wiederbelebt wird, denn er l\u00e4sst die Stra\u00dfen viel fr\u00f6hlicher aussehen.<\/p>\n<figure class=\"wp-block-image size-content\"><img decoding=\"async\" loading=\"lazy\" width=\"1140\" height=\"641\" src=\"https:\/\/autorai.nl\/wp-content\/uploads\/2024\/02\/AutoRAI-Gespot-Fiat-128-1100-header-1140x641.jpg\" alt=\"\" class=\"wp-image-174723\"><\/figure>\n","protected":false},"excerpt":{"rendered":"1969 f\u00fchrte Fiat den 128 als Nachfolger der 1100er-Modellfamilie ein. Der Fiat 128 hat bei weitem nicht so einen Kultstatus&hellip;","protected":false},"author":0,"featured_media":143227,"comment_status":"","ping_status":"open","sticky":false,"template":"","format":"standard","meta":{"footnotes":""},"categories":[125,174],"tags":[],"class_list":["post-143231","post","type-post","status-publish","format-standard","has-post-thumbnail","hentry","category-auto-nachrichten","category-spas"],"acf":[],"yoast_head":"<!-- This site is optimized with the Yoast SEO plugin v21.2 - https:\/\/yoast.com\/wordpress\/plugins\/seo\/ -->\n<title>Gesichtet: ein Fiat 128 1100 von 1979 - All cars news<\/title>\n<meta name=\"robots\" content=\"index, follow, max-snippet:-1, max-image-preview:large, max-video-preview:-1\" \/>\n<link rel=\"canonical\" href=\"https:\/\/all-car-news.com\/de\/gesichtet-ein-fiat-128-1100-von-1979\/\" \/>\n<meta property=\"og:locale\" content=\"de_DE\" \/>\n<meta property=\"og:type\" content=\"article\" \/>\n<meta property=\"og:title\" content=\"Gesichtet: ein Fiat 128 1100 von 1979 - All cars news\" \/>\n<meta property=\"og:description\" content=\"1969 f\u00fchrte Fiat den 128 als Nachfolger der 1100er-Modellfamilie ein. Der Fiat 128 hat bei weitem nicht so einen Kultstatus wie die Fiats 500 und 600, aber er war bei seiner Einf\u00fchrung ein ziemlich innovatives Auto. Erstens, weil er den Frontmotor mit Frontantrieb kombiniert. Das war an sich nichts Neues (denken Sie [...]\" \/>\n<meta property=\"og:url\" content=\"https:\/\/all-car-news.com\/de\/gesichtet-ein-fiat-128-1100-von-1979\/\" \/>\n<meta property=\"og:site_name\" content=\"All cars news\" \/>\n<meta property=\"article:published_time\" content=\"2024-02-23T15:38:00+00:00\" \/>\n<meta property=\"og:image\" content=\"https:\/\/autorai.nl\/wp-content\/uploads\/2024\/02\/Fiat-128-1.jpg\" \/>\n<meta name=\"twitter:card\" content=\"summary_large_image\" \/>\n<meta name=\"twitter:label1\" content=\"Gesch\u00e4tzte Lesezeit\" \/>\n\t<meta name=\"twitter:data1\" content=\"3\u00a0Minuten\" \/>\n<script type=\"application\/ld+json\" class=\"yoast-schema-graph\">{\"@context\":\"https:\/\/schema.org\",\"@graph\":[{\"@type\":\"Article\",\"@id\":\"https:\/\/all-car-news.com\/de\/gesichtet-ein-fiat-128-1100-von-1979\/#article\",\"isPartOf\":{\"@id\":\"https:\/\/all-car-news.com\/de\/gesichtet-ein-fiat-128-1100-von-1979\/\"},\"author\":{\"name\":\"\",\"@id\":\"\"},\"headline\":\"Gesichtet: ein Fiat 128 1100 von 1979\",\"datePublished\":\"2024-02-23T15:38:00+00:00\",\"dateModified\":\"2024-02-23T15:38:00+00:00\",\"mainEntityOfPage\":{\"@id\":\"https:\/\/all-car-news.com\/de\/gesichtet-ein-fiat-128-1100-von-1979\/\"},\"wordCount\":613,\"publisher\":{\"@id\":\"https:\/\/all-car-news.com\/de\/#organization\"},\"articleSection\":[\"Auto Nachrichten\",\"Spa\u00df\"],\"inLanguage\":\"de\"},{\"@type\":\"WebPage\",\"@id\":\"https:\/\/all-car-news.com\/de\/gesichtet-ein-fiat-128-1100-von-1979\/\",\"url\":\"https:\/\/all-car-news.com\/de\/gesichtet-ein-fiat-128-1100-von-1979\/\",\"name\":\"Gesichtet: ein Fiat 128 1100 von 1979 - All cars news\",\"isPartOf\":{\"@id\":\"https:\/\/all-car-news.com\/de\/#website\"},\"datePublished\":\"2024-02-23T15:38:00+00:00\",\"dateModified\":\"2024-02-23T15:38:00+00:00\",\"breadcrumb\":{\"@id\":\"https:\/\/all-car-news.com\/de\/gesichtet-ein-fiat-128-1100-von-1979\/#breadcrumb\"},\"inLanguage\":\"de\",\"potentialAction\":[{\"@type\":\"ReadAction\",\"target\":[\"https:\/\/all-car-news.com\/de\/gesichtet-ein-fiat-128-1100-von-1979\/\"]}]},{\"@type\":\"BreadcrumbList\",\"@id\":\"https:\/\/all-car-news.com\/de\/gesichtet-ein-fiat-128-1100-von-1979\/#breadcrumb\",\"itemListElement\":[{\"@type\":\"ListItem\",\"position\":1,\"name\":\"Home\",\"item\":\"https:\/\/all-car-news.com\/de\/\"},{\"@type\":\"ListItem\",\"position\":2,\"name\":\"Gesichtet: ein Fiat 128 1100 von 1979\"}]},{\"@type\":\"WebSite\",\"@id\":\"https:\/\/all-car-news.com\/de\/#website\",\"url\":\"https:\/\/all-car-news.com\/de\/\",\"name\":\"All cars news\",\"description\":\"\",\"publisher\":{\"@id\":\"https:\/\/all-car-news.com\/de\/#organization\"},\"potentialAction\":[{\"@type\":\"SearchAction\",\"target\":{\"@type\":\"EntryPoint\",\"urlTemplate\":\"https:\/\/all-car-news.com\/de\/?s={search_term_string}\"},\"query-input\":\"required name=search_term_string\"}],\"inLanguage\":\"de\"},{\"@type\":\"Organization\",\"@id\":\"https:\/\/all-car-news.com\/de\/#organization\",\"name\":\"All cars news\",\"url\":\"https:\/\/all-car-news.com\/de\/\",\"logo\":{\"@type\":\"ImageObject\",\"inLanguage\":\"de\",\"@id\":\"https:\/\/all-car-news.com\/de\/#\/schema\/logo\/image\/\",\"url\":\"https:\/\/all-car-news.com\/wp-content\/uploads\/2022\/02\/CMYK-AllCarNews_LANDSCAPE_300px-1.png\",\"contentUrl\":\"https:\/\/all-car-news.com\/wp-content\/uploads\/2022\/02\/CMYK-AllCarNews_LANDSCAPE_300px-1.png\",\"width\":300,\"height\":100,\"caption\":\"All cars news\"},\"image\":{\"@id\":\"https:\/\/all-car-news.com\/de\/#\/schema\/logo\/image\/\"}}]}<\/script>\n<!-- \/ Yoast SEO plugin. -->","yoast_head_json":{"title":"Gesichtet: ein Fiat 128 1100 von 1979 - All cars news","robots":{"index":"index","follow":"follow","max-snippet":"max-snippet:-1","max-image-preview":"max-image-preview:large","max-video-preview":"max-video-preview:-1"},"canonical":"https:\/\/all-car-news.com\/de\/gesichtet-ein-fiat-128-1100-von-1979\/","og_locale":"de_DE","og_type":"article","og_title":"Gesichtet: ein Fiat 128 1100 von 1979 - All cars news","og_description":"1969 f\u00fchrte Fiat den 128 als Nachfolger der 1100er-Modellfamilie ein. Der Fiat 128 hat bei weitem nicht so einen Kultstatus wie die Fiats 500 und 600, aber er war bei seiner Einf\u00fchrung ein ziemlich innovatives Auto. Erstens, weil er den Frontmotor mit Frontantrieb kombiniert. Das war an sich nichts Neues (denken Sie [...]","og_url":"https:\/\/all-car-news.com\/de\/gesichtet-ein-fiat-128-1100-von-1979\/","og_site_name":"All cars news","article_published_time":"2024-02-23T15:38:00+00:00","og_image":[{"url":"https:\/\/autorai.nl\/wp-content\/uploads\/2024\/02\/Fiat-128-1.jpg"}],"twitter_card":"summary_large_image","twitter_misc":{"Gesch\u00e4tzte Lesezeit":"3\u00a0Minuten"},"schema":{"@context":"https:\/\/schema.org","@graph":[{"@type":"Article","@id":"https:\/\/all-car-news.com\/de\/gesichtet-ein-fiat-128-1100-von-1979\/#article","isPartOf":{"@id":"https:\/\/all-car-news.com\/de\/gesichtet-ein-fiat-128-1100-von-1979\/"},"author":{"name":"","@id":""},"headline":"Gesichtet: ein Fiat 128 1100 von 1979","datePublished":"2024-02-23T15:38:00+00:00","dateModified":"2024-02-23T15:38:00+00:00","mainEntityOfPage":{"@id":"https:\/\/all-car-news.com\/de\/gesichtet-ein-fiat-128-1100-von-1979\/"},"wordCount":613,"publisher":{"@id":"https:\/\/all-car-news.com\/de\/#organization"},"articleSection":["Auto Nachrichten","Spa\u00df"],"inLanguage":"de"},{"@type":"WebPage","@id":"https:\/\/all-car-news.com\/de\/gesichtet-ein-fiat-128-1100-von-1979\/","url":"https:\/\/all-car-news.com\/de\/gesichtet-ein-fiat-128-1100-von-1979\/","name":"Gesichtet: ein Fiat 128 1100 von 1979 - All cars news","isPartOf":{"@id":"https:\/\/all-car-news.com\/de\/#website"},"datePublished":"2024-02-23T15:38:00+00:00","dateModified":"2024-02-23T15:38:00+00:00","breadcrumb":{"@id":"https:\/\/all-car-news.com\/de\/gesichtet-ein-fiat-128-1100-von-1979\/#breadcrumb"},"inLanguage":"de","potentialAction":[{"@type":"ReadAction","target":["https:\/\/all-car-news.com\/de\/gesichtet-ein-fiat-128-1100-von-1979\/"]}]},{"@type":"BreadcrumbList","@id":"https:\/\/all-car-news.com\/de\/gesichtet-ein-fiat-128-1100-von-1979\/#breadcrumb","itemListElement":[{"@type":"ListItem","position":1,"name":"Home","item":"https:\/\/all-car-news.com\/de\/"},{"@type":"ListItem","position":2,"name":"Gesichtet: ein Fiat 128 1100 von 1979"}]},{"@type":"WebSite","@id":"https:\/\/all-car-news.com\/de\/#website","url":"https:\/\/all-car-news.com\/de\/","name":"All cars news","description":"","publisher":{"@id":"https:\/\/all-car-news.com\/de\/#organization"},"potentialAction":[{"@type":"SearchAction","target":{"@type":"EntryPoint","urlTemplate":"https:\/\/all-car-news.com\/de\/?s={search_term_string}"},"query-input":"required name=search_term_string"}],"inLanguage":"de"},{"@type":"Organization","@id":"https:\/\/all-car-news.com\/de\/#organization","name":"All cars news","url":"https:\/\/all-car-news.com\/de\/","logo":{"@type":"ImageObject","inLanguage":"de","@id":"https:\/\/all-car-news.com\/de\/#\/schema\/logo\/image\/","url":"https:\/\/all-car-news.com\/wp-content\/uploads\/2022\/02\/CMYK-AllCarNews_LANDSCAPE_300px-1.png","contentUrl":"https:\/\/all-car-news.com\/wp-content\/uploads\/2022\/02\/CMYK-AllCarNews_LANDSCAPE_300px-1.png","width":300,"height":100,"caption":"All cars news"},"image":{"@id":"https:\/\/all-car-news.com\/de\/#\/schema\/logo\/image\/"}}]}},"_links":{"self":[{"href":"https:\/\/all-car-news.com\/de\/wp-json\/wp\/v2\/posts\/143231","targetHints":{"allow":["GET"]}}],"collection":[{"href":"https:\/\/all-car-news.com\/de\/wp-json\/wp\/v2\/posts"}],"about":[{"href":"https:\/\/all-car-news.com\/de\/wp-json\/wp\/v2\/types\/post"}],"replies":[{"embeddable":true,"href":"https:\/\/all-car-news.com\/de\/wp-json\/wp\/v2\/comments?post=143231"}],"version-history":[{"count":0,"href":"https:\/\/all-car-news.com\/de\/wp-json\/wp\/v2\/posts\/143231\/revisions"}],"wp:featuredmedia":[{"embeddable":true,"href":"https:\/\/all-car-news.com\/de\/wp-json\/wp\/v2\/media\/143227"}],"wp:attachment":[{"href":"https:\/\/all-car-news.com\/de\/wp-json\/wp\/v2\/media?parent=143231"}],"wp:term":[{"taxonomy":"category","embeddable":true,"href":"https:\/\/all-car-news.com\/de\/wp-json\/wp\/v2\/categories?post=143231"},{"taxonomy":"post_tag","embeddable":true,"href":"https:\/\/all-car-news.com\/de\/wp-json\/wp\/v2\/tags?post=143231"}],"curies":[{"name":"wp","href":"https:\/\/api.w.org\/{rel}","templated":true}]}}