{"id":143106,"date":"2024-02-16T12:55:43","date_gmt":"2024-02-16T12:55:43","guid":{"rendered":"https:\/\/all-car-news.com\/koenigliche-militaerpolizei-auf-bmw-k-1600-gt\/"},"modified":"2024-02-16T12:55:43","modified_gmt":"2024-02-16T12:55:43","slug":"koenigliche-militaerpolizei-auf-bmw-k-1600-gt","status":"publish","type":"post","link":"https:\/\/all-car-news.com\/de\/koenigliche-militaerpolizei-auf-bmw-k-1600-gt\/","title":{"rendered":"K\u00f6nigliche Milit\u00e4rpolizei auf BMW K 1600 GT"},"content":{"rendered":"<p>Zwei speziell pr\u00e4parierte Exemplare der BMW K 1600 GT-p wurden k\u00fcrzlich bei BMW Motorrad Niederlande in Rijswijk an die K\u00f6nigliche Milit\u00e4rpolizei \u00fcbergeben. Beide Prototypen werden in der kommenden Zeit einem umfangreichen Testprotokoll unterzogen, um im Rahmen der Ausschreibung f\u00fcr die Lieferung von ca. 185 Streifenmotorr\u00e4dern weitere Feinabstimmungen vorzunehmen. Die K\u00f6nigliche Milit\u00e4rpolizei wird sie f\u00fcr Eskort- und Kontrollaufgaben einsetzen.<\/p>\n<p><img decoding=\"async\" loading=\"lazy\" width=\"1140\" height=\"760\" class=\"alignnone size-medium wp-image-27697\" src=\"https:\/\/motorrai.nl\/wp-content\/uploads\/2024\/02\/BMW-Marechaussee-K-1600-GT-5-1140x760.jpg\" alt=\"\"><\/p>\n<h2>Warum BMW K 1600 GT?<\/h2>\n<p>Diesem gesamten Prozess ging eine Auswahl auf der Grundlage eines Anforderungsprogramms des Verteidigungsministeriums voraus. Diese kam zu dem Schluss, dass nur Motorr\u00e4der von BMW Motorrad die technischen Anforderungen erf\u00fcllen k\u00f6nnen. Au\u00dferdem erwies sich nur die BMW K 1600 GT-p als geeignet, die Hauptaufgaben der Royal Military Police zu erf\u00fcllen.<\/p>\n<p><img decoding=\"async\" loading=\"lazy\" width=\"1140\" height=\"760\" class=\"alignnone size-medium wp-image-27693\" src=\"https:\/\/motorrai.nl\/wp-content\/uploads\/2024\/02\/BMW-Marechaussee-K-1600-GT-1-1140x760.jpg\" alt=\"\"><\/p>\n<h2>Kardan<\/h2>\n<p>Der Grund f\u00fcr die R\u00fcckkehr zu BMW ist zweifellos die Einstellung der Produktion der Yamaha FJR 1300. Damals, vor nunmehr fast 20 Jahren, fiel die Wahl auf dieses Vierzylinder-Reihenmotorrad mit Kardanantrieb. Das bot mehr Leistung und mehr Agilit\u00e4t als die Boxermotoren von BMW, wie z.B. die R 1200 RT, die damals von der Regierung eingesetzt wurde. Die K 1600 GT mit ihrem Sechszylinder-Reihenmotor gab es damals noch nicht. Der ist aber mindestens genauso leichtg\u00e4ngig und leistungsstark und zudem mit Kardanwelle. Die Polizei f\u00e4hrt damit schon seit Jahren auf den niederl\u00e4ndischen Stra\u00dfen Streife.<\/p>\n<h2><strong>Beratung und Kontrolle<\/strong><\/h2>\n<p>Insbesondere f\u00fcr die F\u00fchrung und Kontrolle sind eine hohe H\u00f6chstgeschwindigkeit und eine schnelle Beschleunigung unerl\u00e4sslich. Mit einem maximalen Drehmoment von 180 Newtonmetern bei 5.250 Umdrehungen pro Minute sorgt die BMW K 1600 GT-p schon bei niedrigen Drehzahlen f\u00fcr eine sehr wache Reaktion auf das Gaspedal. Der 1.649 <sup>cm3 gro\u00dfe<\/sup> 6-Zylinder-Reihenmotor zeichnet sich auch durch seine Laufruhe im gesamten Drehzahlbereich aus. Die maximale Leistung betr\u00e4gt 118 kW (160 PS) bei 6.750 U\/min.<\/p>\n<div class=\"galery galery-27692\">\n<figure>\n\t\t\t<a href=\"https:\/\/motorrai.nl\/wp-content\/uploads\/2024\/02\/BMW-Marechaussee-K-1600-GT-4.jpg\" data-fancybox=\"galery-27692\" title=\"\"><br \/>\n\t\t\t\t<img decoding=\"async\" src=\"https:\/\/motorrai.nl\/wp-content\/uploads\/2024\/02\/BMW-Marechaussee-K-1600-GT-4-360x270.jpg\" alt=\"\"><i class=\"fa fa-search-plus\" aria-hidden=\"true\"><\/i><br \/>\n\t\t\t<\/a><br \/>\n\t\t<\/figure>\n<figure>\n\t\t\t<a href=\"https:\/\/motorrai.nl\/wp-content\/uploads\/2024\/02\/BMW-Marechaussee-K-1600-GT-2-1600x1067.jpg\" data-fancybox=\"galery-27692\" title=\"\"><br \/>\n\t\t\t\t<img decoding=\"async\" src=\"https:\/\/motorrai.nl\/wp-content\/uploads\/2024\/02\/BMW-Marechaussee-K-1600-GT-2-360x270.jpg\" alt=\"\"><i class=\"fa fa-search-plus\" aria-hidden=\"true\"><\/i><br \/>\n\t\t\t<\/a><br \/>\n\t\t<\/figure>\n<div class=\"clear\"><\/div>\n<\/div>\n<h2>Inklusive Wartung<\/h2>\n<p>&#8222;Wir sind nat\u00fcrlich stolz darauf, diese Motorr\u00e4der an die K\u00f6nigliche Milit\u00e4rpolizei zu liefern&#8220;, sagte Tom Crooijmans, Leiter von BMW Motorrad Niederlande. &#8222;Der Einbau und die Montage wurden von unserem exklusiven Partner HSC in Nieuw-Vennep sorgf\u00e4ltig und in enger Abstimmung mit den Fachleuten der K\u00f6niglichen Milit\u00e4rpolizei durchgef\u00fchrt. BMW Motorrad und unsere gesamte H\u00e4ndlerorganisation sind auch an der Wartung der Motorr\u00e4der beteiligt. Ich bin \u00fcberzeugt, dass die Motorradfahrer der K\u00f6niglichen Milit\u00e4rpolizei auch in den kommenden Jahren mit Zuversicht und gro\u00dfer Freude ihren Dienst verrichten k\u00f6nnen.&#8220;<\/p>\n<p>&nbsp;<\/p>\n","protected":false},"excerpt":{"rendered":"Zwei speziell pr\u00e4parierte Exemplare der BMW K 1600 GT-p wurden k\u00fcrzlich bei BMW Motorrad Niederlande in Rijswijk an die K\u00f6nigliche&hellip;","protected":false},"author":0,"featured_media":143072,"comment_status":"","ping_status":"open","sticky":false,"template":"","format":"standard","meta":{"footnotes":""},"categories":[125],"tags":[],"class_list":["post-143106","post","type-post","status-publish","format-standard","has-post-thumbnail","hentry","category-auto-nachrichten"],"acf":[],"yoast_head":"<!-- This site is optimized with the Yoast SEO plugin v21.2 - https:\/\/yoast.com\/wordpress\/plugins\/seo\/ -->\n<title>K\u00f6nigliche Milit\u00e4rpolizei auf BMW K 1600 GT - All cars news<\/title>\n<meta name=\"robots\" content=\"index, follow, max-snippet:-1, max-image-preview:large, max-video-preview:-1\" \/>\n<link rel=\"canonical\" href=\"https:\/\/all-car-news.com\/de\/koenigliche-militaerpolizei-auf-bmw-k-1600-gt\/\" \/>\n<meta property=\"og:locale\" content=\"de_DE\" \/>\n<meta property=\"og:type\" content=\"article\" \/>\n<meta property=\"og:title\" content=\"K\u00f6nigliche Milit\u00e4rpolizei auf BMW K 1600 GT - All cars news\" \/>\n<meta property=\"og:description\" content=\"Zwei speziell pr\u00e4parierte Exemplare der BMW K 1600 GT-p wurden k\u00fcrzlich bei BMW Motorrad Niederlande in Rijswijk an die K\u00f6nigliche Milit\u00e4rpolizei \u00fcbergeben. Beide Prototypen werden in der kommenden Zeit einem umfangreichen Testprotokoll unterzogen, um im Rahmen der Ausschreibung f\u00fcr die Lieferung von ca. 185 Streifenmotorr\u00e4dern weitere Feinabstimmungen vorzunehmen. Die K\u00f6nigliche Milit\u00e4rpolizei wird [...]\" \/>\n<meta property=\"og:url\" content=\"https:\/\/all-car-news.com\/de\/koenigliche-militaerpolizei-auf-bmw-k-1600-gt\/\" \/>\n<meta property=\"og:site_name\" content=\"All cars news\" \/>\n<meta property=\"article:published_time\" content=\"2024-02-16T12:55:43+00:00\" \/>\n<meta property=\"og:image\" content=\"https:\/\/motorrai.nl\/wp-content\/uploads\/2024\/02\/BMW-Marechaussee-K-1600-GT-5-1140x760.jpg\" \/>\n<meta name=\"twitter:card\" content=\"summary_large_image\" \/>\n<meta name=\"twitter:label1\" content=\"Gesch\u00e4tzte Lesezeit\" \/>\n\t<meta name=\"twitter:data1\" content=\"2\u00a0Minuten\" \/>\n<script type=\"application\/ld+json\" class=\"yoast-schema-graph\">{\"@context\":\"https:\/\/schema.org\",\"@graph\":[{\"@type\":\"Article\",\"@id\":\"https:\/\/all-car-news.com\/de\/koenigliche-militaerpolizei-auf-bmw-k-1600-gt\/#article\",\"isPartOf\":{\"@id\":\"https:\/\/all-car-news.com\/de\/koenigliche-militaerpolizei-auf-bmw-k-1600-gt\/\"},\"author\":{\"name\":\"\",\"@id\":\"\"},\"headline\":\"K\u00f6nigliche Milit\u00e4rpolizei auf BMW K 1600 GT\",\"datePublished\":\"2024-02-16T12:55:43+00:00\",\"dateModified\":\"2024-02-16T12:55:43+00:00\",\"mainEntityOfPage\":{\"@id\":\"https:\/\/all-car-news.com\/de\/koenigliche-militaerpolizei-auf-bmw-k-1600-gt\/\"},\"wordCount\":402,\"publisher\":{\"@id\":\"https:\/\/all-car-news.com\/de\/#organization\"},\"articleSection\":[\"Auto Nachrichten\"],\"inLanguage\":\"de\"},{\"@type\":\"WebPage\",\"@id\":\"https:\/\/all-car-news.com\/de\/koenigliche-militaerpolizei-auf-bmw-k-1600-gt\/\",\"url\":\"https:\/\/all-car-news.com\/de\/koenigliche-militaerpolizei-auf-bmw-k-1600-gt\/\",\"name\":\"K\u00f6nigliche Milit\u00e4rpolizei auf BMW K 1600 GT - All cars news\",\"isPartOf\":{\"@id\":\"https:\/\/all-car-news.com\/de\/#website\"},\"datePublished\":\"2024-02-16T12:55:43+00:00\",\"dateModified\":\"2024-02-16T12:55:43+00:00\",\"breadcrumb\":{\"@id\":\"https:\/\/all-car-news.com\/de\/koenigliche-militaerpolizei-auf-bmw-k-1600-gt\/#breadcrumb\"},\"inLanguage\":\"de\",\"potentialAction\":[{\"@type\":\"ReadAction\",\"target\":[\"https:\/\/all-car-news.com\/de\/koenigliche-militaerpolizei-auf-bmw-k-1600-gt\/\"]}]},{\"@type\":\"BreadcrumbList\",\"@id\":\"https:\/\/all-car-news.com\/de\/koenigliche-militaerpolizei-auf-bmw-k-1600-gt\/#breadcrumb\",\"itemListElement\":[{\"@type\":\"ListItem\",\"position\":1,\"name\":\"Home\",\"item\":\"https:\/\/all-car-news.com\/de\/\"},{\"@type\":\"ListItem\",\"position\":2,\"name\":\"K\u00f6nigliche Milit\u00e4rpolizei auf BMW K 1600 GT\"}]},{\"@type\":\"WebSite\",\"@id\":\"https:\/\/all-car-news.com\/de\/#website\",\"url\":\"https:\/\/all-car-news.com\/de\/\",\"name\":\"All cars news\",\"description\":\"\",\"publisher\":{\"@id\":\"https:\/\/all-car-news.com\/de\/#organization\"},\"potentialAction\":[{\"@type\":\"SearchAction\",\"target\":{\"@type\":\"EntryPoint\",\"urlTemplate\":\"https:\/\/all-car-news.com\/de\/?s={search_term_string}\"},\"query-input\":\"required name=search_term_string\"}],\"inLanguage\":\"de\"},{\"@type\":\"Organization\",\"@id\":\"https:\/\/all-car-news.com\/de\/#organization\",\"name\":\"All cars news\",\"url\":\"https:\/\/all-car-news.com\/de\/\",\"logo\":{\"@type\":\"ImageObject\",\"inLanguage\":\"de\",\"@id\":\"https:\/\/all-car-news.com\/de\/#\/schema\/logo\/image\/\",\"url\":\"https:\/\/all-car-news.com\/wp-content\/uploads\/2022\/02\/CMYK-AllCarNews_LANDSCAPE_300px-1.png\",\"contentUrl\":\"https:\/\/all-car-news.com\/wp-content\/uploads\/2022\/02\/CMYK-AllCarNews_LANDSCAPE_300px-1.png\",\"width\":300,\"height\":100,\"caption\":\"All cars news\"},\"image\":{\"@id\":\"https:\/\/all-car-news.com\/de\/#\/schema\/logo\/image\/\"}}]}<\/script>\n<!-- \/ Yoast SEO plugin. -->","yoast_head_json":{"title":"K\u00f6nigliche Milit\u00e4rpolizei auf BMW K 1600 GT - All cars news","robots":{"index":"index","follow":"follow","max-snippet":"max-snippet:-1","max-image-preview":"max-image-preview:large","max-video-preview":"max-video-preview:-1"},"canonical":"https:\/\/all-car-news.com\/de\/koenigliche-militaerpolizei-auf-bmw-k-1600-gt\/","og_locale":"de_DE","og_type":"article","og_title":"K\u00f6nigliche Milit\u00e4rpolizei auf BMW K 1600 GT - All cars news","og_description":"Zwei speziell pr\u00e4parierte Exemplare der BMW K 1600 GT-p wurden k\u00fcrzlich bei BMW Motorrad Niederlande in Rijswijk an die K\u00f6nigliche Milit\u00e4rpolizei \u00fcbergeben. Beide Prototypen werden in der kommenden Zeit einem umfangreichen Testprotokoll unterzogen, um im Rahmen der Ausschreibung f\u00fcr die Lieferung von ca. 185 Streifenmotorr\u00e4dern weitere Feinabstimmungen vorzunehmen. Die K\u00f6nigliche Milit\u00e4rpolizei wird [...]","og_url":"https:\/\/all-car-news.com\/de\/koenigliche-militaerpolizei-auf-bmw-k-1600-gt\/","og_site_name":"All cars news","article_published_time":"2024-02-16T12:55:43+00:00","og_image":[{"url":"https:\/\/motorrai.nl\/wp-content\/uploads\/2024\/02\/BMW-Marechaussee-K-1600-GT-5-1140x760.jpg"}],"twitter_card":"summary_large_image","twitter_misc":{"Gesch\u00e4tzte Lesezeit":"2\u00a0Minuten"},"schema":{"@context":"https:\/\/schema.org","@graph":[{"@type":"Article","@id":"https:\/\/all-car-news.com\/de\/koenigliche-militaerpolizei-auf-bmw-k-1600-gt\/#article","isPartOf":{"@id":"https:\/\/all-car-news.com\/de\/koenigliche-militaerpolizei-auf-bmw-k-1600-gt\/"},"author":{"name":"","@id":""},"headline":"K\u00f6nigliche Milit\u00e4rpolizei auf BMW K 1600 GT","datePublished":"2024-02-16T12:55:43+00:00","dateModified":"2024-02-16T12:55:43+00:00","mainEntityOfPage":{"@id":"https:\/\/all-car-news.com\/de\/koenigliche-militaerpolizei-auf-bmw-k-1600-gt\/"},"wordCount":402,"publisher":{"@id":"https:\/\/all-car-news.com\/de\/#organization"},"articleSection":["Auto Nachrichten"],"inLanguage":"de"},{"@type":"WebPage","@id":"https:\/\/all-car-news.com\/de\/koenigliche-militaerpolizei-auf-bmw-k-1600-gt\/","url":"https:\/\/all-car-news.com\/de\/koenigliche-militaerpolizei-auf-bmw-k-1600-gt\/","name":"K\u00f6nigliche Milit\u00e4rpolizei auf BMW K 1600 GT - All cars news","isPartOf":{"@id":"https:\/\/all-car-news.com\/de\/#website"},"datePublished":"2024-02-16T12:55:43+00:00","dateModified":"2024-02-16T12:55:43+00:00","breadcrumb":{"@id":"https:\/\/all-car-news.com\/de\/koenigliche-militaerpolizei-auf-bmw-k-1600-gt\/#breadcrumb"},"inLanguage":"de","potentialAction":[{"@type":"ReadAction","target":["https:\/\/all-car-news.com\/de\/koenigliche-militaerpolizei-auf-bmw-k-1600-gt\/"]}]},{"@type":"BreadcrumbList","@id":"https:\/\/all-car-news.com\/de\/koenigliche-militaerpolizei-auf-bmw-k-1600-gt\/#breadcrumb","itemListElement":[{"@type":"ListItem","position":1,"name":"Home","item":"https:\/\/all-car-news.com\/de\/"},{"@type":"ListItem","position":2,"name":"K\u00f6nigliche Milit\u00e4rpolizei auf BMW K 1600 GT"}]},{"@type":"WebSite","@id":"https:\/\/all-car-news.com\/de\/#website","url":"https:\/\/all-car-news.com\/de\/","name":"All cars news","description":"","publisher":{"@id":"https:\/\/all-car-news.com\/de\/#organization"},"potentialAction":[{"@type":"SearchAction","target":{"@type":"EntryPoint","urlTemplate":"https:\/\/all-car-news.com\/de\/?s={search_term_string}"},"query-input":"required name=search_term_string"}],"inLanguage":"de"},{"@type":"Organization","@id":"https:\/\/all-car-news.com\/de\/#organization","name":"All cars news","url":"https:\/\/all-car-news.com\/de\/","logo":{"@type":"ImageObject","inLanguage":"de","@id":"https:\/\/all-car-news.com\/de\/#\/schema\/logo\/image\/","url":"https:\/\/all-car-news.com\/wp-content\/uploads\/2022\/02\/CMYK-AllCarNews_LANDSCAPE_300px-1.png","contentUrl":"https:\/\/all-car-news.com\/wp-content\/uploads\/2022\/02\/CMYK-AllCarNews_LANDSCAPE_300px-1.png","width":300,"height":100,"caption":"All cars news"},"image":{"@id":"https:\/\/all-car-news.com\/de\/#\/schema\/logo\/image\/"}}]}},"_links":{"self":[{"href":"https:\/\/all-car-news.com\/de\/wp-json\/wp\/v2\/posts\/143106","targetHints":{"allow":["GET"]}}],"collection":[{"href":"https:\/\/all-car-news.com\/de\/wp-json\/wp\/v2\/posts"}],"about":[{"href":"https:\/\/all-car-news.com\/de\/wp-json\/wp\/v2\/types\/post"}],"replies":[{"embeddable":true,"href":"https:\/\/all-car-news.com\/de\/wp-json\/wp\/v2\/comments?post=143106"}],"version-history":[{"count":0,"href":"https:\/\/all-car-news.com\/de\/wp-json\/wp\/v2\/posts\/143106\/revisions"}],"wp:featuredmedia":[{"embeddable":true,"href":"https:\/\/all-car-news.com\/de\/wp-json\/wp\/v2\/media\/143072"}],"wp:attachment":[{"href":"https:\/\/all-car-news.com\/de\/wp-json\/wp\/v2\/media?parent=143106"}],"wp:term":[{"taxonomy":"category","embeddable":true,"href":"https:\/\/all-car-news.com\/de\/wp-json\/wp\/v2\/categories?post=143106"},{"taxonomy":"post_tag","embeddable":true,"href":"https:\/\/all-car-news.com\/de\/wp-json\/wp\/v2\/tags?post=143106"}],"curies":[{"name":"wp","href":"https:\/\/api.w.org\/{rel}","templated":true}]}}