{"id":142880,"date":"2024-02-07T11:24:33","date_gmt":"2024-02-07T11:24:33","guid":{"rendered":"https:\/\/all-car-news.com\/elektrisches-fahren-ein-guter-zeitpunkt-zum-umstieg\/"},"modified":"2024-02-07T11:24:33","modified_gmt":"2024-02-07T11:24:33","slug":"elektrisches-fahren-ein-guter-zeitpunkt-zum-umstieg","status":"publish","type":"post","link":"https:\/\/all-car-news.com\/de\/elektrisches-fahren-ein-guter-zeitpunkt-zum-umstieg\/","title":{"rendered":"Elektrisches Fahren: ein guter Zeitpunkt zum Umstieg?"},"content":{"rendered":"<p>Elektroautos dominieren zunehmend das Stra\u00dfenbild. Wenn Sie die Stra\u00dfe entlanggehen, werden Sie wahrscheinlich ein Paar sehen, das dort f\u00e4hrt oder steht. Daher werden sie immer beliebter und immer mehr Menschen wagen den Umstieg. Doch es gibt auch viele Kritiker. Menschen, die haupts\u00e4chlich in Herausforderungen denken. Sie trauen sich noch nicht, die Vorteile des elektrischen Fahrens zu erkennen. Es wird jedoch auch angenommen, dass wir alle irgendwann dorthin gelangen m\u00fcssen. Das elektrische Fahren ist die Zukunft. Aber ist es nicht auch besser, die Umstellung im Jahr 2024 vorzeitig vorzunehmen? Das mag sein. In diesem Artikel nennen wir Ihnen einige gute Gr\u00fcnde.<\/p>\n<h2>Kabinett macht elektrisches Fahren immer attraktiver<\/h2>\n<p>Die Regierung tut alles, was sie kann, um die Klimaziele f\u00fcr 2030 zu erreichen. Das elektrische Fahren spielt dabei eine wichtige Rolle. Deshalb tun sie alles, um das elektrische Fahren attraktiver zu machen. Zum Beispiel, indem wir die Zahl der \u00f6ffentlichen Ladestationen in den kommenden Jahren explosionsartig erh\u00f6hen. Denn je mehr Menschen elektrisch fahren, desto besser muss die Infrastruktur entsprechend angepasst werden. Wir sind bereits auf einem guten Weg, aber es gibt noch einiges zu tun. Wahrscheinlich gibt es bereits eine <a href=\"https:\/\/grid.com\/nl\/laadpaal\" target=\"_blank\" rel=\"noreferrer noopener\">Ladestation in der N\u00e4he<\/a>, aber es sollten noch viel mehr werden, wenn alle bald auf elektrisches Fahren umsteigen.<\/p>\n<p>Dar\u00fcber hinaus wurde bereits festgelegt, dass in den Niederlanden ab 2030 keine CO2-emittierenden Personenkraftwagen mehr verkauft werden d\u00fcrfen. Auch Umweltzonen werden in unserem Land mit Null-Emissionszonen f\u00fcr Nutzfahrzeuge eine wichtige Rolle spielen. Es wird erwartet, dass dies weiter zunimmt. Um alle Stra\u00dfen in den Niederlanden nutzen zu k\u00f6nnen, m\u00fcssen Sie also irgendwann umsteigen.<\/p>\n<p>Bedenken Sie, dass es derzeit noch viele Vorteile f\u00fcr Menschen gibt, die elektrisch fahren. Man denke nur an die Steuererleichterungen, die sich die Regierung ausgedacht hat, um das elektrische Fahren interessanter zu machen. Wenn wir keinen anderen Weg finden, werden diese Vorteile wahrscheinlich verschwinden. Anno 2024 kann man das aber immer noch hervorragend ausnutzen. Es gibt also viele Gr\u00fcnde f\u00fcr einen fr\u00fcheren Wechsel.<\/p>\n<h2>Setzen Sie sich f\u00fcr die Umwelt ein<\/h2>\n<p>Mit dem Umstieg auf elektrisches Fahren tun Sie auch etwas f\u00fcr die Umwelt. Etwas, das immer mehr Menschen als wichtig empfinden. Schlie\u00dflich k\u00f6nnen wir alle sehen, wie schnell sich die Welt um uns herum ver\u00e4ndert. Der Klimawandel war noch nie so deutlich zu sp\u00fcren. Es ist klar, dass etwas getan werden muss. Wenn wir nichts tun, kann die Welt, wie wir sie kennen, nicht weiterbestehen. Nicht f\u00fcr uns und nicht f\u00fcr k\u00fcnftige Generationen. Wir wollen die Welt f\u00fcr unsere Kinder und (Ur-)Enkelkinder erhalten. Jedes kleine bisschen hilft. Nat\u00fcrlich ist es f\u00fcr die Umwelt am besten, \u00fcberhaupt kein Auto zu fahren. Aber das ist nicht immer m\u00f6glich. Wenn ja, dann ist elektrisches Fahren zumindest eine viel nachhaltigere Option als das Fahren mit fossilen Brennstoffen.<\/p>\n","protected":false},"excerpt":{"rendered":"Elektroautos dominieren zunehmend das Stra\u00dfenbild. Wenn Sie die Stra\u00dfe entlanggehen, werden Sie wahrscheinlich ein Paar sehen, das dort f\u00e4hrt oder&hellip;","protected":false},"author":0,"featured_media":138918,"comment_status":"","ping_status":"open","sticky":false,"template":"","format":"standard","meta":{"footnotes":""},"categories":[125],"tags":[],"class_list":["post-142880","post","type-post","status-publish","format-standard","has-post-thumbnail","hentry","category-auto-nachrichten"],"acf":[],"yoast_head":"<!-- This site is optimized with the Yoast SEO plugin v21.2 - https:\/\/yoast.com\/wordpress\/plugins\/seo\/ -->\n<title>Elektrisches Fahren: ein guter Zeitpunkt zum Umstieg? - All cars news<\/title>\n<meta name=\"robots\" content=\"index, follow, max-snippet:-1, max-image-preview:large, max-video-preview:-1\" \/>\n<link rel=\"canonical\" href=\"https:\/\/all-car-news.com\/de\/elektrisches-fahren-ein-guter-zeitpunkt-zum-umstieg\/\" \/>\n<meta property=\"og:locale\" content=\"de_DE\" \/>\n<meta property=\"og:type\" content=\"article\" \/>\n<meta property=\"og:title\" content=\"Elektrisches Fahren: ein guter Zeitpunkt zum Umstieg? - All cars news\" \/>\n<meta property=\"og:description\" content=\"Elektroautos dominieren zunehmend das Stra\u00dfenbild. Wenn Sie die Stra\u00dfe entlanggehen, werden Sie wahrscheinlich ein Paar sehen, das dort f\u00e4hrt oder steht. Deshalb werden sie immer beliebter und immer mehr Menschen wagen den Umstieg. Doch es gibt auch viele Kritiker. Menschen vor allem in Herausforderungen [...]\" \/>\n<meta property=\"og:url\" content=\"https:\/\/all-car-news.com\/de\/elektrisches-fahren-ein-guter-zeitpunkt-zum-umstieg\/\" \/>\n<meta property=\"og:site_name\" content=\"All cars news\" \/>\n<meta property=\"article:published_time\" content=\"2024-02-07T11:24:33+00:00\" \/>\n<meta name=\"twitter:card\" content=\"summary_large_image\" \/>\n<meta name=\"twitter:label1\" content=\"Gesch\u00e4tzte Lesezeit\" \/>\n\t<meta name=\"twitter:data1\" content=\"2\u00a0Minuten\" \/>\n<script type=\"application\/ld+json\" class=\"yoast-schema-graph\">{\"@context\":\"https:\/\/schema.org\",\"@graph\":[{\"@type\":\"Article\",\"@id\":\"https:\/\/all-car-news.com\/de\/elektrisches-fahren-ein-guter-zeitpunkt-zum-umstieg\/#article\",\"isPartOf\":{\"@id\":\"https:\/\/all-car-news.com\/de\/elektrisches-fahren-ein-guter-zeitpunkt-zum-umstieg\/\"},\"author\":{\"name\":\"\",\"@id\":\"\"},\"headline\":\"Elektrisches Fahren: ein guter Zeitpunkt zum Umstieg?\",\"datePublished\":\"2024-02-07T11:24:33+00:00\",\"dateModified\":\"2024-02-07T11:24:33+00:00\",\"mainEntityOfPage\":{\"@id\":\"https:\/\/all-car-news.com\/de\/elektrisches-fahren-ein-guter-zeitpunkt-zum-umstieg\/\"},\"wordCount\":488,\"publisher\":{\"@id\":\"https:\/\/all-car-news.com\/de\/#organization\"},\"articleSection\":[\"Auto Nachrichten\"],\"inLanguage\":\"de\"},{\"@type\":\"WebPage\",\"@id\":\"https:\/\/all-car-news.com\/de\/elektrisches-fahren-ein-guter-zeitpunkt-zum-umstieg\/\",\"url\":\"https:\/\/all-car-news.com\/de\/elektrisches-fahren-ein-guter-zeitpunkt-zum-umstieg\/\",\"name\":\"Elektrisches Fahren: ein guter Zeitpunkt zum Umstieg? - All cars news\",\"isPartOf\":{\"@id\":\"https:\/\/all-car-news.com\/de\/#website\"},\"datePublished\":\"2024-02-07T11:24:33+00:00\",\"dateModified\":\"2024-02-07T11:24:33+00:00\",\"breadcrumb\":{\"@id\":\"https:\/\/all-car-news.com\/de\/elektrisches-fahren-ein-guter-zeitpunkt-zum-umstieg\/#breadcrumb\"},\"inLanguage\":\"de\",\"potentialAction\":[{\"@type\":\"ReadAction\",\"target\":[\"https:\/\/all-car-news.com\/de\/elektrisches-fahren-ein-guter-zeitpunkt-zum-umstieg\/\"]}]},{\"@type\":\"BreadcrumbList\",\"@id\":\"https:\/\/all-car-news.com\/de\/elektrisches-fahren-ein-guter-zeitpunkt-zum-umstieg\/#breadcrumb\",\"itemListElement\":[{\"@type\":\"ListItem\",\"position\":1,\"name\":\"Home\",\"item\":\"https:\/\/all-car-news.com\/de\/\"},{\"@type\":\"ListItem\",\"position\":2,\"name\":\"Elektrisches Fahren: ein guter Zeitpunkt zum Umstieg?\"}]},{\"@type\":\"WebSite\",\"@id\":\"https:\/\/all-car-news.com\/de\/#website\",\"url\":\"https:\/\/all-car-news.com\/de\/\",\"name\":\"All cars news\",\"description\":\"\",\"publisher\":{\"@id\":\"https:\/\/all-car-news.com\/de\/#organization\"},\"potentialAction\":[{\"@type\":\"SearchAction\",\"target\":{\"@type\":\"EntryPoint\",\"urlTemplate\":\"https:\/\/all-car-news.com\/de\/?s={search_term_string}\"},\"query-input\":\"required name=search_term_string\"}],\"inLanguage\":\"de\"},{\"@type\":\"Organization\",\"@id\":\"https:\/\/all-car-news.com\/de\/#organization\",\"name\":\"All cars news\",\"url\":\"https:\/\/all-car-news.com\/de\/\",\"logo\":{\"@type\":\"ImageObject\",\"inLanguage\":\"de\",\"@id\":\"https:\/\/all-car-news.com\/de\/#\/schema\/logo\/image\/\",\"url\":\"https:\/\/all-car-news.com\/wp-content\/uploads\/2022\/02\/CMYK-AllCarNews_LANDSCAPE_300px-1.png\",\"contentUrl\":\"https:\/\/all-car-news.com\/wp-content\/uploads\/2022\/02\/CMYK-AllCarNews_LANDSCAPE_300px-1.png\",\"width\":300,\"height\":100,\"caption\":\"All cars news\"},\"image\":{\"@id\":\"https:\/\/all-car-news.com\/de\/#\/schema\/logo\/image\/\"}}]}<\/script>\n<!-- \/ Yoast SEO plugin. -->","yoast_head_json":{"title":"Elektrisches Fahren: ein guter Zeitpunkt zum Umstieg? - All cars news","robots":{"index":"index","follow":"follow","max-snippet":"max-snippet:-1","max-image-preview":"max-image-preview:large","max-video-preview":"max-video-preview:-1"},"canonical":"https:\/\/all-car-news.com\/de\/elektrisches-fahren-ein-guter-zeitpunkt-zum-umstieg\/","og_locale":"de_DE","og_type":"article","og_title":"Elektrisches Fahren: ein guter Zeitpunkt zum Umstieg? - All cars news","og_description":"Elektroautos dominieren zunehmend das Stra\u00dfenbild. Wenn Sie die Stra\u00dfe entlanggehen, werden Sie wahrscheinlich ein Paar sehen, das dort f\u00e4hrt oder steht. Deshalb werden sie immer beliebter und immer mehr Menschen wagen den Umstieg. Doch es gibt auch viele Kritiker. Menschen vor allem in Herausforderungen [...]","og_url":"https:\/\/all-car-news.com\/de\/elektrisches-fahren-ein-guter-zeitpunkt-zum-umstieg\/","og_site_name":"All cars news","article_published_time":"2024-02-07T11:24:33+00:00","twitter_card":"summary_large_image","twitter_misc":{"Gesch\u00e4tzte Lesezeit":"2\u00a0Minuten"},"schema":{"@context":"https:\/\/schema.org","@graph":[{"@type":"Article","@id":"https:\/\/all-car-news.com\/de\/elektrisches-fahren-ein-guter-zeitpunkt-zum-umstieg\/#article","isPartOf":{"@id":"https:\/\/all-car-news.com\/de\/elektrisches-fahren-ein-guter-zeitpunkt-zum-umstieg\/"},"author":{"name":"","@id":""},"headline":"Elektrisches Fahren: ein guter Zeitpunkt zum Umstieg?","datePublished":"2024-02-07T11:24:33+00:00","dateModified":"2024-02-07T11:24:33+00:00","mainEntityOfPage":{"@id":"https:\/\/all-car-news.com\/de\/elektrisches-fahren-ein-guter-zeitpunkt-zum-umstieg\/"},"wordCount":488,"publisher":{"@id":"https:\/\/all-car-news.com\/de\/#organization"},"articleSection":["Auto Nachrichten"],"inLanguage":"de"},{"@type":"WebPage","@id":"https:\/\/all-car-news.com\/de\/elektrisches-fahren-ein-guter-zeitpunkt-zum-umstieg\/","url":"https:\/\/all-car-news.com\/de\/elektrisches-fahren-ein-guter-zeitpunkt-zum-umstieg\/","name":"Elektrisches Fahren: ein guter Zeitpunkt zum Umstieg? - All cars news","isPartOf":{"@id":"https:\/\/all-car-news.com\/de\/#website"},"datePublished":"2024-02-07T11:24:33+00:00","dateModified":"2024-02-07T11:24:33+00:00","breadcrumb":{"@id":"https:\/\/all-car-news.com\/de\/elektrisches-fahren-ein-guter-zeitpunkt-zum-umstieg\/#breadcrumb"},"inLanguage":"de","potentialAction":[{"@type":"ReadAction","target":["https:\/\/all-car-news.com\/de\/elektrisches-fahren-ein-guter-zeitpunkt-zum-umstieg\/"]}]},{"@type":"BreadcrumbList","@id":"https:\/\/all-car-news.com\/de\/elektrisches-fahren-ein-guter-zeitpunkt-zum-umstieg\/#breadcrumb","itemListElement":[{"@type":"ListItem","position":1,"name":"Home","item":"https:\/\/all-car-news.com\/de\/"},{"@type":"ListItem","position":2,"name":"Elektrisches Fahren: ein guter Zeitpunkt zum Umstieg?"}]},{"@type":"WebSite","@id":"https:\/\/all-car-news.com\/de\/#website","url":"https:\/\/all-car-news.com\/de\/","name":"All cars news","description":"","publisher":{"@id":"https:\/\/all-car-news.com\/de\/#organization"},"potentialAction":[{"@type":"SearchAction","target":{"@type":"EntryPoint","urlTemplate":"https:\/\/all-car-news.com\/de\/?s={search_term_string}"},"query-input":"required name=search_term_string"}],"inLanguage":"de"},{"@type":"Organization","@id":"https:\/\/all-car-news.com\/de\/#organization","name":"All cars news","url":"https:\/\/all-car-news.com\/de\/","logo":{"@type":"ImageObject","inLanguage":"de","@id":"https:\/\/all-car-news.com\/de\/#\/schema\/logo\/image\/","url":"https:\/\/all-car-news.com\/wp-content\/uploads\/2022\/02\/CMYK-AllCarNews_LANDSCAPE_300px-1.png","contentUrl":"https:\/\/all-car-news.com\/wp-content\/uploads\/2022\/02\/CMYK-AllCarNews_LANDSCAPE_300px-1.png","width":300,"height":100,"caption":"All cars news"},"image":{"@id":"https:\/\/all-car-news.com\/de\/#\/schema\/logo\/image\/"}}]}},"_links":{"self":[{"href":"https:\/\/all-car-news.com\/de\/wp-json\/wp\/v2\/posts\/142880","targetHints":{"allow":["GET"]}}],"collection":[{"href":"https:\/\/all-car-news.com\/de\/wp-json\/wp\/v2\/posts"}],"about":[{"href":"https:\/\/all-car-news.com\/de\/wp-json\/wp\/v2\/types\/post"}],"replies":[{"embeddable":true,"href":"https:\/\/all-car-news.com\/de\/wp-json\/wp\/v2\/comments?post=142880"}],"version-history":[{"count":0,"href":"https:\/\/all-car-news.com\/de\/wp-json\/wp\/v2\/posts\/142880\/revisions"}],"wp:featuredmedia":[{"embeddable":true,"href":"https:\/\/all-car-news.com\/de\/wp-json\/wp\/v2\/media\/138918"}],"wp:attachment":[{"href":"https:\/\/all-car-news.com\/de\/wp-json\/wp\/v2\/media?parent=142880"}],"wp:term":[{"taxonomy":"category","embeddable":true,"href":"https:\/\/all-car-news.com\/de\/wp-json\/wp\/v2\/categories?post=142880"},{"taxonomy":"post_tag","embeddable":true,"href":"https:\/\/all-car-news.com\/de\/wp-json\/wp\/v2\/tags?post=142880"}],"curies":[{"name":"wp","href":"https:\/\/api.w.org\/{rel}","templated":true}]}}