{"id":142240,"date":"2024-01-12T08:18:13","date_gmt":"2024-01-12T08:18:13","guid":{"rendered":"https:\/\/all-car-news.com\/toyota-gr-yaris-auch-als-sebastien-ogier-und-kalle-rovanperae-special-edition\/"},"modified":"2024-01-12T08:18:13","modified_gmt":"2024-01-12T08:18:13","slug":"toyota-gr-yaris-auch-als-sebastien-ogier-und-kalle-rovanperae-special-edition","status":"publish","type":"post","link":"https:\/\/all-car-news.com\/de\/toyota-gr-yaris-auch-als-sebastien-ogier-und-kalle-rovanperae-special-edition\/","title":{"rendered":"Toyota GR Yaris auch als S\u00e9bastien Ogier und Kalle Rovanper\u00e4 Special Edition"},"content":{"rendered":"<h2>Erfolg bei der WRC<\/h2>\n<p>Die beiden Sondereditionen feiern die Erfolge von Toyota GAZOO Racing in der Rallye-Weltmeisterschaft (WRC). Ogier wird also 2021 Weltmeister und Rovanper\u00e4 2023. Die S\u00e9bastien Ogier Special Edition und die Kalle Rovanper\u00e4 Special Edition haben unterschiedliche Eigenschaften.<\/p>\n<h2>Toyota GR Yaris S\u00e9bastien Ogier Sondermodell<\/h2>\n<p>Die S\u00e9bastien Ogier Special Edition ist exklusiv in einem wundersch\u00f6nen matten Silberton lackiert und hat schwarze Toyota GAZOO Racing Embleme auf beiden T\u00fcren. Diese Version hat au\u00dferdem blaue Bremss\u00e4ttel und kleine Embleme auf den R\u00e4dern, die darauf hinweisen, dass es sich um eine Sonderedition handelt. Im Innenraum wurden einige kleinere \u00c4nderungen vorgenommen, darunter blaue, wei\u00dfe und rote Kontrastn\u00e4hte und ein spezielles Schild am Armaturenbrett.<\/p>\n<figure class=\"wp-block-image size-content\"><img decoding=\"async\" loading=\"lazy\" width=\"1140\" height=\"761\" src=\"https:\/\/autorai.nl\/wp-content\/uploads\/2024\/01\/Toyota-GR-Yaris-ook-als-Se%CC%81bastien-Ogier-en-Kalle-Rovanpera%CC%88-Special-Edition-foto2-1140x761.jpg\" alt=\"Toyota GR Yaris S\u00e9bastien Ogier Sondermodell  \" class=\"wp-image-172699\"><\/figure>\n<h2>Toyota GR Yaris Kalle Rovanper\u00e4 Sondermodell<\/h2>\n<p>Wesentlich extremer ist die Kalle Rovanper\u00e4 Special Edition zu betrachten. Die Rovanper\u00e4 Edition hat ein eindeutig von der Rallye inspiriertes \u00c4u\u00dferes mit Wei\u00df, Rot und Grau als Hauptfarben. Diese Sonderversion ist au\u00dferdem mit Emblemen der Rallye-Weltmeisterschaft, Raddekorationen und roten Bremss\u00e4tteln ausgestattet. Das Auto verf\u00fcgt au\u00dferdem \u00fcber ein spezielles Aerodynamikpaket, das aus einem ausgepr\u00e4gteren Frontsplitter und einem gro\u00dfen Heckfl\u00fcgel besteht. Die Kalle Rovanper\u00e4 Special Edition hat au\u00dferdem blaue und silberne Kontrastn\u00e4hte und eine spezielle Innenraumplakette.<\/p>\n<figure class=\"wp-block-image size-content\"><img decoding=\"async\" loading=\"lazy\" width=\"1140\" height=\"761\" src=\"https:\/\/autorai.nl\/wp-content\/uploads\/2024\/01\/Toyota-GR-Yaris-ook-als-Se%CC%81bastien-Ogier-en-Kalle-Rovanpera%CC%88-Special-Edition-foto1-1140x761.jpg\" alt=\"Toyota GR Yaris Kalle Rovanper\u00e4 Sondermodell\" class=\"wp-image-172698\"><\/figure>\n<h2>Zirkulation<\/h2>\n<p>\u00dcber die Verbreitung der beiden Modelle ist noch nichts bekannt. Toyota wird in K\u00fcrze weitere Einzelheiten \u00fcber die europ\u00e4ische Version bekannt geben. Beide Versionen werden jedoch voraussichtlich in die Niederlande kommen. Der regul\u00e4re GR Yaris wird im Sommer 2024 in die Niederlande kommen.  <a href=\"https:\/\/autorai.nl\/nieuwe-toyota-gr-yaris-2024\/\"><strong>Sie m\u00f6chten mehr \u00fcber den neuen Toyota GR Yaris erfahren?<\/strong><\/a><\/p>\n<\/p>\n<figure class=\"wp-block-embed is-type-video is-provider-youtube wp-block-embed-youtube wp-embed-aspect-16-9 wp-has-aspect-ratio\">\n<div class=\"wp-block-embed__wrapper\">\n<\/div>\n<\/figure>\n<figure class=\"wp-block-image size-content\"><img decoding=\"async\" loading=\"lazy\" width=\"1140\" height=\"597\" src=\"https:\/\/autorai.nl\/wp-content\/uploads\/2024\/01\/Toyota-GR-Yaris-ook-als-Se%CC%81bastien-Ogier-en-Kalle-Rovanpera%CC%88-Special-Edition-foto4-1140x597.jpg\" alt=\"\" class=\"wp-image-172701\"><\/figure>\n","protected":false},"excerpt":{"rendered":"Erfolg in der WRC Die beiden Sondereditionen spiegeln den Erfolg von Toyota GAZOO Racing in der Rallye-Weltmeisterschaft (WRC) wider. Ogier&hellip;","protected":false},"author":0,"featured_media":142218,"comment_status":"","ping_status":"open","sticky":false,"template":"","format":"standard","meta":{"footnotes":""},"categories":[125],"tags":[],"class_list":["post-142240","post","type-post","status-publish","format-standard","has-post-thumbnail","hentry","category-auto-nachrichten"],"acf":[],"yoast_head":"<!-- This site is optimized with the Yoast SEO plugin v21.2 - https:\/\/yoast.com\/wordpress\/plugins\/seo\/ -->\n<title>Toyota GR Yaris auch als S\u00e9bastien Ogier und Kalle Rovanper\u00e4 Special Edition - All cars news<\/title>\n<meta name=\"robots\" content=\"index, follow, max-snippet:-1, max-image-preview:large, max-video-preview:-1\" \/>\n<link rel=\"canonical\" href=\"https:\/\/all-car-news.com\/de\/toyota-gr-yaris-auch-als-sebastien-ogier-und-kalle-rovanperae-special-edition\/\" \/>\n<meta property=\"og:locale\" content=\"de_DE\" \/>\n<meta property=\"og:type\" content=\"article\" \/>\n<meta property=\"og:title\" content=\"Toyota GR Yaris auch als S\u00e9bastien Ogier und Kalle Rovanper\u00e4 Special Edition - All cars news\" \/>\n<meta property=\"og:description\" content=\"Erfolg in der WRC Die beiden Sondereditionen spiegeln den Erfolg von Toyota GAZOO Racing in der Rallye-Weltmeisterschaft (WRC) wider. Ogier wird also 2021 Weltmeister und Rovanper\u00e4 2023. Die S\u00e9bastien Ogier Special Edition und die Kalle Rovanper\u00e4 Special Edition haben unterschiedliche Eigenschaften. Toyota GR Yaris S\u00e9bastien Ogier Sonderedition Der [...]\" \/>\n<meta property=\"og:url\" content=\"https:\/\/all-car-news.com\/de\/toyota-gr-yaris-auch-als-sebastien-ogier-und-kalle-rovanperae-special-edition\/\" \/>\n<meta property=\"og:site_name\" content=\"All cars news\" \/>\n<meta property=\"article:published_time\" content=\"2024-01-12T08:18:13+00:00\" \/>\n<meta property=\"og:image\" content=\"https:\/\/autorai.nl\/wp-content\/uploads\/2024\/01\/Toyota-GR-Yaris-ook-als-Se%CC%81bastien-Ogier-en-Kalle-Rovanpera%CC%88-Special-Edition-foto2-1140x761.jpg\" \/>\n<meta name=\"twitter:card\" content=\"summary_large_image\" \/>\n<meta name=\"twitter:label1\" content=\"Gesch\u00e4tzte Lesezeit\" \/>\n\t<meta name=\"twitter:data1\" content=\"1\u00a0Minute\" \/>\n<script type=\"application\/ld+json\" class=\"yoast-schema-graph\">{\"@context\":\"https:\/\/schema.org\",\"@graph\":[{\"@type\":\"Article\",\"@id\":\"https:\/\/all-car-news.com\/de\/toyota-gr-yaris-auch-als-sebastien-ogier-und-kalle-rovanperae-special-edition\/#article\",\"isPartOf\":{\"@id\":\"https:\/\/all-car-news.com\/de\/toyota-gr-yaris-auch-als-sebastien-ogier-und-kalle-rovanperae-special-edition\/\"},\"author\":{\"name\":\"\",\"@id\":\"\"},\"headline\":\"Toyota GR Yaris auch als S\u00e9bastien Ogier und Kalle Rovanper\u00e4 Special Edition\",\"datePublished\":\"2024-01-12T08:18:13+00:00\",\"dateModified\":\"2024-01-12T08:18:13+00:00\",\"mainEntityOfPage\":{\"@id\":\"https:\/\/all-car-news.com\/de\/toyota-gr-yaris-auch-als-sebastien-ogier-und-kalle-rovanperae-special-edition\/\"},\"wordCount\":278,\"publisher\":{\"@id\":\"https:\/\/all-car-news.com\/de\/#organization\"},\"articleSection\":[\"Auto Nachrichten\"],\"inLanguage\":\"de\"},{\"@type\":\"WebPage\",\"@id\":\"https:\/\/all-car-news.com\/de\/toyota-gr-yaris-auch-als-sebastien-ogier-und-kalle-rovanperae-special-edition\/\",\"url\":\"https:\/\/all-car-news.com\/de\/toyota-gr-yaris-auch-als-sebastien-ogier-und-kalle-rovanperae-special-edition\/\",\"name\":\"Toyota GR Yaris auch als S\u00e9bastien Ogier und Kalle Rovanper\u00e4 Special Edition - All cars news\",\"isPartOf\":{\"@id\":\"https:\/\/all-car-news.com\/de\/#website\"},\"datePublished\":\"2024-01-12T08:18:13+00:00\",\"dateModified\":\"2024-01-12T08:18:13+00:00\",\"breadcrumb\":{\"@id\":\"https:\/\/all-car-news.com\/de\/toyota-gr-yaris-auch-als-sebastien-ogier-und-kalle-rovanperae-special-edition\/#breadcrumb\"},\"inLanguage\":\"de\",\"potentialAction\":[{\"@type\":\"ReadAction\",\"target\":[\"https:\/\/all-car-news.com\/de\/toyota-gr-yaris-auch-als-sebastien-ogier-und-kalle-rovanperae-special-edition\/\"]}]},{\"@type\":\"BreadcrumbList\",\"@id\":\"https:\/\/all-car-news.com\/de\/toyota-gr-yaris-auch-als-sebastien-ogier-und-kalle-rovanperae-special-edition\/#breadcrumb\",\"itemListElement\":[{\"@type\":\"ListItem\",\"position\":1,\"name\":\"Home\",\"item\":\"https:\/\/all-car-news.com\/de\/\"},{\"@type\":\"ListItem\",\"position\":2,\"name\":\"Toyota GR Yaris auch als S\u00e9bastien Ogier und Kalle Rovanper\u00e4 Special Edition\"}]},{\"@type\":\"WebSite\",\"@id\":\"https:\/\/all-car-news.com\/de\/#website\",\"url\":\"https:\/\/all-car-news.com\/de\/\",\"name\":\"All cars news\",\"description\":\"\",\"publisher\":{\"@id\":\"https:\/\/all-car-news.com\/de\/#organization\"},\"potentialAction\":[{\"@type\":\"SearchAction\",\"target\":{\"@type\":\"EntryPoint\",\"urlTemplate\":\"https:\/\/all-car-news.com\/de\/?s={search_term_string}\"},\"query-input\":\"required name=search_term_string\"}],\"inLanguage\":\"de\"},{\"@type\":\"Organization\",\"@id\":\"https:\/\/all-car-news.com\/de\/#organization\",\"name\":\"All cars news\",\"url\":\"https:\/\/all-car-news.com\/de\/\",\"logo\":{\"@type\":\"ImageObject\",\"inLanguage\":\"de\",\"@id\":\"https:\/\/all-car-news.com\/de\/#\/schema\/logo\/image\/\",\"url\":\"https:\/\/all-car-news.com\/wp-content\/uploads\/2022\/02\/CMYK-AllCarNews_LANDSCAPE_300px-1.png\",\"contentUrl\":\"https:\/\/all-car-news.com\/wp-content\/uploads\/2022\/02\/CMYK-AllCarNews_LANDSCAPE_300px-1.png\",\"width\":300,\"height\":100,\"caption\":\"All cars news\"},\"image\":{\"@id\":\"https:\/\/all-car-news.com\/de\/#\/schema\/logo\/image\/\"}}]}<\/script>\n<!-- \/ Yoast SEO plugin. -->","yoast_head_json":{"title":"Toyota GR Yaris auch als S\u00e9bastien Ogier und Kalle Rovanper\u00e4 Special Edition - All cars news","robots":{"index":"index","follow":"follow","max-snippet":"max-snippet:-1","max-image-preview":"max-image-preview:large","max-video-preview":"max-video-preview:-1"},"canonical":"https:\/\/all-car-news.com\/de\/toyota-gr-yaris-auch-als-sebastien-ogier-und-kalle-rovanperae-special-edition\/","og_locale":"de_DE","og_type":"article","og_title":"Toyota GR Yaris auch als S\u00e9bastien Ogier und Kalle Rovanper\u00e4 Special Edition - All cars news","og_description":"Erfolg in der WRC Die beiden Sondereditionen spiegeln den Erfolg von Toyota GAZOO Racing in der Rallye-Weltmeisterschaft (WRC) wider. Ogier wird also 2021 Weltmeister und Rovanper\u00e4 2023. Die S\u00e9bastien Ogier Special Edition und die Kalle Rovanper\u00e4 Special Edition haben unterschiedliche Eigenschaften. Toyota GR Yaris S\u00e9bastien Ogier Sonderedition Der [...]","og_url":"https:\/\/all-car-news.com\/de\/toyota-gr-yaris-auch-als-sebastien-ogier-und-kalle-rovanperae-special-edition\/","og_site_name":"All cars news","article_published_time":"2024-01-12T08:18:13+00:00","og_image":[{"url":"https:\/\/autorai.nl\/wp-content\/uploads\/2024\/01\/Toyota-GR-Yaris-ook-als-Se%CC%81bastien-Ogier-en-Kalle-Rovanpera%CC%88-Special-Edition-foto2-1140x761.jpg"}],"twitter_card":"summary_large_image","twitter_misc":{"Gesch\u00e4tzte Lesezeit":"1\u00a0Minute"},"schema":{"@context":"https:\/\/schema.org","@graph":[{"@type":"Article","@id":"https:\/\/all-car-news.com\/de\/toyota-gr-yaris-auch-als-sebastien-ogier-und-kalle-rovanperae-special-edition\/#article","isPartOf":{"@id":"https:\/\/all-car-news.com\/de\/toyota-gr-yaris-auch-als-sebastien-ogier-und-kalle-rovanperae-special-edition\/"},"author":{"name":"","@id":""},"headline":"Toyota GR Yaris auch als S\u00e9bastien Ogier und Kalle Rovanper\u00e4 Special Edition","datePublished":"2024-01-12T08:18:13+00:00","dateModified":"2024-01-12T08:18:13+00:00","mainEntityOfPage":{"@id":"https:\/\/all-car-news.com\/de\/toyota-gr-yaris-auch-als-sebastien-ogier-und-kalle-rovanperae-special-edition\/"},"wordCount":278,"publisher":{"@id":"https:\/\/all-car-news.com\/de\/#organization"},"articleSection":["Auto Nachrichten"],"inLanguage":"de"},{"@type":"WebPage","@id":"https:\/\/all-car-news.com\/de\/toyota-gr-yaris-auch-als-sebastien-ogier-und-kalle-rovanperae-special-edition\/","url":"https:\/\/all-car-news.com\/de\/toyota-gr-yaris-auch-als-sebastien-ogier-und-kalle-rovanperae-special-edition\/","name":"Toyota GR Yaris auch als S\u00e9bastien Ogier und Kalle Rovanper\u00e4 Special Edition - All cars news","isPartOf":{"@id":"https:\/\/all-car-news.com\/de\/#website"},"datePublished":"2024-01-12T08:18:13+00:00","dateModified":"2024-01-12T08:18:13+00:00","breadcrumb":{"@id":"https:\/\/all-car-news.com\/de\/toyota-gr-yaris-auch-als-sebastien-ogier-und-kalle-rovanperae-special-edition\/#breadcrumb"},"inLanguage":"de","potentialAction":[{"@type":"ReadAction","target":["https:\/\/all-car-news.com\/de\/toyota-gr-yaris-auch-als-sebastien-ogier-und-kalle-rovanperae-special-edition\/"]}]},{"@type":"BreadcrumbList","@id":"https:\/\/all-car-news.com\/de\/toyota-gr-yaris-auch-als-sebastien-ogier-und-kalle-rovanperae-special-edition\/#breadcrumb","itemListElement":[{"@type":"ListItem","position":1,"name":"Home","item":"https:\/\/all-car-news.com\/de\/"},{"@type":"ListItem","position":2,"name":"Toyota GR Yaris auch als S\u00e9bastien Ogier und Kalle Rovanper\u00e4 Special Edition"}]},{"@type":"WebSite","@id":"https:\/\/all-car-news.com\/de\/#website","url":"https:\/\/all-car-news.com\/de\/","name":"All cars news","description":"","publisher":{"@id":"https:\/\/all-car-news.com\/de\/#organization"},"potentialAction":[{"@type":"SearchAction","target":{"@type":"EntryPoint","urlTemplate":"https:\/\/all-car-news.com\/de\/?s={search_term_string}"},"query-input":"required name=search_term_string"}],"inLanguage":"de"},{"@type":"Organization","@id":"https:\/\/all-car-news.com\/de\/#organization","name":"All cars news","url":"https:\/\/all-car-news.com\/de\/","logo":{"@type":"ImageObject","inLanguage":"de","@id":"https:\/\/all-car-news.com\/de\/#\/schema\/logo\/image\/","url":"https:\/\/all-car-news.com\/wp-content\/uploads\/2022\/02\/CMYK-AllCarNews_LANDSCAPE_300px-1.png","contentUrl":"https:\/\/all-car-news.com\/wp-content\/uploads\/2022\/02\/CMYK-AllCarNews_LANDSCAPE_300px-1.png","width":300,"height":100,"caption":"All cars news"},"image":{"@id":"https:\/\/all-car-news.com\/de\/#\/schema\/logo\/image\/"}}]}},"_links":{"self":[{"href":"https:\/\/all-car-news.com\/de\/wp-json\/wp\/v2\/posts\/142240","targetHints":{"allow":["GET"]}}],"collection":[{"href":"https:\/\/all-car-news.com\/de\/wp-json\/wp\/v2\/posts"}],"about":[{"href":"https:\/\/all-car-news.com\/de\/wp-json\/wp\/v2\/types\/post"}],"replies":[{"embeddable":true,"href":"https:\/\/all-car-news.com\/de\/wp-json\/wp\/v2\/comments?post=142240"}],"version-history":[{"count":0,"href":"https:\/\/all-car-news.com\/de\/wp-json\/wp\/v2\/posts\/142240\/revisions"}],"wp:featuredmedia":[{"embeddable":true,"href":"https:\/\/all-car-news.com\/de\/wp-json\/wp\/v2\/media\/142218"}],"wp:attachment":[{"href":"https:\/\/all-car-news.com\/de\/wp-json\/wp\/v2\/media?parent=142240"}],"wp:term":[{"taxonomy":"category","embeddable":true,"href":"https:\/\/all-car-news.com\/de\/wp-json\/wp\/v2\/categories?post=142240"},{"taxonomy":"post_tag","embeddable":true,"href":"https:\/\/all-car-news.com\/de\/wp-json\/wp\/v2\/tags?post=142240"}],"curies":[{"name":"wp","href":"https:\/\/api.w.org\/{rel}","templated":true}]}}