{"id":142061,"date":"2024-01-09T08:08:05","date_gmt":"2024-01-09T08:08:05","guid":{"rendered":"https:\/\/all-car-news.com\/kia-steigt-in-elektrische-nutzfahrzeuge-ein-kia-pv5-geht-2025-an-den-start\/"},"modified":"2024-01-09T08:08:05","modified_gmt":"2024-01-09T08:08:05","slug":"kia-steigt-in-elektrische-nutzfahrzeuge-ein-kia-pv5-geht-2025-an-den-start","status":"publish","type":"post","link":"https:\/\/all-car-news.com\/de\/kia-steigt-in-elektrische-nutzfahrzeuge-ein-kia-pv5-geht-2025-an-den-start\/","title":{"rendered":"Kia steigt in elektrische Nutzfahrzeuge ein: Kia PV5 geht 2025 an den Start"},"content":{"rendered":"<h2>Ma\u00dfgeschneiderte Kia-Nutzfahrzeuge<\/h2>\n<p>Die k\u00fcnftigen PBVs von Kia sind umfassende Mobilit\u00e4tsl\u00f6sungen, die ma\u00dfgeschneiderte Elektrofahrzeuge mit fortschrittlicher Software auf der Grundlage der Software-to-Everything (SDx)-Strategie der Hyundai Motor Group kombinieren. Als Platform Beyond Vehicle (PBV) werden die PBVs von Kia mit ihren ma\u00dfgeschneiderten Karosserien und Innenr\u00e4umen sowohl Unternehmen als auch Privatpersonen eine noch nie dagewesene Flexibilit\u00e4t und ultimative Freiheit bieten.<\/p>\n<p>&#8222;Mit unserer neuen PBV-Strategie wollen wir auf die Bed\u00fcrfnisse von Kunden und Gemeinden eingehen und uns auf spezifische Marktpr\u00e4ferenzen konzentrieren&#8220;, sagte Ho Sung Song, Pr\u00e4sident und CEO von Kia. &#8222;Die PBVs von Kia werden Unternehmern dabei helfen, ihr Gesch\u00e4ft zu erneuern &#8211; dank unseres kundenorientierten Managementsystems, unserer Erfahrung mit Elektrofahrzeugen und der sich schnell entwickelnden SDx-Strategie der Hyundai Motor Group. Wir freuen uns darauf, hier auf der CES zu zeigen, dass wir bereit sind, der Pionier auf dem globalen PBV-Markt zu werden&#8220;, f\u00fcgte er hinzu.<\/p>\n<figure class=\"wp-block-image size-content\"><img decoding=\"async\" loading=\"lazy\" width=\"1140\" height=\"761\" src=\"https:\/\/autorai.nl\/wp-content\/uploads\/2024\/01\/kia-pv-familie-line-up1-1140x761.jpg\" alt=\"Kia PV-Familie\" class=\"wp-image-172493\"><\/figure>\n<h2>Eine Vision der zuk\u00fcnftigen Mobilit\u00e4t<\/h2>\n<p>Der PBV-Fahrplan besteht aus drei verschiedenen Phasen. In der ersten Phase geht es um die Einf\u00fchrung des Kia PV5. Dieses EV wurde u. a. f\u00fcr Paketzusteller und Versorgungsunternehmen optimiert und bietet verschiedene Umr\u00fcstoptionen f\u00fcr unterschiedliche Kundenbed\u00fcrfnisse. Die Datenkonnektivit\u00e4t zwischen den Fahrzeugen und externen Systemen erm\u00f6glicht eine softwaregesteuerte Flotte, in der beispielsweise Routen- oder Lieferinformationen optimal generiert werden k\u00f6nnen. Ma\u00dfgeschneiderte PBV-L\u00f6sungen reduzieren Ausfallzeiten und erh\u00f6hen die Effektivit\u00e4t.<\/p>\n<p>In der zweiten Phase wird Kia die Palette der PBV-Modelle erheblich erweitern und KI-basierte Mobilit\u00e4tsplattformen einf\u00fchren, die auf der Grundlage von Daten mit den Nutzern interagieren und sicherstellen, dass die Fahrzeuge immer auf dem neuesten Stand sind. Eine integrierte PBV-L\u00f6sung bietet ein nahtloses Erlebnis \u00fcber alle Ger\u00e4te und Software hinweg.&nbsp;<\/p>\n<p>In der dritten Phase werden sich die PBVs von Kia zu hochgradig anpassbaren Mobilit\u00e4tsl\u00f6sungen entwickeln, die vollst\u00e4ndig in k\u00fcnftige Mobilit\u00e4ts\u00f6kosysteme integriert sind. In dieser Phase entwickeln sich PBVs zu Live-Plattformen, die jede Idee in die Realit\u00e4t umsetzen, und vernetzte, selbstfahrende Fahrzeuge werden Teil von Smart-City-Steuerungssystemen. Mit dem Entstehen einer hypervernetzten Welt, in der Menschen, PBVs und soziale Infrastrukturen nahtlos miteinander verbunden sind, kann Kia die T\u00fcr zu v\u00f6llig neuen Lebensstilen und Unternehmensformen \u00f6ffnen. Das fortschrittliche PBV-\u00d6kosystem wird auf den Zukunftstechnologien der Hyundai Motor Group in den Bereichen autonomes Fahren, fortschrittliche Luftmobilit\u00e4t, Robotik und Energienetz basieren.<\/p>\n<h2>Einfacher Tausch<\/h2>\n<p>Mit der flexiblen Easy Swap&#8220;-Technologie von Kia kann ein einziges Fahrzeugchassis f\u00fcr verschiedene Mobilit\u00e4tsbed\u00fcrfnisse genutzt werden. Hinter einer festen Fahrerkabine oder einem &#8222;Fahrerbereich&#8220; mit Hilfe von&nbsp;&nbsp;eine hybride elektromagnetische und mechanische Kupplungstechnologie mehrere austauschbare Geh\u00e4usevarianten, entweder&nbsp;&nbsp;Lebensmodule&#8220; angebracht sind. So kann ein PBV tags\u00fcber als Taxi, nachts als Lieferwagen und an den Wochenenden als Freizeitfahrzeug f\u00fcr den pers\u00f6nlichen Gebrauch genutzt werden.<\/p>\n<figure class=\"wp-block-image size-content\"><img decoding=\"async\" loading=\"lazy\" width=\"1140\" height=\"761\" src=\"https:\/\/autorai.nl\/wp-content\/uploads\/2024\/01\/kia-pv5-exterieur-1140x761.jpg\" alt=\"Kia PV5\" class=\"wp-image-172498\"><\/figure>\n<h2>Dynamischer Hybrid<\/h2>\n<p>Die weitreichende Modularisierung wird auch durch die schwei\u00dflose Karosseriebauweise Dynamic Hybrid&#8220; erm\u00f6glicht, bei der die L\u00e4nge der beweglichen Teile flexibel an den Einsatzzweck des Fahrzeugs angepasst werden kann. Durch die Verwendung von hochwertigem Stahlrohr und speziell entwickelten Polymeren konnten die spezifischen Komponenten um 55 Prozent reduziert werden, ohne dass die Steifigkeit darunter leidet. Die Dynamic-Hybrid-Technologie wird in Form eines standardisierten, praktischen Kits erh\u00e4ltlich sein und eine schnelle und einfache Umr\u00fcstung eines Kia PV5 erm\u00f6glichen.<\/p>\n<h2>Einfach zu bedienen<\/h2>\n<p>Die Hauptaufgabe von Kia besteht darin, sicherzustellen, dass die PBVs der Marke einfach und intuitiv zu bedienen sind, egal wo, wann und wie sie eingesetzt werden. Unabh\u00e4ngig davon, ob das Fahrzeug f\u00fcr den Personentransport, den G\u00fctertransport, die Logistik oder die pers\u00f6nliche Mobilit\u00e4t bestimmt ist, weist jedes PBV ein einheitliches Design auf, das seine solide und robuste Natur widerspiegelt und eine zuverl\u00e4ssige und leistungsf\u00e4hige Einstellung vermittelt. Das Design verzichtet auf \u00fcberfl\u00fcssige Linien und Fl\u00e4chen und konzentriert sich auf n\u00fctzliche Funktionen, die dem Fahrer und seinen Mitfahrern das Leben erleichtern. Die auf der CES vorgestellten Konzepte geben einen kleinen Einblick in die M\u00f6glichkeiten.<\/p>\n<h2>Sch\u00f6n und ger\u00e4umig<\/h2>\n<p>Dank der Mischung aus schlichtem, aber robustem Oberfl\u00e4chendesign und ausdrucksstarker Grafik geh\u00f6ren die verschiedenen PV5-Modelle trotz ihres unterschiedlichen Charakters eindeutig zusammen. Jede Version ist mit gro\u00dfen T\u00fcren ausgestattet, die eine au\u00dfergew\u00f6hnlich gro\u00dfe \u00d6ffnung ohne sichtbare St\u00fctzen bieten und so ein m\u00fcheloses Ein- und Aussteigen (oder Beladen) erm\u00f6glichen. Im Innenraum schaffen der verl\u00e4ngerte Radstand und die elektrische Plattform weite, flache Freir\u00e4ume, die nahezu unbegrenzte Ablage- und Nutzungsm\u00f6glichkeiten bieten. Der Fahrer hat Zugang zu einer ergonomisch gestalteten Kabine, die auch als B\u00fcro dienen kann, wobei das klappbare Lenkrad als Schreibtischlampe verwendet werden kann.<\/p>\n<h2>Nachhaltigkeit<\/h2>\n<p>Nachhaltigkeit steht auch im Mittelpunkt des PBV-Designs von Kia. Die Marke wird daher in gro\u00dfem Umfang Materialien wie Biokunststoffe, Reststoffe, Biofarben, recyceltes PET-Material, Filz und Bio-PU-Schaum f\u00fcr die Herstellung von PBVs verwenden.<\/p>\n<figure class=\"wp-block-image size-content\"><img decoding=\"async\" loading=\"lazy\" width=\"1140\" height=\"761\" src=\"https:\/\/autorai.nl\/wp-content\/uploads\/2024\/01\/kia-pv5-rijdend-1140x761.jpg\" alt=\"Kia PV5\" class=\"wp-image-172503\"><\/figure>\n<h2>Aufstellung Kia PV5<\/h2>\n<p>Kia wird den PV5 in Phase 1 in mehreren Varianten anbieten, darunter die Basis-, Van-, Hochdach- und Chassis Cab-Version. In Zukunft soll in Zusammenarbeit mit Motional (einem Joint Venture zwischen HMG und Aptiv) auch eine Robotertaxi-Version entwickelt werden.  <\/p>\n<p>In der zweiten Phase wird das PBV-\u00d6kosystem um die Modelle PV7 und PV1 erweitert, wobei Schrank- und Rahmensysteme verwendet werden, um die Vorteile des modularen Konzepts voll auszusch\u00f6pfen.<\/p>\n<p>1)&nbsp;<strong>PV7<\/strong>&nbsp;&#8211; Das gr\u00f6\u00dfte Fahrzeug der Reihe, mit noch mehr Innenraum, gr\u00f6\u00dferer Reichweite und zus\u00e4tzlichen Funktionen.<\/p>\n<p>2)&nbsp;<strong>PV1<\/strong>&nbsp;&#8211; Das kleinste Modell der Baureihe, der PV1, ist f\u00fcr den wendigen Logistik-Kurzstreckenverkehr optimiert und verf\u00fcgt \u00fcber neue Antriebsmodule, die den Wenderadius auch auf engem Raum minimieren.<\/p>\n<p>3)&nbsp;<strong>PBV-Modularit\u00e4t<\/strong>&nbsp;&#8211; Ein integriertes Schienensystem in Dach, Boden und Seiten der Fahrzeuge erm\u00f6glicht eine m\u00fchelose Anpassung an individuelle Kundenbed\u00fcrfnisse. Dieses System gew\u00e4hrleistet auch den nahtlosen Transfer von Waren und Gegenst\u00e4nden zwischen den Fahrzeugen unter Verwendung standardisierter Schr\u00e4nke und Rahmen. Die Schienen&#8220; innerhalb dieses \u00d6kosystems vereinfachen den Transport von Gegenst\u00e4nden zwischen Fahrzeugen, w\u00e4hrend das modulare Design von funktionalem Zubeh\u00f6r wie Lautsprechern und Regalen grenzenlose Flexibilit\u00e4t f\u00fcr eine Vielzahl von Szenarien bietet.<\/p>\n<h2>Modularisierung<\/h2>\n<p>&#8222;Die PBVs von Kia l\u00e4uten eine neue \u00c4ra nahtloser L\u00f6sungen f\u00fcr den Gesch\u00e4fts- und Lebensalltag ein. Mit beispielloser Modularisierung und Flexibilit\u00e4t k\u00f6nnen wir das Leben unserer Kunden einfacher und besser machen, egal ob sie station\u00e4r oder unterwegs sind&#8220;, sagt Karim Habib, Executive Vice President und Head of Kia Global Design.&nbsp;<\/p>\n<h2>Bereit, jede Frage zu beantworten<\/h2>\n<p>Um die M\u00f6glichkeiten, die PBVs bieten, in vollem Umfang zu nutzen, wird Kia ein spezielles Gesch\u00e4ftssystem einf\u00fchren, das jeden Aspekt des Prozesses abdeckt, von der Produktpalette bis zur Integration von Softwarel\u00f6sungen und globalen Partnerschaften.<\/p>\n<h2>EVO-Anlage im Autoland Hwaseong<\/h2>\n<p>Mit dem Bau eines PBV-spezifischen EVO-Werks im Autoland Hwaseong, Korea, unternimmt Kia einen wichtigen Schritt, um die vielf\u00e4ltigen Anforderungen der Kunden zu erf\u00fcllen. In diesem Werk wird ein hybrides Fertigungskonzept umgesetzt. In Zusammenarbeit mit globalen Umr\u00fcstungspartnern kann Kia eine breite Palette von Umr\u00fcstungen auf Basis der PBV-Modelle anbieten. Das Werk wird Mitte 2025 in Betrieb gehen und eine Jahreskapazit\u00e4t von 150.000 Einheiten haben.<\/p>\n<p>Die L\u00f6sungen von Kia in den Bereichen In-Vehicle Infotainment (IVI), Flottenmanagementsysteme (FMS) und Ladevorg\u00e4nge werden Software-basierte Fahrzeugdaten und KI-Technologien nutzen. Dies erm\u00f6glicht&nbsp;kundenorientierte L\u00f6sungen, vorausschauende Wartung zur Minimierung von Ausfallzeiten und ma\u00dfgeschneiderte Ladeprogramme.&nbsp;<\/p>\n<p>Die IVI-L\u00f6sung zielt darauf ab, den Alltag zu verbessern, indem sie die Vorlieben der Nutzer in Echtzeit erkennt und relevante kontextbezogene Daten liefert. Es bietet unter anderem Zugang zum Kia PBV App Market und zu Apps von Drittanbietern, so dass die Kunden auch unterwegs \u00fcber die neuesten Informationen und Unterhaltungsangebote verf\u00fcgen k\u00f6nnen. Durch die Verbindung mit gesch\u00e4ftsspezifischen Anwendungen, die bisher auf mobile Ger\u00e4te beschr\u00e4nkt waren, verbessert es die Servicef\u00e4higkeit und Zuverl\u00e4ssigkeit von Informationen und bietet eine ganzheitliche Benutzererfahrung.<\/p>\n<h2>PBV-Flottenmanagement-L\u00f6sung (FMS)<\/h2>\n<p>Die PBV-Flottenmanagementl\u00f6sung (FMS) erm\u00f6glicht es Kunden, mehrere Fahrzeuge effizient zu \u00fcberwachen. Sie bietet Einblicke in Verk\u00e4ufe, Best\u00e4nde und Lieferungen, was Mobilit\u00e4ts- und Logistikunternehmen zugute kommt. Zu den Funktionen geh\u00f6ren Bestands\u00fcberwachung, Temperaturkontrolle und intelligente Routenplanung. Die L\u00f6sung optimiert das Flottenmanagement mit Echtzeitdaten und KI-Integration, um Wartungsarbeiten vorherzusagen und eine optimale betriebliche Effizienz zu erreichen.<\/p>\n<h2>Fahrzeug-zu-Alles<\/h2>\n<p>Kias zuk\u00fcnftige Ladel\u00f6sung f\u00fcr Elektrofahrzeuge ist ebenfalls auf maximale Effizienz ausgerichtet. Die Technologie ber\u00fccksichtigt zum Beispiel den Ladezustand der Batterien, Routen, Fahrpl\u00e4ne und Pausen. Kia will mit einer innovativen Ladeinfrastruktur eine umfassende Energiel\u00f6sung anbieten, die es erm\u00f6glicht, mobile Ger\u00e4te und Notfallausr\u00fcstungen mit hochdichten Batterien zu betreiben. Erm\u00f6glicht wird dies durch die fortschrittliche Vehicle-to-Everything (V2X)-Technologie der Marke.<\/p>\n<h2>Partner<\/h2>\n<p>Die Integration von IVI-, FMS- und EV-Ladel\u00f6sungen wird von Kia mit einer einheitlichen Software angeboten, die Paketl\u00f6sungen erm\u00f6glicht, die an unterschiedliche Gesch\u00e4ftsumgebungen angepasst werden k\u00f6nnen. Zu diesem Zweck hat Kia Partnerschaften mit Unternehmen wie Uber, Coupang, CJ Logistics, Kakao Mobility und Dubai Taxi Corporation geschlossen.<\/p>\n<p>&#8222;Das PBV-Gesch\u00e4ft von Kia ist die Kr\u00f6nung unseres kundenorientierten Gesch\u00e4ftsansatzes. Starke Partnerschaften treiben unseren Wandel zu einem Anbieter nachhaltiger Mobilit\u00e4tsl\u00f6sungen voran&#8220;, sagt Pierre-Martin Bos, Vice President und BDM Director Kia PBV Business Division.<\/p>\n<h2>Integration von Robotik, AAM und autonomem Fahren<\/h2>\n<p>Zuk\u00fcnftige Aktivit\u00e4ten und Partnerschaften sind wichtig, um die Integration von Robotik, AAM und autonomen Fahren zu st\u00e4rken, um die beste PBV-Mobilit\u00e4tsl\u00f6sung in intelligenten Stadtumgebungen zu bieten.<\/p>\n<p>1)&nbsp;<strong>Robotics&nbsp;<\/strong>&#8211; Kia setzt Roboter ein, darunter die Stretch- und Spot-Roboter von Boston Dynamics, um die Logistikautomatisierung und die 24-Stunden-Qualit\u00e4tskontrolle in seinen intelligenten Fabriken zu verbessern.&nbsp;<\/p>\n<p>2)&nbsp; AAM&nbsp;&#8211; Kia arbeitet mit Supernal, einer Tochtergesellschaft der Hyundai Motor Group, zusammen, um die Entwicklung intelligenter St\u00e4dte durch die Einf\u00fchrung multimodaler Dienste und Mobilit\u00e4tszentren auf der Grundlage fortschrittlicher Luftmobilit\u00e4t zu beschleunigen.<\/p>\n<p>3)&nbsp;<strong>Autonomes Fahren<\/strong>&nbsp;&#8211; Kia arbeitet mit Motional zusammen, um die Technologie des autonomen Fahrens einzuf\u00fchren. Ein konkretes Beispiel ist der Plan zur Entwicklung eines softwarebasierten PV5-Robotertaxis. Die Zusammenarbeit zielt darauf ab, die Wettbewerbsf\u00e4higkeit von Kia mit der fortschrittlichen autonomen Fahrtechnologie der Stufe 4 von Motional zu kombinieren, um die globalen Gesch\u00e4ftsm\u00f6glichkeiten zu maximieren.<\/p>\n<p>Die Softwarekapazit\u00e4ten der Hyundai Motor Group gehen \u00fcber Fahrzeuganwendungen hinaus und erstrecken sich auf verschiedene Bereiche der Mobilit\u00e4t, wie Robotik, Flugzeuge und autonomes Fahren. Das Ziel: Betrieb, Kontrolle und Verwaltung zu erm\u00f6glichen, um eine \u00c4ra der Hyperkonnektivit\u00e4t zwischen Menschen und Ger\u00e4ten zu f\u00f6rdern.<\/p>\n<h3>Jenseits der Mobilit\u00e4t&#8220; auf nachhaltige Weise<\/h3>\n<p>Kia hat seine Plan-S-Strategie seit 2021 mit Hochdruck umgesetzt, um sich an den sich schnell ver\u00e4ndernden Markt anzupassen. Nach der Einf\u00fchrung mehrerer preisgekr\u00f6nter Modelle, darunter der EV6 und der EV9, will Kia seine Position als f\u00fchrender Anbieter nachhaltiger Mobilit\u00e4tsl\u00f6sungen bis 2030 durch die Einf\u00fchrung einer Reihe weiterer Modelle, darunter der EV3 und der EV4, festigen. In dem Bestreben, seine Vision zu verwirklichen und den vielf\u00e4ltigen Bed\u00fcrfnissen der Kunden gerecht zu werden, hat der Relaunch der Marke Kia zur Entwicklung eines nachhaltigen, kundenzentrierten Managementsystems gef\u00fchrt.<\/p>\n<p>W\u00e4hrend der Transformation hat Kia bereits eine Reihe von wichtigen Nachhaltigkeitszielen erreicht, darunter die Umsetzung von 10 unverzichtbaren Nachhaltigkeitsaspekten, die auf alle neuen Kia-Modelle angewendet werden sollen, um Nachhaltigkeit in gro\u00dfem Umfang zu erreichen.<\/p>\n<div class=\"galery shuffle galery-0\">\n<figure>\n\t\t\t\t\t<span style=\"cursor: pointer\" data-src=\"https:\/\/autorai.nl\/wp-content\/uploads\/2024\/01\/kia-pv5-rijdend-1600x1068.jpg\" data-fancybox=\"galery-0\" title=\"\"><br \/>\n\t\t\t\t\t\t\t<img decoding=\"async\" width=\"640\" height=\"480\" src=\"https:\/\/autorai.nl\/wp-content\/uploads\/2024\/01\/kia-pv5-rijdend-640x480.jpg\" class=\"attachment-medium size-medium\" alt=\"Kia PV5\" loading=\"lazy\"><i class=\"fa fa-search-plus\" aria-hidden=\"true\"><\/i><br \/>\n\t\t\t\t\t\t<\/span><br \/>\n\t\t\t\t\t<\/figure>\n<figure>\n\t\t\t\t\t<span style=\"cursor: pointer\" data-src=\"https:\/\/autorai.nl\/wp-content\/uploads\/2024\/01\/kia-pv5-interieur-1600x1068.jpg\" data-fancybox=\"galery-0\" title=\"\"><br \/>\n\t\t\t\t\t\t\t<img decoding=\"async\" width=\"360\" height=\"270\" src=\"https:\/\/autorai.nl\/wp-content\/uploads\/2024\/01\/kia-pv5-interieur-360x270.jpg\" class=\"attachment-small size-small\" alt=\"\" loading=\"lazy\"><i class=\"fa fa-search-plus\" aria-hidden=\"true\"><\/i><br \/>\n\t\t\t\t\t\t<\/span><br \/>\n\t\t\t\t\t<\/figure>\n<figure>\n\t\t\t\t\t<span style=\"cursor: pointer\" data-src=\"https:\/\/autorai.nl\/wp-content\/uploads\/2024\/01\/kia-pv5-foto3-1600x1068.jpg\" data-fancybox=\"galery-0\" title=\"\"><br \/>\n\t\t\t\t\t\t\t<img decoding=\"async\" width=\"360\" height=\"270\" src=\"https:\/\/autorai.nl\/wp-content\/uploads\/2024\/01\/kia-pv5-foto3-360x270.jpg\" class=\"attachment-small size-small\" alt=\"\" loading=\"lazy\"><i class=\"fa fa-search-plus\" aria-hidden=\"true\"><\/i><br \/>\n\t\t\t\t\t\t<\/span><br \/>\n\t\t\t\t\t<\/figure>\n<figure>\n\t\t\t\t\t<span style=\"cursor: pointer\" data-src=\"https:\/\/autorai.nl\/wp-content\/uploads\/2024\/01\/kia-pv5-foto2-1600x1068.jpg\" data-fancybox=\"galery-0\" title=\"\"><br \/>\n\t\t\t\t\t\t\t<img decoding=\"async\" width=\"640\" height=\"480\" src=\"https:\/\/autorai.nl\/wp-content\/uploads\/2024\/01\/kia-pv5-foto2-640x480.jpg\" class=\"attachment-medium size-medium\" alt=\"\" loading=\"lazy\"><i class=\"fa fa-search-plus\" aria-hidden=\"true\"><\/i><br \/>\n\t\t\t\t\t\t<\/span><br \/>\n\t\t\t\t\t<\/figure>\n<figure>\n\t\t\t\t\t<span style=\"cursor: pointer\" data-src=\"https:\/\/autorai.nl\/wp-content\/uploads\/2024\/01\/kia-pv5-foto-1600x1068.jpg\" data-fancybox=\"galery-0\" title=\"\"><br \/>\n\t\t\t\t\t\t\t<img decoding=\"async\" width=\"360\" height=\"270\" src=\"https:\/\/autorai.nl\/wp-content\/uploads\/2024\/01\/kia-pv5-foto-360x270.jpg\" class=\"attachment-small size-small\" alt=\"\" loading=\"lazy\"><i class=\"fa fa-search-plus\" aria-hidden=\"true\"><\/i><br \/>\n\t\t\t\t\t\t<\/span><br \/>\n\t\t\t\t\t<\/figure>\n<figure>\n\t\t\t\t\t<span style=\"cursor: pointer\" data-src=\"https:\/\/autorai.nl\/wp-content\/uploads\/2024\/01\/kia-pv5-exterieur-1600x1068.jpg\" data-fancybox=\"galery-0\" title=\"\"><br \/>\n\t\t\t\t\t\t\t<img decoding=\"async\" width=\"360\" height=\"270\" src=\"https:\/\/autorai.nl\/wp-content\/uploads\/2024\/01\/kia-pv5-exterieur-360x270.jpg\" class=\"attachment-small size-small\" alt=\"Kia PV5\" loading=\"lazy\"><i class=\"fa fa-search-plus\" aria-hidden=\"true\"><\/i><br \/>\n\t\t\t\t\t\t<\/span><br \/>\n\t\t\t\t\t<\/figure>\n<figure>\n\t\t\t\t\t<span style=\"cursor: pointer\" data-src=\"https:\/\/autorai.nl\/wp-content\/uploads\/2024\/01\/kia-pv5-exterieur-2-1600x1068.jpg\" data-fancybox=\"galery-0\" title=\"\"><br \/>\n\t\t\t\t\t\t\t<img decoding=\"async\" width=\"640\" height=\"480\" src=\"https:\/\/autorai.nl\/wp-content\/uploads\/2024\/01\/kia-pv5-exterieur-2-640x480.jpg\" class=\"attachment-medium size-medium\" alt=\"\" loading=\"lazy\"><i class=\"fa fa-search-plus\" aria-hidden=\"true\"><\/i><br \/>\n\t\t\t\t\t\t<\/span><br \/>\n\t\t\t\t\t<\/figure>\n<figure>\n\t\t\t\t\t<span style=\"cursor: pointer\" data-src=\"https:\/\/autorai.nl\/wp-content\/uploads\/2024\/01\/kia-pv1-pv7-1600x1068.jpg\" data-fancybox=\"galery-0\" title=\"\"><br \/>\n\t\t\t\t\t\t\t<img decoding=\"async\" width=\"360\" height=\"270\" src=\"https:\/\/autorai.nl\/wp-content\/uploads\/2024\/01\/kia-pv1-pv7-360x270.jpg\" class=\"attachment-small size-small\" alt=\"\" loading=\"lazy\"><i class=\"fa fa-search-plus\" aria-hidden=\"true\"><\/i><br \/>\n\t\t\t\t\t\t<\/span><br \/>\n\t\t\t\t\t<\/figure>\n<figure>\n\t\t\t\t\t<span style=\"cursor: pointer\" data-src=\"https:\/\/autorai.nl\/wp-content\/uploads\/2024\/01\/kia-pv1-pv5-1600x1068.jpg\" data-fancybox=\"galery-0\" title=\"\"><br \/>\n\t\t\t\t\t\t\t<img decoding=\"async\" width=\"360\" height=\"270\" src=\"https:\/\/autorai.nl\/wp-content\/uploads\/2024\/01\/kia-pv1-pv5-360x270.jpg\" class=\"attachment-small size-small\" alt=\"\" loading=\"lazy\"><i class=\"fa fa-search-plus\" aria-hidden=\"true\"><\/i><br \/>\n\t\t\t\t\t\t<\/span><br \/>\n\t\t\t\t\t<\/figure>\n<div class=\"clear\"><\/div>\n<\/div>\n","protected":false},"excerpt":{"rendered":"Ma\u00dfgeschneiderte Nutzfahrzeuge von Kia Die k\u00fcnftigen PBVs von Kia sind umfassende Mobilit\u00e4tsl\u00f6sungen, die ma\u00dfgeschneiderte Elektrofahrzeuge mit fortschrittlicher Software auf der&hellip;","protected":false},"author":0,"featured_media":142038,"comment_status":"","ping_status":"open","sticky":false,"template":"","format":"standard","meta":{"footnotes":""},"categories":[125,128],"tags":[],"class_list":["post-142061","post","type-post","status-publish","format-standard","has-post-thumbnail","hentry","category-auto-nachrichten","category-hintergrund"],"acf":[],"yoast_head":"<!-- This site is optimized with the Yoast SEO plugin v21.2 - https:\/\/yoast.com\/wordpress\/plugins\/seo\/ -->\n<title>Kia steigt in elektrische Nutzfahrzeuge ein: Kia PV5 geht 2025 an den Start - All cars news<\/title>\n<meta name=\"robots\" content=\"index, follow, max-snippet:-1, max-image-preview:large, max-video-preview:-1\" \/>\n<link rel=\"canonical\" href=\"https:\/\/all-car-news.com\/de\/kia-steigt-in-elektrische-nutzfahrzeuge-ein-kia-pv5-geht-2025-an-den-start\/\" \/>\n<meta property=\"og:locale\" content=\"de_DE\" \/>\n<meta property=\"og:type\" content=\"article\" \/>\n<meta property=\"og:title\" content=\"Kia steigt in elektrische Nutzfahrzeuge ein: Kia PV5 geht 2025 an den Start - All cars news\" \/>\n<meta property=\"og:description\" content=\"Ma\u00dfgeschneiderte Nutzfahrzeuge von Kia Die k\u00fcnftigen PBVs von Kia sind umfassende Mobilit\u00e4tsl\u00f6sungen, die ma\u00dfgeschneiderte Elektrofahrzeuge mit fortschrittlicher Software auf der Grundlage der Software-to-Everything (SDx)-Strategie der Hyundai Motor Group kombinieren. Als Platform Beyond Vehicle (PBV) engagieren die PBVs von Kia sowohl Unternehmen als auch Privatpersonen mit ihren ma\u00dfgeschneiderten Karosserien und [...]\" \/>\n<meta property=\"og:url\" content=\"https:\/\/all-car-news.com\/de\/kia-steigt-in-elektrische-nutzfahrzeuge-ein-kia-pv5-geht-2025-an-den-start\/\" \/>\n<meta property=\"og:site_name\" content=\"All cars news\" \/>\n<meta property=\"article:published_time\" content=\"2024-01-09T08:08:05+00:00\" \/>\n<meta property=\"og:image\" content=\"https:\/\/autorai.nl\/wp-content\/uploads\/2024\/01\/kia-pv-familie-line-up1-1140x761.jpg\" \/>\n<meta name=\"twitter:card\" content=\"summary_large_image\" \/>\n<meta name=\"twitter:label1\" content=\"Gesch\u00e4tzte Lesezeit\" \/>\n\t<meta name=\"twitter:data1\" content=\"9\u00a0Minuten\" \/>\n<script type=\"application\/ld+json\" class=\"yoast-schema-graph\">{\"@context\":\"https:\/\/schema.org\",\"@graph\":[{\"@type\":\"Article\",\"@id\":\"https:\/\/all-car-news.com\/de\/kia-steigt-in-elektrische-nutzfahrzeuge-ein-kia-pv5-geht-2025-an-den-start\/#article\",\"isPartOf\":{\"@id\":\"https:\/\/all-car-news.com\/de\/kia-steigt-in-elektrische-nutzfahrzeuge-ein-kia-pv5-geht-2025-an-den-start\/\"},\"author\":{\"name\":\"\",\"@id\":\"\"},\"headline\":\"Kia steigt in elektrische Nutzfahrzeuge ein: Kia PV5 geht 2025 an den Start\",\"datePublished\":\"2024-01-09T08:08:05+00:00\",\"dateModified\":\"2024-01-09T08:08:05+00:00\",\"mainEntityOfPage\":{\"@id\":\"https:\/\/all-car-news.com\/de\/kia-steigt-in-elektrische-nutzfahrzeuge-ein-kia-pv5-geht-2025-an-den-start\/\"},\"wordCount\":1906,\"publisher\":{\"@id\":\"https:\/\/all-car-news.com\/de\/#organization\"},\"articleSection\":[\"Auto Nachrichten\",\"Hintergrund\"],\"inLanguage\":\"de\"},{\"@type\":\"WebPage\",\"@id\":\"https:\/\/all-car-news.com\/de\/kia-steigt-in-elektrische-nutzfahrzeuge-ein-kia-pv5-geht-2025-an-den-start\/\",\"url\":\"https:\/\/all-car-news.com\/de\/kia-steigt-in-elektrische-nutzfahrzeuge-ein-kia-pv5-geht-2025-an-den-start\/\",\"name\":\"Kia steigt in elektrische Nutzfahrzeuge ein: Kia PV5 geht 2025 an den Start - All cars news\",\"isPartOf\":{\"@id\":\"https:\/\/all-car-news.com\/de\/#website\"},\"datePublished\":\"2024-01-09T08:08:05+00:00\",\"dateModified\":\"2024-01-09T08:08:05+00:00\",\"breadcrumb\":{\"@id\":\"https:\/\/all-car-news.com\/de\/kia-steigt-in-elektrische-nutzfahrzeuge-ein-kia-pv5-geht-2025-an-den-start\/#breadcrumb\"},\"inLanguage\":\"de\",\"potentialAction\":[{\"@type\":\"ReadAction\",\"target\":[\"https:\/\/all-car-news.com\/de\/kia-steigt-in-elektrische-nutzfahrzeuge-ein-kia-pv5-geht-2025-an-den-start\/\"]}]},{\"@type\":\"BreadcrumbList\",\"@id\":\"https:\/\/all-car-news.com\/de\/kia-steigt-in-elektrische-nutzfahrzeuge-ein-kia-pv5-geht-2025-an-den-start\/#breadcrumb\",\"itemListElement\":[{\"@type\":\"ListItem\",\"position\":1,\"name\":\"Home\",\"item\":\"https:\/\/all-car-news.com\/de\/\"},{\"@type\":\"ListItem\",\"position\":2,\"name\":\"Kia steigt in elektrische Nutzfahrzeuge ein: Kia PV5 geht 2025 an den Start\"}]},{\"@type\":\"WebSite\",\"@id\":\"https:\/\/all-car-news.com\/de\/#website\",\"url\":\"https:\/\/all-car-news.com\/de\/\",\"name\":\"All cars news\",\"description\":\"\",\"publisher\":{\"@id\":\"https:\/\/all-car-news.com\/de\/#organization\"},\"potentialAction\":[{\"@type\":\"SearchAction\",\"target\":{\"@type\":\"EntryPoint\",\"urlTemplate\":\"https:\/\/all-car-news.com\/de\/?s={search_term_string}\"},\"query-input\":\"required name=search_term_string\"}],\"inLanguage\":\"de\"},{\"@type\":\"Organization\",\"@id\":\"https:\/\/all-car-news.com\/de\/#organization\",\"name\":\"All cars news\",\"url\":\"https:\/\/all-car-news.com\/de\/\",\"logo\":{\"@type\":\"ImageObject\",\"inLanguage\":\"de\",\"@id\":\"https:\/\/all-car-news.com\/de\/#\/schema\/logo\/image\/\",\"url\":\"https:\/\/all-car-news.com\/wp-content\/uploads\/2022\/02\/CMYK-AllCarNews_LANDSCAPE_300px-1.png\",\"contentUrl\":\"https:\/\/all-car-news.com\/wp-content\/uploads\/2022\/02\/CMYK-AllCarNews_LANDSCAPE_300px-1.png\",\"width\":300,\"height\":100,\"caption\":\"All cars news\"},\"image\":{\"@id\":\"https:\/\/all-car-news.com\/de\/#\/schema\/logo\/image\/\"}}]}<\/script>\n<!-- \/ Yoast SEO plugin. -->","yoast_head_json":{"title":"Kia steigt in elektrische Nutzfahrzeuge ein: Kia PV5 geht 2025 an den Start - All cars news","robots":{"index":"index","follow":"follow","max-snippet":"max-snippet:-1","max-image-preview":"max-image-preview:large","max-video-preview":"max-video-preview:-1"},"canonical":"https:\/\/all-car-news.com\/de\/kia-steigt-in-elektrische-nutzfahrzeuge-ein-kia-pv5-geht-2025-an-den-start\/","og_locale":"de_DE","og_type":"article","og_title":"Kia steigt in elektrische Nutzfahrzeuge ein: Kia PV5 geht 2025 an den Start - All cars news","og_description":"Ma\u00dfgeschneiderte Nutzfahrzeuge von Kia Die k\u00fcnftigen PBVs von Kia sind umfassende Mobilit\u00e4tsl\u00f6sungen, die ma\u00dfgeschneiderte Elektrofahrzeuge mit fortschrittlicher Software auf der Grundlage der Software-to-Everything (SDx)-Strategie der Hyundai Motor Group kombinieren. Als Platform Beyond Vehicle (PBV) engagieren die PBVs von Kia sowohl Unternehmen als auch Privatpersonen mit ihren ma\u00dfgeschneiderten Karosserien und [...]","og_url":"https:\/\/all-car-news.com\/de\/kia-steigt-in-elektrische-nutzfahrzeuge-ein-kia-pv5-geht-2025-an-den-start\/","og_site_name":"All cars news","article_published_time":"2024-01-09T08:08:05+00:00","og_image":[{"url":"https:\/\/autorai.nl\/wp-content\/uploads\/2024\/01\/kia-pv-familie-line-up1-1140x761.jpg"}],"twitter_card":"summary_large_image","twitter_misc":{"Gesch\u00e4tzte Lesezeit":"9\u00a0Minuten"},"schema":{"@context":"https:\/\/schema.org","@graph":[{"@type":"Article","@id":"https:\/\/all-car-news.com\/de\/kia-steigt-in-elektrische-nutzfahrzeuge-ein-kia-pv5-geht-2025-an-den-start\/#article","isPartOf":{"@id":"https:\/\/all-car-news.com\/de\/kia-steigt-in-elektrische-nutzfahrzeuge-ein-kia-pv5-geht-2025-an-den-start\/"},"author":{"name":"","@id":""},"headline":"Kia steigt in elektrische Nutzfahrzeuge ein: Kia PV5 geht 2025 an den Start","datePublished":"2024-01-09T08:08:05+00:00","dateModified":"2024-01-09T08:08:05+00:00","mainEntityOfPage":{"@id":"https:\/\/all-car-news.com\/de\/kia-steigt-in-elektrische-nutzfahrzeuge-ein-kia-pv5-geht-2025-an-den-start\/"},"wordCount":1906,"publisher":{"@id":"https:\/\/all-car-news.com\/de\/#organization"},"articleSection":["Auto Nachrichten","Hintergrund"],"inLanguage":"de"},{"@type":"WebPage","@id":"https:\/\/all-car-news.com\/de\/kia-steigt-in-elektrische-nutzfahrzeuge-ein-kia-pv5-geht-2025-an-den-start\/","url":"https:\/\/all-car-news.com\/de\/kia-steigt-in-elektrische-nutzfahrzeuge-ein-kia-pv5-geht-2025-an-den-start\/","name":"Kia steigt in elektrische Nutzfahrzeuge ein: Kia PV5 geht 2025 an den Start - All cars news","isPartOf":{"@id":"https:\/\/all-car-news.com\/de\/#website"},"datePublished":"2024-01-09T08:08:05+00:00","dateModified":"2024-01-09T08:08:05+00:00","breadcrumb":{"@id":"https:\/\/all-car-news.com\/de\/kia-steigt-in-elektrische-nutzfahrzeuge-ein-kia-pv5-geht-2025-an-den-start\/#breadcrumb"},"inLanguage":"de","potentialAction":[{"@type":"ReadAction","target":["https:\/\/all-car-news.com\/de\/kia-steigt-in-elektrische-nutzfahrzeuge-ein-kia-pv5-geht-2025-an-den-start\/"]}]},{"@type":"BreadcrumbList","@id":"https:\/\/all-car-news.com\/de\/kia-steigt-in-elektrische-nutzfahrzeuge-ein-kia-pv5-geht-2025-an-den-start\/#breadcrumb","itemListElement":[{"@type":"ListItem","position":1,"name":"Home","item":"https:\/\/all-car-news.com\/de\/"},{"@type":"ListItem","position":2,"name":"Kia steigt in elektrische Nutzfahrzeuge ein: Kia PV5 geht 2025 an den Start"}]},{"@type":"WebSite","@id":"https:\/\/all-car-news.com\/de\/#website","url":"https:\/\/all-car-news.com\/de\/","name":"All cars news","description":"","publisher":{"@id":"https:\/\/all-car-news.com\/de\/#organization"},"potentialAction":[{"@type":"SearchAction","target":{"@type":"EntryPoint","urlTemplate":"https:\/\/all-car-news.com\/de\/?s={search_term_string}"},"query-input":"required name=search_term_string"}],"inLanguage":"de"},{"@type":"Organization","@id":"https:\/\/all-car-news.com\/de\/#organization","name":"All cars news","url":"https:\/\/all-car-news.com\/de\/","logo":{"@type":"ImageObject","inLanguage":"de","@id":"https:\/\/all-car-news.com\/de\/#\/schema\/logo\/image\/","url":"https:\/\/all-car-news.com\/wp-content\/uploads\/2022\/02\/CMYK-AllCarNews_LANDSCAPE_300px-1.png","contentUrl":"https:\/\/all-car-news.com\/wp-content\/uploads\/2022\/02\/CMYK-AllCarNews_LANDSCAPE_300px-1.png","width":300,"height":100,"caption":"All cars news"},"image":{"@id":"https:\/\/all-car-news.com\/de\/#\/schema\/logo\/image\/"}}]}},"_links":{"self":[{"href":"https:\/\/all-car-news.com\/de\/wp-json\/wp\/v2\/posts\/142061","targetHints":{"allow":["GET"]}}],"collection":[{"href":"https:\/\/all-car-news.com\/de\/wp-json\/wp\/v2\/posts"}],"about":[{"href":"https:\/\/all-car-news.com\/de\/wp-json\/wp\/v2\/types\/post"}],"replies":[{"embeddable":true,"href":"https:\/\/all-car-news.com\/de\/wp-json\/wp\/v2\/comments?post=142061"}],"version-history":[{"count":0,"href":"https:\/\/all-car-news.com\/de\/wp-json\/wp\/v2\/posts\/142061\/revisions"}],"wp:featuredmedia":[{"embeddable":true,"href":"https:\/\/all-car-news.com\/de\/wp-json\/wp\/v2\/media\/142038"}],"wp:attachment":[{"href":"https:\/\/all-car-news.com\/de\/wp-json\/wp\/v2\/media?parent=142061"}],"wp:term":[{"taxonomy":"category","embeddable":true,"href":"https:\/\/all-car-news.com\/de\/wp-json\/wp\/v2\/categories?post=142061"},{"taxonomy":"post_tag","embeddable":true,"href":"https:\/\/all-car-news.com\/de\/wp-json\/wp\/v2\/tags?post=142061"}],"curies":[{"name":"wp","href":"https:\/\/api.w.org\/{rel}","templated":true}]}}