{"id":141573,"date":"2023-12-22T10:20:59","date_gmt":"2023-12-22T10:20:59","guid":{"rendered":"https:\/\/all-car-news.com\/erster-chinesischer-autohersteller-kuendigt-autofabrik-in-europa-an\/"},"modified":"2023-12-22T10:20:59","modified_gmt":"2023-12-22T10:20:59","slug":"erster-chinesischer-autohersteller-kuendigt-autofabrik-in-europa-an","status":"publish","type":"post","link":"https:\/\/all-car-news.com\/de\/erster-chinesischer-autohersteller-kuendigt-autofabrik-in-europa-an\/","title":{"rendered":"Erster chinesischer Autohersteller k\u00fcndigt Autofabrik in Europa an"},"content":{"rendered":"<h2>Ungarn<\/h2>\n<p>Das brandneue BYD-Werk wird in Szeged, einer Stadt in S\u00fcdungarn, stehen. In dieser Anlage sollen nicht nur Autos, sondern auch Batterien hergestellt werden. BYD schreibt Geschichte als erster chinesischer Automobilhersteller, der eine Fabrik in Europa baut. Dieser Schritt ist ein weiterer Schritt auf dem Weg zu dem ehrgeizigen Ziel des Automobilherstellers, der gr\u00f6\u00dfte Automobilh\u00e4ndler Europas zu werden.  <\/p>\n<h2>Europ\u00e4ische B\u00fchne<\/h2>\n<p>Seit seinem Deb\u00fct in Europa im Jahr 2022 ist BYD auf dem Vormarsch. In einem relativ kurzen Zeitraum haben sie 230 Standorte in 19 L\u00e4ndern er\u00f6ffnet. Au\u00dferdem wurden f\u00fcnf neue Modelle vorgestellt: der BYD <a href=\"https:\/\/youtu.be\/rqOUgtPXRGU?si=giwgvnuOEDCSSj3J\">Han<\/a>, Tang, <a href=\"https:\/\/autorai.nl\/review-byd-atto-3-doorgedraaid-of-perfect\/\">Atto 3<\/a>, Seal und Dolphin. Hinter den Kulissen stehen drei weitere neue Modelle bereit, die in den n\u00e4chsten 12 Monaten auf den Markt kommen sollen.<\/p>\n<figure class=\"wp-block-embed is-type-video is-provider-youtube wp-block-embed-youtube wp-embed-aspect-16-9 wp-has-aspect-ratio\">\n<div class=\"wp-block-embed__wrapper\">\n<\/div>\n<\/figure>\n","protected":false},"excerpt":{"rendered":"Ungarn Das brandneue BYD-Werk wird in Szeged, einer Stadt in S\u00fcdungarn, stehen. In dieser Anlage sollen nicht nur Autos, sondern&hellip;","protected":false},"author":0,"featured_media":141557,"comment_status":"","ping_status":"open","sticky":false,"template":"","format":"standard","meta":{"footnotes":""},"categories":[125],"tags":[],"class_list":["post-141573","post","type-post","status-publish","format-standard","has-post-thumbnail","hentry","category-auto-nachrichten"],"acf":[],"yoast_head":"<!-- This site is optimized with the Yoast SEO plugin v21.2 - https:\/\/yoast.com\/wordpress\/plugins\/seo\/ -->\n<title>Erster chinesischer Autohersteller k\u00fcndigt Autofabrik in Europa an - All cars news<\/title>\n<meta name=\"robots\" content=\"index, follow, max-snippet:-1, max-image-preview:large, max-video-preview:-1\" \/>\n<link rel=\"canonical\" href=\"https:\/\/all-car-news.com\/de\/erster-chinesischer-autohersteller-kuendigt-autofabrik-in-europa-an\/\" \/>\n<meta property=\"og:locale\" content=\"de_DE\" \/>\n<meta property=\"og:type\" content=\"article\" \/>\n<meta property=\"og:title\" content=\"Erster chinesischer Autohersteller k\u00fcndigt Autofabrik in Europa an - All cars news\" \/>\n<meta property=\"og:description\" content=\"Ungarn Das brandneue BYD-Werk wird in Szeged, einer Stadt in S\u00fcdungarn, stehen. In dieser Anlage sollen nicht nur Autos, sondern auch Batterien hergestellt werden. BYD schreibt Geschichte als erster chinesischer Automobilhersteller, der eine Fabrik in Europa baut. Dieser Schritt ist ein weiterer Schritt in Richtung des ehrgeizigen Ziels des Automobilherstellers, der gr\u00f6\u00dfte [...]\" \/>\n<meta property=\"og:url\" content=\"https:\/\/all-car-news.com\/de\/erster-chinesischer-autohersteller-kuendigt-autofabrik-in-europa-an\/\" \/>\n<meta property=\"og:site_name\" content=\"All cars news\" \/>\n<meta property=\"article:published_time\" content=\"2023-12-22T10:20:59+00:00\" \/>\n<meta name=\"twitter:card\" content=\"summary_large_image\" \/>\n<meta name=\"twitter:label1\" content=\"Gesch\u00e4tzte Lesezeit\" \/>\n\t<meta name=\"twitter:data1\" content=\"1\u00a0Minute\" \/>\n<script type=\"application\/ld+json\" class=\"yoast-schema-graph\">{\"@context\":\"https:\/\/schema.org\",\"@graph\":[{\"@type\":\"Article\",\"@id\":\"https:\/\/all-car-news.com\/de\/erster-chinesischer-autohersteller-kuendigt-autofabrik-in-europa-an\/#article\",\"isPartOf\":{\"@id\":\"https:\/\/all-car-news.com\/de\/erster-chinesischer-autohersteller-kuendigt-autofabrik-in-europa-an\/\"},\"author\":{\"name\":\"\",\"@id\":\"\"},\"headline\":\"Erster chinesischer Autohersteller k\u00fcndigt Autofabrik in Europa an\",\"datePublished\":\"2023-12-22T10:20:59+00:00\",\"dateModified\":\"2023-12-22T10:20:59+00:00\",\"mainEntityOfPage\":{\"@id\":\"https:\/\/all-car-news.com\/de\/erster-chinesischer-autohersteller-kuendigt-autofabrik-in-europa-an\/\"},\"wordCount\":136,\"publisher\":{\"@id\":\"https:\/\/all-car-news.com\/de\/#organization\"},\"articleSection\":[\"Auto Nachrichten\"],\"inLanguage\":\"de\"},{\"@type\":\"WebPage\",\"@id\":\"https:\/\/all-car-news.com\/de\/erster-chinesischer-autohersteller-kuendigt-autofabrik-in-europa-an\/\",\"url\":\"https:\/\/all-car-news.com\/de\/erster-chinesischer-autohersteller-kuendigt-autofabrik-in-europa-an\/\",\"name\":\"Erster chinesischer Autohersteller k\u00fcndigt Autofabrik in Europa an - All cars news\",\"isPartOf\":{\"@id\":\"https:\/\/all-car-news.com\/de\/#website\"},\"datePublished\":\"2023-12-22T10:20:59+00:00\",\"dateModified\":\"2023-12-22T10:20:59+00:00\",\"breadcrumb\":{\"@id\":\"https:\/\/all-car-news.com\/de\/erster-chinesischer-autohersteller-kuendigt-autofabrik-in-europa-an\/#breadcrumb\"},\"inLanguage\":\"de\",\"potentialAction\":[{\"@type\":\"ReadAction\",\"target\":[\"https:\/\/all-car-news.com\/de\/erster-chinesischer-autohersteller-kuendigt-autofabrik-in-europa-an\/\"]}]},{\"@type\":\"BreadcrumbList\",\"@id\":\"https:\/\/all-car-news.com\/de\/erster-chinesischer-autohersteller-kuendigt-autofabrik-in-europa-an\/#breadcrumb\",\"itemListElement\":[{\"@type\":\"ListItem\",\"position\":1,\"name\":\"Home\",\"item\":\"https:\/\/all-car-news.com\/de\/\"},{\"@type\":\"ListItem\",\"position\":2,\"name\":\"Erster chinesischer Autohersteller k\u00fcndigt Autofabrik in Europa an\"}]},{\"@type\":\"WebSite\",\"@id\":\"https:\/\/all-car-news.com\/de\/#website\",\"url\":\"https:\/\/all-car-news.com\/de\/\",\"name\":\"All cars news\",\"description\":\"\",\"publisher\":{\"@id\":\"https:\/\/all-car-news.com\/de\/#organization\"},\"potentialAction\":[{\"@type\":\"SearchAction\",\"target\":{\"@type\":\"EntryPoint\",\"urlTemplate\":\"https:\/\/all-car-news.com\/de\/?s={search_term_string}\"},\"query-input\":\"required name=search_term_string\"}],\"inLanguage\":\"de\"},{\"@type\":\"Organization\",\"@id\":\"https:\/\/all-car-news.com\/de\/#organization\",\"name\":\"All cars news\",\"url\":\"https:\/\/all-car-news.com\/de\/\",\"logo\":{\"@type\":\"ImageObject\",\"inLanguage\":\"de\",\"@id\":\"https:\/\/all-car-news.com\/de\/#\/schema\/logo\/image\/\",\"url\":\"https:\/\/all-car-news.com\/wp-content\/uploads\/2022\/02\/CMYK-AllCarNews_LANDSCAPE_300px-1.png\",\"contentUrl\":\"https:\/\/all-car-news.com\/wp-content\/uploads\/2022\/02\/CMYK-AllCarNews_LANDSCAPE_300px-1.png\",\"width\":300,\"height\":100,\"caption\":\"All cars news\"},\"image\":{\"@id\":\"https:\/\/all-car-news.com\/de\/#\/schema\/logo\/image\/\"}}]}<\/script>\n<!-- \/ Yoast SEO plugin. -->","yoast_head_json":{"title":"Erster chinesischer Autohersteller k\u00fcndigt Autofabrik in Europa an - All cars news","robots":{"index":"index","follow":"follow","max-snippet":"max-snippet:-1","max-image-preview":"max-image-preview:large","max-video-preview":"max-video-preview:-1"},"canonical":"https:\/\/all-car-news.com\/de\/erster-chinesischer-autohersteller-kuendigt-autofabrik-in-europa-an\/","og_locale":"de_DE","og_type":"article","og_title":"Erster chinesischer Autohersteller k\u00fcndigt Autofabrik in Europa an - All cars news","og_description":"Ungarn Das brandneue BYD-Werk wird in Szeged, einer Stadt in S\u00fcdungarn, stehen. In dieser Anlage sollen nicht nur Autos, sondern auch Batterien hergestellt werden. BYD schreibt Geschichte als erster chinesischer Automobilhersteller, der eine Fabrik in Europa baut. Dieser Schritt ist ein weiterer Schritt in Richtung des ehrgeizigen Ziels des Automobilherstellers, der gr\u00f6\u00dfte [...]","og_url":"https:\/\/all-car-news.com\/de\/erster-chinesischer-autohersteller-kuendigt-autofabrik-in-europa-an\/","og_site_name":"All cars news","article_published_time":"2023-12-22T10:20:59+00:00","twitter_card":"summary_large_image","twitter_misc":{"Gesch\u00e4tzte Lesezeit":"1\u00a0Minute"},"schema":{"@context":"https:\/\/schema.org","@graph":[{"@type":"Article","@id":"https:\/\/all-car-news.com\/de\/erster-chinesischer-autohersteller-kuendigt-autofabrik-in-europa-an\/#article","isPartOf":{"@id":"https:\/\/all-car-news.com\/de\/erster-chinesischer-autohersteller-kuendigt-autofabrik-in-europa-an\/"},"author":{"name":"","@id":""},"headline":"Erster chinesischer Autohersteller k\u00fcndigt Autofabrik in Europa an","datePublished":"2023-12-22T10:20:59+00:00","dateModified":"2023-12-22T10:20:59+00:00","mainEntityOfPage":{"@id":"https:\/\/all-car-news.com\/de\/erster-chinesischer-autohersteller-kuendigt-autofabrik-in-europa-an\/"},"wordCount":136,"publisher":{"@id":"https:\/\/all-car-news.com\/de\/#organization"},"articleSection":["Auto Nachrichten"],"inLanguage":"de"},{"@type":"WebPage","@id":"https:\/\/all-car-news.com\/de\/erster-chinesischer-autohersteller-kuendigt-autofabrik-in-europa-an\/","url":"https:\/\/all-car-news.com\/de\/erster-chinesischer-autohersteller-kuendigt-autofabrik-in-europa-an\/","name":"Erster chinesischer Autohersteller k\u00fcndigt Autofabrik in Europa an - All cars news","isPartOf":{"@id":"https:\/\/all-car-news.com\/de\/#website"},"datePublished":"2023-12-22T10:20:59+00:00","dateModified":"2023-12-22T10:20:59+00:00","breadcrumb":{"@id":"https:\/\/all-car-news.com\/de\/erster-chinesischer-autohersteller-kuendigt-autofabrik-in-europa-an\/#breadcrumb"},"inLanguage":"de","potentialAction":[{"@type":"ReadAction","target":["https:\/\/all-car-news.com\/de\/erster-chinesischer-autohersteller-kuendigt-autofabrik-in-europa-an\/"]}]},{"@type":"BreadcrumbList","@id":"https:\/\/all-car-news.com\/de\/erster-chinesischer-autohersteller-kuendigt-autofabrik-in-europa-an\/#breadcrumb","itemListElement":[{"@type":"ListItem","position":1,"name":"Home","item":"https:\/\/all-car-news.com\/de\/"},{"@type":"ListItem","position":2,"name":"Erster chinesischer Autohersteller k\u00fcndigt Autofabrik in Europa an"}]},{"@type":"WebSite","@id":"https:\/\/all-car-news.com\/de\/#website","url":"https:\/\/all-car-news.com\/de\/","name":"All cars news","description":"","publisher":{"@id":"https:\/\/all-car-news.com\/de\/#organization"},"potentialAction":[{"@type":"SearchAction","target":{"@type":"EntryPoint","urlTemplate":"https:\/\/all-car-news.com\/de\/?s={search_term_string}"},"query-input":"required name=search_term_string"}],"inLanguage":"de"},{"@type":"Organization","@id":"https:\/\/all-car-news.com\/de\/#organization","name":"All cars news","url":"https:\/\/all-car-news.com\/de\/","logo":{"@type":"ImageObject","inLanguage":"de","@id":"https:\/\/all-car-news.com\/de\/#\/schema\/logo\/image\/","url":"https:\/\/all-car-news.com\/wp-content\/uploads\/2022\/02\/CMYK-AllCarNews_LANDSCAPE_300px-1.png","contentUrl":"https:\/\/all-car-news.com\/wp-content\/uploads\/2022\/02\/CMYK-AllCarNews_LANDSCAPE_300px-1.png","width":300,"height":100,"caption":"All cars news"},"image":{"@id":"https:\/\/all-car-news.com\/de\/#\/schema\/logo\/image\/"}}]}},"_links":{"self":[{"href":"https:\/\/all-car-news.com\/de\/wp-json\/wp\/v2\/posts\/141573","targetHints":{"allow":["GET"]}}],"collection":[{"href":"https:\/\/all-car-news.com\/de\/wp-json\/wp\/v2\/posts"}],"about":[{"href":"https:\/\/all-car-news.com\/de\/wp-json\/wp\/v2\/types\/post"}],"replies":[{"embeddable":true,"href":"https:\/\/all-car-news.com\/de\/wp-json\/wp\/v2\/comments?post=141573"}],"version-history":[{"count":0,"href":"https:\/\/all-car-news.com\/de\/wp-json\/wp\/v2\/posts\/141573\/revisions"}],"wp:featuredmedia":[{"embeddable":true,"href":"https:\/\/all-car-news.com\/de\/wp-json\/wp\/v2\/media\/141557"}],"wp:attachment":[{"href":"https:\/\/all-car-news.com\/de\/wp-json\/wp\/v2\/media?parent=141573"}],"wp:term":[{"taxonomy":"category","embeddable":true,"href":"https:\/\/all-car-news.com\/de\/wp-json\/wp\/v2\/categories?post=141573"},{"taxonomy":"post_tag","embeddable":true,"href":"https:\/\/all-car-news.com\/de\/wp-json\/wp\/v2\/tags?post=141573"}],"curies":[{"name":"wp","href":"https:\/\/api.w.org\/{rel}","templated":true}]}}