{"id":141373,"date":"2023-12-15T10:27:40","date_gmt":"2023-12-15T10:27:40","guid":{"rendered":"https:\/\/all-car-news.com\/zeekr-eroeffnet-luxus-showroom-in-amsterdam\/"},"modified":"2023-12-15T10:27:40","modified_gmt":"2023-12-15T10:27:40","slug":"zeekr-eroeffnet-luxus-showroom-in-amsterdam","status":"publish","type":"post","link":"https:\/\/all-car-news.com\/de\/zeekr-eroeffnet-luxus-showroom-in-amsterdam\/","title":{"rendered":"Zeekr er\u00f6ffnet Luxus-Showroom in Amsterdam"},"content":{"rendered":"<h2>Ehemaliges Geb\u00e4ude von Vroom &amp; Dreesman<\/h2>\n<p>Die neue Verkaufsfl\u00e4che soll die Pr\u00e4senz der Marke Zeekr in der niederl\u00e4ndischen Hauptstadt st\u00e4rken. Der luxuri\u00f6se Showroom befindet sich in der belebtesten Einkaufsstra\u00dfe der Stadt im ehemaligen Vroom &amp; Dreesman-Geb\u00e4ude in 164 Rokin. Das Hotel liegt mit Blick auf Rokin und in der N\u00e4he von Amsterdamer Sehensw\u00fcrdigkeiten wie dem Rijksmuseum, dem Dam-Platz und dem K\u00f6nigspalast.<\/p>\n<figure class=\"wp-block-image size-content\"><img decoding=\"async\" loading=\"lazy\" width=\"1140\" height=\"760\" src=\"https:\/\/autorai.nl\/wp-content\/uploads\/2023\/12\/ZEEKR-Center-Amsterdam-2023-1-1140x760.jpg\" alt=\"ZEEKR Amsterdam\" class=\"wp-image-171271\"><\/figure>\n<h2>Angebot exklusiver Markenerlebnisse<\/h2>\n<p>Der Veranstaltungsort ist so konzipiert, dass er den Kunden ein exklusives Markenerlebnis bietet. Das Geb\u00e4ude wurde in den letzten Monaten modernisiert, wobei die historischen Merkmale erhalten und restauriert wurden, wie die markanten Glasfassaden an der Kalverstraat und am Rokin, die vollst\u00e4ndig renoviert und durch Isolierglas ersetzt wurden. Das Zeekr Center Amsterdam ist der zweite Showroom in Europa.<\/p>\n<p>Wie die Zeekr-Gesch\u00e4fte in China ist der ger\u00e4umige Standort der perfekte Ausstellungsraum f\u00fcr die ersten beiden vollelektrischen Modelle, die in Europa angeboten werden. Dabei handelt es sich um den Zeekr 001 &#8211; einen hohen Liftback &#8211; und den Zeekr X, einen kompakten SUV.<\/p>\n<figure class=\"wp-block-image size-content\"><img decoding=\"async\" loading=\"lazy\" width=\"1140\" height=\"760\" src=\"https:\/\/autorai.nl\/wp-content\/uploads\/2023\/12\/ZEEKR-Center-Amsterdam-2023-7-1140x760.jpg\" alt=\"ZEEKR Amsterdam\" class=\"wp-image-171277\"><\/figure>\n<h2>Fahrzeuge konfigurieren<\/h2>\n<p>Kunden k\u00f6nnen ihre Fahrzeuge auf 4K-Touchscreens im Zeekr-Zentrum in Amsterdam konfigurieren und bestellen. Produktexperten von Zeekr werden vor Ort sein, um Technologien in den Fahrzeugen zu demonstrieren, wie Augmented-Reality-Head-up-Displays, 5G-Konnektivit\u00e4t und KI-Sprachassistenten. Das Gesch\u00e4ft ist auch als entspannender, exklusiver Ort f\u00fcr Kunden konzipiert, an dem sie Zeit in einer speziellen Lounge verbringen, Kaffee \u00fcber eine Zeekr-App bestellen und die Kollektionen von Zeekr-Merchandise und Co-Branding-Produkten durchst\u00f6bern k\u00f6nnen.<\/p>\n<p>Spiros Fotinos, CEO von Zeekr Europe, sagt: &#8222;Die Niederlande sind einer der fortschrittlichsten EV-M\u00e4rkte in Europa, weshalb wir Amsterdam als Standort f\u00fcr unseren neuen Showroom gew\u00e4hlt haben. Amsterdam ist auch der Sitz unserer europ\u00e4ischen B\u00fcros. Das neue Zeekr-Zentrum wird es den Menschen erm\u00f6glichen, all das selbst zu erleben, was unsere Luxus-Elektroautos und unser Kundenerlebnis so einzigartig macht, und wird dazu beitragen, den \u00dcbergang zur Elektromobilit\u00e4t zu beschleunigen.<\/p>\n<h2>Beginn der Auslieferung von Zeekr-Fahrzeugen in den Niederlanden<\/h2>\n<p>Die ersten Zeekr-Fahrzeuge, die f\u00fcr Kunden in den Niederlanden und Schweden bestimmt sind, werden vor Ende Dezember ausgeliefert. Deutschland ist Anfang n\u00e4chsten Jahres an der Reihe. Zeekr wird seine Pr\u00e4senz bis 2026 auf die meisten L\u00e4nder Westeuropas ausweiten.<\/p>\n<div class=\"galery galery-0\">\n<figure>\n\t\t\t\t\t<span style=\"cursor: pointer\" data-src=\"https:\/\/autorai.nl\/wp-content\/uploads\/2023\/12\/ZEEKR-Center-Amsterdam-2023-11-1600x1067.jpg\" data-fancybox=\"galery-0\" title=\"\"><br \/>\n\t\t\t\t\t\t\t<img decoding=\"async\" width=\"360\" height=\"270\" src=\"https:\/\/autorai.nl\/wp-content\/uploads\/2023\/12\/ZEEKR-Center-Amsterdam-2023-11-360x270.jpg\" class=\"attachment-small size-small\" alt=\"\" loading=\"lazy\"><i class=\"fa fa-search-plus\" aria-hidden=\"true\"><\/i><br \/>\n\t\t\t\t\t\t<\/span><br \/>\n\t\t\t\t\t<\/figure>\n<figure>\n\t\t\t\t\t<span style=\"cursor: pointer\" data-src=\"https:\/\/autorai.nl\/wp-content\/uploads\/2023\/12\/ZEEKR-Center-Amsterdam-2023-10-1600x1067.jpg\" data-fancybox=\"galery-0\" title=\"\"><br \/>\n\t\t\t\t\t\t\t<img decoding=\"async\" width=\"360\" height=\"270\" src=\"https:\/\/autorai.nl\/wp-content\/uploads\/2023\/12\/ZEEKR-Center-Amsterdam-2023-10-360x270.jpg\" class=\"attachment-small size-small\" alt=\"\" loading=\"lazy\"><i class=\"fa fa-search-plus\" aria-hidden=\"true\"><\/i><br \/>\n\t\t\t\t\t\t<\/span><br \/>\n\t\t\t\t\t<\/figure>\n<figure>\n\t\t\t\t\t<span style=\"cursor: pointer\" data-src=\"https:\/\/autorai.nl\/wp-content\/uploads\/2023\/12\/ZEEKR-Center-Amsterdam-2023-9-1067x1600.jpg\" data-fancybox=\"galery-0\" title=\"\"><br \/>\n\t\t\t\t\t\t\t<img decoding=\"async\" width=\"360\" height=\"270\" src=\"https:\/\/autorai.nl\/wp-content\/uploads\/2023\/12\/ZEEKR-Center-Amsterdam-2023-9-360x270.jpg\" class=\"attachment-small size-small\" alt=\"\" loading=\"lazy\"><i class=\"fa fa-search-plus\" aria-hidden=\"true\"><\/i><br \/>\n\t\t\t\t\t\t<\/span><br \/>\n\t\t\t\t\t<\/figure>\n<figure>\n\t\t\t\t\t<span style=\"cursor: pointer\" data-src=\"https:\/\/autorai.nl\/wp-content\/uploads\/2023\/12\/ZEEKR-Center-Amsterdam-2023-8-1600x1067.jpg\" data-fancybox=\"galery-0\" title=\"\"><br \/>\n\t\t\t\t\t\t\t<img decoding=\"async\" width=\"360\" height=\"270\" src=\"https:\/\/autorai.nl\/wp-content\/uploads\/2023\/12\/ZEEKR-Center-Amsterdam-2023-8-360x270.jpg\" class=\"attachment-small size-small\" alt=\"\" loading=\"lazy\"><i class=\"fa fa-search-plus\" aria-hidden=\"true\"><\/i><br \/>\n\t\t\t\t\t\t<\/span><br \/>\n\t\t\t\t\t<\/figure>\n<figure>\n\t\t\t\t\t<span style=\"cursor: pointer\" data-src=\"https:\/\/autorai.nl\/wp-content\/uploads\/2023\/12\/ZEEKR-Center-Amsterdam-2023-7-1600x1067.jpg\" data-fancybox=\"galery-0\" title=\"\"><br \/>\n\t\t\t\t\t\t\t<img decoding=\"async\" width=\"360\" height=\"270\" src=\"https:\/\/autorai.nl\/wp-content\/uploads\/2023\/12\/ZEEKR-Center-Amsterdam-2023-7-360x270.jpg\" class=\"attachment-small size-small\" alt=\"ZEEKR Amsterdam\" loading=\"lazy\"><i class=\"fa fa-search-plus\" aria-hidden=\"true\"><\/i><br \/>\n\t\t\t\t\t\t<\/span><br \/>\n\t\t\t\t\t<\/figure>\n<figure>\n\t\t\t\t\t<span style=\"cursor: pointer\" data-src=\"https:\/\/autorai.nl\/wp-content\/uploads\/2023\/12\/ZEEKR-Center-Amsterdam-2023-6-1600x1067.jpg\" data-fancybox=\"galery-0\" title=\"\"><br \/>\n\t\t\t\t\t\t\t<img decoding=\"async\" width=\"360\" height=\"270\" src=\"https:\/\/autorai.nl\/wp-content\/uploads\/2023\/12\/ZEEKR-Center-Amsterdam-2023-6-360x270.jpg\" class=\"attachment-small size-small\" alt=\"\" loading=\"lazy\"><i class=\"fa fa-search-plus\" aria-hidden=\"true\"><\/i><br \/>\n\t\t\t\t\t\t<\/span><br \/>\n\t\t\t\t\t<\/figure>\n<figure>\n\t\t\t\t\t<span style=\"cursor: pointer\" data-src=\"https:\/\/autorai.nl\/wp-content\/uploads\/2023\/12\/ZEEKR-Center-Amsterdam-2023-5-1600x1067.jpg\" data-fancybox=\"galery-0\" title=\"\"><br \/>\n\t\t\t\t\t\t\t<img decoding=\"async\" width=\"360\" height=\"270\" src=\"https:\/\/autorai.nl\/wp-content\/uploads\/2023\/12\/ZEEKR-Center-Amsterdam-2023-5-360x270.jpg\" class=\"attachment-small size-small\" alt=\"\" loading=\"lazy\"><i class=\"fa fa-search-plus\" aria-hidden=\"true\"><\/i><br \/>\n\t\t\t\t\t\t<\/span><br \/>\n\t\t\t\t\t<\/figure>\n<figure>\n\t\t\t\t\t<span style=\"cursor: pointer\" data-src=\"https:\/\/autorai.nl\/wp-content\/uploads\/2023\/12\/ZEEKR-Center-Amsterdam-2023-4-1600x1067.jpg\" data-fancybox=\"galery-0\" title=\"\"><br \/>\n\t\t\t\t\t\t\t<img decoding=\"async\" width=\"360\" height=\"270\" src=\"https:\/\/autorai.nl\/wp-content\/uploads\/2023\/12\/ZEEKR-Center-Amsterdam-2023-4-360x270.jpg\" class=\"attachment-small size-small\" alt=\"\" loading=\"lazy\"><i class=\"fa fa-search-plus\" aria-hidden=\"true\"><\/i><br \/>\n\t\t\t\t\t\t<\/span><br \/>\n\t\t\t\t\t<\/figure>\n<figure>\n\t\t\t\t\t<span style=\"cursor: pointer\" data-src=\"https:\/\/autorai.nl\/wp-content\/uploads\/2023\/12\/ZEEKR-Center-Amsterdam-2023-3-1600x1067.jpg\" data-fancybox=\"galery-0\" title=\"\"><br \/>\n\t\t\t\t\t\t\t<img decoding=\"async\" width=\"360\" height=\"270\" src=\"https:\/\/autorai.nl\/wp-content\/uploads\/2023\/12\/ZEEKR-Center-Amsterdam-2023-3-360x270.jpg\" class=\"attachment-small size-small\" alt=\"\" loading=\"lazy\"><i class=\"fa fa-search-plus\" aria-hidden=\"true\"><\/i><br \/>\n\t\t\t\t\t\t<\/span><br \/>\n\t\t\t\t\t<\/figure>\n<figure>\n\t\t\t\t\t<span style=\"cursor: pointer\" data-src=\"https:\/\/autorai.nl\/wp-content\/uploads\/2023\/12\/ZEEKR-Center-Amsterdam-2023-1-1600x1067.jpg\" data-fancybox=\"galery-0\" title=\"\"><br \/>\n\t\t\t\t\t\t\t<img decoding=\"async\" width=\"360\" height=\"270\" src=\"https:\/\/autorai.nl\/wp-content\/uploads\/2023\/12\/ZEEKR-Center-Amsterdam-2023-1-360x270.jpg\" class=\"attachment-small size-small\" alt=\"ZEEKR Amsterdam\" loading=\"lazy\"><i class=\"fa fa-search-plus\" aria-hidden=\"true\"><\/i><br \/>\n\t\t\t\t\t\t<\/span><br \/>\n\t\t\t\t\t<\/figure>\n<div class=\"clear\"><\/div>\n<\/div>\n","protected":false},"excerpt":{"rendered":"Ehemaliges Vroom &amp; Dreesman-Geb\u00e4ude Die neue Verkaufsfl\u00e4che soll die Pr\u00e4senz der Marke Zeekr in der niederl\u00e4ndischen Hauptstadt st\u00e4rken. Der luxuri\u00f6se&hellip;","protected":false},"author":0,"featured_media":141360,"comment_status":"","ping_status":"open","sticky":false,"template":"","format":"standard","meta":{"footnotes":""},"categories":[125],"tags":[],"class_list":["post-141373","post","type-post","status-publish","format-standard","has-post-thumbnail","hentry","category-auto-nachrichten"],"acf":[],"yoast_head":"<!-- This site is optimized with the Yoast SEO plugin v21.2 - https:\/\/yoast.com\/wordpress\/plugins\/seo\/ -->\n<title>Zeekr er\u00f6ffnet Luxus-Showroom in Amsterdam - All cars news<\/title>\n<meta name=\"robots\" content=\"index, follow, max-snippet:-1, max-image-preview:large, max-video-preview:-1\" \/>\n<link rel=\"canonical\" href=\"https:\/\/all-car-news.com\/de\/zeekr-eroeffnet-luxus-showroom-in-amsterdam\/\" \/>\n<meta property=\"og:locale\" content=\"de_DE\" \/>\n<meta property=\"og:type\" content=\"article\" \/>\n<meta property=\"og:title\" content=\"Zeekr er\u00f6ffnet Luxus-Showroom in Amsterdam - All cars news\" \/>\n<meta property=\"og:description\" content=\"Ehemaliges Vroom &amp; Dreesman-Geb\u00e4ude Die neue Verkaufsfl\u00e4che soll die Pr\u00e4senz der Marke Zeekr in der niederl\u00e4ndischen Hauptstadt st\u00e4rken. Der luxuri\u00f6se Showroom befindet sich in der belebtesten Einkaufsstra\u00dfe der Stadt im ehemaligen Vroom &amp; Dreesman-Geb\u00e4ude in 164 Rokin. Der Veranstaltungsort \u00fcberblickt Rokin und liegt in der N\u00e4he von Amsterdams [...]\" \/>\n<meta property=\"og:url\" content=\"https:\/\/all-car-news.com\/de\/zeekr-eroeffnet-luxus-showroom-in-amsterdam\/\" \/>\n<meta property=\"og:site_name\" content=\"All cars news\" \/>\n<meta property=\"article:published_time\" content=\"2023-12-15T10:27:40+00:00\" \/>\n<meta property=\"og:image\" content=\"https:\/\/autorai.nl\/wp-content\/uploads\/2023\/12\/ZEEKR-Center-Amsterdam-2023-1-1140x760.jpg\" \/>\n<meta name=\"twitter:card\" content=\"summary_large_image\" \/>\n<meta name=\"twitter:label1\" content=\"Gesch\u00e4tzte Lesezeit\" \/>\n\t<meta name=\"twitter:data1\" content=\"2\u00a0Minuten\" \/>\n<script type=\"application\/ld+json\" class=\"yoast-schema-graph\">{\"@context\":\"https:\/\/schema.org\",\"@graph\":[{\"@type\":\"Article\",\"@id\":\"https:\/\/all-car-news.com\/de\/zeekr-eroeffnet-luxus-showroom-in-amsterdam\/#article\",\"isPartOf\":{\"@id\":\"https:\/\/all-car-news.com\/de\/zeekr-eroeffnet-luxus-showroom-in-amsterdam\/\"},\"author\":{\"name\":\"\",\"@id\":\"\"},\"headline\":\"Zeekr er\u00f6ffnet Luxus-Showroom in Amsterdam\",\"datePublished\":\"2023-12-15T10:27:40+00:00\",\"dateModified\":\"2023-12-15T10:27:40+00:00\",\"mainEntityOfPage\":{\"@id\":\"https:\/\/all-car-news.com\/de\/zeekr-eroeffnet-luxus-showroom-in-amsterdam\/\"},\"wordCount\":381,\"publisher\":{\"@id\":\"https:\/\/all-car-news.com\/de\/#organization\"},\"articleSection\":[\"Auto Nachrichten\"],\"inLanguage\":\"de\"},{\"@type\":\"WebPage\",\"@id\":\"https:\/\/all-car-news.com\/de\/zeekr-eroeffnet-luxus-showroom-in-amsterdam\/\",\"url\":\"https:\/\/all-car-news.com\/de\/zeekr-eroeffnet-luxus-showroom-in-amsterdam\/\",\"name\":\"Zeekr er\u00f6ffnet Luxus-Showroom in Amsterdam - All cars news\",\"isPartOf\":{\"@id\":\"https:\/\/all-car-news.com\/de\/#website\"},\"datePublished\":\"2023-12-15T10:27:40+00:00\",\"dateModified\":\"2023-12-15T10:27:40+00:00\",\"breadcrumb\":{\"@id\":\"https:\/\/all-car-news.com\/de\/zeekr-eroeffnet-luxus-showroom-in-amsterdam\/#breadcrumb\"},\"inLanguage\":\"de\",\"potentialAction\":[{\"@type\":\"ReadAction\",\"target\":[\"https:\/\/all-car-news.com\/de\/zeekr-eroeffnet-luxus-showroom-in-amsterdam\/\"]}]},{\"@type\":\"BreadcrumbList\",\"@id\":\"https:\/\/all-car-news.com\/de\/zeekr-eroeffnet-luxus-showroom-in-amsterdam\/#breadcrumb\",\"itemListElement\":[{\"@type\":\"ListItem\",\"position\":1,\"name\":\"Home\",\"item\":\"https:\/\/all-car-news.com\/de\/\"},{\"@type\":\"ListItem\",\"position\":2,\"name\":\"Zeekr er\u00f6ffnet Luxus-Showroom in Amsterdam\"}]},{\"@type\":\"WebSite\",\"@id\":\"https:\/\/all-car-news.com\/de\/#website\",\"url\":\"https:\/\/all-car-news.com\/de\/\",\"name\":\"All cars news\",\"description\":\"\",\"publisher\":{\"@id\":\"https:\/\/all-car-news.com\/de\/#organization\"},\"potentialAction\":[{\"@type\":\"SearchAction\",\"target\":{\"@type\":\"EntryPoint\",\"urlTemplate\":\"https:\/\/all-car-news.com\/de\/?s={search_term_string}\"},\"query-input\":\"required name=search_term_string\"}],\"inLanguage\":\"de\"},{\"@type\":\"Organization\",\"@id\":\"https:\/\/all-car-news.com\/de\/#organization\",\"name\":\"All cars news\",\"url\":\"https:\/\/all-car-news.com\/de\/\",\"logo\":{\"@type\":\"ImageObject\",\"inLanguage\":\"de\",\"@id\":\"https:\/\/all-car-news.com\/de\/#\/schema\/logo\/image\/\",\"url\":\"https:\/\/all-car-news.com\/wp-content\/uploads\/2022\/02\/CMYK-AllCarNews_LANDSCAPE_300px-1.png\",\"contentUrl\":\"https:\/\/all-car-news.com\/wp-content\/uploads\/2022\/02\/CMYK-AllCarNews_LANDSCAPE_300px-1.png\",\"width\":300,\"height\":100,\"caption\":\"All cars news\"},\"image\":{\"@id\":\"https:\/\/all-car-news.com\/de\/#\/schema\/logo\/image\/\"}}]}<\/script>\n<!-- \/ Yoast SEO plugin. -->","yoast_head_json":{"title":"Zeekr er\u00f6ffnet Luxus-Showroom in Amsterdam - All cars news","robots":{"index":"index","follow":"follow","max-snippet":"max-snippet:-1","max-image-preview":"max-image-preview:large","max-video-preview":"max-video-preview:-1"},"canonical":"https:\/\/all-car-news.com\/de\/zeekr-eroeffnet-luxus-showroom-in-amsterdam\/","og_locale":"de_DE","og_type":"article","og_title":"Zeekr er\u00f6ffnet Luxus-Showroom in Amsterdam - All cars news","og_description":"Ehemaliges Vroom &amp; Dreesman-Geb\u00e4ude Die neue Verkaufsfl\u00e4che soll die Pr\u00e4senz der Marke Zeekr in der niederl\u00e4ndischen Hauptstadt st\u00e4rken. Der luxuri\u00f6se Showroom befindet sich in der belebtesten Einkaufsstra\u00dfe der Stadt im ehemaligen Vroom &amp; Dreesman-Geb\u00e4ude in 164 Rokin. Der Veranstaltungsort \u00fcberblickt Rokin und liegt in der N\u00e4he von Amsterdams [...]","og_url":"https:\/\/all-car-news.com\/de\/zeekr-eroeffnet-luxus-showroom-in-amsterdam\/","og_site_name":"All cars news","article_published_time":"2023-12-15T10:27:40+00:00","og_image":[{"url":"https:\/\/autorai.nl\/wp-content\/uploads\/2023\/12\/ZEEKR-Center-Amsterdam-2023-1-1140x760.jpg"}],"twitter_card":"summary_large_image","twitter_misc":{"Gesch\u00e4tzte Lesezeit":"2\u00a0Minuten"},"schema":{"@context":"https:\/\/schema.org","@graph":[{"@type":"Article","@id":"https:\/\/all-car-news.com\/de\/zeekr-eroeffnet-luxus-showroom-in-amsterdam\/#article","isPartOf":{"@id":"https:\/\/all-car-news.com\/de\/zeekr-eroeffnet-luxus-showroom-in-amsterdam\/"},"author":{"name":"","@id":""},"headline":"Zeekr er\u00f6ffnet Luxus-Showroom in Amsterdam","datePublished":"2023-12-15T10:27:40+00:00","dateModified":"2023-12-15T10:27:40+00:00","mainEntityOfPage":{"@id":"https:\/\/all-car-news.com\/de\/zeekr-eroeffnet-luxus-showroom-in-amsterdam\/"},"wordCount":381,"publisher":{"@id":"https:\/\/all-car-news.com\/de\/#organization"},"articleSection":["Auto Nachrichten"],"inLanguage":"de"},{"@type":"WebPage","@id":"https:\/\/all-car-news.com\/de\/zeekr-eroeffnet-luxus-showroom-in-amsterdam\/","url":"https:\/\/all-car-news.com\/de\/zeekr-eroeffnet-luxus-showroom-in-amsterdam\/","name":"Zeekr er\u00f6ffnet Luxus-Showroom in Amsterdam - All cars news","isPartOf":{"@id":"https:\/\/all-car-news.com\/de\/#website"},"datePublished":"2023-12-15T10:27:40+00:00","dateModified":"2023-12-15T10:27:40+00:00","breadcrumb":{"@id":"https:\/\/all-car-news.com\/de\/zeekr-eroeffnet-luxus-showroom-in-amsterdam\/#breadcrumb"},"inLanguage":"de","potentialAction":[{"@type":"ReadAction","target":["https:\/\/all-car-news.com\/de\/zeekr-eroeffnet-luxus-showroom-in-amsterdam\/"]}]},{"@type":"BreadcrumbList","@id":"https:\/\/all-car-news.com\/de\/zeekr-eroeffnet-luxus-showroom-in-amsterdam\/#breadcrumb","itemListElement":[{"@type":"ListItem","position":1,"name":"Home","item":"https:\/\/all-car-news.com\/de\/"},{"@type":"ListItem","position":2,"name":"Zeekr er\u00f6ffnet Luxus-Showroom in Amsterdam"}]},{"@type":"WebSite","@id":"https:\/\/all-car-news.com\/de\/#website","url":"https:\/\/all-car-news.com\/de\/","name":"All cars news","description":"","publisher":{"@id":"https:\/\/all-car-news.com\/de\/#organization"},"potentialAction":[{"@type":"SearchAction","target":{"@type":"EntryPoint","urlTemplate":"https:\/\/all-car-news.com\/de\/?s={search_term_string}"},"query-input":"required name=search_term_string"}],"inLanguage":"de"},{"@type":"Organization","@id":"https:\/\/all-car-news.com\/de\/#organization","name":"All cars news","url":"https:\/\/all-car-news.com\/de\/","logo":{"@type":"ImageObject","inLanguage":"de","@id":"https:\/\/all-car-news.com\/de\/#\/schema\/logo\/image\/","url":"https:\/\/all-car-news.com\/wp-content\/uploads\/2022\/02\/CMYK-AllCarNews_LANDSCAPE_300px-1.png","contentUrl":"https:\/\/all-car-news.com\/wp-content\/uploads\/2022\/02\/CMYK-AllCarNews_LANDSCAPE_300px-1.png","width":300,"height":100,"caption":"All cars news"},"image":{"@id":"https:\/\/all-car-news.com\/de\/#\/schema\/logo\/image\/"}}]}},"_links":{"self":[{"href":"https:\/\/all-car-news.com\/de\/wp-json\/wp\/v2\/posts\/141373","targetHints":{"allow":["GET"]}}],"collection":[{"href":"https:\/\/all-car-news.com\/de\/wp-json\/wp\/v2\/posts"}],"about":[{"href":"https:\/\/all-car-news.com\/de\/wp-json\/wp\/v2\/types\/post"}],"replies":[{"embeddable":true,"href":"https:\/\/all-car-news.com\/de\/wp-json\/wp\/v2\/comments?post=141373"}],"version-history":[{"count":0,"href":"https:\/\/all-car-news.com\/de\/wp-json\/wp\/v2\/posts\/141373\/revisions"}],"wp:featuredmedia":[{"embeddable":true,"href":"https:\/\/all-car-news.com\/de\/wp-json\/wp\/v2\/media\/141360"}],"wp:attachment":[{"href":"https:\/\/all-car-news.com\/de\/wp-json\/wp\/v2\/media?parent=141373"}],"wp:term":[{"taxonomy":"category","embeddable":true,"href":"https:\/\/all-car-news.com\/de\/wp-json\/wp\/v2\/categories?post=141373"},{"taxonomy":"post_tag","embeddable":true,"href":"https:\/\/all-car-news.com\/de\/wp-json\/wp\/v2\/tags?post=141373"}],"curies":[{"name":"wp","href":"https:\/\/api.w.org\/{rel}","templated":true}]}}