{"id":141338,"date":"2023-12-14T09:56:55","date_gmt":"2023-12-14T09:56:55","guid":{"rendered":"https:\/\/all-car-news.com\/lexus-ux-300h-ersetzt-den-ux-250h\/"},"modified":"2023-12-14T09:56:55","modified_gmt":"2023-12-14T09:56:55","slug":"lexus-ux-300h-ersetzt-den-ux-250h","status":"publish","type":"post","link":"https:\/\/all-car-news.com\/de\/lexus-ux-300h-ersetzt-den-ux-250h\/","title":{"rendered":"Lexus UX 300h ersetzt den UX 250h"},"content":{"rendered":"<h2>Lexus UX 300h<\/h2>\n<p>Die wichtigste Neuerung f\u00fcr den Lexus UX ist, dass der hybrid-elektrische UX 250h durch den neuen UX 300h ersetzt wird. Wie der UX 250h wird auch der UX 300h von einem 2,0-Liter-Vierzylinder angetrieben. Der neue UX 300h verf\u00fcgt \u00fcber eine h\u00f6here Gesamtleistung von 146 kW (199 PS), eine Steigerung von 8 % gegen\u00fcber den 135 kW (184 PS) des UX 250h.  <\/p>\n<p>Erm\u00f6glicht wird diese Steigerung durch ein Hybridsystem der f\u00fcnften Generation, das die bisherige 180-Zellen-Nickel-Metallhydrid-Batterie mit 216 Volt durch eine effizientere 60-Zellen-Lithium-Ionen-Batterie mit 222 Volt ersetzt. So konnte die Beschleunigung von 0 auf 100 km\/h beim Modell mit Frontantrieb von 8,5 auf 8,1 Sekunden und beim Modell mit Allradantrieb von 8,7 auf 7,9 Sekunden reduziert werden.<\/p>\n<p>Der Kraftstoffverbrauch liegt im kombinierten WLTP-Zyklus bei 4,7-5,0 l\/100 km f\u00fcr das Modell mit Frontantrieb und bei bis zu 5,0-5,4 l\/100 km f\u00fcr das Modell mit Allradantrieb. Das ist eine Verbesserung von 12 % gegen\u00fcber dem Vorg\u00e4ngermodell.<\/p>\n<figure class=\"wp-block-image size-content\"><img decoding=\"async\" loading=\"lazy\" width=\"1140\" height=\"855\" src=\"https:\/\/autorai.nl\/wp-content\/uploads\/2023\/12\/lexus-ux300h-nederland-foto2-1140x855.jpg\" alt=\"Lexus UX 300h\" class=\"wp-image-171216\"><\/figure>\n<h2>e-Four mit Allradantrieb<\/h2>\n<p>Wie bisher ist der Lexus UX mit dem Allradantrieb e-Four ausgestattet. Auch dieses System wurde von den Lexus-Ingenieuren grundlegend \u00fcberarbeitet. Der hintere Elektromotor f\u00fcr den Allradantrieb des neuen Modells e-Four ist 5,6-mal so stark wie der seines Vorg\u00e4ngers. Anstelle des 5,3 kW (7 PS) starken Induktionsmotors des UX 250h gibt es jetzt einen 30 kW (41 PS) starken Permanentmagnetmotor.<\/p>\n<h2>Interne Aktualisierungen<\/h2>\n<p>Im Cockpit des Lexus UX 300h entdecken wir ein optionales volldigitales 12,3-Zoll-Kombiinstrument. Dieses digitale Cockpit kann in Bezug auf Aussehen und Art der Informationen individuell angepasst werden. Das Erscheinungsbild \u00e4ndert sich je nach gew\u00e4hltem Fahrmodus, und das Layout kann an die pers\u00f6nlichen Vorlieben des Fahrers angepasst werden. Der serienm\u00e4\u00dfige 8-Zoll-Multimedia-Touchscreen wurde ebenfalls aktualisiert.<\/p>\n<figure class=\"wp-block-image size-content\"><img decoding=\"async\" loading=\"lazy\" width=\"1140\" height=\"751\" src=\"https:\/\/autorai.nl\/wp-content\/uploads\/2023\/12\/lexus-ux300h-nederland-foto8-1140x751.jpg\" alt=\"\" class=\"wp-image-171222\"><\/figure>\n<h2>Lexus UX in Ammonitensand<\/h2>\n<p>UX-K\u00e4ufer k\u00f6nnen jetzt auch eine neue Innenraumfarbe w\u00e4hlen: Ammonite Sand. Dar\u00fcber hinaus k\u00f6nnen die K\u00e4ufer jetzt ein lederfreies Innenraumpaket mit Stoff- oder veganen Ledersitzen sowie mit Kunstleder f\u00fcr das beheizbare Lenkrad und den Schaltknauf w\u00e4hlen. In das Lenkrad ist eine Driver Monitor-Kamera integriert. Es \u00fcberwacht st\u00e4ndig die Wachsamkeit des Fahrers und erkennt, wenn der Fahrer aufgrund von M\u00fcdigkeit oder Unwohlsein unkonzentriert ist. Reagiert der Fahrer nicht auf die Warnungen, leitet der Monitor eine Notbremsung ein, die das Fahrzeug kontrolliert zum Stehen bringt und die Warnblinkanlage aktiviert.<\/p>\n<h2>Lexus Sicherheitssystem +<\/h2>\n<p>Die neueste Version des Lexus Safety System + wurde um zwei weitere Funktionen erg\u00e4nzt. Der proaktive Fahrassistent nutzt die Frontkamera des Fahrzeugs, um Gefahren bei niedrigen Geschwindigkeiten in der Stadt zu erkennen. So erkennt das Auto jetzt Fu\u00dfg\u00e4nger, die die Stra\u00dfe \u00fcberqueren oder am Rand entlanggehen, parkende Autos und Radfahrer. Die automatische Warnblinkanlage schaltet sich bei hoher Geschwindigkeit ein, wenn die Gefahr eines Zusammensto\u00dfes mit einem auffahrenden Fahrzeug besteht. Der sichere Ausstiegsassistent hilft, Kollisionen zwischen Fahrzeugen zu vermeiden, die sich von hinten n\u00e4hern, wenn eine T\u00fcr ge\u00f6ffnet wird oder Insassen aussteigen.<\/p>\n<h2>Sonic Copper<\/h2>\n<p>F\u00fcr das Exterieur des UX ist die neue Farbe Sonic Copper f\u00fcr alle Modellversionen erh\u00e4ltlich. F\u00fcr die Modelle F SPORT Design und F SPORT Line gibt es eine zus\u00e4tzliche Variante der Bi-tone-Farbgebung: Bi-tone+. Dabei reicht das kontrastierende Dach nun von der A- bis zur C-S\u00e4ule und das Ende der Heckscheibe ist nun optisch mit der hinteren T\u00fcrlinie verbunden.<\/p>\n<h2>Digitaler Schl\u00fcssel<\/h2>\n<p>Der UX wird jetzt auch mit der Option eines digitalen Schl\u00fcssels angeboten. So braucht der Fahrer keinen physischen Schl\u00fcssel mehr und kann das Auto mit dem Smartphone entriegeln und starten. Es gen\u00fcgt, das Smartphone zur Hand zu haben, und bis zu f\u00fcnf Personen k\u00f6nnen in der App autorisiert werden.<\/p>\n<div class=\"galery galery-0\">\n<figure>\n\t\t\t\t\t<span style=\"cursor: pointer\" data-src=\"https:\/\/autorai.nl\/wp-content\/uploads\/2023\/12\/lexus-ux300h-nederland-foto1-1600x1200.jpg\" data-fancybox=\"galery-0\" title=\"\"><br \/>\n\t\t\t\t\t\t\t<img decoding=\"async\" width=\"360\" height=\"270\" src=\"https:\/\/autorai.nl\/wp-content\/uploads\/2023\/12\/lexus-ux300h-nederland-foto1-360x270.jpg\" class=\"attachment-small size-small\" alt=\"\" loading=\"lazy\"><i class=\"fa fa-search-plus\" aria-hidden=\"true\"><\/i><br \/>\n\t\t\t\t\t\t<\/span><br \/>\n\t\t\t\t\t<\/figure>\n<figure>\n\t\t\t\t\t<span style=\"cursor: pointer\" data-src=\"https:\/\/autorai.nl\/wp-content\/uploads\/2023\/12\/lexus-ux300h-nederland-foto16-1600x1200.jpg\" data-fancybox=\"galery-0\" title=\"\"><br \/>\n\t\t\t\t\t\t\t<img decoding=\"async\" width=\"360\" height=\"270\" src=\"https:\/\/autorai.nl\/wp-content\/uploads\/2023\/12\/lexus-ux300h-nederland-foto16-360x270.jpg\" class=\"attachment-small size-small\" alt=\"\" loading=\"lazy\"><i class=\"fa fa-search-plus\" aria-hidden=\"true\"><\/i><br \/>\n\t\t\t\t\t\t<\/span><br \/>\n\t\t\t\t\t<\/figure>\n<figure>\n\t\t\t\t\t<span style=\"cursor: pointer\" data-src=\"https:\/\/autorai.nl\/wp-content\/uploads\/2023\/12\/lexus-ux300h-nederland-foto15-1600x1200.jpg\" data-fancybox=\"galery-0\" title=\"\"><br \/>\n\t\t\t\t\t\t\t<img decoding=\"async\" width=\"360\" height=\"270\" src=\"https:\/\/autorai.nl\/wp-content\/uploads\/2023\/12\/lexus-ux300h-nederland-foto15-360x270.jpg\" class=\"attachment-small size-small\" alt=\"\" loading=\"lazy\"><i class=\"fa fa-search-plus\" aria-hidden=\"true\"><\/i><br \/>\n\t\t\t\t\t\t<\/span><br \/>\n\t\t\t\t\t<\/figure>\n<figure>\n\t\t\t\t\t<span style=\"cursor: pointer\" data-src=\"https:\/\/autorai.nl\/wp-content\/uploads\/2023\/12\/lexus-ux300h-nederland-foto14-1200x1600.jpg\" data-fancybox=\"galery-0\" title=\"\"><br \/>\n\t\t\t\t\t\t\t<img decoding=\"async\" width=\"360\" height=\"270\" src=\"https:\/\/autorai.nl\/wp-content\/uploads\/2023\/12\/lexus-ux300h-nederland-foto14-360x270.jpg\" class=\"attachment-small size-small\" alt=\"\" loading=\"lazy\"><i class=\"fa fa-search-plus\" aria-hidden=\"true\"><\/i><br \/>\n\t\t\t\t\t\t<\/span><br \/>\n\t\t\t\t\t<\/figure>\n<figure>\n\t\t\t\t\t<span style=\"cursor: pointer\" data-src=\"https:\/\/autorai.nl\/wp-content\/uploads\/2023\/12\/lexus-ux300h-nederland-foto13-1200x1600.jpg\" data-fancybox=\"galery-0\" title=\"\"><br \/>\n\t\t\t\t\t\t\t<img decoding=\"async\" width=\"360\" height=\"270\" src=\"https:\/\/autorai.nl\/wp-content\/uploads\/2023\/12\/lexus-ux300h-nederland-foto13-360x270.jpg\" class=\"attachment-small size-small\" alt=\"\" loading=\"lazy\"><i class=\"fa fa-search-plus\" aria-hidden=\"true\"><\/i><br \/>\n\t\t\t\t\t\t<\/span><br \/>\n\t\t\t\t\t<\/figure>\n<figure>\n\t\t\t\t\t<span style=\"cursor: pointer\" data-src=\"https:\/\/autorai.nl\/wp-content\/uploads\/2023\/12\/lexus-ux300h-nederland-foto12-1600x1200.jpg\" data-fancybox=\"galery-0\" title=\"\"><br \/>\n\t\t\t\t\t\t\t<img decoding=\"async\" width=\"360\" height=\"270\" src=\"https:\/\/autorai.nl\/wp-content\/uploads\/2023\/12\/lexus-ux300h-nederland-foto12-360x270.jpg\" class=\"attachment-small size-small\" alt=\"\" loading=\"lazy\"><i class=\"fa fa-search-plus\" aria-hidden=\"true\"><\/i><br \/>\n\t\t\t\t\t\t<\/span><br \/>\n\t\t\t\t\t<\/figure>\n<figure>\n\t\t\t\t\t<span style=\"cursor: pointer\" data-src=\"https:\/\/autorai.nl\/wp-content\/uploads\/2023\/12\/lexus-ux300h-nederland-foto11-1600x1200.jpg\" data-fancybox=\"galery-0\" title=\"\"><br \/>\n\t\t\t\t\t\t\t<img decoding=\"async\" width=\"360\" height=\"270\" src=\"https:\/\/autorai.nl\/wp-content\/uploads\/2023\/12\/lexus-ux300h-nederland-foto11-360x270.jpg\" class=\"attachment-small size-small\" alt=\"\" loading=\"lazy\"><i class=\"fa fa-search-plus\" aria-hidden=\"true\"><\/i><br \/>\n\t\t\t\t\t\t<\/span><br \/>\n\t\t\t\t\t<\/figure>\n<figure>\n\t\t\t\t\t<span style=\"cursor: pointer\" data-src=\"https:\/\/autorai.nl\/wp-content\/uploads\/2023\/12\/lexus-ux300h-nederland-foto10-1600x1200.jpg\" data-fancybox=\"galery-0\" title=\"\"><br \/>\n\t\t\t\t\t\t\t<img decoding=\"async\" width=\"360\" height=\"270\" src=\"https:\/\/autorai.nl\/wp-content\/uploads\/2023\/12\/lexus-ux300h-nederland-foto10-360x270.jpg\" class=\"attachment-small size-small\" alt=\"\" loading=\"lazy\"><i class=\"fa fa-search-plus\" aria-hidden=\"true\"><\/i><br \/>\n\t\t\t\t\t\t<\/span><br \/>\n\t\t\t\t\t<\/figure>\n<figure>\n\t\t\t\t\t<span style=\"cursor: pointer\" data-src=\"https:\/\/autorai.nl\/wp-content\/uploads\/2023\/12\/lexus-ux300h-nederland-foto9-1600x1054.jpg\" data-fancybox=\"galery-0\" title=\"\"><br \/>\n\t\t\t\t\t\t\t<img decoding=\"async\" width=\"360\" height=\"270\" src=\"https:\/\/autorai.nl\/wp-content\/uploads\/2023\/12\/lexus-ux300h-nederland-foto9-360x270.jpg\" class=\"attachment-small size-small\" alt=\"\" loading=\"lazy\"><i class=\"fa fa-search-plus\" aria-hidden=\"true\"><\/i><br \/>\n\t\t\t\t\t\t<\/span><br \/>\n\t\t\t\t\t<\/figure>\n<figure>\n\t\t\t\t\t<span style=\"cursor: pointer\" data-src=\"https:\/\/autorai.nl\/wp-content\/uploads\/2023\/12\/lexus-ux300h-nederland-foto8-1600x1054.jpg\" data-fancybox=\"galery-0\" title=\"\"><br \/>\n\t\t\t\t\t\t\t<img decoding=\"async\" width=\"360\" height=\"270\" src=\"https:\/\/autorai.nl\/wp-content\/uploads\/2023\/12\/lexus-ux300h-nederland-foto8-360x270.jpg\" class=\"attachment-small size-small\" alt=\"\" loading=\"lazy\"><i class=\"fa fa-search-plus\" aria-hidden=\"true\"><\/i><br \/>\n\t\t\t\t\t\t<\/span><br \/>\n\t\t\t\t\t<\/figure>\n<figure>\n\t\t\t\t\t<span style=\"cursor: pointer\" data-src=\"https:\/\/autorai.nl\/wp-content\/uploads\/2023\/12\/lexus-ux300h-nederland-foto7-1435x1600.jpg\" data-fancybox=\"galery-0\" title=\"\"><br \/>\n\t\t\t\t\t\t\t<img decoding=\"async\" width=\"360\" height=\"270\" src=\"https:\/\/autorai.nl\/wp-content\/uploads\/2023\/12\/lexus-ux300h-nederland-foto7-360x270.jpg\" class=\"attachment-small size-small\" alt=\"\" loading=\"lazy\"><i class=\"fa fa-search-plus\" aria-hidden=\"true\"><\/i><br \/>\n\t\t\t\t\t\t<\/span><br \/>\n\t\t\t\t\t<\/figure>\n<figure>\n\t\t\t\t\t<span style=\"cursor: pointer\" data-src=\"https:\/\/autorai.nl\/wp-content\/uploads\/2023\/12\/lexus-ux300h-nederland-foto6-1600x1077.jpg\" data-fancybox=\"galery-0\" title=\"\"><br \/>\n\t\t\t\t\t\t\t<img decoding=\"async\" width=\"360\" height=\"270\" src=\"https:\/\/autorai.nl\/wp-content\/uploads\/2023\/12\/lexus-ux300h-nederland-foto6-360x270.jpg\" class=\"attachment-small size-small\" alt=\"\" loading=\"lazy\"><i class=\"fa fa-search-plus\" aria-hidden=\"true\"><\/i><br \/>\n\t\t\t\t\t\t<\/span><br \/>\n\t\t\t\t\t<\/figure>\n<figure>\n\t\t\t\t\t<span style=\"cursor: pointer\" data-src=\"https:\/\/autorai.nl\/wp-content\/uploads\/2023\/12\/lexus-ux300h-nederland-foto5-1600x1200.jpg\" data-fancybox=\"galery-0\" title=\"\"><br \/>\n\t\t\t\t\t\t\t<img decoding=\"async\" width=\"360\" height=\"270\" src=\"https:\/\/autorai.nl\/wp-content\/uploads\/2023\/12\/lexus-ux300h-nederland-foto5-360x270.jpg\" class=\"attachment-small size-small\" alt=\"\" loading=\"lazy\"><i class=\"fa fa-search-plus\" aria-hidden=\"true\"><\/i><br \/>\n\t\t\t\t\t\t<\/span><br \/>\n\t\t\t\t\t<\/figure>\n<figure>\n\t\t\t\t\t<span style=\"cursor: pointer\" data-src=\"https:\/\/autorai.nl\/wp-content\/uploads\/2023\/12\/lexus-ux300h-nederland-foto4-1600x1200.jpg\" data-fancybox=\"galery-0\" title=\"\"><br \/>\n\t\t\t\t\t\t\t<img decoding=\"async\" width=\"360\" height=\"270\" src=\"https:\/\/autorai.nl\/wp-content\/uploads\/2023\/12\/lexus-ux300h-nederland-foto4-360x270.jpg\" class=\"attachment-small size-small\" alt=\"\" loading=\"lazy\"><i class=\"fa fa-search-plus\" aria-hidden=\"true\"><\/i><br \/>\n\t\t\t\t\t\t<\/span><br \/>\n\t\t\t\t\t<\/figure>\n<figure>\n\t\t\t\t\t<span style=\"cursor: pointer\" data-src=\"https:\/\/autorai.nl\/wp-content\/uploads\/2023\/12\/lexus-ux300h-nederland-foto3-1600x1200.jpg\" data-fancybox=\"galery-0\" title=\"\"><br \/>\n\t\t\t\t\t\t\t<img decoding=\"async\" width=\"360\" height=\"270\" src=\"https:\/\/autorai.nl\/wp-content\/uploads\/2023\/12\/lexus-ux300h-nederland-foto3-360x270.jpg\" class=\"attachment-small size-small\" alt=\"Lexus UX 300h\" loading=\"lazy\"><i class=\"fa fa-search-plus\" aria-hidden=\"true\"><\/i><br \/>\n\t\t\t\t\t\t<\/span><br \/>\n\t\t\t\t\t<\/figure>\n<figure>\n\t\t\t\t\t<span style=\"cursor: pointer\" data-src=\"https:\/\/autorai.nl\/wp-content\/uploads\/2023\/12\/lexus-ux300h-nederland-foto2-1600x1200.jpg\" data-fancybox=\"galery-0\" title=\"\"><br \/>\n\t\t\t\t\t\t\t<img decoding=\"async\" width=\"360\" height=\"270\" src=\"https:\/\/autorai.nl\/wp-content\/uploads\/2023\/12\/lexus-ux300h-nederland-foto2-360x270.jpg\" class=\"attachment-small size-small\" alt=\"Lexus UX 300h\" loading=\"lazy\"><i class=\"fa fa-search-plus\" aria-hidden=\"true\"><\/i><br \/>\n\t\t\t\t\t\t<\/span><br \/>\n\t\t\t\t\t<\/figure>\n<div class=\"clear\"><\/div>\n<\/div>\n","protected":false},"excerpt":{"rendered":"Lexus UX 300h Die wichtigste Neuerung f\u00fcr den Lexus UX ist, dass der hybrid-elektrische UX 250h durch den neuen UX&hellip;","protected":false},"author":0,"featured_media":141305,"comment_status":"","ping_status":"open","sticky":false,"template":"","format":"standard","meta":{"footnotes":""},"categories":[125],"tags":[],"class_list":["post-141338","post","type-post","status-publish","format-standard","has-post-thumbnail","hentry","category-auto-nachrichten"],"acf":[],"yoast_head":"<!-- This site is optimized with the Yoast SEO plugin v21.2 - https:\/\/yoast.com\/wordpress\/plugins\/seo\/ -->\n<title>Lexus UX 300h ersetzt den UX 250h - All cars news<\/title>\n<meta name=\"robots\" content=\"index, follow, max-snippet:-1, max-image-preview:large, max-video-preview:-1\" \/>\n<link rel=\"canonical\" href=\"https:\/\/all-car-news.com\/de\/lexus-ux-300h-ersetzt-den-ux-250h\/\" \/>\n<meta property=\"og:locale\" content=\"de_DE\" \/>\n<meta property=\"og:type\" content=\"article\" \/>\n<meta property=\"og:title\" content=\"Lexus UX 300h ersetzt den UX 250h - All cars news\" \/>\n<meta property=\"og:description\" content=\"Lexus UX 300h Die wichtigste Neuerung f\u00fcr den Lexus UX ist, dass der hybrid-elektrische UX 250h durch den neuen UX 300h ersetzt wird. Wie der UX 250h wird auch der UX 300h von einem 2,0-Liter-Vierzylinder angetrieben. Der neue UX 300h verf\u00fcgt \u00fcber eine gesteigerte Gesamtleistung von 146 kW (199 PS), ein Plus von 8% [...]\" \/>\n<meta property=\"og:url\" content=\"https:\/\/all-car-news.com\/de\/lexus-ux-300h-ersetzt-den-ux-250h\/\" \/>\n<meta property=\"og:site_name\" content=\"All cars news\" \/>\n<meta property=\"article:published_time\" content=\"2023-12-14T09:56:55+00:00\" \/>\n<meta property=\"og:image\" content=\"https:\/\/autorai.nl\/wp-content\/uploads\/2023\/12\/lexus-ux300h-nederland-foto2-1140x855.jpg\" \/>\n<meta name=\"twitter:card\" content=\"summary_large_image\" \/>\n<meta name=\"twitter:label1\" content=\"Gesch\u00e4tzte Lesezeit\" \/>\n\t<meta name=\"twitter:data1\" content=\"3\u00a0Minuten\" \/>\n<script type=\"application\/ld+json\" class=\"yoast-schema-graph\">{\"@context\":\"https:\/\/schema.org\",\"@graph\":[{\"@type\":\"Article\",\"@id\":\"https:\/\/all-car-news.com\/de\/lexus-ux-300h-ersetzt-den-ux-250h\/#article\",\"isPartOf\":{\"@id\":\"https:\/\/all-car-news.com\/de\/lexus-ux-300h-ersetzt-den-ux-250h\/\"},\"author\":{\"name\":\"\",\"@id\":\"\"},\"headline\":\"Lexus UX 300h ersetzt den UX 250h\",\"datePublished\":\"2023-12-14T09:56:55+00:00\",\"dateModified\":\"2023-12-14T09:56:55+00:00\",\"mainEntityOfPage\":{\"@id\":\"https:\/\/all-car-news.com\/de\/lexus-ux-300h-ersetzt-den-ux-250h\/\"},\"wordCount\":600,\"publisher\":{\"@id\":\"https:\/\/all-car-news.com\/de\/#organization\"},\"articleSection\":[\"Auto Nachrichten\"],\"inLanguage\":\"de\"},{\"@type\":\"WebPage\",\"@id\":\"https:\/\/all-car-news.com\/de\/lexus-ux-300h-ersetzt-den-ux-250h\/\",\"url\":\"https:\/\/all-car-news.com\/de\/lexus-ux-300h-ersetzt-den-ux-250h\/\",\"name\":\"Lexus UX 300h ersetzt den UX 250h - All cars news\",\"isPartOf\":{\"@id\":\"https:\/\/all-car-news.com\/de\/#website\"},\"datePublished\":\"2023-12-14T09:56:55+00:00\",\"dateModified\":\"2023-12-14T09:56:55+00:00\",\"breadcrumb\":{\"@id\":\"https:\/\/all-car-news.com\/de\/lexus-ux-300h-ersetzt-den-ux-250h\/#breadcrumb\"},\"inLanguage\":\"de\",\"potentialAction\":[{\"@type\":\"ReadAction\",\"target\":[\"https:\/\/all-car-news.com\/de\/lexus-ux-300h-ersetzt-den-ux-250h\/\"]}]},{\"@type\":\"BreadcrumbList\",\"@id\":\"https:\/\/all-car-news.com\/de\/lexus-ux-300h-ersetzt-den-ux-250h\/#breadcrumb\",\"itemListElement\":[{\"@type\":\"ListItem\",\"position\":1,\"name\":\"Home\",\"item\":\"https:\/\/all-car-news.com\/de\/\"},{\"@type\":\"ListItem\",\"position\":2,\"name\":\"Lexus UX 300h ersetzt den UX 250h\"}]},{\"@type\":\"WebSite\",\"@id\":\"https:\/\/all-car-news.com\/de\/#website\",\"url\":\"https:\/\/all-car-news.com\/de\/\",\"name\":\"All cars news\",\"description\":\"\",\"publisher\":{\"@id\":\"https:\/\/all-car-news.com\/de\/#organization\"},\"potentialAction\":[{\"@type\":\"SearchAction\",\"target\":{\"@type\":\"EntryPoint\",\"urlTemplate\":\"https:\/\/all-car-news.com\/de\/?s={search_term_string}\"},\"query-input\":\"required name=search_term_string\"}],\"inLanguage\":\"de\"},{\"@type\":\"Organization\",\"@id\":\"https:\/\/all-car-news.com\/de\/#organization\",\"name\":\"All cars news\",\"url\":\"https:\/\/all-car-news.com\/de\/\",\"logo\":{\"@type\":\"ImageObject\",\"inLanguage\":\"de\",\"@id\":\"https:\/\/all-car-news.com\/de\/#\/schema\/logo\/image\/\",\"url\":\"https:\/\/all-car-news.com\/wp-content\/uploads\/2022\/02\/CMYK-AllCarNews_LANDSCAPE_300px-1.png\",\"contentUrl\":\"https:\/\/all-car-news.com\/wp-content\/uploads\/2022\/02\/CMYK-AllCarNews_LANDSCAPE_300px-1.png\",\"width\":300,\"height\":100,\"caption\":\"All cars news\"},\"image\":{\"@id\":\"https:\/\/all-car-news.com\/de\/#\/schema\/logo\/image\/\"}}]}<\/script>\n<!-- \/ Yoast SEO plugin. -->","yoast_head_json":{"title":"Lexus UX 300h ersetzt den UX 250h - All cars news","robots":{"index":"index","follow":"follow","max-snippet":"max-snippet:-1","max-image-preview":"max-image-preview:large","max-video-preview":"max-video-preview:-1"},"canonical":"https:\/\/all-car-news.com\/de\/lexus-ux-300h-ersetzt-den-ux-250h\/","og_locale":"de_DE","og_type":"article","og_title":"Lexus UX 300h ersetzt den UX 250h - All cars news","og_description":"Lexus UX 300h Die wichtigste Neuerung f\u00fcr den Lexus UX ist, dass der hybrid-elektrische UX 250h durch den neuen UX 300h ersetzt wird. Wie der UX 250h wird auch der UX 300h von einem 2,0-Liter-Vierzylinder angetrieben. Der neue UX 300h verf\u00fcgt \u00fcber eine gesteigerte Gesamtleistung von 146 kW (199 PS), ein Plus von 8% [...]","og_url":"https:\/\/all-car-news.com\/de\/lexus-ux-300h-ersetzt-den-ux-250h\/","og_site_name":"All cars news","article_published_time":"2023-12-14T09:56:55+00:00","og_image":[{"url":"https:\/\/autorai.nl\/wp-content\/uploads\/2023\/12\/lexus-ux300h-nederland-foto2-1140x855.jpg"}],"twitter_card":"summary_large_image","twitter_misc":{"Gesch\u00e4tzte Lesezeit":"3\u00a0Minuten"},"schema":{"@context":"https:\/\/schema.org","@graph":[{"@type":"Article","@id":"https:\/\/all-car-news.com\/de\/lexus-ux-300h-ersetzt-den-ux-250h\/#article","isPartOf":{"@id":"https:\/\/all-car-news.com\/de\/lexus-ux-300h-ersetzt-den-ux-250h\/"},"author":{"name":"","@id":""},"headline":"Lexus UX 300h ersetzt den UX 250h","datePublished":"2023-12-14T09:56:55+00:00","dateModified":"2023-12-14T09:56:55+00:00","mainEntityOfPage":{"@id":"https:\/\/all-car-news.com\/de\/lexus-ux-300h-ersetzt-den-ux-250h\/"},"wordCount":600,"publisher":{"@id":"https:\/\/all-car-news.com\/de\/#organization"},"articleSection":["Auto Nachrichten"],"inLanguage":"de"},{"@type":"WebPage","@id":"https:\/\/all-car-news.com\/de\/lexus-ux-300h-ersetzt-den-ux-250h\/","url":"https:\/\/all-car-news.com\/de\/lexus-ux-300h-ersetzt-den-ux-250h\/","name":"Lexus UX 300h ersetzt den UX 250h - All cars news","isPartOf":{"@id":"https:\/\/all-car-news.com\/de\/#website"},"datePublished":"2023-12-14T09:56:55+00:00","dateModified":"2023-12-14T09:56:55+00:00","breadcrumb":{"@id":"https:\/\/all-car-news.com\/de\/lexus-ux-300h-ersetzt-den-ux-250h\/#breadcrumb"},"inLanguage":"de","potentialAction":[{"@type":"ReadAction","target":["https:\/\/all-car-news.com\/de\/lexus-ux-300h-ersetzt-den-ux-250h\/"]}]},{"@type":"BreadcrumbList","@id":"https:\/\/all-car-news.com\/de\/lexus-ux-300h-ersetzt-den-ux-250h\/#breadcrumb","itemListElement":[{"@type":"ListItem","position":1,"name":"Home","item":"https:\/\/all-car-news.com\/de\/"},{"@type":"ListItem","position":2,"name":"Lexus UX 300h ersetzt den UX 250h"}]},{"@type":"WebSite","@id":"https:\/\/all-car-news.com\/de\/#website","url":"https:\/\/all-car-news.com\/de\/","name":"All cars news","description":"","publisher":{"@id":"https:\/\/all-car-news.com\/de\/#organization"},"potentialAction":[{"@type":"SearchAction","target":{"@type":"EntryPoint","urlTemplate":"https:\/\/all-car-news.com\/de\/?s={search_term_string}"},"query-input":"required name=search_term_string"}],"inLanguage":"de"},{"@type":"Organization","@id":"https:\/\/all-car-news.com\/de\/#organization","name":"All cars news","url":"https:\/\/all-car-news.com\/de\/","logo":{"@type":"ImageObject","inLanguage":"de","@id":"https:\/\/all-car-news.com\/de\/#\/schema\/logo\/image\/","url":"https:\/\/all-car-news.com\/wp-content\/uploads\/2022\/02\/CMYK-AllCarNews_LANDSCAPE_300px-1.png","contentUrl":"https:\/\/all-car-news.com\/wp-content\/uploads\/2022\/02\/CMYK-AllCarNews_LANDSCAPE_300px-1.png","width":300,"height":100,"caption":"All cars news"},"image":{"@id":"https:\/\/all-car-news.com\/de\/#\/schema\/logo\/image\/"}}]}},"_links":{"self":[{"href":"https:\/\/all-car-news.com\/de\/wp-json\/wp\/v2\/posts\/141338","targetHints":{"allow":["GET"]}}],"collection":[{"href":"https:\/\/all-car-news.com\/de\/wp-json\/wp\/v2\/posts"}],"about":[{"href":"https:\/\/all-car-news.com\/de\/wp-json\/wp\/v2\/types\/post"}],"replies":[{"embeddable":true,"href":"https:\/\/all-car-news.com\/de\/wp-json\/wp\/v2\/comments?post=141338"}],"version-history":[{"count":0,"href":"https:\/\/all-car-news.com\/de\/wp-json\/wp\/v2\/posts\/141338\/revisions"}],"wp:featuredmedia":[{"embeddable":true,"href":"https:\/\/all-car-news.com\/de\/wp-json\/wp\/v2\/media\/141305"}],"wp:attachment":[{"href":"https:\/\/all-car-news.com\/de\/wp-json\/wp\/v2\/media?parent=141338"}],"wp:term":[{"taxonomy":"category","embeddable":true,"href":"https:\/\/all-car-news.com\/de\/wp-json\/wp\/v2\/categories?post=141338"},{"taxonomy":"post_tag","embeddable":true,"href":"https:\/\/all-car-news.com\/de\/wp-json\/wp\/v2\/tags?post=141338"}],"curies":[{"name":"wp","href":"https:\/\/api.w.org\/{rel}","templated":true}]}}