{"id":141251,"date":"2023-12-11T13:00:00","date_gmt":"2023-12-11T13:00:00","guid":{"rendered":"https:\/\/all-car-news.com\/ende-einer-aera-dies-ist-der-letzte-chrysler-300\/"},"modified":"2023-12-11T13:00:00","modified_gmt":"2023-12-11T13:00:00","slug":"ende-einer-aera-dies-ist-der-letzte-chrysler-300","status":"publish","type":"post","link":"https:\/\/all-car-news.com\/de\/ende-einer-aera-dies-ist-der-letzte-chrysler-300\/","title":{"rendered":"Ende einer \u00c4ra: Dies ist der letzte Chrysler 300"},"content":{"rendered":"<h2>Chrysler 300<\/h2>\n<p>Die US-Marke Chrysler bringt seit vielen Jahren Autos mit der Nummer 300 im Modellnamen auf den Markt. Urspr\u00fcnglich geschah dies in den 1950er Jahren mit dem Chrysler 300. In den fr\u00fchen 2000er Jahren folgte der 300M. Der Nachfolger dieses Wagens war die erste Generation des modernen 300, der einen Gro\u00dfteil seiner Technik mit Mercedes-Benz Fahrzeugen teilte. Der Wagen wurde vor allem als Chrysler 300C bekannt, die h\u00e4ufigste Version des 300. In Europa wurde das Modell ausschlie\u00dflich als 300C angeboten.<\/p>\n<figure class=\"wp-block-image size-content\"><img decoding=\"async\" loading=\"lazy\" width=\"1140\" height=\"843\" src=\"https:\/\/autorai.nl\/wp-content\/uploads\/2022\/09\/chrysler_300c_3-1140x843.jpg\" alt=\"\" class=\"wp-image-131986\"><figcaption> <\/figcaption><\/figure>\n<h2>Europa<\/h2>\n<p>In Amerika wurde der moderne Chrysler 300 ein gro\u00dfer Erfolg, und auch in den Niederlanden sah man ihn hin und wieder fahren. Zwischen 2004 und 2010 wurden in unserem Land 2.717 Exemplare verkauft. Alle europ\u00e4ischen 300C-Modelle wurden bis 2010 von Magna Steyr in Graz, \u00d6sterreich, gebaut. Die zweite Generation ab 2011 wurde in den Niederlanden bis 2014 als Lancia Thema ausgeliefert. Von diesen gingen nur 108 auf die gelbe Liste.  <\/p>\n<figure class=\"wp-block-image size-content\"><img decoding=\"async\" loading=\"lazy\" width=\"1140\" height=\"847\" src=\"https:\/\/autorai.nl\/wp-content\/uploads\/2022\/09\/chrysler_300c_184_04d401fe041b030d-1140x847.jpg\" alt=\"\" class=\"wp-image-131987\"><\/figure>\n<h2><strong>Begrenzt auf 2.200 Einheiten<\/strong><\/h2>\n<p>In Europa ist die Party f\u00fcr den <a href=\"https:\/\/www.youtube.com\/watch?v=OlDwVnroPjs&amp;ab_channel=StellantisNorthAmerica\" target=\"_blank\" rel=\"noreferrer noopener\">300C<\/a> l\u00e4ngst vorbei, aber in Amerika wurde das Modell noch lange Zeit produziert. Aber jetzt ist es wirklich bereit f\u00fcr die amerikanische Limousine. Am 31. Dezember l\u00e4uft das allerletzte Auto vom Flie\u00dfband. Mit einem speziellen Abschiedsmodell des Chrysler 300C schlie\u00dft <a href=\"https:\/\/autorai.nl\/eigenzinnige-mpv-met-onverwachts-succes\/\" target=\"_blank\" rel=\"noreferrer noopener\">Chrysler<\/a> das Kapitel 300 stilvoll ab. Vorne sitzt ein monstr\u00f6s dicker Hemi-V8, der 492 PS und 644 Nm leistet. Es handelt sich um eine Sonderserie, die auf nur 2.200 St\u00fcck limitiert ist.  <\/p>\n<figure class=\"wp-block-image size-content\"><img decoding=\"async\" loading=\"lazy\" width=\"1140\" height=\"854\" src=\"https:\/\/autorai.nl\/wp-content\/uploads\/2022\/09\/chrysler-300c-1140x854.jpg\" alt=\"\" class=\"wp-image-171019\"><\/figure>\n<h2>V8 Gewalt<\/h2>\n<p>Den Sprint auf 100 km\/h schafft der Wagen in 4,3 Sekunden und die V8-Gewalt endet erst bei 257 km\/h. Wenn US-Besitzer das Auspuffger\u00e4usch nach einer Weile leid sind, k\u00f6nnen sie das eingebaute D\u00e4mpfersystem verwenden, um das Ger\u00e4usch zu d\u00e4mpfen. Wie die Vorg\u00e4ngerversionen verf\u00fcgt auch der neue 300C \u00fcber ein Automatikgetriebe und einen Heckantrieb.  <\/p>\n<h2>Alter Wein in neuen Schl\u00e4uchen<\/h2>\n<p>Die aktuelle, zweite Generation wurde 2011 eingef\u00fchrt und enth\u00e4lt noch immer einen Gro\u00dfteil der gleichen Technologie wie die erste Generation aus dem Jahr 2005. Das sieht man sofort, wenn man sich den Innenraum des aktuellen 300 auf dem Foto unten ansieht, der aus dem Jahr 2005 zu stammen scheint.  <\/p>\n<figure class=\"wp-block-image size-content\"><img decoding=\"async\" loading=\"lazy\" width=\"1140\" height=\"709\" src=\"https:\/\/autorai.nl\/wp-content\/uploads\/2022\/09\/chrysler_300c_8384-1140x709.jpg\" alt=\"\" class=\"wp-image-131989\"><\/figure><\/p>\n","protected":false},"excerpt":{"rendered":"Chrysler 300 Die US-Marke Chrysler bringt seit vielen Jahren Autos mit der Nummer 300 im Modellnamen auf den Markt. Urspr\u00fcnglich&hellip;","protected":false},"author":0,"featured_media":141180,"comment_status":"","ping_status":"open","sticky":false,"template":"","format":"standard","meta":{"footnotes":""},"categories":[125],"tags":[],"class_list":["post-141251","post","type-post","status-publish","format-standard","has-post-thumbnail","hentry","category-auto-nachrichten"],"acf":[],"yoast_head":"<!-- This site is optimized with the Yoast SEO plugin v21.2 - https:\/\/yoast.com\/wordpress\/plugins\/seo\/ -->\n<title>Ende einer \u00c4ra: Dies ist der letzte Chrysler 300 - All cars news<\/title>\n<meta name=\"robots\" content=\"index, follow, max-snippet:-1, max-image-preview:large, max-video-preview:-1\" \/>\n<link rel=\"canonical\" href=\"https:\/\/all-car-news.com\/de\/ende-einer-aera-dies-ist-der-letzte-chrysler-300\/\" \/>\n<meta property=\"og:locale\" content=\"de_DE\" \/>\n<meta property=\"og:type\" content=\"article\" \/>\n<meta property=\"og:title\" content=\"Ende einer \u00c4ra: Dies ist der letzte Chrysler 300 - All cars news\" \/>\n<meta property=\"og:description\" content=\"Chrysler 300 Die US-Marke Chrysler bringt seit vielen Jahren Autos mit der Nummer 300 im Modellnamen auf den Markt. Urspr\u00fcnglich geschah dies in den 1950er Jahren mit dem Chrysler 300. In den fr\u00fchen 2000er Jahren folgte der 300M. Diesem Auto folgte die erste Generation des modernen [...]\" \/>\n<meta property=\"og:url\" content=\"https:\/\/all-car-news.com\/de\/ende-einer-aera-dies-ist-der-letzte-chrysler-300\/\" \/>\n<meta property=\"og:site_name\" content=\"All cars news\" \/>\n<meta property=\"article:published_time\" content=\"2023-12-11T13:00:00+00:00\" \/>\n<meta property=\"og:image\" content=\"https:\/\/autorai.nl\/wp-content\/uploads\/2022\/09\/chrysler_300c_3-1140x843.jpg\" \/>\n<meta name=\"twitter:card\" content=\"summary_large_image\" \/>\n<meta name=\"twitter:label1\" content=\"Gesch\u00e4tzte Lesezeit\" \/>\n\t<meta name=\"twitter:data1\" content=\"2\u00a0Minuten\" \/>\n<script type=\"application\/ld+json\" class=\"yoast-schema-graph\">{\"@context\":\"https:\/\/schema.org\",\"@graph\":[{\"@type\":\"Article\",\"@id\":\"https:\/\/all-car-news.com\/de\/ende-einer-aera-dies-ist-der-letzte-chrysler-300\/#article\",\"isPartOf\":{\"@id\":\"https:\/\/all-car-news.com\/de\/ende-einer-aera-dies-ist-der-letzte-chrysler-300\/\"},\"author\":{\"name\":\"\",\"@id\":\"\"},\"headline\":\"Ende einer \u00c4ra: Dies ist der letzte Chrysler 300\",\"datePublished\":\"2023-12-11T13:00:00+00:00\",\"dateModified\":\"2023-12-11T13:00:00+00:00\",\"mainEntityOfPage\":{\"@id\":\"https:\/\/all-car-news.com\/de\/ende-einer-aera-dies-ist-der-letzte-chrysler-300\/\"},\"wordCount\":355,\"publisher\":{\"@id\":\"https:\/\/all-car-news.com\/de\/#organization\"},\"articleSection\":[\"Auto Nachrichten\"],\"inLanguage\":\"de\"},{\"@type\":\"WebPage\",\"@id\":\"https:\/\/all-car-news.com\/de\/ende-einer-aera-dies-ist-der-letzte-chrysler-300\/\",\"url\":\"https:\/\/all-car-news.com\/de\/ende-einer-aera-dies-ist-der-letzte-chrysler-300\/\",\"name\":\"Ende einer \u00c4ra: Dies ist der letzte Chrysler 300 - All cars news\",\"isPartOf\":{\"@id\":\"https:\/\/all-car-news.com\/de\/#website\"},\"datePublished\":\"2023-12-11T13:00:00+00:00\",\"dateModified\":\"2023-12-11T13:00:00+00:00\",\"breadcrumb\":{\"@id\":\"https:\/\/all-car-news.com\/de\/ende-einer-aera-dies-ist-der-letzte-chrysler-300\/#breadcrumb\"},\"inLanguage\":\"de\",\"potentialAction\":[{\"@type\":\"ReadAction\",\"target\":[\"https:\/\/all-car-news.com\/de\/ende-einer-aera-dies-ist-der-letzte-chrysler-300\/\"]}]},{\"@type\":\"BreadcrumbList\",\"@id\":\"https:\/\/all-car-news.com\/de\/ende-einer-aera-dies-ist-der-letzte-chrysler-300\/#breadcrumb\",\"itemListElement\":[{\"@type\":\"ListItem\",\"position\":1,\"name\":\"Home\",\"item\":\"https:\/\/all-car-news.com\/de\/\"},{\"@type\":\"ListItem\",\"position\":2,\"name\":\"Ende einer \u00c4ra: Dies ist der letzte Chrysler 300\"}]},{\"@type\":\"WebSite\",\"@id\":\"https:\/\/all-car-news.com\/de\/#website\",\"url\":\"https:\/\/all-car-news.com\/de\/\",\"name\":\"All cars news\",\"description\":\"\",\"publisher\":{\"@id\":\"https:\/\/all-car-news.com\/de\/#organization\"},\"potentialAction\":[{\"@type\":\"SearchAction\",\"target\":{\"@type\":\"EntryPoint\",\"urlTemplate\":\"https:\/\/all-car-news.com\/de\/?s={search_term_string}\"},\"query-input\":\"required name=search_term_string\"}],\"inLanguage\":\"de\"},{\"@type\":\"Organization\",\"@id\":\"https:\/\/all-car-news.com\/de\/#organization\",\"name\":\"All cars news\",\"url\":\"https:\/\/all-car-news.com\/de\/\",\"logo\":{\"@type\":\"ImageObject\",\"inLanguage\":\"de\",\"@id\":\"https:\/\/all-car-news.com\/de\/#\/schema\/logo\/image\/\",\"url\":\"https:\/\/all-car-news.com\/wp-content\/uploads\/2022\/02\/CMYK-AllCarNews_LANDSCAPE_300px-1.png\",\"contentUrl\":\"https:\/\/all-car-news.com\/wp-content\/uploads\/2022\/02\/CMYK-AllCarNews_LANDSCAPE_300px-1.png\",\"width\":300,\"height\":100,\"caption\":\"All cars news\"},\"image\":{\"@id\":\"https:\/\/all-car-news.com\/de\/#\/schema\/logo\/image\/\"}}]}<\/script>\n<!-- \/ Yoast SEO plugin. -->","yoast_head_json":{"title":"Ende einer \u00c4ra: Dies ist der letzte Chrysler 300 - All cars news","robots":{"index":"index","follow":"follow","max-snippet":"max-snippet:-1","max-image-preview":"max-image-preview:large","max-video-preview":"max-video-preview:-1"},"canonical":"https:\/\/all-car-news.com\/de\/ende-einer-aera-dies-ist-der-letzte-chrysler-300\/","og_locale":"de_DE","og_type":"article","og_title":"Ende einer \u00c4ra: Dies ist der letzte Chrysler 300 - All cars news","og_description":"Chrysler 300 Die US-Marke Chrysler bringt seit vielen Jahren Autos mit der Nummer 300 im Modellnamen auf den Markt. Urspr\u00fcnglich geschah dies in den 1950er Jahren mit dem Chrysler 300. In den fr\u00fchen 2000er Jahren folgte der 300M. Diesem Auto folgte die erste Generation des modernen [...]","og_url":"https:\/\/all-car-news.com\/de\/ende-einer-aera-dies-ist-der-letzte-chrysler-300\/","og_site_name":"All cars news","article_published_time":"2023-12-11T13:00:00+00:00","og_image":[{"url":"https:\/\/autorai.nl\/wp-content\/uploads\/2022\/09\/chrysler_300c_3-1140x843.jpg"}],"twitter_card":"summary_large_image","twitter_misc":{"Gesch\u00e4tzte Lesezeit":"2\u00a0Minuten"},"schema":{"@context":"https:\/\/schema.org","@graph":[{"@type":"Article","@id":"https:\/\/all-car-news.com\/de\/ende-einer-aera-dies-ist-der-letzte-chrysler-300\/#article","isPartOf":{"@id":"https:\/\/all-car-news.com\/de\/ende-einer-aera-dies-ist-der-letzte-chrysler-300\/"},"author":{"name":"","@id":""},"headline":"Ende einer \u00c4ra: Dies ist der letzte Chrysler 300","datePublished":"2023-12-11T13:00:00+00:00","dateModified":"2023-12-11T13:00:00+00:00","mainEntityOfPage":{"@id":"https:\/\/all-car-news.com\/de\/ende-einer-aera-dies-ist-der-letzte-chrysler-300\/"},"wordCount":355,"publisher":{"@id":"https:\/\/all-car-news.com\/de\/#organization"},"articleSection":["Auto Nachrichten"],"inLanguage":"de"},{"@type":"WebPage","@id":"https:\/\/all-car-news.com\/de\/ende-einer-aera-dies-ist-der-letzte-chrysler-300\/","url":"https:\/\/all-car-news.com\/de\/ende-einer-aera-dies-ist-der-letzte-chrysler-300\/","name":"Ende einer \u00c4ra: Dies ist der letzte Chrysler 300 - All cars news","isPartOf":{"@id":"https:\/\/all-car-news.com\/de\/#website"},"datePublished":"2023-12-11T13:00:00+00:00","dateModified":"2023-12-11T13:00:00+00:00","breadcrumb":{"@id":"https:\/\/all-car-news.com\/de\/ende-einer-aera-dies-ist-der-letzte-chrysler-300\/#breadcrumb"},"inLanguage":"de","potentialAction":[{"@type":"ReadAction","target":["https:\/\/all-car-news.com\/de\/ende-einer-aera-dies-ist-der-letzte-chrysler-300\/"]}]},{"@type":"BreadcrumbList","@id":"https:\/\/all-car-news.com\/de\/ende-einer-aera-dies-ist-der-letzte-chrysler-300\/#breadcrumb","itemListElement":[{"@type":"ListItem","position":1,"name":"Home","item":"https:\/\/all-car-news.com\/de\/"},{"@type":"ListItem","position":2,"name":"Ende einer \u00c4ra: Dies ist der letzte Chrysler 300"}]},{"@type":"WebSite","@id":"https:\/\/all-car-news.com\/de\/#website","url":"https:\/\/all-car-news.com\/de\/","name":"All cars news","description":"","publisher":{"@id":"https:\/\/all-car-news.com\/de\/#organization"},"potentialAction":[{"@type":"SearchAction","target":{"@type":"EntryPoint","urlTemplate":"https:\/\/all-car-news.com\/de\/?s={search_term_string}"},"query-input":"required name=search_term_string"}],"inLanguage":"de"},{"@type":"Organization","@id":"https:\/\/all-car-news.com\/de\/#organization","name":"All cars news","url":"https:\/\/all-car-news.com\/de\/","logo":{"@type":"ImageObject","inLanguage":"de","@id":"https:\/\/all-car-news.com\/de\/#\/schema\/logo\/image\/","url":"https:\/\/all-car-news.com\/wp-content\/uploads\/2022\/02\/CMYK-AllCarNews_LANDSCAPE_300px-1.png","contentUrl":"https:\/\/all-car-news.com\/wp-content\/uploads\/2022\/02\/CMYK-AllCarNews_LANDSCAPE_300px-1.png","width":300,"height":100,"caption":"All cars news"},"image":{"@id":"https:\/\/all-car-news.com\/de\/#\/schema\/logo\/image\/"}}]}},"_links":{"self":[{"href":"https:\/\/all-car-news.com\/de\/wp-json\/wp\/v2\/posts\/141251","targetHints":{"allow":["GET"]}}],"collection":[{"href":"https:\/\/all-car-news.com\/de\/wp-json\/wp\/v2\/posts"}],"about":[{"href":"https:\/\/all-car-news.com\/de\/wp-json\/wp\/v2\/types\/post"}],"replies":[{"embeddable":true,"href":"https:\/\/all-car-news.com\/de\/wp-json\/wp\/v2\/comments?post=141251"}],"version-history":[{"count":0,"href":"https:\/\/all-car-news.com\/de\/wp-json\/wp\/v2\/posts\/141251\/revisions"}],"wp:featuredmedia":[{"embeddable":true,"href":"https:\/\/all-car-news.com\/de\/wp-json\/wp\/v2\/media\/141180"}],"wp:attachment":[{"href":"https:\/\/all-car-news.com\/de\/wp-json\/wp\/v2\/media?parent=141251"}],"wp:term":[{"taxonomy":"category","embeddable":true,"href":"https:\/\/all-car-news.com\/de\/wp-json\/wp\/v2\/categories?post=141251"},{"taxonomy":"post_tag","embeddable":true,"href":"https:\/\/all-car-news.com\/de\/wp-json\/wp\/v2\/tags?post=141251"}],"curies":[{"name":"wp","href":"https:\/\/api.w.org\/{rel}","templated":true}]}}