{"id":141081,"date":"2023-12-06T12:05:20","date_gmt":"2023-12-06T12:05:20","guid":{"rendered":"https:\/\/all-car-news.com\/wir-bemuehen-uns-etwas-anderes-als-den-standard-auf-den-markt-zu-bringen-interview-mit-sjoerd-knipping-kia-europe\/"},"modified":"2023-12-06T12:05:20","modified_gmt":"2023-12-06T12:05:20","slug":"wir-bemuehen-uns-etwas-anderes-als-den-standard-auf-den-markt-zu-bringen-interview-mit-sjoerd-knipping-kia-europe","status":"publish","type":"post","link":"https:\/\/all-car-news.com\/de\/wir-bemuehen-uns-etwas-anderes-als-den-standard-auf-den-markt-zu-bringen-interview-mit-sjoerd-knipping-kia-europe\/","title":{"rendered":"&#8222;Wir bem\u00fchen uns, etwas anderes als den Standard auf den Markt zu bringen&#8220; &#8211; Interview mit Sjoerd Knipping, Kia Europe"},"content":{"rendered":"<\/p>\n<h2>Kia will ab 2035 in Europa nur noch Elektroautos verkaufen. Es gibt Marken, die diesen Schritt schon viel fr\u00fcher gehen; einige Marken verabschieden sich bereits im Jahr 2025 vom Verbrennungsmotor. Warum wartet Kia &#8211; einer der f\u00fchrenden Hersteller von Elektrofahrzeugen &#8211; so lange?<\/h2>\n<p>Sjoerd: &#8222;Wenn man sich andere L\u00e4nder in Europa anschaut, sehe ich Europa in vier Regionen aufgeteilt: Die nordische Region ist die Nummer eins mit etwa 95 Prozent der verkauften Autos, die elektrisch sind. Sie sind die Early Adopters. Dann gibt es die Region zwei, zu der die Niederlande, Deutschland und das Vereinigte K\u00f6nigreich geh\u00f6ren. Dann haben wir Osteuropa und S\u00fcdeuropa, wo Elektroautos noch nicht so beliebt sind. Kia ist auf allen M\u00e4rkten t\u00e4tig, also m\u00fcssen wir die Vielfalt dieser M\u00e4rkte ber\u00fccksichtigen. Ich glaube nicht, dass man in S\u00fcd- und Osteuropa in f\u00fcnf Jahren bereit sein wird, vollst\u00e4ndig auf elektrisches Fahren umzustellen.&#8220;<\/p>\n<figure class=\"wp-block-image size-content\"><img decoding=\"async\" loading=\"lazy\" width=\"1140\" height=\"641\" src=\"https:\/\/autorai.nl\/wp-content\/uploads\/2023\/12\/1920_sjoerdknipping-3-1140x641.jpg\" alt=\"\" class=\"wp-image-170470\"><figcaption>Sjoerd Knipping<\/figcaption><\/figure>\n<h2>Werden Sie in f\u00fcnf Jahren noch Benzinautos in den Niederlanden verkaufen?  <\/h2>\n<p>Sjoerd: &#8222;Ich kann nicht in die Zukunft sehen, aber es w\u00fcrde mich nicht wundern, wenn wir in f\u00fcnf oder sogar zehn Jahren in den Niederlanden immer noch Autos mit Verbrennungsmotor verkaufen, aber vielleicht nur noch Hybride oder Plug-in-Hybride.<\/p>\n<figure class=\"wp-block-image size-content\"><img decoding=\"async\" loading=\"lazy\" width=\"1140\" height=\"641\" src=\"https:\/\/autorai.nl\/wp-content\/uploads\/2023\/12\/kia-ev9-ionity-2-digital-1920x1080-1-1140x641.jpg\" alt=\"\" class=\"wp-image-170471\"><\/figure>\n<h2>Wie kann Kia &#8211; als einer der Vorreiter in der EV-Landschaft &#8211; dazu beitragen, Herausforderungen wie Ladeinfrastruktur und Reichweite zu meistern?<\/h2>\n<p>Sjoerd: &#8222;Zuerst muss man daf\u00fcr sorgen, dass man die Autos hat, damit die Leute \u00fcberhaupt elektrisch fahren k\u00f6nnen. Daran arbeiten wir jetzt intensiv. In den kommenden Jahren werden wir mehrere neue Modelle auf den Markt bringen, die das elektrische Fahren f\u00fcr mehr Menschen zug\u00e4nglich machen, darunter auch Modelle im B- und C-Segment.<\/p>\n<p>Auch in Bezug auf die Ladeinfrastruktur leisten wir unseren Beitrag. Wir sind eine Partnerschaft mit Ionity eingegangen und haben f\u00fcr europ\u00e4ische Kunden einen elektrischen Kia Plug&amp;Charge eingef\u00fchrt. Plug&amp;Charge ist die j\u00fcngste Erg\u00e4nzung des Kia-Portfolios an Ladediensten, zu dem auch Kia Connect, Kia Charge und Kia Smart Charging geh\u00f6ren. Plug&amp;Charge ist ein sehr bequemer Service, mit dem unsere Kunden ihren Kia noch einfacher aufladen k\u00f6nnen. Dabei handelt es sich um eine neue Technologie, die es dem Auto erm\u00f6glicht, direkt mit der Ladestation zu kommunizieren. Kia-Fahrer k\u00f6nnen ihr Fahrzeug mit Plug&amp;Charge an jede \u00f6ffentliche und servicef\u00e4hige Ladestation anschlie\u00dfen und automatisch aufladen, ohne zus\u00e4tzliche Identifizierung oder Zwischenschritte.&#8220;<\/p>\n<figure class=\"wp-block-image size-content\"><img decoding=\"async\" loading=\"lazy\" width=\"1140\" height=\"641\" src=\"https:\/\/autorai.nl\/wp-content\/uploads\/2023\/12\/kia-ev9-ionity-4-digital-1920x1080-1-1140x641.jpg\" alt=\"\" class=\"wp-image-170472\"><\/figure>\n<\/p>\n<h2>Was sind einige der wichtigsten Strategien, die Kia Europe derzeit anwendet, um sich in einem wettbewerbsintensiven Markt zu differenzieren, und wie werden diese Strategien weiterentwickelt, um die Position von Kia zu st\u00e4rken?<\/h2>\n<p>Sjoerd: &#8222;Zun\u00e4chst einmal ist da unsere Vision, nachhaltige Mobilit\u00e4t zug\u00e4nglich zu machen. Daf\u00fcr brauchen Sie also ein starkes Produktportfolio. Ich denke, wir zeigen mit dem EV6 und dem <a href=\"https:\/\/autorai.nl\/kia-ev9-2024-review-de-perfecte-grote-elektrische-gezinsauto\/\" target=\"_blank\" rel=\"noreferrer noopener\">EV9<\/a>, dass wir bahnbrechende Elektrofahrzeuge auf den Markt bringen k\u00f6nnen. Damit bedienen wir Early Adopters und Innovatoren. Dann kommt der n\u00e4chste Schritt: die Bedienung der breiten Masse, insbesondere im B- und C-Segment. Wir untersuchen derzeit, welche bahnbrechenden Technologien aus dem EV6 und <a href=\"https:\/\/youtu.be\/R-s1g3ceWoU?si=mYD7WxG4ayNNoSqA\" target=\"_blank\" rel=\"noreferrer noopener\">EV9<\/a> wir in die kleineren, erschwinglicheren Fahrzeuge integrieren sollten. Dies wird teilweise durch die Bed\u00fcrfnisse der Kunden bestimmt.<\/p>\n<p>Auch das Design ist f\u00fcr uns von gro\u00dfer Bedeutung. Untersuchungen zeigen, dass das Design f\u00fcr die Verbraucher w\u00e4hrend des Kaufprozesses nach wie vor ein wichtiges Unterscheidungsmerkmal darstellt. Als die EV-Revolution begann, waren Reichweite und Ladegeschwindigkeit die wichtigsten Themen. Vor allem in den Niederlanden zeigen Umfragen, dass Design bei den Verbrauchern wieder an erster Stelle steht. Deshalb stellen wir Autos her, die sich in puncto Design von anderen abheben. Wir streben danach, etwas anderes als den Standard auf den Markt zu bringen, und daf\u00fcr haben wir eine klare Richtung eingeschlagen, die mit dem EV6 begann und nun mit dem EV9 und anderen zuk\u00fcnftigen Kia-Modellen sichtbar wird.<\/p>\n<p>Ein kleines Detail ist zum Beispiel schon das Logo. Im Jahr 2021 haben wir ein komplettes Rebranding durchgef\u00fchrt, von dem ein kleiner Teil das neue Logo ist. Stellen Sie sich das alte Logo auf dem EV9 vor. Dann sieht man, was f\u00fcr einen Unterschied ein neues Logo machen kann.&#8220;<\/p>\n<figure class=\"wp-block-embed is-type-video is-provider-youtube wp-block-embed-youtube wp-embed-aspect-16-9 wp-has-aspect-ratio\">\n<div class=\"wp-block-embed__wrapper\">\n<\/div>\n<\/figure>\n","protected":false},"excerpt":{"rendered":"Kia will ab 2035 in Europa nur noch Elektroautos verkaufen. Es gibt Marken, die diesen Schritt schon viel fr\u00fcher gehen;&hellip;","protected":false},"author":0,"featured_media":141054,"comment_status":"","ping_status":"open","sticky":false,"template":"","format":"standard","meta":{"footnotes":""},"categories":[128],"tags":[],"class_list":["post-141081","post","type-post","status-publish","format-standard","has-post-thumbnail","hentry","category-hintergrund"],"acf":[],"yoast_head":"<!-- This site is optimized with the Yoast SEO plugin v21.2 - https:\/\/yoast.com\/wordpress\/plugins\/seo\/ -->\n<title>&quot;Wir bem\u00fchen uns, etwas anderes als den Standard auf den Markt zu bringen&quot; - Interview mit Sjoerd Knipping, Kia Europe - All cars news<\/title>\n<meta name=\"robots\" content=\"index, follow, max-snippet:-1, max-image-preview:large, max-video-preview:-1\" \/>\n<link rel=\"canonical\" href=\"https:\/\/all-car-news.com\/de\/wir-bemuehen-uns-etwas-anderes-als-den-standard-auf-den-markt-zu-bringen-interview-mit-sjoerd-knipping-kia-europe\/\" \/>\n<meta property=\"og:locale\" content=\"de_DE\" \/>\n<meta property=\"og:type\" content=\"article\" \/>\n<meta property=\"og:title\" content=\"&quot;Wir bem\u00fchen uns, etwas anderes als den Standard auf den Markt zu bringen&quot; - Interview mit Sjoerd Knipping, Kia Europe - All cars news\" \/>\n<meta property=\"og:description\" content=\"Kia will ab 2035 in Europa nur noch Elektroautos verkaufen. Es gibt Marken, die diesen Schritt schon viel fr\u00fcher gehen; einige Marken verabschieden sich bereits im Jahr 2025 vom Verbrennungsmotor. Warum wartet Kia - einer der f\u00fchrenden Hersteller von Elektrofahrzeugen - so lange? Sjoerd: &quot;Wenn man sich andere L\u00e4nder in Europa ansieht, sehe ich Europa [...]\" \/>\n<meta property=\"og:url\" content=\"https:\/\/all-car-news.com\/de\/wir-bemuehen-uns-etwas-anderes-als-den-standard-auf-den-markt-zu-bringen-interview-mit-sjoerd-knipping-kia-europe\/\" \/>\n<meta property=\"og:site_name\" content=\"All cars news\" \/>\n<meta property=\"article:published_time\" content=\"2023-12-06T12:05:20+00:00\" \/>\n<meta property=\"og:image\" content=\"https:\/\/autorai.nl\/wp-content\/uploads\/2023\/12\/1920_sjoerdknipping-3-1140x641.jpg\" \/>\n<meta name=\"twitter:card\" content=\"summary_large_image\" \/>\n<meta name=\"twitter:label1\" content=\"Gesch\u00e4tzte Lesezeit\" \/>\n\t<meta name=\"twitter:data1\" content=\"3\u00a0Minuten\" \/>\n<script type=\"application\/ld+json\" class=\"yoast-schema-graph\">{\"@context\":\"https:\/\/schema.org\",\"@graph\":[{\"@type\":\"Article\",\"@id\":\"https:\/\/all-car-news.com\/de\/wir-bemuehen-uns-etwas-anderes-als-den-standard-auf-den-markt-zu-bringen-interview-mit-sjoerd-knipping-kia-europe\/#article\",\"isPartOf\":{\"@id\":\"https:\/\/all-car-news.com\/de\/wir-bemuehen-uns-etwas-anderes-als-den-standard-auf-den-markt-zu-bringen-interview-mit-sjoerd-knipping-kia-europe\/\"},\"author\":{\"name\":\"\",\"@id\":\"\"},\"headline\":\"&#8222;Wir bem\u00fchen uns, etwas anderes als den Standard auf den Markt zu bringen&#8220; &#8211; Interview mit Sjoerd Knipping, Kia Europe\",\"datePublished\":\"2023-12-06T12:05:20+00:00\",\"dateModified\":\"2023-12-06T12:05:20+00:00\",\"mainEntityOfPage\":{\"@id\":\"https:\/\/all-car-news.com\/de\/wir-bemuehen-uns-etwas-anderes-als-den-standard-auf-den-markt-zu-bringen-interview-mit-sjoerd-knipping-kia-europe\/\"},\"wordCount\":720,\"publisher\":{\"@id\":\"https:\/\/all-car-news.com\/de\/#organization\"},\"articleSection\":[\"Hintergrund\"],\"inLanguage\":\"de\"},{\"@type\":\"WebPage\",\"@id\":\"https:\/\/all-car-news.com\/de\/wir-bemuehen-uns-etwas-anderes-als-den-standard-auf-den-markt-zu-bringen-interview-mit-sjoerd-knipping-kia-europe\/\",\"url\":\"https:\/\/all-car-news.com\/de\/wir-bemuehen-uns-etwas-anderes-als-den-standard-auf-den-markt-zu-bringen-interview-mit-sjoerd-knipping-kia-europe\/\",\"name\":\"\\\"Wir bem\u00fchen uns, etwas anderes als den Standard auf den Markt zu bringen\\\" - Interview mit Sjoerd Knipping, Kia Europe - All cars news\",\"isPartOf\":{\"@id\":\"https:\/\/all-car-news.com\/de\/#website\"},\"datePublished\":\"2023-12-06T12:05:20+00:00\",\"dateModified\":\"2023-12-06T12:05:20+00:00\",\"breadcrumb\":{\"@id\":\"https:\/\/all-car-news.com\/de\/wir-bemuehen-uns-etwas-anderes-als-den-standard-auf-den-markt-zu-bringen-interview-mit-sjoerd-knipping-kia-europe\/#breadcrumb\"},\"inLanguage\":\"de\",\"potentialAction\":[{\"@type\":\"ReadAction\",\"target\":[\"https:\/\/all-car-news.com\/de\/wir-bemuehen-uns-etwas-anderes-als-den-standard-auf-den-markt-zu-bringen-interview-mit-sjoerd-knipping-kia-europe\/\"]}]},{\"@type\":\"BreadcrumbList\",\"@id\":\"https:\/\/all-car-news.com\/de\/wir-bemuehen-uns-etwas-anderes-als-den-standard-auf-den-markt-zu-bringen-interview-mit-sjoerd-knipping-kia-europe\/#breadcrumb\",\"itemListElement\":[{\"@type\":\"ListItem\",\"position\":1,\"name\":\"Home\",\"item\":\"https:\/\/all-car-news.com\/de\/\"},{\"@type\":\"ListItem\",\"position\":2,\"name\":\"&#8222;Wir bem\u00fchen uns, etwas anderes als den Standard auf den Markt zu bringen&#8220; &#8211; Interview mit Sjoerd Knipping, Kia Europe\"}]},{\"@type\":\"WebSite\",\"@id\":\"https:\/\/all-car-news.com\/de\/#website\",\"url\":\"https:\/\/all-car-news.com\/de\/\",\"name\":\"All cars news\",\"description\":\"\",\"publisher\":{\"@id\":\"https:\/\/all-car-news.com\/de\/#organization\"},\"potentialAction\":[{\"@type\":\"SearchAction\",\"target\":{\"@type\":\"EntryPoint\",\"urlTemplate\":\"https:\/\/all-car-news.com\/de\/?s={search_term_string}\"},\"query-input\":\"required name=search_term_string\"}],\"inLanguage\":\"de\"},{\"@type\":\"Organization\",\"@id\":\"https:\/\/all-car-news.com\/de\/#organization\",\"name\":\"All cars news\",\"url\":\"https:\/\/all-car-news.com\/de\/\",\"logo\":{\"@type\":\"ImageObject\",\"inLanguage\":\"de\",\"@id\":\"https:\/\/all-car-news.com\/de\/#\/schema\/logo\/image\/\",\"url\":\"https:\/\/all-car-news.com\/wp-content\/uploads\/2022\/02\/CMYK-AllCarNews_LANDSCAPE_300px-1.png\",\"contentUrl\":\"https:\/\/all-car-news.com\/wp-content\/uploads\/2022\/02\/CMYK-AllCarNews_LANDSCAPE_300px-1.png\",\"width\":300,\"height\":100,\"caption\":\"All cars news\"},\"image\":{\"@id\":\"https:\/\/all-car-news.com\/de\/#\/schema\/logo\/image\/\"}}]}<\/script>\n<!-- \/ Yoast SEO plugin. -->","yoast_head_json":{"title":"\"Wir bem\u00fchen uns, etwas anderes als den Standard auf den Markt zu bringen\" - Interview mit Sjoerd Knipping, Kia Europe - All cars news","robots":{"index":"index","follow":"follow","max-snippet":"max-snippet:-1","max-image-preview":"max-image-preview:large","max-video-preview":"max-video-preview:-1"},"canonical":"https:\/\/all-car-news.com\/de\/wir-bemuehen-uns-etwas-anderes-als-den-standard-auf-den-markt-zu-bringen-interview-mit-sjoerd-knipping-kia-europe\/","og_locale":"de_DE","og_type":"article","og_title":"\"Wir bem\u00fchen uns, etwas anderes als den Standard auf den Markt zu bringen\" - Interview mit Sjoerd Knipping, Kia Europe - All cars news","og_description":"Kia will ab 2035 in Europa nur noch Elektroautos verkaufen. Es gibt Marken, die diesen Schritt schon viel fr\u00fcher gehen; einige Marken verabschieden sich bereits im Jahr 2025 vom Verbrennungsmotor. Warum wartet Kia - einer der f\u00fchrenden Hersteller von Elektrofahrzeugen - so lange? Sjoerd: \"Wenn man sich andere L\u00e4nder in Europa ansieht, sehe ich Europa [...]","og_url":"https:\/\/all-car-news.com\/de\/wir-bemuehen-uns-etwas-anderes-als-den-standard-auf-den-markt-zu-bringen-interview-mit-sjoerd-knipping-kia-europe\/","og_site_name":"All cars news","article_published_time":"2023-12-06T12:05:20+00:00","og_image":[{"url":"https:\/\/autorai.nl\/wp-content\/uploads\/2023\/12\/1920_sjoerdknipping-3-1140x641.jpg"}],"twitter_card":"summary_large_image","twitter_misc":{"Gesch\u00e4tzte Lesezeit":"3\u00a0Minuten"},"schema":{"@context":"https:\/\/schema.org","@graph":[{"@type":"Article","@id":"https:\/\/all-car-news.com\/de\/wir-bemuehen-uns-etwas-anderes-als-den-standard-auf-den-markt-zu-bringen-interview-mit-sjoerd-knipping-kia-europe\/#article","isPartOf":{"@id":"https:\/\/all-car-news.com\/de\/wir-bemuehen-uns-etwas-anderes-als-den-standard-auf-den-markt-zu-bringen-interview-mit-sjoerd-knipping-kia-europe\/"},"author":{"name":"","@id":""},"headline":"&#8222;Wir bem\u00fchen uns, etwas anderes als den Standard auf den Markt zu bringen&#8220; &#8211; Interview mit Sjoerd Knipping, Kia Europe","datePublished":"2023-12-06T12:05:20+00:00","dateModified":"2023-12-06T12:05:20+00:00","mainEntityOfPage":{"@id":"https:\/\/all-car-news.com\/de\/wir-bemuehen-uns-etwas-anderes-als-den-standard-auf-den-markt-zu-bringen-interview-mit-sjoerd-knipping-kia-europe\/"},"wordCount":720,"publisher":{"@id":"https:\/\/all-car-news.com\/de\/#organization"},"articleSection":["Hintergrund"],"inLanguage":"de"},{"@type":"WebPage","@id":"https:\/\/all-car-news.com\/de\/wir-bemuehen-uns-etwas-anderes-als-den-standard-auf-den-markt-zu-bringen-interview-mit-sjoerd-knipping-kia-europe\/","url":"https:\/\/all-car-news.com\/de\/wir-bemuehen-uns-etwas-anderes-als-den-standard-auf-den-markt-zu-bringen-interview-mit-sjoerd-knipping-kia-europe\/","name":"\"Wir bem\u00fchen uns, etwas anderes als den Standard auf den Markt zu bringen\" - Interview mit Sjoerd Knipping, Kia Europe - All cars news","isPartOf":{"@id":"https:\/\/all-car-news.com\/de\/#website"},"datePublished":"2023-12-06T12:05:20+00:00","dateModified":"2023-12-06T12:05:20+00:00","breadcrumb":{"@id":"https:\/\/all-car-news.com\/de\/wir-bemuehen-uns-etwas-anderes-als-den-standard-auf-den-markt-zu-bringen-interview-mit-sjoerd-knipping-kia-europe\/#breadcrumb"},"inLanguage":"de","potentialAction":[{"@type":"ReadAction","target":["https:\/\/all-car-news.com\/de\/wir-bemuehen-uns-etwas-anderes-als-den-standard-auf-den-markt-zu-bringen-interview-mit-sjoerd-knipping-kia-europe\/"]}]},{"@type":"BreadcrumbList","@id":"https:\/\/all-car-news.com\/de\/wir-bemuehen-uns-etwas-anderes-als-den-standard-auf-den-markt-zu-bringen-interview-mit-sjoerd-knipping-kia-europe\/#breadcrumb","itemListElement":[{"@type":"ListItem","position":1,"name":"Home","item":"https:\/\/all-car-news.com\/de\/"},{"@type":"ListItem","position":2,"name":"&#8222;Wir bem\u00fchen uns, etwas anderes als den Standard auf den Markt zu bringen&#8220; &#8211; Interview mit Sjoerd Knipping, Kia Europe"}]},{"@type":"WebSite","@id":"https:\/\/all-car-news.com\/de\/#website","url":"https:\/\/all-car-news.com\/de\/","name":"All cars news","description":"","publisher":{"@id":"https:\/\/all-car-news.com\/de\/#organization"},"potentialAction":[{"@type":"SearchAction","target":{"@type":"EntryPoint","urlTemplate":"https:\/\/all-car-news.com\/de\/?s={search_term_string}"},"query-input":"required name=search_term_string"}],"inLanguage":"de"},{"@type":"Organization","@id":"https:\/\/all-car-news.com\/de\/#organization","name":"All cars news","url":"https:\/\/all-car-news.com\/de\/","logo":{"@type":"ImageObject","inLanguage":"de","@id":"https:\/\/all-car-news.com\/de\/#\/schema\/logo\/image\/","url":"https:\/\/all-car-news.com\/wp-content\/uploads\/2022\/02\/CMYK-AllCarNews_LANDSCAPE_300px-1.png","contentUrl":"https:\/\/all-car-news.com\/wp-content\/uploads\/2022\/02\/CMYK-AllCarNews_LANDSCAPE_300px-1.png","width":300,"height":100,"caption":"All cars news"},"image":{"@id":"https:\/\/all-car-news.com\/de\/#\/schema\/logo\/image\/"}}]}},"_links":{"self":[{"href":"https:\/\/all-car-news.com\/de\/wp-json\/wp\/v2\/posts\/141081","targetHints":{"allow":["GET"]}}],"collection":[{"href":"https:\/\/all-car-news.com\/de\/wp-json\/wp\/v2\/posts"}],"about":[{"href":"https:\/\/all-car-news.com\/de\/wp-json\/wp\/v2\/types\/post"}],"replies":[{"embeddable":true,"href":"https:\/\/all-car-news.com\/de\/wp-json\/wp\/v2\/comments?post=141081"}],"version-history":[{"count":0,"href":"https:\/\/all-car-news.com\/de\/wp-json\/wp\/v2\/posts\/141081\/revisions"}],"wp:featuredmedia":[{"embeddable":true,"href":"https:\/\/all-car-news.com\/de\/wp-json\/wp\/v2\/media\/141054"}],"wp:attachment":[{"href":"https:\/\/all-car-news.com\/de\/wp-json\/wp\/v2\/media?parent=141081"}],"wp:term":[{"taxonomy":"category","embeddable":true,"href":"https:\/\/all-car-news.com\/de\/wp-json\/wp\/v2\/categories?post=141081"},{"taxonomy":"post_tag","embeddable":true,"href":"https:\/\/all-car-news.com\/de\/wp-json\/wp\/v2\/tags?post=141081"}],"curies":[{"name":"wp","href":"https:\/\/api.w.org\/{rel}","templated":true}]}}