{"id":140496,"date":"2023-11-13T07:52:11","date_gmt":"2023-11-13T07:52:11","guid":{"rendered":"https:\/\/all-car-news.com\/diese-30-neuen-autos-werden-2024-in-den-niederlanden-auf-den-markt-kommen\/"},"modified":"2023-11-13T07:52:11","modified_gmt":"2023-11-13T07:52:11","slug":"diese-30-neuen-autos-werden-2024-in-den-niederlanden-auf-den-markt-kommen","status":"publish","type":"post","link":"https:\/\/all-car-news.com\/de\/diese-30-neuen-autos-werden-2024-in-den-niederlanden-auf-den-markt-kommen\/","title":{"rendered":"Diese 30 neuen Autos werden 2024 in den Niederlanden auf den Markt kommen"},"content":{"rendered":"<h2>Audi Q6 e-tron<\/h2>\n<p>Der <a href=\"https:\/\/autorai.nl\/eerste-kennismaking-met-nieuwe-audi-q6-e-tron\/\" target=\"_blank\" rel=\"noreferrer noopener\">Audi Q6 e-tron<\/a> ist der erste elektrisch angetriebene Audi auf der neuen PPE-Plattform. PPE steht f\u00fcr Premium Platform Electric und ist die Basis f\u00fcr mehrere EV-Modelle innerhalb des Volkswagen Konzerns. Einzigartig f\u00fcr den Q6 e-tron ist die digitale OLED-Technologie der zweiten Generation, eine neue Form der intelligenten Beleuchtung.<\/p>\n<figure class=\"wp-block-image size-content\"><img decoding=\"async\" loading=\"lazy\" width=\"1140\" height=\"760\" src=\"https:\/\/autorai.nl\/wp-content\/uploads\/2023\/07\/audi-q6-e-tron-prototype-foto11-1140x760.jpg\" alt=\"Audi Q6 e-tron\" class=\"wp-image-163109\"><\/figure>\n<h2>Audi A6 e-tron<\/h2>\n<p>Die Audi A6-Familie wird vollelektrisch sein. Der vollelektrische <a href=\"https:\/\/autorai.nl\/audi-a6-avant-e-tron-is-een-knappe-verschijning\/\" target=\"_blank\" rel=\"noreferrer noopener\">Audi A6 Avant e-tron Concept<\/a> gibt einen Ausblick auf die k\u00fcnftige elektrisch angetriebene Audi A6 Familie. Dieser A6 ist ebenfalls auf der PPE-Plattform aufgebaut. Ein paar schnelle Zahlen: bis zu 700 Kilometer Reichweite und Schnellladung mit 270 kW.<\/p>\n<figure class=\"wp-block-image size-content\"><img decoding=\"async\" loading=\"lazy\" width=\"1140\" height=\"760\" src=\"https:\/\/autorai.nl\/wp-content\/uploads\/2022\/03\/Audi_A6_etron_5-1140x760.jpg\" alt=\"Audi A6 Avant e-tron concept\" class=\"wp-image-118030\"><\/figure>\n<h2>BMW iX2<\/h2>\n<p>BMW bringt zum ersten Mal einen elektrischen X2 auf den Markt. Den Anfang macht BMW im Jahr 2024 mit dem <a href=\"https:\/\/autorai.nl\/walkaround-bmw-x2-en-ix2-2024-autorai-tv\/\" target=\"_blank\" rel=\"noreferrer noopener\">iX2 xDrive30<\/a> mit einer Systemleistung von 313 PS und einer Reichweite von bis zu 449 Kilometern.<\/p>\n<figure class=\"wp-block-image size-content\"><img decoding=\"async\" loading=\"lazy\" width=\"1140\" height=\"760\" src=\"https:\/\/autorai.nl\/wp-content\/uploads\/2023\/10\/P90525197_highRes_the-first-ever-bmw-i-1140x760.jpg\" alt=\"\" class=\"wp-image-167713\"><\/figure>\n<h2>Citro\u00ebn C3\/e-C3<\/h2>\n<p>Diese neue Generation des <a href=\"https:\/\/autorai.nl\/citroen-e-c3-elektrisch-2024\/\" target=\"_blank\" rel=\"noreferrer noopener\">Citro\u00ebn C3<\/a> soll das elektrische Fahren einer gr\u00f6\u00dferen Gruppe von Menschen zug\u00e4nglich machen. Die leistungsst\u00e4rkere Variante mit 44-kWh-Batterie und 320 Kilometern Reichweite wird im Jahr 2024 deb\u00fctieren. Kosten? Weniger als 25 Riesen. Im Jahr 2025 wird er auch mit einer Reichweite von 200 Kilometern auf den Markt kommen.<\/p>\n<figure class=\"wp-block-image size-content\"><img decoding=\"async\" loading=\"lazy\" width=\"1140\" height=\"570\" src=\"https:\/\/autorai.nl\/wp-content\/uploads\/2023\/10\/citroen-e-c3-2024-elektrische-crossover-foto18-1140x570.jpg\" alt=\"Citro\u00ebn \u00eb-C3 2024\" class=\"wp-image-168022\"><\/figure>\n<h2>Cupra Tavascan<\/h2>\n<p>Nach dem Born ist der Tavascan das zweite 100% elektrische Modell von Cupra. Der neue <a href=\"https:\/\/autorai.nl\/cupra-tavascan-sexy-alternatief-voor-volkswagen-id-5\/\" target=\"_blank\" rel=\"noreferrer noopener\">Cupra Tavascan<\/a> basiert auf der MEB-Plattform und bietet eine Auswahl von zwei Antrieben. Die Version mit 210 kW (286 PS) starkem Elektromotor hat Hinterradantrieb. Das Spitzenmodell ist der Tavascan VZ, der dank separater Elektromotoren an Vorder- und Hinterachse \u00fcber Allradantrieb verf\u00fcgt. Die Systemleistung des VZ betr\u00e4gt 250 kW (340 PS).<\/p>\n<figure class=\"wp-block-image size-content\"><img decoding=\"async\" loading=\"lazy\" width=\"1140\" height=\"760\" src=\"https:\/\/autorai.nl\/wp-content\/uploads\/2023\/11\/cupratavascan4-1140x760.jpg\" alt=\"Cupra Tavascan\" class=\"wp-image-169243\"><\/figure>\n<h2>Fiat 600e<\/h2>\n<p>Nach dem Fiat 500e wird im Jahr 2024 der <a href=\"https:\/\/autorai.nl\/review-fiat-600e-2024-degelijke-ev-met-italiaanse-flair\/\" target=\"_blank\" rel=\"noreferrer noopener\">Fiat 600e<\/a> auf den Markt kommen. Er teilt seine Technologie mit dem Opel Mokka Electric und dem Peugeot e-2008. Dank einer 54 kWh-Batterie ist eine Reichweite von bis zu 400 Kilometern m\u00f6glich.<\/p>\n<figure class=\"wp-block-image size-content\"><img decoding=\"async\" loading=\"lazy\" width=\"1140\" height=\"761\" src=\"https:\/\/autorai.nl\/wp-content\/uploads\/2023\/07\/Fiat-600e-RED-5-1140x761.jpg\" alt=\"\" class=\"wp-image-162118\"><\/figure>\n<h2>Fiat Panda Nachfolger? (Centoventi)<\/h2>\n<p>Fiat wird den Nachfolger des <a href=\"https:\/\/autorai.nl\/opvolger-fiat-panda-krijgt-kenmerken-van-centoventi\/\" target=\"_blank\" rel=\"noreferrer noopener\">Fiat Panda<\/a> voraussichtlich am 11. Juli 2024 vorstellen &#8211; wenn die Marke ihr 125-j\u00e4hriges Bestehen feiert. Das Modell \u00fcbernimmt Merkmale des Fiat Centoventi Konzeptfahrzeugs. Wir sind sehr neugierig.<\/p>\n<figure class=\"wp-block-image size-content\"><img decoding=\"async\" loading=\"lazy\" width=\"1140\" height=\"713\" src=\"https:\/\/autorai.nl\/wp-content\/uploads\/2023\/07\/fiat-centoventi-foto-1140x713.jpg\" alt=\"FIAT Centoventi\" class=\"wp-image-162208\"><\/figure>\n<h2>Ford Explorer<\/h2>\n<p>Die Auslieferung des <a href=\"https:\/\/autorai.nl\/elektrische-ford-explorer-wordt-goedkoper-dan-je-denkt\/\" target=\"_blank\" rel=\"noreferrer noopener\">Ford Explorer<\/a>, eines vollelektrischen Gel\u00e4ndewagens, wird 2024 beginnen. Das Modell unterstreicht die Ambitionen von Ford, ab 2030 ausschlie\u00dflich Elektro-Pkw anzubieten. Der brandneue Explorer bietet auf zwei Sitzreihen Platz f\u00fcr f\u00fcnf Personen. Ford positioniert den batterieelektrischen Explorer in der Modellreihe unterhalb des Mustang Mach-e.<\/p>\n<figure class=\"wp-block-image size-content\"><img decoding=\"async\" loading=\"lazy\" width=\"1140\" height=\"855\" src=\"https:\/\/autorai.nl\/wp-content\/uploads\/2023\/03\/ford-explorer-elektrisch-2023-foto27-1140x855.jpg\" alt=\"Ford Explorer\" class=\"wp-image-154190\"><\/figure>\n<h2>Mustang Mach-E Rallye<\/h2>\n<p>Der <a href=\"https:\/\/autorai.nl\/ford-mustang-mach-e-rally\/\" target=\"_blank\" rel=\"noreferrer noopener\">Ford Mustang Mach-E Rally<\/a> ist das erste vom Rallyesport inspirierte Elektroauto von Ford. Der Performance-SUV verf\u00fcgt \u00fcber eine getunte Version des Antriebsstrangs des Mustang Mach-E GT mit einem Systemdrehmoment von nicht weniger als 880 Nm. Die Federung ist 20 Millimeter h\u00f6her als beim Mach-E GT. Au\u00dferdem ist diese Rallye-Version mit speziell abgestimmten Federn, MagneRide-Sto\u00dfd\u00e4mpfern und Bremsen von Brembo ausgestattet.<\/p>\n<figure class=\"wp-block-image size-content\"><img decoding=\"async\" loading=\"lazy\" width=\"1140\" height=\"760\" src=\"https:\/\/autorai.nl\/wp-content\/uploads\/2023\/09\/2023_FORD_MACH-E_RALLYE_93-1140x760.jpg\" alt=\"Ford Mustang Mach-e-Rallye\" class=\"wp-image-166328\"><\/figure>\n<h2>Hyundai Santa Fe<\/h2>\n<p>Das lange Warten auf den <a href=\"https:\/\/autorai.nl\/hyundai-santa-fe-2024\/\" target=\"_blank\" rel=\"noreferrer noopener\">Hyundai Santa Fe<\/a> hat im Jahr 2024 endlich ein Ende. In Europa gibt es zwei Antriebsvarianten, einen 1.6 Hybrid und einen 1.6 Plug-in Hybrid. Das Design des neuen Santa Fe ist besonders auff\u00e4llig. Sehr kantig und modern.<\/p>\n<figure class=\"wp-block-image size-content\"><img decoding=\"async\" loading=\"lazy\" width=\"1140\" height=\"760\" src=\"https:\/\/autorai.nl\/wp-content\/uploads\/2023\/08\/hyundai-santa-fe-europa-2024-foto5-1140x760.jpg\" alt=\"Hyundai Santa Fe 2024\" class=\"wp-image-164279\"><\/figure>\n<h2>Kia Picanto<\/h2>\n<p>Eines der beliebtesten Autos der Niederlande erh\u00e4lt ein umfassendes Facelifting. Die Rede ist vom <a href=\"https:\/\/autorai.nl\/kia-picanto-2024\/\" target=\"_blank\" rel=\"noreferrer noopener\">Kia Picanto<\/a>. Eine neue Schnauze, neue Farben und ein aufgewerteter Innenraum sind die Merkmale. Der 1,0-Liter-Turbobenziner muss weichen. Er ist nur mit einem nicht angeblasenen Dreizylinder ausgestattet.<\/p>\n<figure class=\"wp-block-image size-content\"><img decoding=\"async\" loading=\"lazy\" width=\"1140\" height=\"760\" src=\"https:\/\/autorai.nl\/wp-content\/uploads\/2023\/07\/kia-picanto-2024-foto1-1140x760.jpg\" alt=\"KIA Picanto 2024\" class=\"wp-image-161989\"><\/figure>\n<h2>Kia EV9<\/h2>\n<p>Suchen Sie einen gro\u00dfen Elektro-SUV? Dann k\u00f6nnte der Kia EV9 das richtige Auto f\u00fcr Sie sein. Der SUV bietet bis zu sieben Sitzpl\u00e4tze, die Reichweite betr\u00e4gt bis zu 573 Kilometer und man kann 250 Kilometer in 15 Minuten aufladen. Eine sehr interessante EV. Sehen Sie sich den Bericht auf unserem <a href=\"https:\/\/www.youtube.com\/watch?v=R-s1g3ceWoU\" target=\"_blank\" rel=\"noreferrer noopener\">YouTube-Kanal<\/a> an!<\/p>\n<figure class=\"wp-block-image size-content\"><img decoding=\"async\" loading=\"lazy\" width=\"1140\" height=\"760\" src=\"https:\/\/autorai.nl\/wp-content\/uploads\/2023\/11\/KIA-EV9-gtline-bluematte-dynamic-hires-005-1140x760.jpg\" alt=\"Kia EV9\" class=\"wp-image-169021\"><\/figure>\n<h2>Lexus LBX<\/h2>\n<p>Lexus bekommt mit dem <a href=\"https:\/\/autorai.nl\/lexus-lbx-2023\/\" target=\"_blank\" rel=\"noreferrer noopener\">LBX<\/a> ein weiteres Kompaktmodell. Nicht elektrisch, sondern ein Hybrid. Der LBX Hybrid hat eine Leistung von 136 PS. Lexus bietet in diesem kompakten Crossover bemerkenswerten Luxus.<\/p>\n<figure class=\"wp-block-image size-content\"><img decoding=\"async\" loading=\"lazy\" width=\"1140\" height=\"794\" src=\"https:\/\/autorai.nl\/wp-content\/uploads\/2023\/06\/lexus-lbx-2023-copyright-autorai-foto8-1140x794.jpg\" alt=\"Lexus LBX\" class=\"wp-image-160318\"><\/figure>\n<h2>Lotus Emeya<\/h2>\n<p>Ein Lotus, der dem Porsche Taycan und dem Audi e-Tron GT in den Hintern tritt? Dies ist der <a href=\"https:\/\/autorai.nl\/lotus-emeya-onthulling\/\" target=\"_blank\" rel=\"noreferrer noopener\">Lotus Emeya<\/a>, ein Hyper-GT, wie Lotus ihn selbst nennt. Einige schnelle Zahlen: 905 PS, 0 auf 100 in 2,78 Sekunden und eine H\u00f6chstgeschwindigkeit von 256 km\/h. Kein Leichtgewicht, aber unglaublich schnell.<\/p>\n<figure class=\"wp-block-image size-content\"><img decoding=\"async\" loading=\"lazy\" width=\"1140\" height=\"797\" src=\"https:\/\/autorai.nl\/wp-content\/uploads\/2023\/09\/lotus-emeya-gt-2023-header-1140x797.png\" alt=\"Lotus Emeya\" class=\"wp-image-166393\"><\/figure>\n<h2>Mercedes-Benz CLE Coup\u00e9<\/h2>\n<p>Mercedes-Benz verabschiedet sich vom C-Klasse Coup\u00e9 und E-Klasse Coup\u00e9. Das wird durch ein Modell ersetzt. Das ist <a href=\"https:\/\/autorai.nl\/nieuwe-mercedes-benz-cle-vervangt-twee-modellen\/\" target=\"_blank\" rel=\"noreferrer noopener\">das CLE Coup\u00e9<\/a>. Die Auslieferung des eleganten Mercedes-Benz beginnt im Jahr 2024.<\/p>\n<figure class=\"wp-block-image size-content\"><img decoding=\"async\" loading=\"lazy\" width=\"1140\" height=\"641\" src=\"https:\/\/autorai.nl\/wp-content\/uploads\/2023\/07\/mercedes-benz-cle-foto8-1140x641.jpg\" alt=\"Das Mercedes-Benz CLE Coup\u00e9 und Cabriolet\" class=\"wp-image-162164\"><\/figure>\n<h2>MG Cyberster<\/h2>\n<p>MG wird ab 2024 ein vollelektrisches Cabrio ausliefern: den <a href=\"https:\/\/autorai.nl\/mg-cyberster-dit-is-de-productieversie-inclusief-vleugeldeuren\/\" target=\"_blank\" rel=\"noreferrer noopener\">Cyberster<\/a>. Ein beeindruckendes Auto nicht nur in Bezug auf das Design, sondern auch wegen der Schmetterlingst\u00fcren! Der Cyberster ist der geistige Nachfolger des legend\u00e4ren MG B.<\/p>\n<figure class=\"wp-block-image size-content\"><img decoding=\"async\" loading=\"lazy\" width=\"1140\" height=\"813\" src=\"https:\/\/autorai.nl\/wp-content\/uploads\/2023\/11\/MG-Cyberster-NL-6588-1-1140x813.jpg\" alt=\"MG Cyberster\" class=\"wp-image-169246\"><\/figure>\n<h2>MINI Cooper<\/h2>\n<p>MINI wird im Jahr 2024 nur noch besch\u00e4ftigt sein. Die Marke stellt zun\u00e4chst die <a href=\"https:\/\/autorai.nl\/mini-cooper-se-electric-2024-sneak-preview\/\" target=\"_blank\" rel=\"noreferrer noopener\">vollelektrischen MIN Cooper<\/a> E und Cooper SE vor. V\u00f6llig neu, mit gr\u00f6\u00dferem Fahrbereich und mehr Platz. MINI setzt beim Design auf Minimalismus.<\/p>\n<figure class=\"wp-block-image size-content\"><img decoding=\"async\" loading=\"lazy\" width=\"1140\" height=\"760\" src=\"https:\/\/autorai.nl\/wp-content\/uploads\/2023\/09\/mini-productie-fabriek-oxford-2023-foto26-1140x760.jpg\" alt=\"MINI Cooper\" class=\"wp-image-166574\"><\/figure>\n<h2>MINI Countryman<\/h2>\n<p>Im Jahr 2024 wird auch die n\u00e4chste Generation des <a href=\"https:\/\/autorai.nl\/mini-countryman-elektrisch-details\/\" target=\"_blank\" rel=\"noreferrer noopener\">MINI Countryman<\/a> vorgestellt, ein bedeutendes Fahrzeug f\u00fcr MINI. Der Countryman ist auch mit einem vollelektrischen Antriebsstrang erh\u00e4ltlich. Au\u00dferdem wird es eine sportliche John Cooper Works-Version geben. Eines der Highlights ist ein v\u00f6llig neues Infotainmentsystem mit kreisrundem OLED-Display.<\/p>\n<figure class=\"wp-block-image size-content\"><img decoding=\"async\" loading=\"lazy\" width=\"1140\" height=\"760\" src=\"https:\/\/autorai.nl\/wp-content\/uploads\/2023\/11\/MINI-John-Cooper-Works-Countryman-2024-foto19-1140x760.jpg\" alt=\"MINI John Cooper Works Countryman 2024\" class=\"wp-image-169135\"><\/figure>\n<h2>Peugeot e-3008<\/h2>\n<p>Eines der wichtigsten neuen Peugeot-Modelle seit Jahren: <a href=\"https:\/\/autorai.nl\/peugeot-e-3008-alle-details\/\" target=\"_blank\" rel=\"noreferrer noopener\">der e-3008<\/a>. Das Auto beeindruckt durch seine Spezifikationen. Der neue Peugeot e-3008 ist das erste Modell, das mit der brandneuen STLA Medium-Plattform von Stellantis ausgestattet ist, die auch die Grundlage f\u00fcr die zuk\u00fcnftigen Elektrofahrzeuge von Stellantis bildet. Es gibt ihn als Single Motor und Dual Motor mit 525 km Reichweite und als Long Range mit einer Reichweite von 700 km.<\/p>\n<figure class=\"wp-block-image size-content\"><img decoding=\"async\" loading=\"lazy\" width=\"1140\" height=\"633\" src=\"https:\/\/autorai.nl\/wp-content\/uploads\/2023\/09\/peugeot-e-3008-2023-foto10-1140x633.jpg\" alt=\"Peugeot E-3008\" class=\"wp-image-166476\"><\/figure>\n<h2>Renault Scenic E-Tech Elektrisch<\/h2>\n<p>Genauso interessant ist der neue <a href=\"https:\/\/autorai.nl\/renault-scenic-e-tech-electric-2023\/\" target=\"_blank\" rel=\"noreferrer noopener\">Renault Scenic<\/a> E-Tech Electric. Nicht mehr ein MPV, sondern ein SUV. Die Basisversion hat eine Reichweite von 420 Kilometern nach dem WLTP-Teststandard. Das Spitzenmodell mit 220 PS kann auf dem Papier 620 Kilometer mit einer vollen Ladung Strom fahren.<\/p>\n<figure class=\"wp-block-image size-content\"><img decoding=\"async\" loading=\"lazy\" width=\"1140\" height=\"860\" src=\"https:\/\/autorai.nl\/wp-content\/uploads\/2023\/09\/renault-scenic-e-tech-electric-foto7-1140x860.jpg\" alt=\"Renault Scenic E-Tech elektrisch\" class=\"wp-image-165917\"><\/figure>\n<h2>Renault 5<\/h2>\n<p>Fans des Renault 5 sollten gut aufpassen, denn der <a href=\"https:\/\/autorai.nl\/renault-5-prototype\/\" target=\"_blank\" rel=\"noreferrer noopener\">Renault<\/a> 5 wird 2024 wiederkommen! Diese historisch fundierte elektrische Schr\u00e4ghecklimousine weist auch Designmerkmale des urspr\u00fcnglichen 5. Es wird auch eine alpine Version geben.<\/p>\n<figure class=\"wp-block-image size-content\"><img decoding=\"async\" loading=\"lazy\" width=\"1140\" height=\"855\" src=\"https:\/\/autorai.nl\/wp-content\/uploads\/2023\/06\/Renault-5-8-1140x855.jpg\" alt=\"\" class=\"wp-image-161919\"><\/figure>\n<h2>Skoda Superb<\/h2>\n<p>Sie k\u00f6nnte wieder etwas gr\u00f6\u00dfer sein. Die neue Generation des <a href=\"https:\/\/autorai.nl\/vierde-generatie-skoda-superb-altijd-hybride-nog-groter-en-slimmer\/\" target=\"_blank\" rel=\"noreferrer noopener\">Skoda Superb<\/a> ist noch ger\u00e4umiger als bisher. Es gibt ihn auch als Plug-in-Hybrid mit einer elektrischen Reichweite von bis zu 100 Kilometern. Sie haben die Wahl zwischen einer Schr\u00e4ghecklimousine oder einem ger\u00e4umigen Combi.<\/p>\n<figure class=\"wp-block-image size-content\"><img decoding=\"async\" loading=\"lazy\" width=\"1140\" height=\"641\" src=\"https:\/\/autorai.nl\/wp-content\/uploads\/2023\/11\/skoda-superb-vierde-generatie-foto-25-1140x641.jpg\" alt=\"Skoda Superb\" class=\"wp-image-168948\"><\/figure>\n<h2>Skoda Kodiaq<\/h2>\n<p>Der neue <a href=\"https:\/\/autorai.nl\/nieuwe-kodiaq-aangescherpt-design-en-phev-aandrijflijn\/\" target=\"_blank\" rel=\"noreferrer noopener\">Skoda Kodiaq<\/a> erscheint auch als Plug-in-Hybrid, ebenfalls mit 100 Kilometern elektrischer Reichweite. Dar\u00fcber hinaus verf\u00fcgt der neue Skoda Kodiaq auch \u00fcber die Mild-Hybrid-Technologie. Der PHEV ist nur mit f\u00fcnf Sitzen ausgestattet. Sie wollen sieben Sitze? Dann entscheiden Sie sich f\u00fcr den Mild-Hybrid.<\/p>\n<figure class=\"wp-block-image size-content\"><img decoding=\"async\" loading=\"lazy\" width=\"1140\" height=\"641\" src=\"https:\/\/autorai.nl\/wp-content\/uploads\/2023\/10\/kodiaq-selection-suite-rq.png-v007-1140x641.jpg\" alt=\"Skoda Kodiaq\" class=\"wp-image-167420\"><\/figure>\n<h2>Suzuki Swift<\/h2>\n<p>Im Jahr 2024 ist es Zeit f\u00fcr eine neue Generation des <a href=\"https:\/\/autorai.nl\/dit-is-de-nieuwe-generatie-suzuki-swift-inclusief-interieurfotos\/\" target=\"_blank\" rel=\"noreferrer noopener\">Suzuki Swift<\/a>. Das Auto erh\u00e4lt mehr Luxus und einen Hybrid-Antriebsstrang. In Bezug auf das Design ist der neue Swift eine Weiterentwicklung des aktuellen Modells, das seit M\u00e4rz 2017 auf dem Markt ist.<\/p>\n<figure class=\"wp-block-image size-content\"><img decoding=\"async\" loading=\"lazy\" width=\"1140\" height=\"797\" src=\"https:\/\/autorai.nl\/wp-content\/uploads\/2023\/10\/suzuki-swift-concept-2023-foto4-1140x797.jpg\" alt=\"Suzuki Swift Konzept\" class=\"wp-image-168630\"><\/figure>\n<h2><strong>Toyota C-HR<\/strong><\/h2>\n<p>Sch\u00f6n und auffallend, nicht wahr? Der neue <a href=\"https:\/\/autorai.nl\/volledig-nieuwe-toyota-c-hr-heeft-een-prijs\/\" target=\"_blank\" rel=\"noreferrer noopener\">Toyota C-HR<\/a> ist eine k\u00fchne Kreation. Er kommt mit drei elektrifizierten Antriebsstr\u00e4ngen in die Niederlande: einem 1,8- und 2,0-Liter-Hybrid und einem 2,0-Liter-Plug-in-Hybrid-Elektroantrieb (PHEV). Dieser Plug-in-Hybrid hat eine Leistung von nicht weniger als 223 PS.<\/p>\n<figure class=\"wp-block-image size-full\"><img decoding=\"async\" loading=\"lazy\" width=\"2559\" height=\"1697\" src=\"https:\/\/autorai.nl\/wp-content\/uploads\/2023\/11\/toyota-c-hr-2024.jpg\" alt=\"Toyota C-HR\" class=\"wp-image-169247\"><\/figure>\n<h2>Toyota Land Cruiser<\/h2>\n<p>Ein Toyota von ganz anderem Kaliber ist die <a href=\"https:\/\/autorai.nl\/toyota-land-cruiser-2023-onthulling\/\" target=\"_blank\" rel=\"noreferrer noopener\">neue Generation des Land Cruiser<\/a>. V\u00f6llig neu, sch\u00f6n und robust und auch historisch korrekt gestaltet. Ein Mild-Hybrid-Diesel wird im Jahr 2025 erscheinen. Im Jahr 2024 geht Toyota mit einem 2,8-Liter-Diesel mit 204 PS an den Start. Er kann bis zu 3.500 Kilogramm gebremst ziehen.<\/p>\n<\/p>\n<figure class=\"wp-block-embed is-type-video is-provider-youtube wp-block-embed-youtube wp-embed-aspect-16-9 wp-has-aspect-ratio\">\n<div class=\"wp-block-embed__wrapper\">\n<\/div>\n<\/figure>\n<h2>VW Tiguan<\/h2>\n<p>Die neue Generation des <a href=\"https:\/\/autorai.nl\/dit-is-de-gloednieuwe-volkwagen-tiguan\/\" target=\"_blank\" rel=\"noreferrer noopener\">Volkswagen Tiguan<\/a> wird ebenfalls im Jahr 2024 deb\u00fctieren. Er ist wieder etwas schlauer als zuvor, ger\u00e4umiger und als 130 und 150 PS starker Mild-Hybrid oder als 204 und 272 PS starker Plug-in-Hybrid erh\u00e4ltlich. Der PHEV kann bis zu etwa 100 Kilometer rein elektrisch fahren.<\/p>\n<figure class=\"wp-block-image size-content\"><img decoding=\"async\" loading=\"lazy\" width=\"1140\" height=\"760\" src=\"https:\/\/autorai.nl\/wp-content\/uploads\/2023\/09\/tiguan11-1140x760.jpg\" alt=\"VW Tiguan\" class=\"wp-image-166802\"><\/figure>\n<h2>VW Passat<\/h2>\n<p>Den <a href=\"https:\/\/autorai.nl\/volkswagen-passat-variant-2024\/\" target=\"_blank\" rel=\"noreferrer noopener\">Volkswagen Passat<\/a> der neunten Generation gibt es nur als Variant. Dieses Modell wird der erste Volkswagen sein, der auf der neuen MQB Evo-Plattform gebaut wird. Volkswagen bietet den neuen Passat Variant in zwei PHEV-Varianten, sogenannten eHybriden, an. Die Basisversion verf\u00fcgt \u00fcber eine Systemleistung von 204 PS und die Topversion \u00fcber 272 PS. Die EV-Reichweite liegt bei 100 Kilometern.<\/p>\n<figure class=\"wp-block-image size-content\"><img decoding=\"async\" loading=\"lazy\" width=\"1140\" height=\"761\" src=\"https:\/\/autorai.nl\/wp-content\/uploads\/2023\/08\/volkswagen-passat-variant-2024-foto89-1140x761.jpg\" alt=\"Volkswagen Passat Variant\" class=\"wp-image-165478\"><\/figure>\n<h2>Volvo EX30<\/h2>\n<p>Der interessanteste neue Volvo seit Jahren: das ist der <a href=\"https:\/\/autorai.nl\/volvo-ex30-alle-details-prijzen\/\" target=\"_blank\" rel=\"noreferrer noopener\">Volvo EX30<\/a>. Vollst\u00e4ndig elektrisch und erstaunlich zug\u00e4nglich. Es gibt ihn als Single Motor mit 272 PS und 344 Kilometern Reichweite, als Single Motor Extended Range, ebenfalls mit 272 PS, aber mit 480 Kilometern Reichweite und als Twin Motor Performance mit 428 PS und einer Reichweite von 460 Kilometern. Im Jahr 2024 wird der EX30 auch in einer Cross Country-Variante erh\u00e4ltlich sein.<\/p>\n<figure class=\"wp-block-image size-content\"><img decoding=\"async\" loading=\"lazy\" width=\"1140\" height=\"1018\" src=\"https:\/\/autorai.nl\/wp-content\/uploads\/2023\/06\/313323_Volvo_EX30_exterior-1140x1018.jpg\" alt=\"Volvo EX30\" class=\"wp-image-160549\"><\/figure>\n<h2>Volvo EX90<\/h2>\n<p>Aufgrund einiger Software-Probleme hat es eine Weile gedauert, aber 2024 wird endlich mit der Auslieferung des elektrischen <a href=\"https:\/\/autorai.nl\/volvo-ex90-een-stuk-goedkoper-hoe-kan-dat\/\" target=\"_blank\" rel=\"noreferrer noopener\">Volvo EX90<\/a> begonnen. Der Single Motor ist mit einem Elektromotor an der Hinterachse ausgestattet, der eine Leistung von 279 PS hat. Die Batteriekapazit\u00e4t betr\u00e4gt 104 kWh und reicht f\u00fcr eine Reichweite von 580 Kilometern. Volvo bietet das Modell auch als Twin Motor und Twin Motor Performance an.<\/p>\n<figure class=\"wp-block-image size-content\"><img decoding=\"async\" loading=\"lazy\" width=\"1140\" height=\"855\" src=\"https:\/\/autorai.nl\/wp-content\/uploads\/2023\/07\/volvo-ex90-2023-basis-foto3-1140x855.jpg\" alt=\"Volvo EX90\" class=\"wp-image-162366\"><\/figure>\n<h2>Welches ist Ihr Favorit?<\/h2>\n<p>Und sie waren es bereits: 30 neue Autos kommen im Jahr 2024 auf den Markt. Nat\u00fcrlich werden noch viele weitere neue Modelle in die Niederlande kommen. Denken Sie an den Zeekr 001, eine neue Generation des Dacia Duster, den Renault Rafale, den Smart #3, den Lancia Ypsilon und so weiter. Welches Auto ist Ihr absoluter Favorit? M\u00f6chten Sie diesen Artikel lieber in Videoform erleben? Dann sehen Sie sich das Video unten an!<\/p>\n<h2>Diese 30 neuen Autos kommen im Jahr 2024 in die Niederlande! &#8211; AutoRAI TV<\/h2>\n<\/p>\n<figure class=\"wp-block-embed is-type-video is-provider-youtube wp-block-embed-youtube wp-embed-aspect-16-9 wp-has-aspect-ratio\">\n<div class=\"wp-block-embed__wrapper\">\n<\/div>\n<\/figure>\n","protected":false},"excerpt":{"rendered":"Audi Q6 e-tron Der Audi Q6 e-tron ist der erste elektrisch angetriebene Audi auf der neuen PPE-Plattform. PPE steht f\u00fcr&hellip;","protected":false},"author":0,"featured_media":140479,"comment_status":"","ping_status":"open","sticky":false,"template":"","format":"standard","meta":{"footnotes":""},"categories":[125],"tags":[],"class_list":["post-140496","post","type-post","status-publish","format-standard","has-post-thumbnail","hentry","category-auto-nachrichten"],"acf":[],"yoast_head":"<!-- This site is optimized with the Yoast SEO plugin v21.2 - https:\/\/yoast.com\/wordpress\/plugins\/seo\/ -->\n<title>Diese 30 neuen Autos werden 2024 in den Niederlanden auf den Markt kommen - All cars news<\/title>\n<meta name=\"robots\" content=\"index, follow, max-snippet:-1, max-image-preview:large, max-video-preview:-1\" \/>\n<link rel=\"canonical\" href=\"https:\/\/all-car-news.com\/de\/diese-30-neuen-autos-werden-2024-in-den-niederlanden-auf-den-markt-kommen\/\" \/>\n<meta property=\"og:locale\" content=\"de_DE\" \/>\n<meta property=\"og:type\" content=\"article\" \/>\n<meta property=\"og:title\" content=\"Diese 30 neuen Autos werden 2024 in den Niederlanden auf den Markt kommen - All cars news\" \/>\n<meta property=\"og:description\" content=\"Audi Q6 e-tron Der Audi Q6 e-tron ist der erste elektrisch angetriebene Audi auf der neuen PPE-Plattform. PPE steht f\u00fcr Premium Platform Electric und ist die Basis f\u00fcr mehrere EV-Modelle innerhalb des Volkswagen Konzerns. Einzigartig f\u00fcr den Q6 e-tron ist die digitale OLED-Technologie der zweiten Generation, eine neue Form der intelligenten Beleuchtung. Audi [...]\" \/>\n<meta property=\"og:url\" content=\"https:\/\/all-car-news.com\/de\/diese-30-neuen-autos-werden-2024-in-den-niederlanden-auf-den-markt-kommen\/\" \/>\n<meta property=\"og:site_name\" content=\"All cars news\" \/>\n<meta property=\"article:published_time\" content=\"2023-11-13T07:52:11+00:00\" \/>\n<meta property=\"og:image\" content=\"https:\/\/autorai.nl\/wp-content\/uploads\/2023\/07\/audi-q6-e-tron-prototype-foto11-1140x760.jpg\" \/>\n<meta name=\"twitter:card\" content=\"summary_large_image\" \/>\n<meta name=\"twitter:label1\" content=\"Gesch\u00e4tzte Lesezeit\" \/>\n\t<meta name=\"twitter:data1\" content=\"8\u00a0Minuten\" \/>\n<script type=\"application\/ld+json\" class=\"yoast-schema-graph\">{\"@context\":\"https:\/\/schema.org\",\"@graph\":[{\"@type\":\"Article\",\"@id\":\"https:\/\/all-car-news.com\/de\/diese-30-neuen-autos-werden-2024-in-den-niederlanden-auf-den-markt-kommen\/#article\",\"isPartOf\":{\"@id\":\"https:\/\/all-car-news.com\/de\/diese-30-neuen-autos-werden-2024-in-den-niederlanden-auf-den-markt-kommen\/\"},\"author\":{\"name\":\"\",\"@id\":\"\"},\"headline\":\"Diese 30 neuen Autos werden 2024 in den Niederlanden auf den Markt kommen\",\"datePublished\":\"2023-11-13T07:52:11+00:00\",\"dateModified\":\"2023-11-13T07:52:11+00:00\",\"mainEntityOfPage\":{\"@id\":\"https:\/\/all-car-news.com\/de\/diese-30-neuen-autos-werden-2024-in-den-niederlanden-auf-den-markt-kommen\/\"},\"wordCount\":1559,\"publisher\":{\"@id\":\"https:\/\/all-car-news.com\/de\/#organization\"},\"articleSection\":[\"Auto Nachrichten\"],\"inLanguage\":\"de\"},{\"@type\":\"WebPage\",\"@id\":\"https:\/\/all-car-news.com\/de\/diese-30-neuen-autos-werden-2024-in-den-niederlanden-auf-den-markt-kommen\/\",\"url\":\"https:\/\/all-car-news.com\/de\/diese-30-neuen-autos-werden-2024-in-den-niederlanden-auf-den-markt-kommen\/\",\"name\":\"Diese 30 neuen Autos werden 2024 in den Niederlanden auf den Markt kommen - All cars news\",\"isPartOf\":{\"@id\":\"https:\/\/all-car-news.com\/de\/#website\"},\"datePublished\":\"2023-11-13T07:52:11+00:00\",\"dateModified\":\"2023-11-13T07:52:11+00:00\",\"breadcrumb\":{\"@id\":\"https:\/\/all-car-news.com\/de\/diese-30-neuen-autos-werden-2024-in-den-niederlanden-auf-den-markt-kommen\/#breadcrumb\"},\"inLanguage\":\"de\",\"potentialAction\":[{\"@type\":\"ReadAction\",\"target\":[\"https:\/\/all-car-news.com\/de\/diese-30-neuen-autos-werden-2024-in-den-niederlanden-auf-den-markt-kommen\/\"]}]},{\"@type\":\"BreadcrumbList\",\"@id\":\"https:\/\/all-car-news.com\/de\/diese-30-neuen-autos-werden-2024-in-den-niederlanden-auf-den-markt-kommen\/#breadcrumb\",\"itemListElement\":[{\"@type\":\"ListItem\",\"position\":1,\"name\":\"Home\",\"item\":\"https:\/\/all-car-news.com\/de\/\"},{\"@type\":\"ListItem\",\"position\":2,\"name\":\"Diese 30 neuen Autos werden 2024 in den Niederlanden auf den Markt kommen\"}]},{\"@type\":\"WebSite\",\"@id\":\"https:\/\/all-car-news.com\/de\/#website\",\"url\":\"https:\/\/all-car-news.com\/de\/\",\"name\":\"All cars news\",\"description\":\"\",\"publisher\":{\"@id\":\"https:\/\/all-car-news.com\/de\/#organization\"},\"potentialAction\":[{\"@type\":\"SearchAction\",\"target\":{\"@type\":\"EntryPoint\",\"urlTemplate\":\"https:\/\/all-car-news.com\/de\/?s={search_term_string}\"},\"query-input\":\"required name=search_term_string\"}],\"inLanguage\":\"de\"},{\"@type\":\"Organization\",\"@id\":\"https:\/\/all-car-news.com\/de\/#organization\",\"name\":\"All cars news\",\"url\":\"https:\/\/all-car-news.com\/de\/\",\"logo\":{\"@type\":\"ImageObject\",\"inLanguage\":\"de\",\"@id\":\"https:\/\/all-car-news.com\/de\/#\/schema\/logo\/image\/\",\"url\":\"https:\/\/all-car-news.com\/wp-content\/uploads\/2022\/02\/CMYK-AllCarNews_LANDSCAPE_300px-1.png\",\"contentUrl\":\"https:\/\/all-car-news.com\/wp-content\/uploads\/2022\/02\/CMYK-AllCarNews_LANDSCAPE_300px-1.png\",\"width\":300,\"height\":100,\"caption\":\"All cars news\"},\"image\":{\"@id\":\"https:\/\/all-car-news.com\/de\/#\/schema\/logo\/image\/\"}}]}<\/script>\n<!-- \/ Yoast SEO plugin. -->","yoast_head_json":{"title":"Diese 30 neuen Autos werden 2024 in den Niederlanden auf den Markt kommen - All cars news","robots":{"index":"index","follow":"follow","max-snippet":"max-snippet:-1","max-image-preview":"max-image-preview:large","max-video-preview":"max-video-preview:-1"},"canonical":"https:\/\/all-car-news.com\/de\/diese-30-neuen-autos-werden-2024-in-den-niederlanden-auf-den-markt-kommen\/","og_locale":"de_DE","og_type":"article","og_title":"Diese 30 neuen Autos werden 2024 in den Niederlanden auf den Markt kommen - All cars news","og_description":"Audi Q6 e-tron Der Audi Q6 e-tron ist der erste elektrisch angetriebene Audi auf der neuen PPE-Plattform. PPE steht f\u00fcr Premium Platform Electric und ist die Basis f\u00fcr mehrere EV-Modelle innerhalb des Volkswagen Konzerns. Einzigartig f\u00fcr den Q6 e-tron ist die digitale OLED-Technologie der zweiten Generation, eine neue Form der intelligenten Beleuchtung. Audi [...]","og_url":"https:\/\/all-car-news.com\/de\/diese-30-neuen-autos-werden-2024-in-den-niederlanden-auf-den-markt-kommen\/","og_site_name":"All cars news","article_published_time":"2023-11-13T07:52:11+00:00","og_image":[{"url":"https:\/\/autorai.nl\/wp-content\/uploads\/2023\/07\/audi-q6-e-tron-prototype-foto11-1140x760.jpg"}],"twitter_card":"summary_large_image","twitter_misc":{"Gesch\u00e4tzte Lesezeit":"8\u00a0Minuten"},"schema":{"@context":"https:\/\/schema.org","@graph":[{"@type":"Article","@id":"https:\/\/all-car-news.com\/de\/diese-30-neuen-autos-werden-2024-in-den-niederlanden-auf-den-markt-kommen\/#article","isPartOf":{"@id":"https:\/\/all-car-news.com\/de\/diese-30-neuen-autos-werden-2024-in-den-niederlanden-auf-den-markt-kommen\/"},"author":{"name":"","@id":""},"headline":"Diese 30 neuen Autos werden 2024 in den Niederlanden auf den Markt kommen","datePublished":"2023-11-13T07:52:11+00:00","dateModified":"2023-11-13T07:52:11+00:00","mainEntityOfPage":{"@id":"https:\/\/all-car-news.com\/de\/diese-30-neuen-autos-werden-2024-in-den-niederlanden-auf-den-markt-kommen\/"},"wordCount":1559,"publisher":{"@id":"https:\/\/all-car-news.com\/de\/#organization"},"articleSection":["Auto Nachrichten"],"inLanguage":"de"},{"@type":"WebPage","@id":"https:\/\/all-car-news.com\/de\/diese-30-neuen-autos-werden-2024-in-den-niederlanden-auf-den-markt-kommen\/","url":"https:\/\/all-car-news.com\/de\/diese-30-neuen-autos-werden-2024-in-den-niederlanden-auf-den-markt-kommen\/","name":"Diese 30 neuen Autos werden 2024 in den Niederlanden auf den Markt kommen - All cars news","isPartOf":{"@id":"https:\/\/all-car-news.com\/de\/#website"},"datePublished":"2023-11-13T07:52:11+00:00","dateModified":"2023-11-13T07:52:11+00:00","breadcrumb":{"@id":"https:\/\/all-car-news.com\/de\/diese-30-neuen-autos-werden-2024-in-den-niederlanden-auf-den-markt-kommen\/#breadcrumb"},"inLanguage":"de","potentialAction":[{"@type":"ReadAction","target":["https:\/\/all-car-news.com\/de\/diese-30-neuen-autos-werden-2024-in-den-niederlanden-auf-den-markt-kommen\/"]}]},{"@type":"BreadcrumbList","@id":"https:\/\/all-car-news.com\/de\/diese-30-neuen-autos-werden-2024-in-den-niederlanden-auf-den-markt-kommen\/#breadcrumb","itemListElement":[{"@type":"ListItem","position":1,"name":"Home","item":"https:\/\/all-car-news.com\/de\/"},{"@type":"ListItem","position":2,"name":"Diese 30 neuen Autos werden 2024 in den Niederlanden auf den Markt kommen"}]},{"@type":"WebSite","@id":"https:\/\/all-car-news.com\/de\/#website","url":"https:\/\/all-car-news.com\/de\/","name":"All cars news","description":"","publisher":{"@id":"https:\/\/all-car-news.com\/de\/#organization"},"potentialAction":[{"@type":"SearchAction","target":{"@type":"EntryPoint","urlTemplate":"https:\/\/all-car-news.com\/de\/?s={search_term_string}"},"query-input":"required name=search_term_string"}],"inLanguage":"de"},{"@type":"Organization","@id":"https:\/\/all-car-news.com\/de\/#organization","name":"All cars news","url":"https:\/\/all-car-news.com\/de\/","logo":{"@type":"ImageObject","inLanguage":"de","@id":"https:\/\/all-car-news.com\/de\/#\/schema\/logo\/image\/","url":"https:\/\/all-car-news.com\/wp-content\/uploads\/2022\/02\/CMYK-AllCarNews_LANDSCAPE_300px-1.png","contentUrl":"https:\/\/all-car-news.com\/wp-content\/uploads\/2022\/02\/CMYK-AllCarNews_LANDSCAPE_300px-1.png","width":300,"height":100,"caption":"All cars news"},"image":{"@id":"https:\/\/all-car-news.com\/de\/#\/schema\/logo\/image\/"}}]}},"_links":{"self":[{"href":"https:\/\/all-car-news.com\/de\/wp-json\/wp\/v2\/posts\/140496","targetHints":{"allow":["GET"]}}],"collection":[{"href":"https:\/\/all-car-news.com\/de\/wp-json\/wp\/v2\/posts"}],"about":[{"href":"https:\/\/all-car-news.com\/de\/wp-json\/wp\/v2\/types\/post"}],"replies":[{"embeddable":true,"href":"https:\/\/all-car-news.com\/de\/wp-json\/wp\/v2\/comments?post=140496"}],"version-history":[{"count":0,"href":"https:\/\/all-car-news.com\/de\/wp-json\/wp\/v2\/posts\/140496\/revisions"}],"wp:featuredmedia":[{"embeddable":true,"href":"https:\/\/all-car-news.com\/de\/wp-json\/wp\/v2\/media\/140479"}],"wp:attachment":[{"href":"https:\/\/all-car-news.com\/de\/wp-json\/wp\/v2\/media?parent=140496"}],"wp:term":[{"taxonomy":"category","embeddable":true,"href":"https:\/\/all-car-news.com\/de\/wp-json\/wp\/v2\/categories?post=140496"},{"taxonomy":"post_tag","embeddable":true,"href":"https:\/\/all-car-news.com\/de\/wp-json\/wp\/v2\/tags?post=140496"}],"curies":[{"name":"wp","href":"https:\/\/api.w.org\/{rel}","templated":true}]}}