{"id":140156,"date":"2023-10-26T08:04:27","date_gmt":"2023-10-26T08:04:27","guid":{"rendered":"https:\/\/all-car-news.com\/das-ist-die-neue-generation-des-suzuki-swift-einschliesslich-innenaufnahmen\/"},"modified":"2023-10-26T08:04:27","modified_gmt":"2023-10-26T08:04:27","slug":"das-ist-die-neue-generation-des-suzuki-swift-einschliesslich-innenaufnahmen","status":"publish","type":"post","link":"https:\/\/all-car-news.com\/de\/das-ist-die-neue-generation-des-suzuki-swift-einschliesslich-innenaufnahmen\/","title":{"rendered":"Das ist die neue Generation des Suzuki Swift, einschlie\u00dflich Innenaufnahmen"},"content":{"rendered":"<h2>Neue Fahrerassistenzsysteme f\u00fcr den Suzuki Swift<\/h2>\n<p>Sehr viele Informationen gibt Suzuki \u00fcber das Modell noch nicht heraus, au\u00dfer dass es mit einer Vielzahl von Fahrerassistenzsystemen ausgestattet ist, wie z.B. einem Kollisionsschutzsystem (DSBSII), AHS und DMS. DSBSII ist eine Abk\u00fcrzung f\u00fcr Dual Sensor Brake Support II, w\u00e4hrend AHS f\u00fcr Adaptive High Beam System steht. DMS schlie\u00dflich steht f\u00fcr Driver Monitoring System.<\/p>\n<h2>Hybrid-Antriebsstrang<\/h2>\n<p>Suzuki spricht von einem &#8222;hocheffizienten Motor mit einem ausgewogenen Verh\u00e4ltnis zwischen Fahrleistung und Kraftstoffeffizienz&#8220;. Das Fahrzeug wird mit einem Hybridantrieb ausgestattet sein. Die Innenraumfotos zeigen einen Schalthebel, wie wir ihn auch von Toyota kennen. M\u00f6glicherweise wird der neue Swift also die Hybridtechnologie von Toyota erhalten. Dar\u00fcber hinaus entdecken wir im Innenraum zwei USB-C-Ladepunkte, ein teilweise digitales Kombiinstrument und einen gro\u00dfen Touchscreen mit Suzukis neuer Infotainment-Software und Unterst\u00fctzung f\u00fcr Apple CarPlay und Android Auto.<\/p>\n<p>Die Markteinf\u00fchrung des Modells ist f\u00fcr das Jahr 2024 vorgesehen. Die aktuelle Generation des Swift ist seit M\u00e4rz 2017 in Europa erh\u00e4ltlich.<\/p>\n<figure class=\"wp-block-image size-content\"><img decoding=\"async\" loading=\"lazy\" width=\"1140\" height=\"812\" src=\"https:\/\/autorai.nl\/wp-content\/uploads\/2023\/10\/suzuki-swift-concept-2023-foto2-1140x812.jpg\" alt=\"Suzuki Swift Konzept\" class=\"wp-image-168628\"><\/figure>\n<figure class=\"wp-block-image size-content\"><img decoding=\"async\" loading=\"lazy\" width=\"1140\" height=\"797\" src=\"https:\/\/autorai.nl\/wp-content\/uploads\/2023\/10\/suzuki-swift-concept-2023-foto1-1140x797.jpg\" alt=\"Suzuki Swift Konzept\" class=\"wp-image-168627\"><\/figure>\n<figure class=\"wp-block-image size-content\"><img decoding=\"async\" loading=\"lazy\" width=\"1140\" height=\"797\" src=\"https:\/\/autorai.nl\/wp-content\/uploads\/2023\/10\/suzuki-swift-concept-2023-foto4-1140x797.jpg\" alt=\"Suzuki Swift Konzept\" class=\"wp-image-168630\"><\/figure>\n","protected":false},"excerpt":{"rendered":"Neue Fahrassistenzsysteme f\u00fcr den Suzuki Swift Bisher hat Suzuki nur wenige Informationen \u00fcber das Modell ver\u00f6ffentlicht, au\u00dfer dass es mit&hellip;","protected":false},"author":0,"featured_media":140112,"comment_status":"","ping_status":"open","sticky":false,"template":"","format":"standard","meta":{"footnotes":""},"categories":[125],"tags":[],"class_list":["post-140156","post","type-post","status-publish","format-standard","has-post-thumbnail","hentry","category-auto-nachrichten"],"acf":[],"yoast_head":"<!-- This site is optimized with the Yoast SEO plugin v21.2 - https:\/\/yoast.com\/wordpress\/plugins\/seo\/ -->\n<title>Das ist die neue Generation des Suzuki Swift, einschlie\u00dflich Innenaufnahmen - All cars news<\/title>\n<meta name=\"robots\" content=\"index, follow, max-snippet:-1, max-image-preview:large, max-video-preview:-1\" \/>\n<link rel=\"canonical\" href=\"https:\/\/all-car-news.com\/de\/das-ist-die-neue-generation-des-suzuki-swift-einschliesslich-innenaufnahmen\/\" \/>\n<meta property=\"og:locale\" content=\"de_DE\" \/>\n<meta property=\"og:type\" content=\"article\" \/>\n<meta property=\"og:title\" content=\"Das ist die neue Generation des Suzuki Swift, einschlie\u00dflich Innenaufnahmen - All cars news\" \/>\n<meta property=\"og:description\" content=\"Neue Fahrassistenzsysteme f\u00fcr den Suzuki Swift Bisher hat Suzuki nur wenige Informationen \u00fcber das Modell ver\u00f6ffentlicht, au\u00dfer dass es mit einer Reihe von Fahrassistenzsystemen ausgestattet ist, wie z.B. einem Kollisionsschutzsystem (DSBSII), AHS und DMS. DSBSII ist eine Abk\u00fcrzung f\u00fcr Dual Sensor Brake Support II, w\u00e4hrend AHS f\u00fcr Adaptive High Beam System steht. Schlie\u00dflich, [...]\" \/>\n<meta property=\"og:url\" content=\"https:\/\/all-car-news.com\/de\/das-ist-die-neue-generation-des-suzuki-swift-einschliesslich-innenaufnahmen\/\" \/>\n<meta property=\"og:site_name\" content=\"All cars news\" \/>\n<meta property=\"article:published_time\" content=\"2023-10-26T08:04:27+00:00\" \/>\n<meta property=\"og:image\" content=\"https:\/\/autorai.nl\/wp-content\/uploads\/2023\/10\/suzuki-swift-concept-2023-foto2-1140x812.jpg\" \/>\n<meta name=\"twitter:card\" content=\"summary_large_image\" \/>\n<meta name=\"twitter:label1\" content=\"Gesch\u00e4tzte Lesezeit\" \/>\n\t<meta name=\"twitter:data1\" content=\"1\u00a0Minute\" \/>\n<script type=\"application\/ld+json\" class=\"yoast-schema-graph\">{\"@context\":\"https:\/\/schema.org\",\"@graph\":[{\"@type\":\"Article\",\"@id\":\"https:\/\/all-car-news.com\/de\/das-ist-die-neue-generation-des-suzuki-swift-einschliesslich-innenaufnahmen\/#article\",\"isPartOf\":{\"@id\":\"https:\/\/all-car-news.com\/de\/das-ist-die-neue-generation-des-suzuki-swift-einschliesslich-innenaufnahmen\/\"},\"author\":{\"name\":\"\",\"@id\":\"\"},\"headline\":\"Das ist die neue Generation des Suzuki Swift, einschlie\u00dflich Innenaufnahmen\",\"datePublished\":\"2023-10-26T08:04:27+00:00\",\"dateModified\":\"2023-10-26T08:04:27+00:00\",\"mainEntityOfPage\":{\"@id\":\"https:\/\/all-car-news.com\/de\/das-ist-die-neue-generation-des-suzuki-swift-einschliesslich-innenaufnahmen\/\"},\"wordCount\":184,\"publisher\":{\"@id\":\"https:\/\/all-car-news.com\/de\/#organization\"},\"articleSection\":[\"Auto Nachrichten\"],\"inLanguage\":\"de\"},{\"@type\":\"WebPage\",\"@id\":\"https:\/\/all-car-news.com\/de\/das-ist-die-neue-generation-des-suzuki-swift-einschliesslich-innenaufnahmen\/\",\"url\":\"https:\/\/all-car-news.com\/de\/das-ist-die-neue-generation-des-suzuki-swift-einschliesslich-innenaufnahmen\/\",\"name\":\"Das ist die neue Generation des Suzuki Swift, einschlie\u00dflich Innenaufnahmen - All cars news\",\"isPartOf\":{\"@id\":\"https:\/\/all-car-news.com\/de\/#website\"},\"datePublished\":\"2023-10-26T08:04:27+00:00\",\"dateModified\":\"2023-10-26T08:04:27+00:00\",\"breadcrumb\":{\"@id\":\"https:\/\/all-car-news.com\/de\/das-ist-die-neue-generation-des-suzuki-swift-einschliesslich-innenaufnahmen\/#breadcrumb\"},\"inLanguage\":\"de\",\"potentialAction\":[{\"@type\":\"ReadAction\",\"target\":[\"https:\/\/all-car-news.com\/de\/das-ist-die-neue-generation-des-suzuki-swift-einschliesslich-innenaufnahmen\/\"]}]},{\"@type\":\"BreadcrumbList\",\"@id\":\"https:\/\/all-car-news.com\/de\/das-ist-die-neue-generation-des-suzuki-swift-einschliesslich-innenaufnahmen\/#breadcrumb\",\"itemListElement\":[{\"@type\":\"ListItem\",\"position\":1,\"name\":\"Home\",\"item\":\"https:\/\/all-car-news.com\/de\/\"},{\"@type\":\"ListItem\",\"position\":2,\"name\":\"Das ist die neue Generation des Suzuki Swift, einschlie\u00dflich Innenaufnahmen\"}]},{\"@type\":\"WebSite\",\"@id\":\"https:\/\/all-car-news.com\/de\/#website\",\"url\":\"https:\/\/all-car-news.com\/de\/\",\"name\":\"All cars news\",\"description\":\"\",\"publisher\":{\"@id\":\"https:\/\/all-car-news.com\/de\/#organization\"},\"potentialAction\":[{\"@type\":\"SearchAction\",\"target\":{\"@type\":\"EntryPoint\",\"urlTemplate\":\"https:\/\/all-car-news.com\/de\/?s={search_term_string}\"},\"query-input\":\"required name=search_term_string\"}],\"inLanguage\":\"de\"},{\"@type\":\"Organization\",\"@id\":\"https:\/\/all-car-news.com\/de\/#organization\",\"name\":\"All cars news\",\"url\":\"https:\/\/all-car-news.com\/de\/\",\"logo\":{\"@type\":\"ImageObject\",\"inLanguage\":\"de\",\"@id\":\"https:\/\/all-car-news.com\/de\/#\/schema\/logo\/image\/\",\"url\":\"https:\/\/all-car-news.com\/wp-content\/uploads\/2022\/02\/CMYK-AllCarNews_LANDSCAPE_300px-1.png\",\"contentUrl\":\"https:\/\/all-car-news.com\/wp-content\/uploads\/2022\/02\/CMYK-AllCarNews_LANDSCAPE_300px-1.png\",\"width\":300,\"height\":100,\"caption\":\"All cars news\"},\"image\":{\"@id\":\"https:\/\/all-car-news.com\/de\/#\/schema\/logo\/image\/\"}}]}<\/script>\n<!-- \/ Yoast SEO plugin. -->","yoast_head_json":{"title":"Das ist die neue Generation des Suzuki Swift, einschlie\u00dflich Innenaufnahmen - All cars news","robots":{"index":"index","follow":"follow","max-snippet":"max-snippet:-1","max-image-preview":"max-image-preview:large","max-video-preview":"max-video-preview:-1"},"canonical":"https:\/\/all-car-news.com\/de\/das-ist-die-neue-generation-des-suzuki-swift-einschliesslich-innenaufnahmen\/","og_locale":"de_DE","og_type":"article","og_title":"Das ist die neue Generation des Suzuki Swift, einschlie\u00dflich Innenaufnahmen - All cars news","og_description":"Neue Fahrassistenzsysteme f\u00fcr den Suzuki Swift Bisher hat Suzuki nur wenige Informationen \u00fcber das Modell ver\u00f6ffentlicht, au\u00dfer dass es mit einer Reihe von Fahrassistenzsystemen ausgestattet ist, wie z.B. einem Kollisionsschutzsystem (DSBSII), AHS und DMS. DSBSII ist eine Abk\u00fcrzung f\u00fcr Dual Sensor Brake Support II, w\u00e4hrend AHS f\u00fcr Adaptive High Beam System steht. Schlie\u00dflich, [...]","og_url":"https:\/\/all-car-news.com\/de\/das-ist-die-neue-generation-des-suzuki-swift-einschliesslich-innenaufnahmen\/","og_site_name":"All cars news","article_published_time":"2023-10-26T08:04:27+00:00","og_image":[{"url":"https:\/\/autorai.nl\/wp-content\/uploads\/2023\/10\/suzuki-swift-concept-2023-foto2-1140x812.jpg"}],"twitter_card":"summary_large_image","twitter_misc":{"Gesch\u00e4tzte Lesezeit":"1\u00a0Minute"},"schema":{"@context":"https:\/\/schema.org","@graph":[{"@type":"Article","@id":"https:\/\/all-car-news.com\/de\/das-ist-die-neue-generation-des-suzuki-swift-einschliesslich-innenaufnahmen\/#article","isPartOf":{"@id":"https:\/\/all-car-news.com\/de\/das-ist-die-neue-generation-des-suzuki-swift-einschliesslich-innenaufnahmen\/"},"author":{"name":"","@id":""},"headline":"Das ist die neue Generation des Suzuki Swift, einschlie\u00dflich Innenaufnahmen","datePublished":"2023-10-26T08:04:27+00:00","dateModified":"2023-10-26T08:04:27+00:00","mainEntityOfPage":{"@id":"https:\/\/all-car-news.com\/de\/das-ist-die-neue-generation-des-suzuki-swift-einschliesslich-innenaufnahmen\/"},"wordCount":184,"publisher":{"@id":"https:\/\/all-car-news.com\/de\/#organization"},"articleSection":["Auto Nachrichten"],"inLanguage":"de"},{"@type":"WebPage","@id":"https:\/\/all-car-news.com\/de\/das-ist-die-neue-generation-des-suzuki-swift-einschliesslich-innenaufnahmen\/","url":"https:\/\/all-car-news.com\/de\/das-ist-die-neue-generation-des-suzuki-swift-einschliesslich-innenaufnahmen\/","name":"Das ist die neue Generation des Suzuki Swift, einschlie\u00dflich Innenaufnahmen - All cars news","isPartOf":{"@id":"https:\/\/all-car-news.com\/de\/#website"},"datePublished":"2023-10-26T08:04:27+00:00","dateModified":"2023-10-26T08:04:27+00:00","breadcrumb":{"@id":"https:\/\/all-car-news.com\/de\/das-ist-die-neue-generation-des-suzuki-swift-einschliesslich-innenaufnahmen\/#breadcrumb"},"inLanguage":"de","potentialAction":[{"@type":"ReadAction","target":["https:\/\/all-car-news.com\/de\/das-ist-die-neue-generation-des-suzuki-swift-einschliesslich-innenaufnahmen\/"]}]},{"@type":"BreadcrumbList","@id":"https:\/\/all-car-news.com\/de\/das-ist-die-neue-generation-des-suzuki-swift-einschliesslich-innenaufnahmen\/#breadcrumb","itemListElement":[{"@type":"ListItem","position":1,"name":"Home","item":"https:\/\/all-car-news.com\/de\/"},{"@type":"ListItem","position":2,"name":"Das ist die neue Generation des Suzuki Swift, einschlie\u00dflich Innenaufnahmen"}]},{"@type":"WebSite","@id":"https:\/\/all-car-news.com\/de\/#website","url":"https:\/\/all-car-news.com\/de\/","name":"All cars news","description":"","publisher":{"@id":"https:\/\/all-car-news.com\/de\/#organization"},"potentialAction":[{"@type":"SearchAction","target":{"@type":"EntryPoint","urlTemplate":"https:\/\/all-car-news.com\/de\/?s={search_term_string}"},"query-input":"required name=search_term_string"}],"inLanguage":"de"},{"@type":"Organization","@id":"https:\/\/all-car-news.com\/de\/#organization","name":"All cars news","url":"https:\/\/all-car-news.com\/de\/","logo":{"@type":"ImageObject","inLanguage":"de","@id":"https:\/\/all-car-news.com\/de\/#\/schema\/logo\/image\/","url":"https:\/\/all-car-news.com\/wp-content\/uploads\/2022\/02\/CMYK-AllCarNews_LANDSCAPE_300px-1.png","contentUrl":"https:\/\/all-car-news.com\/wp-content\/uploads\/2022\/02\/CMYK-AllCarNews_LANDSCAPE_300px-1.png","width":300,"height":100,"caption":"All cars news"},"image":{"@id":"https:\/\/all-car-news.com\/de\/#\/schema\/logo\/image\/"}}]}},"_links":{"self":[{"href":"https:\/\/all-car-news.com\/de\/wp-json\/wp\/v2\/posts\/140156","targetHints":{"allow":["GET"]}}],"collection":[{"href":"https:\/\/all-car-news.com\/de\/wp-json\/wp\/v2\/posts"}],"about":[{"href":"https:\/\/all-car-news.com\/de\/wp-json\/wp\/v2\/types\/post"}],"replies":[{"embeddable":true,"href":"https:\/\/all-car-news.com\/de\/wp-json\/wp\/v2\/comments?post=140156"}],"version-history":[{"count":0,"href":"https:\/\/all-car-news.com\/de\/wp-json\/wp\/v2\/posts\/140156\/revisions"}],"wp:featuredmedia":[{"embeddable":true,"href":"https:\/\/all-car-news.com\/de\/wp-json\/wp\/v2\/media\/140112"}],"wp:attachment":[{"href":"https:\/\/all-car-news.com\/de\/wp-json\/wp\/v2\/media?parent=140156"}],"wp:term":[{"taxonomy":"category","embeddable":true,"href":"https:\/\/all-car-news.com\/de\/wp-json\/wp\/v2\/categories?post=140156"},{"taxonomy":"post_tag","embeddable":true,"href":"https:\/\/all-car-news.com\/de\/wp-json\/wp\/v2\/tags?post=140156"}],"curies":[{"name":"wp","href":"https:\/\/api.w.org\/{rel}","templated":true}]}}