{"id":139759,"date":"2023-10-12T12:38:08","date_gmt":"2023-10-12T12:38:08","guid":{"rendered":"https:\/\/all-car-news.com\/kia-zeigt-drei-neue-evs\/"},"modified":"2023-10-12T12:38:08","modified_gmt":"2023-10-12T12:38:08","slug":"kia-zeigt-drei-neue-evs","status":"publish","type":"post","link":"https:\/\/all-car-news.com\/de\/kia-zeigt-drei-neue-evs\/","title":{"rendered":"Kia zeigt drei neue EVs"},"content":{"rendered":"<h2>Kia EV3<\/h2>\n<p>Von den drei k\u00fcrzlich vorgestellten Modellen befinden sich zwei noch in der Konzeptphase. Der Kia Concept EV3 ist einer von ihnen. Er ist ein kompakter Elektro-Crossover, der als verkleinerte Version des EV9 betrachtet werden kann. Das Auto hat eine nach vorne gerichtete Windschutzscheibe und ein schr\u00e4ges Dach. Die technischen Daten wurden von der Marke noch nicht ver\u00f6ffentlicht. Der Innenraum bietet eine dezente Ambientebeleuchtung und ein fein gestaltetes Armaturenbrett. Laut Kia sind die Sitze fortschrittlich, ergonomisch und aus umweltfreundlichen Materialien gefertigt.<\/p>\n<figure class=\"wp-block-image size-content\"><img decoding=\"async\" loading=\"lazy\" width=\"1140\" height=\"641\" src=\"https:\/\/autorai.nl\/wp-content\/uploads\/2023\/10\/9conceptev3-ext3-1140x641.jpg\" alt=\"\" class=\"wp-image-167777\"><\/figure>\n<figure class=\"wp-block-image size-content\"><img decoding=\"async\" loading=\"lazy\" width=\"1140\" height=\"641\" src=\"https:\/\/autorai.nl\/wp-content\/uploads\/2023\/10\/8conceptev3-ext2-1140x641.jpg\" alt=\"\" class=\"wp-image-167778\"><\/figure>\n<figure class=\"wp-block-image size-content\"><img decoding=\"async\" loading=\"lazy\" width=\"1140\" height=\"749\" src=\"https:\/\/autorai.nl\/wp-content\/uploads\/2023\/10\/8conceptev3-int1-1140x749.jpg\" alt=\"\" class=\"wp-image-167779\"><\/figure>\n<h2>Kia EV4<\/h2>\n<p>Das Kia Concept EV4 a ist eine sportliche Elektrolimousine. Nach Angaben der Marke steht dieses Modell f\u00fcr Innovation. Er hat eine markante Linienf\u00fchrung und einen sportlichen Look, mit einer stromlinienf\u00f6rmigen Front und einer dynamischen Silhouette. Der Innenraum ist elegant und ger\u00e4umig, mit viel Aufmerksamkeit f\u00fcr den Fahrer. Die Bedienelemente k\u00f6nnen ausgeblendet werden, wenn sie nicht gebraucht werden.  <\/p>\n<figure class=\"wp-block-image size-content\"><img decoding=\"async\" loading=\"lazy\" width=\"1140\" height=\"707\" src=\"https:\/\/autorai.nl\/wp-content\/uploads\/2023\/10\/12conceptev4-ext3-1140x707.jpg\" alt=\"\" class=\"wp-image-167776\"><\/figure>\n<figure class=\"wp-block-image size-content\"><img decoding=\"async\" loading=\"lazy\" width=\"1140\" height=\"707\" src=\"https:\/\/autorai.nl\/wp-content\/uploads\/2023\/10\/10conceptev4-ext1-1140x707.jpg\" alt=\"\" class=\"wp-image-167775\"><\/figure>\n<figure class=\"wp-block-image size-content\"><img decoding=\"async\" loading=\"lazy\" width=\"1140\" height=\"758\" src=\"https:\/\/autorai.nl\/wp-content\/uploads\/2023\/10\/14conceptev4-int2-1140x758.jpg\" alt=\"\" class=\"wp-image-167780\"><\/figure>\n<h2>Kia EV5<\/h2>\n<p>Der Kia EV5 ist ein elektrischer Gel\u00e4ndewagen, der jetzt das Konzeptstadium hinter sich gelassen hat. Die Fotos zeigen es in der Produktionsform. Auch dieses Modell lehnt sich stark an das Design des EV9 an. Er ist laut Kia speziell f\u00fcr Familien der Millennials konzipiert. Das Fahrzeug basiert auf Kias spezieller EV-Plattform namens E-GMP und ist in verschiedenen Konfigurationen mit Batteriepaketen von 64 kWh bis 88 kWh erh\u00e4ltlich. Die Leistung reicht von 218 bis 313 PS. Die Reichweite ist noch nicht bekannt.<\/p>\n<figure class=\"wp-block-image size-content\"><img decoding=\"async\" loading=\"lazy\" width=\"1140\" height=\"707\" src=\"https:\/\/autorai.nl\/wp-content\/uploads\/2023\/10\/1ev5-ext1-1140x707.jpg\" alt=\"\" class=\"wp-image-167772\"><\/figure>\n<figure class=\"wp-block-image size-content\"><img decoding=\"async\" loading=\"lazy\" width=\"1140\" height=\"707\" src=\"https:\/\/autorai.nl\/wp-content\/uploads\/2023\/10\/3ev5-ext3-1-1140x707.jpg\" alt=\"\" class=\"wp-image-167773\"><\/figure>\n<p>Im Inneren des EV5 befindet sich ein aufger\u00e4umtes Armaturenbrett mit einem gro\u00dfen Widescreen-Display. Der Innenraum ist nach Angaben der Marke auf Komfort und Zweckm\u00e4\u00dfigkeit ausgelegt, mit verstellbaren Sitzen sowie Massage- und Komfortfunktionen. Die R\u00fcckbank kann komplett flach gelegt werden, um einen Schlafbereich zu schaffen, und es gibt sogar eine K\u00fchl- und Heizeinheit f\u00fcr Getr\u00e4nke und Snacks. Eine vielseitige, so genannte Multi Table Hutablage kann in einen Tisch umgewandelt werden, um zus\u00e4tzlichen Komfort zu bieten.<\/p>\n<figure class=\"wp-block-image size-content\"><img decoding=\"async\" loading=\"lazy\" width=\"1140\" height=\"679\" src=\"https:\/\/autorai.nl\/wp-content\/uploads\/2023\/10\/6ev5-int2-1140x679.jpg\" alt=\"\" class=\"wp-image-167774\"><\/figure><\/p>\n","protected":false},"excerpt":{"rendered":"Kia EV3 Von den drei k\u00fcrzlich vorgestellten Modellen befinden sich zwei noch in der Konzeptphase. Der Kia Concept EV3 ist&hellip;","protected":false},"author":0,"featured_media":139737,"comment_status":"","ping_status":"open","sticky":false,"template":"","format":"standard","meta":{"footnotes":""},"categories":[125],"tags":[],"class_list":["post-139759","post","type-post","status-publish","format-standard","has-post-thumbnail","hentry","category-auto-nachrichten"],"acf":[],"yoast_head":"<!-- This site is optimized with the Yoast SEO plugin v21.2 - https:\/\/yoast.com\/wordpress\/plugins\/seo\/ -->\n<title>Kia zeigt drei neue EVs - All cars news<\/title>\n<meta name=\"robots\" content=\"index, follow, max-snippet:-1, max-image-preview:large, max-video-preview:-1\" \/>\n<link rel=\"canonical\" href=\"https:\/\/all-car-news.com\/de\/kia-zeigt-drei-neue-evs\/\" \/>\n<meta property=\"og:locale\" content=\"de_DE\" \/>\n<meta property=\"og:type\" content=\"article\" \/>\n<meta property=\"og:title\" content=\"Kia zeigt drei neue EVs - All cars news\" \/>\n<meta property=\"og:description\" content=\"Kia EV3 Von den drei k\u00fcrzlich vorgestellten Modellen befinden sich zwei noch in der Konzeptphase. Der Kia Concept EV3 ist einer von ihnen. Er ist ein kompakter Elektro-Crossover, der als verkleinerte Version des EV9 betrachtet werden kann. Das Auto hat eine nach vorne gerichtete Windschutzscheibe und ein schr\u00e4ges Dach. Das [\u2026]\" \/>\n<meta property=\"og:url\" content=\"https:\/\/all-car-news.com\/de\/kia-zeigt-drei-neue-evs\/\" \/>\n<meta property=\"og:site_name\" content=\"All cars news\" \/>\n<meta property=\"article:published_time\" content=\"2023-10-12T12:38:08+00:00\" \/>\n<meta property=\"og:image\" content=\"https:\/\/autorai.nl\/wp-content\/uploads\/2023\/10\/9conceptev3-ext3-1140x641.jpg\" \/>\n<meta name=\"twitter:card\" content=\"summary_large_image\" \/>\n<meta name=\"twitter:label1\" content=\"Gesch\u00e4tzte Lesezeit\" \/>\n\t<meta name=\"twitter:data1\" content=\"2\u00a0Minuten\" \/>\n<script type=\"application\/ld+json\" class=\"yoast-schema-graph\">{\"@context\":\"https:\/\/schema.org\",\"@graph\":[{\"@type\":\"Article\",\"@id\":\"https:\/\/all-car-news.com\/de\/kia-zeigt-drei-neue-evs\/#article\",\"isPartOf\":{\"@id\":\"https:\/\/all-car-news.com\/de\/kia-zeigt-drei-neue-evs\/\"},\"author\":{\"name\":\"\",\"@id\":\"\"},\"headline\":\"Kia zeigt drei neue EVs\",\"datePublished\":\"2023-10-12T12:38:08+00:00\",\"dateModified\":\"2023-10-12T12:38:08+00:00\",\"mainEntityOfPage\":{\"@id\":\"https:\/\/all-car-news.com\/de\/kia-zeigt-drei-neue-evs\/\"},\"wordCount\":319,\"publisher\":{\"@id\":\"https:\/\/all-car-news.com\/de\/#organization\"},\"articleSection\":[\"Auto Nachrichten\"],\"inLanguage\":\"de\"},{\"@type\":\"WebPage\",\"@id\":\"https:\/\/all-car-news.com\/de\/kia-zeigt-drei-neue-evs\/\",\"url\":\"https:\/\/all-car-news.com\/de\/kia-zeigt-drei-neue-evs\/\",\"name\":\"Kia zeigt drei neue EVs - All cars news\",\"isPartOf\":{\"@id\":\"https:\/\/all-car-news.com\/de\/#website\"},\"datePublished\":\"2023-10-12T12:38:08+00:00\",\"dateModified\":\"2023-10-12T12:38:08+00:00\",\"breadcrumb\":{\"@id\":\"https:\/\/all-car-news.com\/de\/kia-zeigt-drei-neue-evs\/#breadcrumb\"},\"inLanguage\":\"de\",\"potentialAction\":[{\"@type\":\"ReadAction\",\"target\":[\"https:\/\/all-car-news.com\/de\/kia-zeigt-drei-neue-evs\/\"]}]},{\"@type\":\"BreadcrumbList\",\"@id\":\"https:\/\/all-car-news.com\/de\/kia-zeigt-drei-neue-evs\/#breadcrumb\",\"itemListElement\":[{\"@type\":\"ListItem\",\"position\":1,\"name\":\"Home\",\"item\":\"https:\/\/all-car-news.com\/de\/\"},{\"@type\":\"ListItem\",\"position\":2,\"name\":\"Kia zeigt drei neue EVs\"}]},{\"@type\":\"WebSite\",\"@id\":\"https:\/\/all-car-news.com\/de\/#website\",\"url\":\"https:\/\/all-car-news.com\/de\/\",\"name\":\"All cars news\",\"description\":\"\",\"publisher\":{\"@id\":\"https:\/\/all-car-news.com\/de\/#organization\"},\"potentialAction\":[{\"@type\":\"SearchAction\",\"target\":{\"@type\":\"EntryPoint\",\"urlTemplate\":\"https:\/\/all-car-news.com\/de\/?s={search_term_string}\"},\"query-input\":\"required name=search_term_string\"}],\"inLanguage\":\"de\"},{\"@type\":\"Organization\",\"@id\":\"https:\/\/all-car-news.com\/de\/#organization\",\"name\":\"All cars news\",\"url\":\"https:\/\/all-car-news.com\/de\/\",\"logo\":{\"@type\":\"ImageObject\",\"inLanguage\":\"de\",\"@id\":\"https:\/\/all-car-news.com\/de\/#\/schema\/logo\/image\/\",\"url\":\"https:\/\/all-car-news.com\/wp-content\/uploads\/2022\/02\/CMYK-AllCarNews_LANDSCAPE_300px-1.png\",\"contentUrl\":\"https:\/\/all-car-news.com\/wp-content\/uploads\/2022\/02\/CMYK-AllCarNews_LANDSCAPE_300px-1.png\",\"width\":300,\"height\":100,\"caption\":\"All cars news\"},\"image\":{\"@id\":\"https:\/\/all-car-news.com\/de\/#\/schema\/logo\/image\/\"}}]}<\/script>\n<!-- \/ Yoast SEO plugin. -->","yoast_head_json":{"title":"Kia zeigt drei neue EVs - All cars news","robots":{"index":"index","follow":"follow","max-snippet":"max-snippet:-1","max-image-preview":"max-image-preview:large","max-video-preview":"max-video-preview:-1"},"canonical":"https:\/\/all-car-news.com\/de\/kia-zeigt-drei-neue-evs\/","og_locale":"de_DE","og_type":"article","og_title":"Kia zeigt drei neue EVs - All cars news","og_description":"Kia EV3 Von den drei k\u00fcrzlich vorgestellten Modellen befinden sich zwei noch in der Konzeptphase. Der Kia Concept EV3 ist einer von ihnen. Er ist ein kompakter Elektro-Crossover, der als verkleinerte Version des EV9 betrachtet werden kann. Das Auto hat eine nach vorne gerichtete Windschutzscheibe und ein schr\u00e4ges Dach. Das [\u2026]","og_url":"https:\/\/all-car-news.com\/de\/kia-zeigt-drei-neue-evs\/","og_site_name":"All cars news","article_published_time":"2023-10-12T12:38:08+00:00","og_image":[{"url":"https:\/\/autorai.nl\/wp-content\/uploads\/2023\/10\/9conceptev3-ext3-1140x641.jpg"}],"twitter_card":"summary_large_image","twitter_misc":{"Gesch\u00e4tzte Lesezeit":"2\u00a0Minuten"},"schema":{"@context":"https:\/\/schema.org","@graph":[{"@type":"Article","@id":"https:\/\/all-car-news.com\/de\/kia-zeigt-drei-neue-evs\/#article","isPartOf":{"@id":"https:\/\/all-car-news.com\/de\/kia-zeigt-drei-neue-evs\/"},"author":{"name":"","@id":""},"headline":"Kia zeigt drei neue EVs","datePublished":"2023-10-12T12:38:08+00:00","dateModified":"2023-10-12T12:38:08+00:00","mainEntityOfPage":{"@id":"https:\/\/all-car-news.com\/de\/kia-zeigt-drei-neue-evs\/"},"wordCount":319,"publisher":{"@id":"https:\/\/all-car-news.com\/de\/#organization"},"articleSection":["Auto Nachrichten"],"inLanguage":"de"},{"@type":"WebPage","@id":"https:\/\/all-car-news.com\/de\/kia-zeigt-drei-neue-evs\/","url":"https:\/\/all-car-news.com\/de\/kia-zeigt-drei-neue-evs\/","name":"Kia zeigt drei neue EVs - All cars news","isPartOf":{"@id":"https:\/\/all-car-news.com\/de\/#website"},"datePublished":"2023-10-12T12:38:08+00:00","dateModified":"2023-10-12T12:38:08+00:00","breadcrumb":{"@id":"https:\/\/all-car-news.com\/de\/kia-zeigt-drei-neue-evs\/#breadcrumb"},"inLanguage":"de","potentialAction":[{"@type":"ReadAction","target":["https:\/\/all-car-news.com\/de\/kia-zeigt-drei-neue-evs\/"]}]},{"@type":"BreadcrumbList","@id":"https:\/\/all-car-news.com\/de\/kia-zeigt-drei-neue-evs\/#breadcrumb","itemListElement":[{"@type":"ListItem","position":1,"name":"Home","item":"https:\/\/all-car-news.com\/de\/"},{"@type":"ListItem","position":2,"name":"Kia zeigt drei neue EVs"}]},{"@type":"WebSite","@id":"https:\/\/all-car-news.com\/de\/#website","url":"https:\/\/all-car-news.com\/de\/","name":"All cars news","description":"","publisher":{"@id":"https:\/\/all-car-news.com\/de\/#organization"},"potentialAction":[{"@type":"SearchAction","target":{"@type":"EntryPoint","urlTemplate":"https:\/\/all-car-news.com\/de\/?s={search_term_string}"},"query-input":"required name=search_term_string"}],"inLanguage":"de"},{"@type":"Organization","@id":"https:\/\/all-car-news.com\/de\/#organization","name":"All cars news","url":"https:\/\/all-car-news.com\/de\/","logo":{"@type":"ImageObject","inLanguage":"de","@id":"https:\/\/all-car-news.com\/de\/#\/schema\/logo\/image\/","url":"https:\/\/all-car-news.com\/wp-content\/uploads\/2022\/02\/CMYK-AllCarNews_LANDSCAPE_300px-1.png","contentUrl":"https:\/\/all-car-news.com\/wp-content\/uploads\/2022\/02\/CMYK-AllCarNews_LANDSCAPE_300px-1.png","width":300,"height":100,"caption":"All cars news"},"image":{"@id":"https:\/\/all-car-news.com\/de\/#\/schema\/logo\/image\/"}}]}},"_links":{"self":[{"href":"https:\/\/all-car-news.com\/de\/wp-json\/wp\/v2\/posts\/139759","targetHints":{"allow":["GET"]}}],"collection":[{"href":"https:\/\/all-car-news.com\/de\/wp-json\/wp\/v2\/posts"}],"about":[{"href":"https:\/\/all-car-news.com\/de\/wp-json\/wp\/v2\/types\/post"}],"replies":[{"embeddable":true,"href":"https:\/\/all-car-news.com\/de\/wp-json\/wp\/v2\/comments?post=139759"}],"version-history":[{"count":0,"href":"https:\/\/all-car-news.com\/de\/wp-json\/wp\/v2\/posts\/139759\/revisions"}],"wp:featuredmedia":[{"embeddable":true,"href":"https:\/\/all-car-news.com\/de\/wp-json\/wp\/v2\/media\/139737"}],"wp:attachment":[{"href":"https:\/\/all-car-news.com\/de\/wp-json\/wp\/v2\/media?parent=139759"}],"wp:term":[{"taxonomy":"category","embeddable":true,"href":"https:\/\/all-car-news.com\/de\/wp-json\/wp\/v2\/categories?post=139759"},{"taxonomy":"post_tag","embeddable":true,"href":"https:\/\/all-car-news.com\/de\/wp-json\/wp\/v2\/tags?post=139759"}],"curies":[{"name":"wp","href":"https:\/\/api.w.org\/{rel}","templated":true}]}}