{"id":139668,"date":"2023-10-09T13:18:00","date_gmt":"2023-10-09T13:18:00","guid":{"rendered":"https:\/\/all-car-news.com\/30-jahre-mini-cabrios-mini-cooper-s-cabrio-2023-rueckblick\/"},"modified":"2023-10-09T13:18:00","modified_gmt":"2023-10-09T13:18:00","slug":"30-jahre-mini-cabrios-mini-cooper-s-cabrio-2023-rueckblick","status":"publish","type":"post","link":"https:\/\/all-car-news.com\/de\/30-jahre-mini-cabrios-mini-cooper-s-cabrio-2023-rueckblick\/","title":{"rendered":"30 Jahre Mini-Cabrios! Mini Cooper S Cabrio (2023) R\u00fcckblick"},"content":{"rendered":"<h2>Mini-Cabrio<\/h2>\n<p><em>Die Zeit vergeht wie im Fluge, wenn man Spa\u00df<\/em> hat, vor allem, wenn das Dach offen ist und man den Wind in den Haaren sp\u00fcrt. Das kompakte Cabrio feiert in diesem Jahr sein 30-j\u00e4hriges Jubil\u00e4um. Das allererste offizielle Mini Cabrio feierte sein lang erwartetes Deb\u00fct auf der NEC Motor Show im Jahr 1992. Im Jahr 1993 konnten die Fahrer den Wagen tats\u00e4chlich aus dem Ausstellungsraum herausfahren. Damals konnte man zwischen zwei Farben w\u00e4hlen &#8211; Nightfire Red oder Caribbean Blue. Alle Fahrzeuge waren mit einem 1,3-Liter-Motor, einem luxuri\u00f6sen Armaturenbrett aus Walnussholz und Cobra-Sportsitzen ausgestattet.  <\/p>\n<figure class=\"wp-block-image size-content\"><img decoding=\"async\" loading=\"lazy\" width=\"1140\" height=\"760\" src=\"https:\/\/autorai.nl\/wp-content\/uploads\/2023\/10\/P1111773-1140x760.jpg\" alt=\"\" class=\"wp-image-167546\"><\/figure>\n<figure class=\"wp-block-image size-content\"><img decoding=\"async\" loading=\"lazy\" width=\"1140\" height=\"760\" src=\"https:\/\/autorai.nl\/wp-content\/uploads\/2023\/10\/P1111817-1-1140x760.jpg\" alt=\"\" class=\"wp-image-167554\"><\/figure>\n<h2>15 Sekunden<\/h2>\n<p>Etwa sieben Jahre sp\u00e4ter, Ende September 2000, wurde der erste neue Mini auf der Mondial de l&#8217;Automobile in Paris vorgestellt. Im Jahr 2004 kam das Mini Cabriolet auf den Markt. Er hatte zwei feststehende \u00dcberrollb\u00fcgel aus Chrom, hinter die das Dach passen konnte. Inzwischen gibt es ein elektronisch zusammenklappbares Dach, das sich in nur 15 Sekunden vollst\u00e4ndig zusammenklappen und schlie\u00dfen l\u00e4sst. Praktisch, wenn das niederl\u00e4ndische Wetter seine \u00fcblichen Launen zeigt.  <\/p>\n<figure class=\"wp-block-image size-content\"><img decoding=\"async\" loading=\"lazy\" width=\"1140\" height=\"760\" src=\"https:\/\/autorai.nl\/wp-content\/uploads\/2023\/10\/P1111798-1140x760.jpg\" alt=\"\" class=\"wp-image-167547\"><\/figure>\n<figure class=\"wp-block-image size-content\"><img decoding=\"async\" loading=\"lazy\" width=\"1140\" height=\"760\" src=\"https:\/\/autorai.nl\/wp-content\/uploads\/2023\/10\/P1111712-2-1140x760.jpg\" alt=\"\" class=\"wp-image-167557\"><\/figure>\n<h2>Kartgef\u00fchl<\/h2>\n<p>Mini ist f\u00fcr sein sportliches Fahrverhalten bekannt, und das Cabrio ist da keine Ausnahme. Der niedrige Schwerpunkt und die Agilit\u00e4t des Mini sorgen f\u00fcr ein angenehmes Fahrgef\u00fchl, besonders auf kurvenreichen Stra\u00dfen. Im Cooper S Cabrio, das wir auf die Probe gestellt haben, scheint der Grip manchmal unendlich zu sein. Der starke Zweiliter-Turbomotor mit 178 PS und das steife Fahrwerk des Cabrio sorgen daf\u00fcr, dass Sie scharfe Kurven ohne Ende genie\u00dfen k\u00f6nnen. Und das ohne Einbu\u00dfen beim Fahrkomfort. Sicherlich werden Sie bei einigen heftigen Geschwindigkeitsschwankungen kurz auf die Bremse treten m\u00fcssen, aber dank der Qualit\u00e4t der niederl\u00e4ndischen Stra\u00dfen werden Sie nie unter R\u00fcckenschmerzen leiden.<\/p>\n<figure class=\"wp-block-image size-content\"><img decoding=\"async\" loading=\"lazy\" width=\"1140\" height=\"760\" src=\"https:\/\/autorai.nl\/wp-content\/uploads\/2023\/10\/P1111853-1140x760.jpg\" alt=\"\" class=\"wp-image-167548\"><\/figure>\n<figure class=\"wp-block-image size-content\"><img decoding=\"async\" loading=\"lazy\" width=\"1140\" height=\"760\" src=\"https:\/\/autorai.nl\/wp-content\/uploads\/2023\/10\/P1111700-2-1140x760.jpg\" alt=\"\" class=\"wp-image-167556\"><\/figure>\n<h2>Mehr Material<\/h2>\n<p>Einen Mini kauft man nicht wegen seiner Praktikabilit\u00e4t. Stil und Aussehen, das ist es, worum es geht. Das Design des Mini Cooper hat sich im Laufe der Jahre immer weiter verfeinert. Das gilt auch f\u00fcr das Cabriolet. Das Modell wurde unter anderem mit verchromten Scheinwerfern, einem sechseckigen K\u00fchlergrill, gr\u00f6\u00dferen Leichtmetallr\u00e4dern, einem ger\u00e4umigeren Innenraum, einem gek\u00fchlten Handschuhfach, einer R\u00fcckfahrkamera und Parksensoren sowie einem v\u00f6llig neuen Infotainment-System aufgewertet. Das John Cooper Works-Paket, mit dem unser Testwagen ausgestattet war, sorgt f\u00fcr zus\u00e4tzliche Sch\u00e4rfe. Sehen Sie sich nur diesen Diffusor an. In den letzten Jahren wurden auch immer mehr Farbvarianten in das Sortiment aufgenommen. Der Testwagen war in der auff\u00e4lligen Farbe Zesty Yellow lackiert. Sch\u00f6ner Pops, oder?<\/p>\n<figure class=\"wp-block-image size-content\"><img decoding=\"async\" loading=\"lazy\" width=\"1140\" height=\"760\" src=\"https:\/\/autorai.nl\/wp-content\/uploads\/2023\/10\/P1111765-1140x760.jpg\" alt=\"\" class=\"wp-image-167549\"><\/figure>\n<figure class=\"wp-block-gallery has-nested-images columns-default is-cropped\">\n<figure class=\"wp-block-image size-large\"><img decoding=\"async\" loading=\"lazy\" width=\"1140\" height=\"760\" data-id=\"167558\" src=\"https:\/\/autorai.nl\/wp-content\/uploads\/2023\/10\/P1111715-1140x760.jpg\" alt=\"\" class=\"wp-image-167558\"><\/figure>\n<\/figure>\n<h2>Vollelektrisch<\/h2>\n<p>Seit 2023 erm\u00f6glicht Mini auch ein offenes Fahrerlebnis in fast v\u00f6lliger Stille &#8211; und ohne sch\u00e4dliche Emissionen. In der Tat gibt es jetzt ein rein elektrisches Mini Cabrio: das <a href=\"https:\/\/autorai.nl\/review-mini-electric-cabrio-2023-de-eerste-elektrische-cabrio\/\">Mini Electric Cabrio<\/a>. Mit dieser Cabrio-Version verabschiedet sich die Marke von der aktuellen Generation des Mini Electric. Tats\u00e4chlich wird n\u00e4chstes Jahr eine v\u00f6llig neue Generation des Mini auf den Markt kommen: Sehen Sie sich <a href=\"https:\/\/youtu.be\/cI8YZ2-TEbA?feature=shared\">dieses Video<\/a> an. Wie ist es, ein ger\u00e4uschloses Auto ohne Dach zu fahren? Das k\u00f6nnen Sie in dem unten stehenden Video sehen:<\/p>\n<figure class=\"wp-block-embed is-type-video is-provider-youtube wp-block-embed-youtube wp-embed-aspect-16-9 wp-has-aspect-ratio\">\n<div class=\"wp-block-embed__wrapper\">\n<\/div>\n<\/figure>\n","protected":false},"excerpt":{"rendered":"Mini-Cabrio Die Zeit vergeht wie im Fluge, wenn man Spa\u00df hat, vor allem, wenn man das Dach offen hat und&hellip;","protected":false},"author":0,"featured_media":139653,"comment_status":"","ping_status":"open","sticky":false,"template":"","format":"standard","meta":{"footnotes":""},"categories":[125,143],"tags":[],"class_list":["post-139668","post","type-post","status-publish","format-standard","has-post-thumbnail","hentry","category-auto-nachrichten","category-autotests-de"],"acf":[],"yoast_head":"<!-- This site is optimized with the Yoast SEO plugin v21.2 - https:\/\/yoast.com\/wordpress\/plugins\/seo\/ -->\n<title>30 Jahre Mini-Cabrios! Mini Cooper S Cabrio (2023) R\u00fcckblick - All cars news<\/title>\n<meta name=\"robots\" content=\"index, follow, max-snippet:-1, max-image-preview:large, max-video-preview:-1\" \/>\n<link rel=\"canonical\" href=\"https:\/\/all-car-news.com\/de\/30-jahre-mini-cabrios-mini-cooper-s-cabrio-2023-rueckblick\/\" \/>\n<meta property=\"og:locale\" content=\"de_DE\" \/>\n<meta property=\"og:type\" content=\"article\" \/>\n<meta property=\"og:title\" content=\"30 Jahre Mini-Cabrios! Mini Cooper S Cabrio (2023) R\u00fcckblick - All cars news\" \/>\n<meta property=\"og:description\" content=\"Mini-Cabrio Die Zeit vergeht wie im Fluge, wenn man Spa\u00df hat, vor allem, wenn man das Dach offen hat und den Wind in den Haaren sp\u00fcrt. Das kompakte Cabrio feiert in diesem Jahr sein 30-j\u00e4hriges Jubil\u00e4um. Das allererste offizielle Mini Cabrio feierte sein lang erwartetes Deb\u00fct auf der NEC Motor Show im Jahr 1992. Im Jahr 1993 konnten die Autofahrer damit tats\u00e4chlich [...] in den Ausstellungsraum fahren.\" \/>\n<meta property=\"og:url\" content=\"https:\/\/all-car-news.com\/de\/30-jahre-mini-cabrios-mini-cooper-s-cabrio-2023-rueckblick\/\" \/>\n<meta property=\"og:site_name\" content=\"All cars news\" \/>\n<meta property=\"article:published_time\" content=\"2023-10-09T13:18:00+00:00\" \/>\n<meta property=\"og:image\" content=\"https:\/\/autorai.nl\/wp-content\/uploads\/2023\/10\/P1111773-1140x760.jpg\" \/>\n<meta name=\"twitter:card\" content=\"summary_large_image\" \/>\n<meta name=\"twitter:label1\" content=\"Gesch\u00e4tzte Lesezeit\" \/>\n\t<meta name=\"twitter:data1\" content=\"3\u00a0Minuten\" \/>\n<script type=\"application\/ld+json\" class=\"yoast-schema-graph\">{\"@context\":\"https:\/\/schema.org\",\"@graph\":[{\"@type\":\"Article\",\"@id\":\"https:\/\/all-car-news.com\/de\/30-jahre-mini-cabrios-mini-cooper-s-cabrio-2023-rueckblick\/#article\",\"isPartOf\":{\"@id\":\"https:\/\/all-car-news.com\/de\/30-jahre-mini-cabrios-mini-cooper-s-cabrio-2023-rueckblick\/\"},\"author\":{\"name\":\"\",\"@id\":\"\"},\"headline\":\"30 Jahre Mini-Cabrios! Mini Cooper S Cabrio (2023) R\u00fcckblick\",\"datePublished\":\"2023-10-09T13:18:00+00:00\",\"dateModified\":\"2023-10-09T13:18:00+00:00\",\"mainEntityOfPage\":{\"@id\":\"https:\/\/all-car-news.com\/de\/30-jahre-mini-cabrios-mini-cooper-s-cabrio-2023-rueckblick\/\"},\"wordCount\":521,\"publisher\":{\"@id\":\"https:\/\/all-car-news.com\/de\/#organization\"},\"articleSection\":[\"Auto Nachrichten\",\"Autotests\"],\"inLanguage\":\"de\"},{\"@type\":\"WebPage\",\"@id\":\"https:\/\/all-car-news.com\/de\/30-jahre-mini-cabrios-mini-cooper-s-cabrio-2023-rueckblick\/\",\"url\":\"https:\/\/all-car-news.com\/de\/30-jahre-mini-cabrios-mini-cooper-s-cabrio-2023-rueckblick\/\",\"name\":\"30 Jahre Mini-Cabrios! Mini Cooper S Cabrio (2023) R\u00fcckblick - All cars news\",\"isPartOf\":{\"@id\":\"https:\/\/all-car-news.com\/de\/#website\"},\"datePublished\":\"2023-10-09T13:18:00+00:00\",\"dateModified\":\"2023-10-09T13:18:00+00:00\",\"breadcrumb\":{\"@id\":\"https:\/\/all-car-news.com\/de\/30-jahre-mini-cabrios-mini-cooper-s-cabrio-2023-rueckblick\/#breadcrumb\"},\"inLanguage\":\"de\",\"potentialAction\":[{\"@type\":\"ReadAction\",\"target\":[\"https:\/\/all-car-news.com\/de\/30-jahre-mini-cabrios-mini-cooper-s-cabrio-2023-rueckblick\/\"]}]},{\"@type\":\"BreadcrumbList\",\"@id\":\"https:\/\/all-car-news.com\/de\/30-jahre-mini-cabrios-mini-cooper-s-cabrio-2023-rueckblick\/#breadcrumb\",\"itemListElement\":[{\"@type\":\"ListItem\",\"position\":1,\"name\":\"Home\",\"item\":\"https:\/\/all-car-news.com\/de\/\"},{\"@type\":\"ListItem\",\"position\":2,\"name\":\"30 Jahre Mini-Cabrios! Mini Cooper S Cabrio (2023) R\u00fcckblick\"}]},{\"@type\":\"WebSite\",\"@id\":\"https:\/\/all-car-news.com\/de\/#website\",\"url\":\"https:\/\/all-car-news.com\/de\/\",\"name\":\"All cars news\",\"description\":\"\",\"publisher\":{\"@id\":\"https:\/\/all-car-news.com\/de\/#organization\"},\"potentialAction\":[{\"@type\":\"SearchAction\",\"target\":{\"@type\":\"EntryPoint\",\"urlTemplate\":\"https:\/\/all-car-news.com\/de\/?s={search_term_string}\"},\"query-input\":\"required name=search_term_string\"}],\"inLanguage\":\"de\"},{\"@type\":\"Organization\",\"@id\":\"https:\/\/all-car-news.com\/de\/#organization\",\"name\":\"All cars news\",\"url\":\"https:\/\/all-car-news.com\/de\/\",\"logo\":{\"@type\":\"ImageObject\",\"inLanguage\":\"de\",\"@id\":\"https:\/\/all-car-news.com\/de\/#\/schema\/logo\/image\/\",\"url\":\"https:\/\/all-car-news.com\/wp-content\/uploads\/2022\/02\/CMYK-AllCarNews_LANDSCAPE_300px-1.png\",\"contentUrl\":\"https:\/\/all-car-news.com\/wp-content\/uploads\/2022\/02\/CMYK-AllCarNews_LANDSCAPE_300px-1.png\",\"width\":300,\"height\":100,\"caption\":\"All cars news\"},\"image\":{\"@id\":\"https:\/\/all-car-news.com\/de\/#\/schema\/logo\/image\/\"}}]}<\/script>\n<!-- \/ Yoast SEO plugin. -->","yoast_head_json":{"title":"30 Jahre Mini-Cabrios! Mini Cooper S Cabrio (2023) R\u00fcckblick - All cars news","robots":{"index":"index","follow":"follow","max-snippet":"max-snippet:-1","max-image-preview":"max-image-preview:large","max-video-preview":"max-video-preview:-1"},"canonical":"https:\/\/all-car-news.com\/de\/30-jahre-mini-cabrios-mini-cooper-s-cabrio-2023-rueckblick\/","og_locale":"de_DE","og_type":"article","og_title":"30 Jahre Mini-Cabrios! Mini Cooper S Cabrio (2023) R\u00fcckblick - All cars news","og_description":"Mini-Cabrio Die Zeit vergeht wie im Fluge, wenn man Spa\u00df hat, vor allem, wenn man das Dach offen hat und den Wind in den Haaren sp\u00fcrt. Das kompakte Cabrio feiert in diesem Jahr sein 30-j\u00e4hriges Jubil\u00e4um. Das allererste offizielle Mini Cabrio feierte sein lang erwartetes Deb\u00fct auf der NEC Motor Show im Jahr 1992. Im Jahr 1993 konnten die Autofahrer damit tats\u00e4chlich [...] in den Ausstellungsraum fahren.","og_url":"https:\/\/all-car-news.com\/de\/30-jahre-mini-cabrios-mini-cooper-s-cabrio-2023-rueckblick\/","og_site_name":"All cars news","article_published_time":"2023-10-09T13:18:00+00:00","og_image":[{"url":"https:\/\/autorai.nl\/wp-content\/uploads\/2023\/10\/P1111773-1140x760.jpg"}],"twitter_card":"summary_large_image","twitter_misc":{"Gesch\u00e4tzte Lesezeit":"3\u00a0Minuten"},"schema":{"@context":"https:\/\/schema.org","@graph":[{"@type":"Article","@id":"https:\/\/all-car-news.com\/de\/30-jahre-mini-cabrios-mini-cooper-s-cabrio-2023-rueckblick\/#article","isPartOf":{"@id":"https:\/\/all-car-news.com\/de\/30-jahre-mini-cabrios-mini-cooper-s-cabrio-2023-rueckblick\/"},"author":{"name":"","@id":""},"headline":"30 Jahre Mini-Cabrios! Mini Cooper S Cabrio (2023) R\u00fcckblick","datePublished":"2023-10-09T13:18:00+00:00","dateModified":"2023-10-09T13:18:00+00:00","mainEntityOfPage":{"@id":"https:\/\/all-car-news.com\/de\/30-jahre-mini-cabrios-mini-cooper-s-cabrio-2023-rueckblick\/"},"wordCount":521,"publisher":{"@id":"https:\/\/all-car-news.com\/de\/#organization"},"articleSection":["Auto Nachrichten","Autotests"],"inLanguage":"de"},{"@type":"WebPage","@id":"https:\/\/all-car-news.com\/de\/30-jahre-mini-cabrios-mini-cooper-s-cabrio-2023-rueckblick\/","url":"https:\/\/all-car-news.com\/de\/30-jahre-mini-cabrios-mini-cooper-s-cabrio-2023-rueckblick\/","name":"30 Jahre Mini-Cabrios! Mini Cooper S Cabrio (2023) R\u00fcckblick - All cars news","isPartOf":{"@id":"https:\/\/all-car-news.com\/de\/#website"},"datePublished":"2023-10-09T13:18:00+00:00","dateModified":"2023-10-09T13:18:00+00:00","breadcrumb":{"@id":"https:\/\/all-car-news.com\/de\/30-jahre-mini-cabrios-mini-cooper-s-cabrio-2023-rueckblick\/#breadcrumb"},"inLanguage":"de","potentialAction":[{"@type":"ReadAction","target":["https:\/\/all-car-news.com\/de\/30-jahre-mini-cabrios-mini-cooper-s-cabrio-2023-rueckblick\/"]}]},{"@type":"BreadcrumbList","@id":"https:\/\/all-car-news.com\/de\/30-jahre-mini-cabrios-mini-cooper-s-cabrio-2023-rueckblick\/#breadcrumb","itemListElement":[{"@type":"ListItem","position":1,"name":"Home","item":"https:\/\/all-car-news.com\/de\/"},{"@type":"ListItem","position":2,"name":"30 Jahre Mini-Cabrios! Mini Cooper S Cabrio (2023) R\u00fcckblick"}]},{"@type":"WebSite","@id":"https:\/\/all-car-news.com\/de\/#website","url":"https:\/\/all-car-news.com\/de\/","name":"All cars news","description":"","publisher":{"@id":"https:\/\/all-car-news.com\/de\/#organization"},"potentialAction":[{"@type":"SearchAction","target":{"@type":"EntryPoint","urlTemplate":"https:\/\/all-car-news.com\/de\/?s={search_term_string}"},"query-input":"required name=search_term_string"}],"inLanguage":"de"},{"@type":"Organization","@id":"https:\/\/all-car-news.com\/de\/#organization","name":"All cars news","url":"https:\/\/all-car-news.com\/de\/","logo":{"@type":"ImageObject","inLanguage":"de","@id":"https:\/\/all-car-news.com\/de\/#\/schema\/logo\/image\/","url":"https:\/\/all-car-news.com\/wp-content\/uploads\/2022\/02\/CMYK-AllCarNews_LANDSCAPE_300px-1.png","contentUrl":"https:\/\/all-car-news.com\/wp-content\/uploads\/2022\/02\/CMYK-AllCarNews_LANDSCAPE_300px-1.png","width":300,"height":100,"caption":"All cars news"},"image":{"@id":"https:\/\/all-car-news.com\/de\/#\/schema\/logo\/image\/"}}]}},"_links":{"self":[{"href":"https:\/\/all-car-news.com\/de\/wp-json\/wp\/v2\/posts\/139668","targetHints":{"allow":["GET"]}}],"collection":[{"href":"https:\/\/all-car-news.com\/de\/wp-json\/wp\/v2\/posts"}],"about":[{"href":"https:\/\/all-car-news.com\/de\/wp-json\/wp\/v2\/types\/post"}],"replies":[{"embeddable":true,"href":"https:\/\/all-car-news.com\/de\/wp-json\/wp\/v2\/comments?post=139668"}],"version-history":[{"count":0,"href":"https:\/\/all-car-news.com\/de\/wp-json\/wp\/v2\/posts\/139668\/revisions"}],"wp:featuredmedia":[{"embeddable":true,"href":"https:\/\/all-car-news.com\/de\/wp-json\/wp\/v2\/media\/139653"}],"wp:attachment":[{"href":"https:\/\/all-car-news.com\/de\/wp-json\/wp\/v2\/media?parent=139668"}],"wp:term":[{"taxonomy":"category","embeddable":true,"href":"https:\/\/all-car-news.com\/de\/wp-json\/wp\/v2\/categories?post=139668"},{"taxonomy":"post_tag","embeddable":true,"href":"https:\/\/all-car-news.com\/de\/wp-json\/wp\/v2\/tags?post=139668"}],"curies":[{"name":"wp","href":"https:\/\/api.w.org\/{rel}","templated":true}]}}