{"id":139637,"date":"2023-10-06T15:03:00","date_gmt":"2023-10-06T15:03:00","guid":{"rendered":"https:\/\/all-car-news.com\/gesichtet-ein-nissan-stagea\/"},"modified":"2023-10-06T15:03:00","modified_gmt":"2023-10-06T15:03:00","slug":"gesichtet-ein-nissan-stagea","status":"publish","type":"post","link":"https:\/\/all-car-news.com\/de\/gesichtet-ein-nissan-stagea\/","title":{"rendered":"Gesichtet: ein Nissan Stagea"},"content":{"rendered":"<p>Ende letzten Monats war AutoRAI.co.uk in Frankreich, um ein <a href=\"https:\/\/autorai.nl\/review-vernieuwde-citroen-e-c4-en-citroen-e-c4-x-2023\/\"> Citroen-Modell<\/a> mit <a href=\"https:\/\/autorai.nl\/review-citroen-c5-aircross-phev-180-en-mild-hybrid-2023\/\" target=\"_blank\" rel=\"noreferrer noopener\">neuen<\/a> und <a href=\"https:\/\/autorai.nl\/review-citroen-c5-x-plug-in-hybrid-180-2023\/\" target=\"_blank\" rel=\"noreferrer noopener\">aktualisierten<\/a> Elektroantrieben auf Herz und Nieren zu pr\u00fcfen. Wir fuhren durch die wundersch\u00f6ne H\u00fcgellandschaft nordwestlich von Paris. W\u00e4hrend wir den bereits exklusiven <a href=\"https:\/\/autorai.nl\/review-rijden-met-de-citroen-ami-buggy-ii-2023\/\" target=\"_blank\" rel=\"noreferrer noopener\">Citro\u00ebn Ami Buggy II<\/a> fuhren, sahen wir in dem Dorf Maffliers etwas (in Europa) noch Besonderes: einen Nissan Stagea.<\/p>\n<h2><strong>Nissan Skyline Kombi<\/strong><\/h2>\n<p>Traditionell war der Nissan Skyline auch als Kombi erh\u00e4ltlich. Als jedoch die 1990er Generation des R31 nicht mehr produziert wurde, erhielt diese Karosserievariante keinen Nachfolger. Im Jahr 1996 f\u00fchrte Nissan den Stagea ein. Obwohl dieser Kombi sowohl technisch als auch in Bezug auf die Positionierung in der Nissan-Produktpalette als eigenst\u00e4ndige Modellreihe positioniert war, handelte es sich eigentlich nur um einen weiteren Skyline-Kombi.<\/p>\n<p>Als eigenst\u00e4ndige Modellreihe hatte der Nissan Stagea ein eigenst\u00e4ndiges Design. Von den eher abgerundeten Linien des damaligen Skyline R33 (1993-1998) war wenig zu sehen. Der Stagea war vor allem kantig und praktisch. Im Nachhinein erwies sich der Stagea als eine Art Vorbote f\u00fcr den neuen Skyline R34 (1998-2001), der viel kantiger war als sein Vorg\u00e4nger.<\/p>\n<div class=\"galery shuffle galery-0\">\n<figure>\n\t\t\t\t\t<span style=\"cursor: pointer\" data-src=\"https:\/\/autorai.nl\/wp-content\/uploads\/2023\/10\/Nissan-Skyline-5-1600x900.jpg\" data-fancybox=\"galery-0\" title=\"\"><br \/>\n\t\t\t\t\t\t\t<img decoding=\"async\" width=\"640\" height=\"480\" src=\"https:\/\/autorai.nl\/wp-content\/uploads\/2023\/10\/Nissan-Skyline-5-640x480.jpg\" class=\"attachment-medium size-medium\" alt=\"\" loading=\"lazy\"><i class=\"fa fa-search-plus\" aria-hidden=\"true\"><\/i><br \/>\n\t\t\t\t\t\t<\/span><br \/>\n\t\t\t\t\t<\/figure>\n<figure>\n\t\t\t\t\t<span style=\"cursor: pointer\" data-src=\"https:\/\/autorai.nl\/wp-content\/uploads\/2023\/10\/Nissan-Skyline-1-1600x900.jpg\" data-fancybox=\"galery-0\" title=\"\"><br \/>\n\t\t\t\t\t\t\t<img decoding=\"async\" width=\"360\" height=\"270\" src=\"https:\/\/autorai.nl\/wp-content\/uploads\/2023\/10\/Nissan-Skyline-1-360x270.jpg\" class=\"attachment-small size-small\" alt=\"\" loading=\"lazy\"><i class=\"fa fa-search-plus\" aria-hidden=\"true\"><\/i><br \/>\n\t\t\t\t\t\t<\/span><br \/>\n\t\t\t\t\t<\/figure>\n<figure>\n\t\t\t\t\t<span style=\"cursor: pointer\" data-src=\"https:\/\/autorai.nl\/wp-content\/uploads\/2023\/10\/Nissan-Skyline-2-1600x900.jpg\" data-fancybox=\"galery-0\" title=\"\"><br \/>\n\t\t\t\t\t\t\t<img decoding=\"async\" width=\"360\" height=\"270\" src=\"https:\/\/autorai.nl\/wp-content\/uploads\/2023\/10\/Nissan-Skyline-2-360x270.jpg\" class=\"attachment-small size-small\" alt=\"\" loading=\"lazy\"><i class=\"fa fa-search-plus\" aria-hidden=\"true\"><\/i><br \/>\n\t\t\t\t\t\t<\/span><br \/>\n\t\t\t\t\t<\/figure>\n<div class=\"clear\"><\/div>\n<\/div>\n<h2><strong>Nissan Stagea: Der Wolf im Schafspelz<\/strong><\/h2>\n<p>Technisch gesehen basierte der Stagea nat\u00fcrlich auf dem R33, dem Skyline der aktuellen Generation, als er eingef\u00fchrt wurde. Der Nissan Stagea \u00fcbernahm auch einige technische Elemente aus dem Laurel. Wie bei diesen anderen Modellen bestand die Motorenpalette des Stagea ausschlie\u00dflich aus Sechszylindermotoren. Zur Auswahl standen drei Typen mit 2,0, 2,5 und 2,6 Litern Hubraum. Die Leistung reichte von 96 kW (131 PS) bis 206 kW (280 PS). Letzterer ist der gleiche Motor, der auch im Skyline GT-R zum Einsatz kommt. Trotz seines praktischen Charakters hatte der Stagea also wenig zu beanstanden, was die sportlichen Leistungen angeht. Der Antrieb erfolgte serienm\u00e4\u00dfig \u00fcber die Hinterr\u00e4der, Allradantrieb war optional. Die Schaltung erfolgte automatisch mit einem Viergang-Automatikgetriebe.<\/p>\n<p>Im Jahr 1997 wurden einige technische Verbesserungen vorgenommen, und in Zusammenarbeit mit dem Tuner Autech erschien eine spezielle Version, die ausschlie\u00dflich mit F\u00fcnfgang-Schaltgetriebe (und Allradantrieb) erh\u00e4ltlich war.<\/p>\n<div class=\"galery galery-1\">\n<figure>\n\t\t\t\t\t<span style=\"cursor: pointer\" data-src=\"https:\/\/autorai.nl\/wp-content\/uploads\/2023\/10\/Nissan-Stagea-3-1600x900.jpg\" data-fancybox=\"galery-1\" title=\"\"><br \/>\n\t\t\t\t\t\t\t<img decoding=\"async\" width=\"360\" height=\"270\" src=\"https:\/\/autorai.nl\/wp-content\/uploads\/2023\/10\/Nissan-Stagea-3-360x270.jpg\" class=\"attachment-small size-small\" alt=\"\" loading=\"lazy\"><i class=\"fa fa-search-plus\" aria-hidden=\"true\"><\/i><br \/>\n\t\t\t\t\t\t<\/span><br \/>\n\t\t\t\t\t<\/figure>\n<figure>\n\t\t\t\t\t<span style=\"cursor: pointer\" data-src=\"https:\/\/autorai.nl\/wp-content\/uploads\/2023\/10\/Nissan-Stagea-4-1600x900.jpg\" data-fancybox=\"galery-1\" title=\"\"><br \/>\n\t\t\t\t\t\t\t<img decoding=\"async\" width=\"360\" height=\"270\" src=\"https:\/\/autorai.nl\/wp-content\/uploads\/2023\/10\/Nissan-Stagea-4-360x270.jpg\" class=\"attachment-small size-small\" alt=\"\" loading=\"lazy\"><i class=\"fa fa-search-plus\" aria-hidden=\"true\"><\/i><br \/>\n\t\t\t\t\t\t<\/span><br \/>\n\t\t\t\t\t<\/figure>\n<figure>\n\t\t\t\t\t<span style=\"cursor: pointer\" data-src=\"https:\/\/autorai.nl\/wp-content\/uploads\/2023\/10\/Nissan-Skyline-3-1600x900.jpg\" data-fancybox=\"galery-1\" title=\"\"><br \/>\n\t\t\t\t\t\t\t<img decoding=\"async\" width=\"360\" height=\"270\" src=\"https:\/\/autorai.nl\/wp-content\/uploads\/2023\/10\/Nissan-Skyline-3-360x270.jpg\" class=\"attachment-small size-small\" alt=\"\" loading=\"lazy\"><i class=\"fa fa-search-plus\" aria-hidden=\"true\"><\/i><br \/>\n\t\t\t\t\t\t<\/span><br \/>\n\t\t\t\t\t<\/figure>\n<figure>\n\t\t\t\t\t<span style=\"cursor: pointer\" data-src=\"https:\/\/autorai.nl\/wp-content\/uploads\/2023\/10\/Nissan-Skyline-4-1600x900.jpg\" data-fancybox=\"galery-1\" title=\"\"><br \/>\n\t\t\t\t\t\t\t<img decoding=\"async\" width=\"360\" height=\"270\" src=\"https:\/\/autorai.nl\/wp-content\/uploads\/2023\/10\/Nissan-Skyline-4-360x270.jpg\" class=\"attachment-small size-small\" alt=\"\" loading=\"lazy\"><i class=\"fa fa-search-plus\" aria-hidden=\"true\"><\/i><br \/>\n\t\t\t\t\t\t<\/span><br \/>\n\t\t\t\t\t<\/figure>\n<div class=\"clear\"><\/div>\n<\/div>\n<h2><strong>Facelift f\u00fcr Nissan Stagea<\/strong><\/h2>\n<p>1998 wurde der Stagea einem dezenten Facelifting unterzogen. Die gr\u00f6\u00dfte optische Neuerung sind die neu gestalteten Scheinwerfer mit Scheinwerfern im K\u00fchlergrill. Technisch wurden die Motoren auf den neuesten Stand gebracht und bieten nun ein Leistungsspektrum von 114 kW (155 PS) bis 206 kW (280 PS). Von nun an war auch das Schaltgetriebe als regul\u00e4re Option erh\u00e4ltlich, wenn auch nur f\u00fcr einige bestimmte Versionen.<\/p>\n<p>Die erste Generation des Nissan Stagea wurde bis 2001 produziert. In diesem Jahr erschien die v\u00f6llig neue zweite Generation mit einem auffallend Volvo-\u00e4hnlichen Heck.<\/p>\n<div class=\"galery shuffle galery-2\">\n<figure>\n\t\t\t\t\t<span style=\"cursor: pointer\" data-src=\"https:\/\/autorai.nl\/wp-content\/uploads\/2023\/10\/Nissan-Stagea-1-1600x900.jpg\" data-fancybox=\"galery-2\" title=\"\"><br \/>\n\t\t\t\t\t\t\t<img decoding=\"async\" width=\"640\" height=\"480\" src=\"https:\/\/autorai.nl\/wp-content\/uploads\/2023\/10\/Nissan-Stagea-1-640x480.jpg\" class=\"attachment-medium size-medium\" alt=\"\" loading=\"lazy\"><i class=\"fa fa-search-plus\" aria-hidden=\"true\"><\/i><br \/>\n\t\t\t\t\t\t<\/span><br \/>\n\t\t\t\t\t<\/figure>\n<figure>\n\t\t\t\t\t<span style=\"cursor: pointer\" data-src=\"https:\/\/autorai.nl\/wp-content\/uploads\/2023\/10\/Nissan-Stagea-2-1600x900.jpg\" data-fancybox=\"galery-2\" title=\"\"><br \/>\n\t\t\t\t\t\t\t<img decoding=\"async\" width=\"360\" height=\"270\" src=\"https:\/\/autorai.nl\/wp-content\/uploads\/2023\/10\/Nissan-Stagea-2-360x270.jpg\" class=\"attachment-small size-small\" alt=\"\" loading=\"lazy\"><i class=\"fa fa-search-plus\" aria-hidden=\"true\"><\/i><br \/>\n\t\t\t\t\t\t<\/span><br \/>\n\t\t\t\t\t<\/figure>\n<figure>\n\t\t\t\t\t<span style=\"cursor: pointer\" data-src=\"https:\/\/autorai.nl\/wp-content\/uploads\/2023\/10\/Nissan-Stagea-5-1600x900.jpg\" data-fancybox=\"galery-2\" title=\"\"><br \/>\n\t\t\t\t\t\t\t<img decoding=\"async\" width=\"360\" height=\"270\" src=\"https:\/\/autorai.nl\/wp-content\/uploads\/2023\/10\/Nissan-Stagea-5-360x270.jpg\" class=\"attachment-small size-small\" alt=\"\" loading=\"lazy\"><i class=\"fa fa-search-plus\" aria-hidden=\"true\"><\/i><br \/>\n\t\t\t\t\t\t<\/span><br \/>\n\t\t\t\t\t<\/figure>\n<figure>\n\t\t\t\t\t<span style=\"cursor: pointer\" data-src=\"https:\/\/autorai.nl\/wp-content\/uploads\/2023\/10\/Nissan-Stagea-6-1600x900.jpg\" data-fancybox=\"galery-2\" title=\"\"><br \/>\n\t\t\t\t\t\t\t<img decoding=\"async\" width=\"640\" height=\"480\" src=\"https:\/\/autorai.nl\/wp-content\/uploads\/2023\/10\/Nissan-Stagea-6-640x480.jpg\" class=\"attachment-medium size-medium\" alt=\"\" loading=\"lazy\"><i class=\"fa fa-search-plus\" aria-hidden=\"true\"><\/i><br \/>\n\t\t\t\t\t\t<\/span><br \/>\n\t\t\t\t\t<\/figure>\n<figure>\n\t\t\t\t\t<span style=\"cursor: pointer\" data-src=\"https:\/\/autorai.nl\/wp-content\/uploads\/2023\/10\/Nissan-Stagea-7-1600x900.jpg\" data-fancybox=\"galery-2\" title=\"\"><br \/>\n\t\t\t\t\t\t\t<img decoding=\"async\" width=\"360\" height=\"270\" src=\"https:\/\/autorai.nl\/wp-content\/uploads\/2023\/10\/Nissan-Stagea-7-360x270.jpg\" class=\"attachment-small size-small\" alt=\"\" loading=\"lazy\"><i class=\"fa fa-search-plus\" aria-hidden=\"true\"><\/i><br \/>\n\t\t\t\t\t\t<\/span><br \/>\n\t\t\t\t\t<\/figure>\n<figure>\n\t\t\t\t\t<span style=\"cursor: pointer\" data-src=\"https:\/\/autorai.nl\/wp-content\/uploads\/2023\/10\/Nissan-Stagea-8-1600x900.jpg\" data-fancybox=\"galery-2\" title=\"\"><br \/>\n\t\t\t\t\t\t\t<img decoding=\"async\" width=\"360\" height=\"270\" src=\"https:\/\/autorai.nl\/wp-content\/uploads\/2023\/10\/Nissan-Stagea-8-360x270.jpg\" class=\"attachment-small size-small\" alt=\"\" loading=\"lazy\"><i class=\"fa fa-search-plus\" aria-hidden=\"true\"><\/i><br \/>\n\t\t\t\t\t\t<\/span><br \/>\n\t\t\t\t\t<\/figure>\n<div class=\"clear\"><\/div>\n<\/div>\n<h2><strong>Das gefleckte Exemplar<\/strong><\/h2>\n<p>Der Nissan Stagea, den wir in Frankreich gesehen haben, stammt aus dem Facelift-Modelljahr 1998. Franz\u00f6sische Nummernschilder sind nicht wie in den Niederlanden r\u00fcckverfolgbar, so dass wir das genaue Baujahr dieses Fahrzeugs nicht kennen. Abgesehen von den R\u00e4dern scheint der Nissan komplett original zu sein, was bei einem Stagea nicht selbstverst\u00e4ndlich ist. In der Tat war das Modell bald bei Tunern beliebt, ebenso wie der verwandte Skyline.<\/p>\n<p>Der Nissan Stagea war ab Werk auch in verschiedenen Versionen mit &#8222;dickeren&#8220; Sto\u00dfstangen erh\u00e4ltlich. Wir sehen hier mindestens eine der beiden RS-Versionen, aber welche genau, ist so nicht klar. Der gr\u00f6\u00dfte Unterschied ist der Heck- oder Allradantrieb, und den sieht man von au\u00dfen nicht. Die Dayz-Plakette auf der R\u00fcckseite hilft uns auch nicht weiter, denn wenn wir es richtig verstehen, war das Dayz-Paket nur vor dem Facelift erh\u00e4ltlich.<\/p>\n<p>Um welche Variante es sich auch immer genau handelt: Der Nissan Stagea ist ein sehr seltenes Auto in Europa und das Letzte, was wir in einem franz\u00f6sischen Dorf erwartet h\u00e4tten. So z\u00f6gerten wir keinen Augenblick, den Ami f\u00fcr einen Fotostopp anzuhalten.<\/p>\n<div class=\"galery galery-3\">\n<figure>\n\t\t\t\t\t<span style=\"cursor: pointer\" data-src=\"https:\/\/autorai.nl\/wp-content\/uploads\/2023\/10\/AutoRAI-Gespot-Nissan-Stagea-RS-1-1600x1200.jpg\" data-fancybox=\"galery-3\" title=\"\"><br \/>\n\t\t\t\t\t\t\t<img decoding=\"async\" width=\"360\" height=\"270\" src=\"https:\/\/autorai.nl\/wp-content\/uploads\/2023\/10\/AutoRAI-Gespot-Nissan-Stagea-RS-1-360x270.jpg\" class=\"attachment-small size-small\" alt=\"\" loading=\"lazy\"><i class=\"fa fa-search-plus\" aria-hidden=\"true\"><\/i><br \/>\n\t\t\t\t\t\t<\/span><br \/>\n\t\t\t\t\t<\/figure>\n<figure>\n\t\t\t\t\t<span style=\"cursor: pointer\" data-src=\"https:\/\/autorai.nl\/wp-content\/uploads\/2023\/10\/AutoRAI-Gespot-Nissan-Stagea-RS-2-1600x1200.jpg\" data-fancybox=\"galery-3\" title=\"\"><br \/>\n\t\t\t\t\t\t\t<img decoding=\"async\" width=\"360\" height=\"270\" src=\"https:\/\/autorai.nl\/wp-content\/uploads\/2023\/10\/AutoRAI-Gespot-Nissan-Stagea-RS-2-360x270.jpg\" class=\"attachment-small size-small\" alt=\"\" loading=\"lazy\"><i class=\"fa fa-search-plus\" aria-hidden=\"true\"><\/i><br \/>\n\t\t\t\t\t\t<\/span><br \/>\n\t\t\t\t\t<\/figure>\n<figure>\n\t\t\t\t\t<span style=\"cursor: pointer\" data-src=\"https:\/\/autorai.nl\/wp-content\/uploads\/2023\/10\/AutoRAI-Gespot-Nissan-Stagea-RS-3-1600x1200.jpg\" data-fancybox=\"galery-3\" title=\"\"><br \/>\n\t\t\t\t\t\t\t<img decoding=\"async\" width=\"360\" height=\"270\" src=\"https:\/\/autorai.nl\/wp-content\/uploads\/2023\/10\/AutoRAI-Gespot-Nissan-Stagea-RS-3-360x270.jpg\" class=\"attachment-small size-small\" alt=\"\" loading=\"lazy\"><i class=\"fa fa-search-plus\" aria-hidden=\"true\"><\/i><br \/>\n\t\t\t\t\t\t<\/span><br \/>\n\t\t\t\t\t<\/figure>\n<figure>\n\t\t\t\t\t<span style=\"cursor: pointer\" data-src=\"https:\/\/autorai.nl\/wp-content\/uploads\/2023\/10\/AutoRAI-Gespot-Nissan-Stagea-RS-4-1600x1200.jpg\" data-fancybox=\"galery-3\" title=\"\"><br \/>\n\t\t\t\t\t\t\t<img decoding=\"async\" width=\"360\" height=\"270\" src=\"https:\/\/autorai.nl\/wp-content\/uploads\/2023\/10\/AutoRAI-Gespot-Nissan-Stagea-RS-4-360x270.jpg\" class=\"attachment-small size-small\" alt=\"\" loading=\"lazy\"><i class=\"fa fa-search-plus\" aria-hidden=\"true\"><\/i><br \/>\n\t\t\t\t\t\t<\/span><br \/>\n\t\t\t\t\t<\/figure>\n<div class=\"clear\"><\/div>\n<\/div>\n<h2><strong>Bonus: ein fr\u00fcher Fiat Panda<\/strong><\/h2>\n<p>W\u00e4hrend wir angehalten haben: daneben steht ein Fiat Panda des Facelift Modelljahres 1991. Diese neueste Version des urspr\u00fcnglichen Panda ist hier in der Region immer noch mit einer gewissen Regelm\u00e4\u00dfigkeit zu sehen, aber in den Niederlanden sind sie jetzt auch als Autospot erw\u00e4hnenswert. Jedenfalls sind diese Pandas nette kleine Autos, also musste auch dieses auf dem Bild sein.<\/p>\n<div class=\"galery galery-4\">\n<figure>\n\t\t\t\t\t<span style=\"cursor: pointer\" data-src=\"https:\/\/autorai.nl\/wp-content\/uploads\/2023\/10\/AutoRAI-Gespot-Fiat-Panda-1-1600x1200.jpg\" data-fancybox=\"galery-4\" title=\"\"><br \/>\n\t\t\t\t\t\t\t<img decoding=\"async\" width=\"360\" height=\"270\" src=\"https:\/\/autorai.nl\/wp-content\/uploads\/2023\/10\/AutoRAI-Gespot-Fiat-Panda-1-360x270.jpg\" class=\"attachment-small size-small\" alt=\"\" loading=\"lazy\"><i class=\"fa fa-search-plus\" aria-hidden=\"true\"><\/i><br \/>\n\t\t\t\t\t\t<\/span><br \/>\n\t\t\t\t\t<\/figure>\n<figure>\n\t\t\t\t\t<span style=\"cursor: pointer\" data-src=\"https:\/\/autorai.nl\/wp-content\/uploads\/2023\/10\/AutoRAI-Gespot-Fiat-Panda-2-1600x1200.jpg\" data-fancybox=\"galery-4\" title=\"\"><br \/>\n\t\t\t\t\t\t\t<img decoding=\"async\" width=\"360\" height=\"270\" src=\"https:\/\/autorai.nl\/wp-content\/uploads\/2023\/10\/AutoRAI-Gespot-Fiat-Panda-2-360x270.jpg\" class=\"attachment-small size-small\" alt=\"\" loading=\"lazy\"><i class=\"fa fa-search-plus\" aria-hidden=\"true\"><\/i><br \/>\n\t\t\t\t\t\t<\/span><br \/>\n\t\t\t\t\t<\/figure>\n<div class=\"clear\"><\/div>\n<\/div>\n","protected":false},"excerpt":{"rendered":"Ende letzten Monats war AutoRAI.co.uk in Frankreich, um ein Citroen-Modell mit neuen und aktualisierten Elektroantrieben auf Herz und Nieren zu&hellip;","protected":false},"author":0,"featured_media":139625,"comment_status":"","ping_status":"open","sticky":false,"template":"","format":"standard","meta":{"footnotes":""},"categories":[125,174],"tags":[],"class_list":["post-139637","post","type-post","status-publish","format-standard","has-post-thumbnail","hentry","category-auto-nachrichten","category-spas"],"acf":[],"yoast_head":"<!-- This site is optimized with the Yoast SEO plugin v21.2 - https:\/\/yoast.com\/wordpress\/plugins\/seo\/ -->\n<title>Gesichtet: ein Nissan Stagea - All cars news<\/title>\n<meta name=\"robots\" content=\"index, follow, max-snippet:-1, max-image-preview:large, max-video-preview:-1\" \/>\n<link rel=\"canonical\" href=\"https:\/\/all-car-news.com\/de\/gesichtet-ein-nissan-stagea\/\" \/>\n<meta property=\"og:locale\" content=\"de_DE\" \/>\n<meta property=\"og:type\" content=\"article\" \/>\n<meta property=\"og:title\" content=\"Gesichtet: ein Nissan Stagea - All cars news\" \/>\n<meta property=\"og:description\" content=\"Ende letzten Monats war AutoRAI.co.uk in Frankreich, um ein Citroen-Modell mit neuen und aktualisierten Elektroantrieben auf Herz und Nieren zu pr\u00fcfen. Wir fuhren durch die wundersch\u00f6ne H\u00fcgellandschaft nordwestlich von Paris. W\u00e4hrend der Fahrt mit dem bereits exklusiven Citro\u00ebn Ami Buggy II sahen wir in dem Dorf Maffliers etwas, das (in Europa) [...].\" \/>\n<meta property=\"og:url\" content=\"https:\/\/all-car-news.com\/de\/gesichtet-ein-nissan-stagea\/\" \/>\n<meta property=\"og:site_name\" content=\"All cars news\" \/>\n<meta property=\"article:published_time\" content=\"2023-10-06T15:03:00+00:00\" \/>\n<meta property=\"og:image\" content=\"https:\/\/autorai.nl\/wp-content\/uploads\/2023\/10\/Nissan-Skyline-5-640x480.jpg\" \/>\n<meta name=\"twitter:card\" content=\"summary_large_image\" \/>\n<meta name=\"twitter:label1\" content=\"Gesch\u00e4tzte Lesezeit\" \/>\n\t<meta name=\"twitter:data1\" content=\"3\u00a0Minuten\" \/>\n<script type=\"application\/ld+json\" class=\"yoast-schema-graph\">{\"@context\":\"https:\/\/schema.org\",\"@graph\":[{\"@type\":\"Article\",\"@id\":\"https:\/\/all-car-news.com\/de\/gesichtet-ein-nissan-stagea\/#article\",\"isPartOf\":{\"@id\":\"https:\/\/all-car-news.com\/de\/gesichtet-ein-nissan-stagea\/\"},\"author\":{\"name\":\"\",\"@id\":\"\"},\"headline\":\"Gesichtet: ein Nissan Stagea\",\"datePublished\":\"2023-10-06T15:03:00+00:00\",\"dateModified\":\"2023-10-06T15:03:00+00:00\",\"mainEntityOfPage\":{\"@id\":\"https:\/\/all-car-news.com\/de\/gesichtet-ein-nissan-stagea\/\"},\"wordCount\":688,\"publisher\":{\"@id\":\"https:\/\/all-car-news.com\/de\/#organization\"},\"articleSection\":[\"Auto Nachrichten\",\"Spa\u00df\"],\"inLanguage\":\"de\"},{\"@type\":\"WebPage\",\"@id\":\"https:\/\/all-car-news.com\/de\/gesichtet-ein-nissan-stagea\/\",\"url\":\"https:\/\/all-car-news.com\/de\/gesichtet-ein-nissan-stagea\/\",\"name\":\"Gesichtet: ein Nissan Stagea - All cars news\",\"isPartOf\":{\"@id\":\"https:\/\/all-car-news.com\/de\/#website\"},\"datePublished\":\"2023-10-06T15:03:00+00:00\",\"dateModified\":\"2023-10-06T15:03:00+00:00\",\"breadcrumb\":{\"@id\":\"https:\/\/all-car-news.com\/de\/gesichtet-ein-nissan-stagea\/#breadcrumb\"},\"inLanguage\":\"de\",\"potentialAction\":[{\"@type\":\"ReadAction\",\"target\":[\"https:\/\/all-car-news.com\/de\/gesichtet-ein-nissan-stagea\/\"]}]},{\"@type\":\"BreadcrumbList\",\"@id\":\"https:\/\/all-car-news.com\/de\/gesichtet-ein-nissan-stagea\/#breadcrumb\",\"itemListElement\":[{\"@type\":\"ListItem\",\"position\":1,\"name\":\"Home\",\"item\":\"https:\/\/all-car-news.com\/de\/\"},{\"@type\":\"ListItem\",\"position\":2,\"name\":\"Gesichtet: ein Nissan Stagea\"}]},{\"@type\":\"WebSite\",\"@id\":\"https:\/\/all-car-news.com\/de\/#website\",\"url\":\"https:\/\/all-car-news.com\/de\/\",\"name\":\"All cars news\",\"description\":\"\",\"publisher\":{\"@id\":\"https:\/\/all-car-news.com\/de\/#organization\"},\"potentialAction\":[{\"@type\":\"SearchAction\",\"target\":{\"@type\":\"EntryPoint\",\"urlTemplate\":\"https:\/\/all-car-news.com\/de\/?s={search_term_string}\"},\"query-input\":\"required name=search_term_string\"}],\"inLanguage\":\"de\"},{\"@type\":\"Organization\",\"@id\":\"https:\/\/all-car-news.com\/de\/#organization\",\"name\":\"All cars news\",\"url\":\"https:\/\/all-car-news.com\/de\/\",\"logo\":{\"@type\":\"ImageObject\",\"inLanguage\":\"de\",\"@id\":\"https:\/\/all-car-news.com\/de\/#\/schema\/logo\/image\/\",\"url\":\"https:\/\/all-car-news.com\/wp-content\/uploads\/2022\/02\/CMYK-AllCarNews_LANDSCAPE_300px-1.png\",\"contentUrl\":\"https:\/\/all-car-news.com\/wp-content\/uploads\/2022\/02\/CMYK-AllCarNews_LANDSCAPE_300px-1.png\",\"width\":300,\"height\":100,\"caption\":\"All cars news\"},\"image\":{\"@id\":\"https:\/\/all-car-news.com\/de\/#\/schema\/logo\/image\/\"}}]}<\/script>\n<!-- \/ Yoast SEO plugin. -->","yoast_head_json":{"title":"Gesichtet: ein Nissan Stagea - All cars news","robots":{"index":"index","follow":"follow","max-snippet":"max-snippet:-1","max-image-preview":"max-image-preview:large","max-video-preview":"max-video-preview:-1"},"canonical":"https:\/\/all-car-news.com\/de\/gesichtet-ein-nissan-stagea\/","og_locale":"de_DE","og_type":"article","og_title":"Gesichtet: ein Nissan Stagea - All cars news","og_description":"Ende letzten Monats war AutoRAI.co.uk in Frankreich, um ein Citroen-Modell mit neuen und aktualisierten Elektroantrieben auf Herz und Nieren zu pr\u00fcfen. Wir fuhren durch die wundersch\u00f6ne H\u00fcgellandschaft nordwestlich von Paris. W\u00e4hrend der Fahrt mit dem bereits exklusiven Citro\u00ebn Ami Buggy II sahen wir in dem Dorf Maffliers etwas, das (in Europa) [...].","og_url":"https:\/\/all-car-news.com\/de\/gesichtet-ein-nissan-stagea\/","og_site_name":"All cars news","article_published_time":"2023-10-06T15:03:00+00:00","og_image":[{"url":"https:\/\/autorai.nl\/wp-content\/uploads\/2023\/10\/Nissan-Skyline-5-640x480.jpg"}],"twitter_card":"summary_large_image","twitter_misc":{"Gesch\u00e4tzte Lesezeit":"3\u00a0Minuten"},"schema":{"@context":"https:\/\/schema.org","@graph":[{"@type":"Article","@id":"https:\/\/all-car-news.com\/de\/gesichtet-ein-nissan-stagea\/#article","isPartOf":{"@id":"https:\/\/all-car-news.com\/de\/gesichtet-ein-nissan-stagea\/"},"author":{"name":"","@id":""},"headline":"Gesichtet: ein Nissan Stagea","datePublished":"2023-10-06T15:03:00+00:00","dateModified":"2023-10-06T15:03:00+00:00","mainEntityOfPage":{"@id":"https:\/\/all-car-news.com\/de\/gesichtet-ein-nissan-stagea\/"},"wordCount":688,"publisher":{"@id":"https:\/\/all-car-news.com\/de\/#organization"},"articleSection":["Auto Nachrichten","Spa\u00df"],"inLanguage":"de"},{"@type":"WebPage","@id":"https:\/\/all-car-news.com\/de\/gesichtet-ein-nissan-stagea\/","url":"https:\/\/all-car-news.com\/de\/gesichtet-ein-nissan-stagea\/","name":"Gesichtet: ein Nissan Stagea - All cars news","isPartOf":{"@id":"https:\/\/all-car-news.com\/de\/#website"},"datePublished":"2023-10-06T15:03:00+00:00","dateModified":"2023-10-06T15:03:00+00:00","breadcrumb":{"@id":"https:\/\/all-car-news.com\/de\/gesichtet-ein-nissan-stagea\/#breadcrumb"},"inLanguage":"de","potentialAction":[{"@type":"ReadAction","target":["https:\/\/all-car-news.com\/de\/gesichtet-ein-nissan-stagea\/"]}]},{"@type":"BreadcrumbList","@id":"https:\/\/all-car-news.com\/de\/gesichtet-ein-nissan-stagea\/#breadcrumb","itemListElement":[{"@type":"ListItem","position":1,"name":"Home","item":"https:\/\/all-car-news.com\/de\/"},{"@type":"ListItem","position":2,"name":"Gesichtet: ein Nissan Stagea"}]},{"@type":"WebSite","@id":"https:\/\/all-car-news.com\/de\/#website","url":"https:\/\/all-car-news.com\/de\/","name":"All cars news","description":"","publisher":{"@id":"https:\/\/all-car-news.com\/de\/#organization"},"potentialAction":[{"@type":"SearchAction","target":{"@type":"EntryPoint","urlTemplate":"https:\/\/all-car-news.com\/de\/?s={search_term_string}"},"query-input":"required name=search_term_string"}],"inLanguage":"de"},{"@type":"Organization","@id":"https:\/\/all-car-news.com\/de\/#organization","name":"All cars news","url":"https:\/\/all-car-news.com\/de\/","logo":{"@type":"ImageObject","inLanguage":"de","@id":"https:\/\/all-car-news.com\/de\/#\/schema\/logo\/image\/","url":"https:\/\/all-car-news.com\/wp-content\/uploads\/2022\/02\/CMYK-AllCarNews_LANDSCAPE_300px-1.png","contentUrl":"https:\/\/all-car-news.com\/wp-content\/uploads\/2022\/02\/CMYK-AllCarNews_LANDSCAPE_300px-1.png","width":300,"height":100,"caption":"All cars news"},"image":{"@id":"https:\/\/all-car-news.com\/de\/#\/schema\/logo\/image\/"}}]}},"_links":{"self":[{"href":"https:\/\/all-car-news.com\/de\/wp-json\/wp\/v2\/posts\/139637","targetHints":{"allow":["GET"]}}],"collection":[{"href":"https:\/\/all-car-news.com\/de\/wp-json\/wp\/v2\/posts"}],"about":[{"href":"https:\/\/all-car-news.com\/de\/wp-json\/wp\/v2\/types\/post"}],"replies":[{"embeddable":true,"href":"https:\/\/all-car-news.com\/de\/wp-json\/wp\/v2\/comments?post=139637"}],"version-history":[{"count":0,"href":"https:\/\/all-car-news.com\/de\/wp-json\/wp\/v2\/posts\/139637\/revisions"}],"wp:featuredmedia":[{"embeddable":true,"href":"https:\/\/all-car-news.com\/de\/wp-json\/wp\/v2\/media\/139625"}],"wp:attachment":[{"href":"https:\/\/all-car-news.com\/de\/wp-json\/wp\/v2\/media?parent=139637"}],"wp:term":[{"taxonomy":"category","embeddable":true,"href":"https:\/\/all-car-news.com\/de\/wp-json\/wp\/v2\/categories?post=139637"},{"taxonomy":"post_tag","embeddable":true,"href":"https:\/\/all-car-news.com\/de\/wp-json\/wp\/v2\/tags?post=139637"}],"curies":[{"name":"wp","href":"https:\/\/api.w.org\/{rel}","templated":true}]}}