{"id":139567,"date":"2023-10-05T09:44:43","date_gmt":"2023-10-05T09:44:43","guid":{"rendered":"https:\/\/all-car-news.com\/der-neue-kodiaq-geschaerftes-design-und-phev-antriebsstrang\/"},"modified":"2023-10-05T09:44:43","modified_gmt":"2023-10-05T09:44:43","slug":"der-neue-kodiaq-geschaerftes-design-und-phev-antriebsstrang","status":"publish","type":"post","link":"https:\/\/all-car-news.com\/de\/der-neue-kodiaq-geschaerftes-design-und-phev-antriebsstrang\/","title":{"rendered":"Der neue Kodiaq: gesch\u00e4rftes Design und PHEV-Antriebsstrang"},"content":{"rendered":"<h2>Der neue Skoda Kodiaq<\/h2>\n<p>Nach sechs Jahren gibt es eine v\u00f6llig neue Generation des Kodiaq. Der Neuank\u00f6mmling ist gewachsen. Sie ist jetzt 4,76 Meter lang, 1,86 Meter breit und 1,66 Meter hoch. Der Radstand betr\u00e4gt 2,79 Meter. Wie sein Vorg\u00e4nger ist er als F\u00fcnf- und Siebensitzer erh\u00e4ltlich. In der siebensitzigen Version haben die Passagiere nun 1,5 Zentimeter mehr Platz \u00fcber dem Kopf. Die f\u00fcnfsitzige Version hat ein Kofferraumvolumen von 910 Litern, das sind 75 Liter mehr als bisher. Wenn man die R\u00fccksitze umklappt, sind es 2.105 Liter, also 40 Liter mehr als bisher.  <\/p>\n<figure class=\"wp-block-image size-content\"><img decoding=\"async\" loading=\"lazy\" width=\"1140\" height=\"641\" src=\"https:\/\/autorai.nl\/wp-content\/uploads\/2023\/10\/kodiaq-selection-suite-rq.png-v007-1140x641.jpg\" alt=\"\" class=\"wp-image-167420\"><\/figure>\n<h2>Evolution<\/h2>\n<p>Das neue Design ist eher eine Evolution als eine Revolution. Der sechseckige K\u00fchlergrill ist wie andere Elemente in dunklem Chrom ausgef\u00fchrt. Ein beleuchteter K\u00fchlergrill ist optional erh\u00e4ltlich. Alle Modelle sind serienm\u00e4\u00dfig mit LED-Beleuchtung ausgestattet. Der Innenraum ist ger\u00e4umig und bietet praktische Ablagem\u00f6glichkeiten, darunter einen zus\u00e4tzlichen Stauraum von 2,1 Litern, wenn der W\u00e4hlhebel der Automatik an die Lenks\u00e4ule verlegt wird.  <\/p>\n<figure class=\"wp-block-image size-content\"><img decoding=\"async\" loading=\"lazy\" width=\"1140\" height=\"641\" src=\"https:\/\/autorai.nl\/wp-content\/uploads\/2023\/10\/kodiaq-selection-suite-f.png-v007-1140x641.jpg\" alt=\"\" class=\"wp-image-167421\"><\/figure>\n<h2>Physische Tasten!<\/h2>\n<p>Im Innenraum setzt Skoda mutig auf physische Dreh- und Druckkn\u00f6pfe. Eine Entscheidung, die wir begr\u00fc\u00dfen. Es gibt ein 10,25-Zoll-Virtual-Cockpit und einen zentralen 10-Zoll-Touchscreen, optional auch einen 13-Zoll-Bildschirm und ein Head-up-Display. DAB+, Sprach- und Gestensteuerung sowie vier USB-C-Anschl\u00fcsse geh\u00f6ren ebenso zur Standardausstattung wie das kabellose Laden f\u00fcr zwei Smartphones.<\/p>\n<figure class=\"wp-block-image size-content\"><img decoding=\"async\" loading=\"lazy\" width=\"1140\" height=\"761\" src=\"https:\/\/autorai.nl\/wp-content\/uploads\/2023\/10\/kodiaq-iv-seats-front-1140x761.jpg\" alt=\"\" class=\"wp-image-167422\"><\/figure>\n<h2>Antriebsstrang  <\/h2>\n<p>Der neue Kodiaq ist endlich auch mit Plug-in-Hybridtechnologie erh\u00e4ltlich. Die PHEV-Version hat eine elektrische Reichweite von 100 Kilometern und kann mit 11 kW aufgeladen werden. Auch Schnellladung ist m\u00f6glich: bis zu 50 kW. Der Siebensitzer ist nur mit Mild-Hybrid-Technologie erh\u00e4ltlich und nutzt einen 48-Volt-Startergenerator. Beide Versionen verf\u00fcgen \u00fcber ein DSG-Automatikgetriebe.  <\/p>\n<p>Der neue Kodiaq wird ab Mitte Mai auf dem niederl\u00e4ndischen Markt erwartet. Preise und weitere Spezifikationen werden noch vor der Markteinf\u00fchrung bekannt gegeben.&nbsp;<\/p>\n<p><a href=\"https:\/\/youtu.be\/r2G5tUHu6lM?si=r3rtS_TD8s2giyKC\">Sehen Sie auch:<\/a><\/p>\n<figure class=\"wp-block-embed is-type-video is-provider-youtube wp-block-embed-youtube wp-embed-aspect-16-9 wp-has-aspect-ratio\">\n<div class=\"wp-block-embed__wrapper\">\n<\/div>\n<\/figure>\n<p><a href=\"https:\/\/content.presspage.com\/uploads\/1443\/ba5d724b-0647-4390-a1b4-284be8419b32\/800_kodiaq-34front-left.jpg?10000\"><\/a><\/p><\/p>\n","protected":false},"excerpt":{"rendered":"Neuer Skoda Kodiaq Nach sechs Jahren gibt es eine v\u00f6llig neue Generation des Kodiaq. Der Neuank\u00f6mmling ist gewachsen. Sie ist&hellip;","protected":false},"author":0,"featured_media":139558,"comment_status":"","ping_status":"open","sticky":false,"template":"","format":"standard","meta":{"footnotes":""},"categories":[125],"tags":[],"class_list":["post-139567","post","type-post","status-publish","format-standard","has-post-thumbnail","hentry","category-auto-nachrichten"],"acf":[],"yoast_head":"<!-- This site is optimized with the Yoast SEO plugin v21.2 - https:\/\/yoast.com\/wordpress\/plugins\/seo\/ -->\n<title>Der neue Kodiaq: gesch\u00e4rftes Design und PHEV-Antriebsstrang - All cars news<\/title>\n<meta name=\"robots\" content=\"index, follow, max-snippet:-1, max-image-preview:large, max-video-preview:-1\" \/>\n<link rel=\"canonical\" href=\"https:\/\/all-car-news.com\/de\/der-neue-kodiaq-geschaerftes-design-und-phev-antriebsstrang\/\" \/>\n<meta property=\"og:locale\" content=\"de_DE\" \/>\n<meta property=\"og:type\" content=\"article\" \/>\n<meta property=\"og:title\" content=\"Der neue Kodiaq: gesch\u00e4rftes Design und PHEV-Antriebsstrang - All cars news\" \/>\n<meta property=\"og:description\" content=\"Neuer Skoda Kodiaq Nach sechs Jahren gibt es eine v\u00f6llig neue Generation des Kodiaq. Der Neuank\u00f6mmling ist gewachsen. Sie ist jetzt 4,76 Meter lang, 1,86 Meter breit und 1,66 Meter hoch. Der Radstand betr\u00e4gt 2,79 Meter. Wie sein Vorg\u00e4nger ist er als F\u00fcnf- und Siebensitzer erh\u00e4ltlich. In der siebensitzigen Version haben die Passagiere nun 1,5 Zentimeter [...]\" \/>\n<meta property=\"og:url\" content=\"https:\/\/all-car-news.com\/de\/der-neue-kodiaq-geschaerftes-design-und-phev-antriebsstrang\/\" \/>\n<meta property=\"og:site_name\" content=\"All cars news\" \/>\n<meta property=\"article:published_time\" content=\"2023-10-05T09:44:43+00:00\" \/>\n<meta property=\"og:image\" content=\"https:\/\/autorai.nl\/wp-content\/uploads\/2023\/10\/kodiaq-selection-suite-rq.png-v007-1140x641.jpg\" \/>\n<meta name=\"twitter:card\" content=\"summary_large_image\" \/>\n<meta name=\"twitter:label1\" content=\"Gesch\u00e4tzte Lesezeit\" \/>\n\t<meta name=\"twitter:data1\" content=\"1\u00a0Minute\" \/>\n<script type=\"application\/ld+json\" class=\"yoast-schema-graph\">{\"@context\":\"https:\/\/schema.org\",\"@graph\":[{\"@type\":\"Article\",\"@id\":\"https:\/\/all-car-news.com\/de\/der-neue-kodiaq-geschaerftes-design-und-phev-antriebsstrang\/#article\",\"isPartOf\":{\"@id\":\"https:\/\/all-car-news.com\/de\/der-neue-kodiaq-geschaerftes-design-und-phev-antriebsstrang\/\"},\"author\":{\"name\":\"\",\"@id\":\"\"},\"headline\":\"Der neue Kodiaq: gesch\u00e4rftes Design und PHEV-Antriebsstrang\",\"datePublished\":\"2023-10-05T09:44:43+00:00\",\"dateModified\":\"2023-10-05T09:44:43+00:00\",\"mainEntityOfPage\":{\"@id\":\"https:\/\/all-car-news.com\/de\/der-neue-kodiaq-geschaerftes-design-und-phev-antriebsstrang\/\"},\"wordCount\":305,\"publisher\":{\"@id\":\"https:\/\/all-car-news.com\/de\/#organization\"},\"articleSection\":[\"Auto Nachrichten\"],\"inLanguage\":\"de\"},{\"@type\":\"WebPage\",\"@id\":\"https:\/\/all-car-news.com\/de\/der-neue-kodiaq-geschaerftes-design-und-phev-antriebsstrang\/\",\"url\":\"https:\/\/all-car-news.com\/de\/der-neue-kodiaq-geschaerftes-design-und-phev-antriebsstrang\/\",\"name\":\"Der neue Kodiaq: gesch\u00e4rftes Design und PHEV-Antriebsstrang - All cars news\",\"isPartOf\":{\"@id\":\"https:\/\/all-car-news.com\/de\/#website\"},\"datePublished\":\"2023-10-05T09:44:43+00:00\",\"dateModified\":\"2023-10-05T09:44:43+00:00\",\"breadcrumb\":{\"@id\":\"https:\/\/all-car-news.com\/de\/der-neue-kodiaq-geschaerftes-design-und-phev-antriebsstrang\/#breadcrumb\"},\"inLanguage\":\"de\",\"potentialAction\":[{\"@type\":\"ReadAction\",\"target\":[\"https:\/\/all-car-news.com\/de\/der-neue-kodiaq-geschaerftes-design-und-phev-antriebsstrang\/\"]}]},{\"@type\":\"BreadcrumbList\",\"@id\":\"https:\/\/all-car-news.com\/de\/der-neue-kodiaq-geschaerftes-design-und-phev-antriebsstrang\/#breadcrumb\",\"itemListElement\":[{\"@type\":\"ListItem\",\"position\":1,\"name\":\"Home\",\"item\":\"https:\/\/all-car-news.com\/de\/\"},{\"@type\":\"ListItem\",\"position\":2,\"name\":\"Der neue Kodiaq: gesch\u00e4rftes Design und PHEV-Antriebsstrang\"}]},{\"@type\":\"WebSite\",\"@id\":\"https:\/\/all-car-news.com\/de\/#website\",\"url\":\"https:\/\/all-car-news.com\/de\/\",\"name\":\"All cars news\",\"description\":\"\",\"publisher\":{\"@id\":\"https:\/\/all-car-news.com\/de\/#organization\"},\"potentialAction\":[{\"@type\":\"SearchAction\",\"target\":{\"@type\":\"EntryPoint\",\"urlTemplate\":\"https:\/\/all-car-news.com\/de\/?s={search_term_string}\"},\"query-input\":\"required name=search_term_string\"}],\"inLanguage\":\"de\"},{\"@type\":\"Organization\",\"@id\":\"https:\/\/all-car-news.com\/de\/#organization\",\"name\":\"All cars news\",\"url\":\"https:\/\/all-car-news.com\/de\/\",\"logo\":{\"@type\":\"ImageObject\",\"inLanguage\":\"de\",\"@id\":\"https:\/\/all-car-news.com\/de\/#\/schema\/logo\/image\/\",\"url\":\"https:\/\/all-car-news.com\/wp-content\/uploads\/2022\/02\/CMYK-AllCarNews_LANDSCAPE_300px-1.png\",\"contentUrl\":\"https:\/\/all-car-news.com\/wp-content\/uploads\/2022\/02\/CMYK-AllCarNews_LANDSCAPE_300px-1.png\",\"width\":300,\"height\":100,\"caption\":\"All cars news\"},\"image\":{\"@id\":\"https:\/\/all-car-news.com\/de\/#\/schema\/logo\/image\/\"}}]}<\/script>\n<!-- \/ Yoast SEO plugin. -->","yoast_head_json":{"title":"Der neue Kodiaq: gesch\u00e4rftes Design und PHEV-Antriebsstrang - All cars news","robots":{"index":"index","follow":"follow","max-snippet":"max-snippet:-1","max-image-preview":"max-image-preview:large","max-video-preview":"max-video-preview:-1"},"canonical":"https:\/\/all-car-news.com\/de\/der-neue-kodiaq-geschaerftes-design-und-phev-antriebsstrang\/","og_locale":"de_DE","og_type":"article","og_title":"Der neue Kodiaq: gesch\u00e4rftes Design und PHEV-Antriebsstrang - All cars news","og_description":"Neuer Skoda Kodiaq Nach sechs Jahren gibt es eine v\u00f6llig neue Generation des Kodiaq. Der Neuank\u00f6mmling ist gewachsen. Sie ist jetzt 4,76 Meter lang, 1,86 Meter breit und 1,66 Meter hoch. Der Radstand betr\u00e4gt 2,79 Meter. Wie sein Vorg\u00e4nger ist er als F\u00fcnf- und Siebensitzer erh\u00e4ltlich. In der siebensitzigen Version haben die Passagiere nun 1,5 Zentimeter [...]","og_url":"https:\/\/all-car-news.com\/de\/der-neue-kodiaq-geschaerftes-design-und-phev-antriebsstrang\/","og_site_name":"All cars news","article_published_time":"2023-10-05T09:44:43+00:00","og_image":[{"url":"https:\/\/autorai.nl\/wp-content\/uploads\/2023\/10\/kodiaq-selection-suite-rq.png-v007-1140x641.jpg"}],"twitter_card":"summary_large_image","twitter_misc":{"Gesch\u00e4tzte Lesezeit":"1\u00a0Minute"},"schema":{"@context":"https:\/\/schema.org","@graph":[{"@type":"Article","@id":"https:\/\/all-car-news.com\/de\/der-neue-kodiaq-geschaerftes-design-und-phev-antriebsstrang\/#article","isPartOf":{"@id":"https:\/\/all-car-news.com\/de\/der-neue-kodiaq-geschaerftes-design-und-phev-antriebsstrang\/"},"author":{"name":"","@id":""},"headline":"Der neue Kodiaq: gesch\u00e4rftes Design und PHEV-Antriebsstrang","datePublished":"2023-10-05T09:44:43+00:00","dateModified":"2023-10-05T09:44:43+00:00","mainEntityOfPage":{"@id":"https:\/\/all-car-news.com\/de\/der-neue-kodiaq-geschaerftes-design-und-phev-antriebsstrang\/"},"wordCount":305,"publisher":{"@id":"https:\/\/all-car-news.com\/de\/#organization"},"articleSection":["Auto Nachrichten"],"inLanguage":"de"},{"@type":"WebPage","@id":"https:\/\/all-car-news.com\/de\/der-neue-kodiaq-geschaerftes-design-und-phev-antriebsstrang\/","url":"https:\/\/all-car-news.com\/de\/der-neue-kodiaq-geschaerftes-design-und-phev-antriebsstrang\/","name":"Der neue Kodiaq: gesch\u00e4rftes Design und PHEV-Antriebsstrang - All cars news","isPartOf":{"@id":"https:\/\/all-car-news.com\/de\/#website"},"datePublished":"2023-10-05T09:44:43+00:00","dateModified":"2023-10-05T09:44:43+00:00","breadcrumb":{"@id":"https:\/\/all-car-news.com\/de\/der-neue-kodiaq-geschaerftes-design-und-phev-antriebsstrang\/#breadcrumb"},"inLanguage":"de","potentialAction":[{"@type":"ReadAction","target":["https:\/\/all-car-news.com\/de\/der-neue-kodiaq-geschaerftes-design-und-phev-antriebsstrang\/"]}]},{"@type":"BreadcrumbList","@id":"https:\/\/all-car-news.com\/de\/der-neue-kodiaq-geschaerftes-design-und-phev-antriebsstrang\/#breadcrumb","itemListElement":[{"@type":"ListItem","position":1,"name":"Home","item":"https:\/\/all-car-news.com\/de\/"},{"@type":"ListItem","position":2,"name":"Der neue Kodiaq: gesch\u00e4rftes Design und PHEV-Antriebsstrang"}]},{"@type":"WebSite","@id":"https:\/\/all-car-news.com\/de\/#website","url":"https:\/\/all-car-news.com\/de\/","name":"All cars news","description":"","publisher":{"@id":"https:\/\/all-car-news.com\/de\/#organization"},"potentialAction":[{"@type":"SearchAction","target":{"@type":"EntryPoint","urlTemplate":"https:\/\/all-car-news.com\/de\/?s={search_term_string}"},"query-input":"required name=search_term_string"}],"inLanguage":"de"},{"@type":"Organization","@id":"https:\/\/all-car-news.com\/de\/#organization","name":"All cars news","url":"https:\/\/all-car-news.com\/de\/","logo":{"@type":"ImageObject","inLanguage":"de","@id":"https:\/\/all-car-news.com\/de\/#\/schema\/logo\/image\/","url":"https:\/\/all-car-news.com\/wp-content\/uploads\/2022\/02\/CMYK-AllCarNews_LANDSCAPE_300px-1.png","contentUrl":"https:\/\/all-car-news.com\/wp-content\/uploads\/2022\/02\/CMYK-AllCarNews_LANDSCAPE_300px-1.png","width":300,"height":100,"caption":"All cars news"},"image":{"@id":"https:\/\/all-car-news.com\/de\/#\/schema\/logo\/image\/"}}]}},"_links":{"self":[{"href":"https:\/\/all-car-news.com\/de\/wp-json\/wp\/v2\/posts\/139567","targetHints":{"allow":["GET"]}}],"collection":[{"href":"https:\/\/all-car-news.com\/de\/wp-json\/wp\/v2\/posts"}],"about":[{"href":"https:\/\/all-car-news.com\/de\/wp-json\/wp\/v2\/types\/post"}],"replies":[{"embeddable":true,"href":"https:\/\/all-car-news.com\/de\/wp-json\/wp\/v2\/comments?post=139567"}],"version-history":[{"count":0,"href":"https:\/\/all-car-news.com\/de\/wp-json\/wp\/v2\/posts\/139567\/revisions"}],"wp:featuredmedia":[{"embeddable":true,"href":"https:\/\/all-car-news.com\/de\/wp-json\/wp\/v2\/media\/139558"}],"wp:attachment":[{"href":"https:\/\/all-car-news.com\/de\/wp-json\/wp\/v2\/media?parent=139567"}],"wp:term":[{"taxonomy":"category","embeddable":true,"href":"https:\/\/all-car-news.com\/de\/wp-json\/wp\/v2\/categories?post=139567"},{"taxonomy":"post_tag","embeddable":true,"href":"https:\/\/all-car-news.com\/de\/wp-json\/wp\/v2\/tags?post=139567"}],"curies":[{"name":"wp","href":"https:\/\/api.w.org\/{rel}","templated":true}]}}