{"id":139360,"date":"2023-09-04T07:02:00","date_gmt":"2023-09-04T07:02:00","guid":{"rendered":"https:\/\/all-car-news.com\/die-neue-mercedes-benz-e-klasse-all-terrain-auf-einen-blick\/"},"modified":"2023-09-04T07:02:00","modified_gmt":"2023-09-04T07:02:00","slug":"die-neue-mercedes-benz-e-klasse-all-terrain-auf-einen-blick","status":"publish","type":"post","link":"https:\/\/all-car-news.com\/de\/die-neue-mercedes-benz-e-klasse-all-terrain-auf-einen-blick\/","title":{"rendered":"Die neue Mercedes-Benz E-Klasse All-Terrain auf einen Blick"},"content":{"rendered":"<h2>Kurz und b\u00fcndig<\/h2>\n<p>Mit dem serienm\u00e4\u00dfigen Allradantrieb 4MATIC, der gr\u00f6\u00dferen Bodenfreiheit durch die ebenfalls serienm\u00e4\u00dfige Luftfederung AIRMATIC und dem Fahrprogramm Offroad&#8220; meistert die neue Mercedes-Benz E-Klasse All-Terrain auf ihren gr\u00f6\u00dferen R\u00e4dern auch leichtes Gel\u00e4nde, wie zum Beispiel unbefestigte Wege, sehr gut. Weitere praktische Details, die das Fahrerlebnis im Gel\u00e4nde verbessern, sind der Offroad-Bildschirm und die &#8222;transparente Motorhaube&#8220; als Bestandteil der 360\u00b0-Kamera.<\/p>\n<p>Zu den Offroad-Design-Elementen geh\u00f6ren der spezifische K\u00fchlergrill, spezielle Sto\u00dff\u00e4nger, optische Unterfahrschutzleisten in Hochglanzchrom vorne und hinten sowie dunkelgraue Radlaufverkleidungen in mattem Dunkelgrau.  <\/p>\n<p>Die neue E-Klasse All-Terrain hat auf der IAA in M\u00fcnchen ihre Weltpremiere und komplettiert die E-Klasse Familie. Er wird ab dem ersten Quartal 2024 bei den Mercedes-Benz H\u00e4ndlern stehen.<\/p>\n<figure class=\"wp-block-image size-full\"><img decoding=\"async\" loading=\"lazy\" width=\"1920\" height=\"1282\" src=\"https:\/\/autorai.nl\/wp-content\/uploads\/2023\/09\/Mercedes-Benz-E-Klasse-All-Terrain-2023-foto-12.jpg\" alt=\"Die neue Mercedes-Benz E-Klasse All-Terrain\" class=\"wp-image-165899\"><\/figure>\n<h2>Mercedes-Benz E-Klasse All-Terrain, 5 Highlights<\/h2>\n<ol>\n<li>Die neue Mercedes-Benz E-Klasse All-Terrain ist serienm\u00e4\u00dfig mit der Einkammer-Luftfederung AIRMATIC ausgestattet. Er bietet 46 mm mehr Bodenfreiheit und eine stufenlos einstellbare D\u00e4mpfung f\u00fcr die Druck- und Zugstufe der Sto\u00dfd\u00e4mpfer.<\/li>\n<li>Der Laderaum kann von 615 auf 1.830 Liter erweitert werden. Der Plug-in-Hybrid bietet 460 bis 1.675 Liter Kofferraumvolumen.  <\/li>\n<li>Die Fondpassagiere profitieren besonders vom 22 mm l\u00e4ngeren Radstand (2.961 mm). Au\u00dferdem haben sie jetzt 1.519 mm Ellbogenfreiheit zur Verf\u00fcgung &#8211; ein Plus von 25 mm.<\/li>\n<li>Die E-Klasse All-Terrain hat eine gebremste Anh\u00e4ngelast von bis zu 2.100 kg. Das gilt auch f\u00fcr den Plug-in-Hybrid. Die ungebremste Anh\u00e4ngelast betr\u00e4gt 750 kg. Dank einer St\u00fctzlast von bis zu 84 kg k\u00f6nnen auch E-Bikes transportiert werden.<\/li>\n<li>Der beleuchtete K\u00fchlergrill (Option) verf\u00fcgt \u00fcber zwei Glasfaserbalken hinter den Chromleisten, die von LED-Modulen beleuchtet werden.<\/li>\n<\/ol>\n<h2>Ma\u00dfe<\/h2>\n<p>Im Vergleich zum herk\u00f6mmlichen E-Klasse T-Modell ist der All-Terrain nur h\u00f6her. Die L\u00e4nge ist nahezu gleich geblieben (4.950 mm). Die Breite betr\u00e4gt 1.904 mm, die H\u00f6he 1.497 mm. Er ist serienm\u00e4\u00dfig mit 235\/55 R18 Reifen auf 8J x 18-Zoll-Felgen ausgestattet. Optional sind Felgen bis zu 20&#8243; erh\u00e4ltlich.<\/p>\n<p>Die neue E-Klasse All-Terrain ist 28 mm breiter als das Vorg\u00e4ngermodell. Das macht die Reise f\u00fcr die Fondpassagiere noch komfortabler, denn sie haben nun 1.519 mm Ellbogenfreiheit zur Verf\u00fcgung. Der Radstand ist um 22 mm auf 2.961 mm gewachsen und bietet mehr Knie- und Beinfreiheit im Fond.<\/p>\n<p>Die R\u00fccksitzlehne kann im Verh\u00e4ltnis 40:20:40 geteilt und umgeklappt werden. Sie wird mit zwei Drucktasten links und rechts an der R\u00fccksitzlehne bedient. Die serienm\u00e4\u00dfige EASY PACK-Heckklappe l\u00e4sst sich bequem per Knopfdruck \u00f6ffnen und schlie\u00dfen: \u00fcber die Taste am Z\u00fcndschl\u00fcssel, den Schalter in der Fahrert\u00fcr oder den Entriegelungshebel an der Heckklappe. Die Gep\u00e4ckabdeckung (Rollo) und das Trennnetz (beides Standard) sind zweiteilig. Sie haben jeweils eine eigene Kassette.<\/p>\n<figure class=\"wp-block-image size-content\"><img decoding=\"async\" loading=\"lazy\" width=\"1140\" height=\"761\" src=\"https:\/\/autorai.nl\/wp-content\/uploads\/2023\/09\/Mercedes-Benz-E-Klasse-All-Terrain-2023-foto-9-1140x761.jpg\" alt=\"Die neue Mercedes-Benz E-Klasse All-Terrain\" class=\"wp-image-165896\"><\/figure>\n<h2>Off-Road Designelemente<\/h2>\n<p>Das auff\u00e4lligste Merkmal der markanten Frontpartie ist der Zweilamellengrill mit integriertem Stern und Mercedes-Benz Muster. Die Lamellen sind aus Iridiumsilber. Der spezifische Frontsto\u00dff\u00e4nger und der optische Unterfahrschutz in hochgl\u00e4nzendem Chrom tragen ebenfalls zum robusten Erscheinungsbild bei. Dies sind drei weitere Merkmale.<\/p>\n<ol>\n<li>Im Profil fallen die dunkelgrauen Radlaufverkleidungen in mattem Dunkelgrau auf, die dem All-Terrain Charakter verleihen. Gleiches gilt f\u00fcr die Schwellerverbreiterungen mit Blenden in Hochglanzchrom.<\/li>\n<li>Am Heck verf\u00fcgt der All-Terrain au\u00dferdem \u00fcber einen modellspezifischen Sto\u00dff\u00e4nger, der in einem optischen Unterfahrschutz in Hochglanzchrom endet. Ein weiteres Detail ist ein robuster Ladekantenschutz in Edelstahloptik.<\/li>\n<li>Im Innenraum finden sich AMG Sportpedale aus Edelstahl und Fu\u00dfmatten mit dem Schriftzug &#8222;All-Terrain&#8220;.<\/li>\n<\/ol>\n<h2>Luftfederung rundum als Standard<\/h2>\n<p>Die neue E-Klasse All-Terrain ist serienm\u00e4\u00dfig mit der Luftfederung AIRMATIC an der Vorder- und Hinterachse ausgestattet. Dieses System kombiniert luftgefederte Faltenb\u00e4lge mit adaptiven ADS+-D\u00e4mpfern f\u00fcr maximales Ansprechverhalten. Die Charakteristik der D\u00e4mpfer wird automatisch an jedem einzelnen Rad eingestellt, sowohl in der Eingangs- als auch in der Ausgangsphase. Hochentwickelte Sensortechnik und Algorithmen passen die Sto\u00dfd\u00e4mpfer an die Fahrbahn an, so dass der Aufprall eines Reifens auf eine Bodenwelle nicht auf die gesamte Achse und den Innenraum \u00fcbertragen wird.<\/p>\n<p>Die Rundum-Niveauregulierung ist Teil der AIRMATIC. Es h\u00e4lt die Bodenfreiheit unabh\u00e4ngig von der Beladung des Fahrzeugs konstant, passt sie aber auch bei Bedarf an. Um den Luftwiderstand und damit den Kraftstoffverbrauch zu reduzieren, wird das Fahrzeugniveau im Fahrprogramm &#8222;Comfort&#8220; ab einer Geschwindigkeit von 120 km\/h automatisch um 15 mm abgesenkt.<\/p>\n<figure class=\"wp-block-image size-content\"><img decoding=\"async\" loading=\"lazy\" width=\"1140\" height=\"761\" src=\"https:\/\/autorai.nl\/wp-content\/uploads\/2023\/09\/Mercedes-Benz-E-Klasse-All-Terrain-2023-foto-6-1140x761.jpg\" alt=\"Die neue Mercedes-Benz E-Klasse All-Terrain\" class=\"wp-image-165893\"><\/figure>\n<h2>Drei All-Terrain-Modelle zum Start verf\u00fcgbar<\/h2>\n<p>Schon bei der Markteinf\u00fchrung stehen verschiedene Antriebskonzepte zur Auswahl: Diesel, Benzin und Plug-in-Hybrid. Bei den Verbrennungsmotoren handelt es sich um Vier- und Sechszylinder aus der aktuellen modularen Motorenfamilie von Mercedes-Benz, genannt FAME (Family of Modular Engines).<\/p>\n<p>Neben der Turboaufladung verf\u00fcgen sowohl die Diesel- als auch die Benzinmotoren \u00fcber eine intelligente Unterst\u00fctzung durch einen integrierten Startergenerator (ISG). Sie sind also milde Hybride. Dank einer neuen Batterie konnte die Leistung des Elektromotors von 15 auf 17 kW und das Drehmoment auf 205 Nm gesteigert werden.<\/p>\n<p>Mit einer elektrischen Leistung von 95 kW (129 PS) und einer rein elektrischen Reichweite von mehr als 100 km (WLTP) kann der Fahrer des Plug-in-Hybrids in vielen F\u00e4llen rein elektrisch fahren, ohne den Verbrennungsmotor einzuschalten. Sogar im Off-Road-Modus auf unbefestigten Stra\u00dfen. Die hohe Leistungsdichte des Hybridantriebskopfes wird durch einen permanent erregten Synchronmotor mit Innenl\u00e4ufer erreicht. Das Spitzendrehmoment des Elektromotors von 440 Nm steht vom Start weg zur Verf\u00fcgung und sorgt f\u00fcr ein hohes Ma\u00df an Agilit\u00e4t beim Beschleunigen aus dem Stand und f\u00fcr dynamische Fahrleistungen. Die volle elektrische Leistung steht bis zu einer Geschwindigkeit von 140 km\/h zur Verf\u00fcgung, danach wird sie sanft gedrosselt. Ein Hightech-Feature ist der intelligente, elektromechanische Bremskraftverst\u00e4rker. Sie sorgt daf\u00fcr, dass das Bremssystem die elektrische Rekuperation sehr effizient mit dem hydraulischen Bremssystem kombiniert.<\/p>\n<h2>Technische Daten<\/h2>\n<\/p>\n<figure class=\"wp-block-table\">\n<table>\n<tbody>\n<tr>\n<td>&nbsp;<\/td>\n<td>&nbsp;<\/td>\n<td>\n  <strong>E 220 d 4MATIC<\/strong>\n<\/td>\n<td>\n  <strong>E 450 4MATIC<\/strong>\n<\/td>\n<td>\n  <strong>E 300 d 4MATIC<\/strong>\n<\/td>\n<\/tr>\n<tr>\n<td>Verschiebung<\/td>\n<td>cm\u00b3<\/td>\n<td>1.993<\/td>\n<td>2.999<s><\/s><\/td>\n<td>1.993<\/td>\n<\/tr>\n<tr>\n<td>Max. Leistung Verbrennungsmotor<\/td>\n<td>kW\/PS<\/td>\n<td>145\/197<\/td>\n<td>280\/381<\/td>\n<td>145\/197<\/td>\n<\/tr>\n<tr>\n<td>unter<\/td>\n<td>U\/min<\/td>\n<td>3.600<\/td>\n<td>5.800-6.100<\/td>\n<td>5.000<\/td>\n<\/tr>\n<tr>\n<td>Zus\u00e4tzliche elektrische Leistung (Mildhybrid)<br \/>Maximale elektrische Motorleistung (Plug-in-Hybrid)<\/td>\n<td>kW\/PS<\/td>\n<td>17\/23<\/td>\n<td>17\/23<strong><\/strong><\/td>\n<td>95\/129<\/td>\n<\/tr>\n<tr>\n<td>Max. Drehmoment, Verbrennungsmotor<\/td>\n<td>Nm<\/td>\n<td>440<\/td>\n<td>500<\/td>\n<td>440<\/td>\n<\/tr>\n<tr>\n<td>Zus\u00e4tzliches elektrisches Drehmoment (Mildhybrid)<br \/>Maximales Drehmoment Elektromotor (Plug-in-Hybrid)<\/td>\n<td>Nm<\/td>\n<td>205<\/td>\n<td>205<\/td>\n<td>440<\/td>\n<\/tr>\n<tr>\n<td>Beschleunigung 0-100 km\/h<\/td>\n<td>sec.<\/td>\n<td>8,3<\/td>\n<td>4,7<\/td>\n<td>6,9<\/td>\n<\/tr>\n<tr>\n<td>Systemleistung<\/td>\n<td>kW<\/td>\n<td>&#8211;<\/td>\n<td>&#8211;<s><\/s><\/td>\n<td>230<\/td>\n<\/tr>\n<tr>\n<td>Systempaar<\/td>\n<td>Nm<\/td>\n<td>&#8211;<\/td>\n<td>&#8211;<s><\/s><\/td>\n<td>700<\/td>\n<\/tr>\n<tr>\n<td>Energiekapazit\u00e4t HV-Batterie (installiert\/verwendbar)<\/td>\n<td>kWh<\/td>\n<td>&#8211;<\/td>\n<td>&#8211;<s><\/s><\/td>\n<td>25,4\/19,5<\/td>\n<\/tr>\n<tr>\n<td>H\u00f6chstgeschwindigkeit<\/td>\n<td>km\/h<\/td>\n<td>220<\/td>\n<td>250<\/td>\n<td>213<\/td>\n<\/tr>\n<tr>\n<td>Kraftstoffverbrauch kombiniert\/gewichtet (WLTP)<\/td>\n<td>l\/100km<\/td>\n<td>6,0-5,3<\/td>\n<td>8,7-7,9<\/td>\n<td>0,9-0,6<\/td>\n<\/tr>\n<tr>\n<td>Energieverbrauch kombiniert\/gewichtet (WLTP)<\/td>\n<td>kWh\/<br \/>100 km<\/td>\n<td>&#8211;<\/td>\n<td>&#8211;<\/td>\n<td>25,1-22,9<\/td>\n<\/tr>\n<tr>\n<td><sub>CO2-Emissionen<\/sub> kombiniert\/gewichtet (WLTP)<\/td>\n<td>g\/km<\/td>\n<td>157-139<\/td>\n<td>198-180<\/td>\n<td>22-17<\/td>\n<\/tr>\n<tr>\n<td>Elektrische Reichweite (WLTP)<\/td>\n<td>km<\/td>\n<td>&#8211;<\/td>\n<td>&#8211;<\/td>\n<td>85-102<\/td>\n<\/tr>\n<\/tbody>\n<\/table>\n<\/figure>\n<h2>Das Mercedes-Benz E-Klasse T-Modell: Geschichte<\/h2>\n<p>Mercedes-Benz hat seit 1946 mehr als 16 Millionen Fahrzeuge der oberen Mittelklasse produziert. Im August 1966 wurde der Mercedes-Benz Universal in das offizielle Verkaufsprogramm aufgenommen, ein vom belgischen Partner IMA gebauter Kombi auf der Basis der Heckflossen-Modelle 200 D bis 230 S. Damit war er der erste offizielle Kombi von Mercedes-Benz.<\/p>\n<p>Im April 1978 ging der 123er Kombi in Produktion und begann eine lange Erfolgsgeschichte &#8211; bis heute wurden mehr als eine Million Kombi-Modelle gebaut. In Deutschland ist das \u00e4sthetische Modell als &#8222;T-Modell&#8220; bekannt, und obwohl das &#8222;T&#8220; f\u00fcr Tourismus und Transport zu stehen scheint, steht es auch f\u00fcr Trendsetter. F\u00fcr Mercedes-Benz ist das \u00e4sthetische Modell aus dem Luxussegment nicht mehr wegzudenken und hat vor allem in Deutschland eine treue Fangemeinde. So erschien von jeder E-Klasse-Generation eine Kombi-Version (S 124, S 210, S 211, S 212, S 213) und seit 2017 auch eine All-Terrain-Version.<\/p>\n<div class=\"galery shuffle galery-0\">\n<figure>\n\t\t\t\t\t<span style=\"cursor: pointer\" data-src=\"https:\/\/autorai.nl\/wp-content\/uploads\/2023\/09\/Mercedes-Benz-E-Klasse-All-Terrain-2023-foto-19-1600x1068.jpg\" data-fancybox=\"galery-0\" title=\"Mercedes-Benz E-Klasse T-Modell All Terrain E 300 de 4MATIC ((vorl\u00e4ufige Angaben) Kraftstoffverbrauch kombiniert, gewichtet (WLTP): 0,9-0,7 l\/100 km; Stromverbrauch kombiniert, gewichtet (WLTP): 25,1-23,8 kWh\/100 km; CO2-Emissionen kombiniert, gewichtet (WLTP): 22-19 g\/km), AVANTGARDE Line, Night Paket; Exterieur: MANUFAKTUR opalithwei\u00df hell; Interieur: Leder macchiatobeige, Zierelemente Holz Ahorn braun offenporig aluminium lines\/\/Mercedes-Benz E-Klasse T-Modell All Terrain E 300 de 4MATIC ((vorl\u00e4ufige Daten) Kraftstoffverbrauch kombiniert, gewichtet (WLTP): 0.9-0,7 l\/100 km; Stromverbrauch kombiniert, gewichtet (WLTP): 25,1-23,8 kWh\/100 km; CO2-Emissionen kombiniert, gewichtet (WLTP): 22-19 g\/km), Line AVANTGARDE, Night-Paket; Exterieur: MANUFAKTUR opalith wei\u00df gl\u00e4nzend; Interieur: Leder macchiato beige, Zierelemente Holz Ahorn braun offenporig mit Aluminium-Linien\"><br \/>\n\t\t\t\t\t\t\t<img decoding=\"async\" width=\"640\" height=\"480\" src=\"https:\/\/autorai.nl\/wp-content\/uploads\/2023\/09\/Mercedes-Benz-E-Klasse-All-Terrain-2023-foto-19-640x480.jpg\" class=\"attachment-medium size-medium\" alt=\"\" loading=\"lazy\"><i class=\"fa fa-search-plus\" aria-hidden=\"true\"><\/i><br \/>\n\t\t\t\t\t\t<\/span><br \/>\n\t\t\t\t\t<\/figure>\n<figure>\n\t\t\t\t\t<span style=\"cursor: pointer\" data-src=\"https:\/\/autorai.nl\/wp-content\/uploads\/2023\/09\/Mercedes-Benz-E-Klasse-All-Terrain-2023-foto-3-1600x1068.jpg\" data-fancybox=\"galery-0\" title=\"Mercedes-Benz E-Klasse T-Modell All Terrain E 300 de 4MATIC ((vorl\u00e4ufige Angaben) Kraftstoffverbrauch kombiniert, gewichtet (WLTP): 0,9-0,7 l\/100 km; Stromverbrauch kombiniert, gewichtet (WLTP): 25,1-23,8 kWh\/100 km; CO2-Emissionen kombiniert, gewichtet (WLTP): 22-19 g\/km), AVANTGARDE Line, Night Paket; Exterieur: MANUFAKTUR opalithwei\u00df hell; Interieur: Leder macchiatobeige, Zierelemente Holz Ahorn braun offenporig aluminium lines\/\/Mercedes-Benz E-Klasse T-Modell All Terrain E 300 de 4MATIC ((vorl\u00e4ufige Daten) Kraftstoffverbrauch kombiniert, gewichtet (WLTP): 0.9-0,7 l\/100 km; Stromverbrauch kombiniert, gewichtet (WLTP): 25,1-23,8 kWh\/100 km; CO2-Emissionen kombiniert, gewichtet (WLTP): 22-19 g\/km), Line AVANTGARDE, Night-Paket; Exterieur: MANUFAKTUR opalith wei\u00df gl\u00e4nzend; Interieur: Leder macchiato beige, Zierelemente Holz Ahorn braun offenporig mit Aluminium-Linien\"><br \/>\n\t\t\t\t\t\t\t<img decoding=\"async\" width=\"360\" height=\"270\" src=\"https:\/\/autorai.nl\/wp-content\/uploads\/2023\/09\/Mercedes-Benz-E-Klasse-All-Terrain-2023-foto-3-360x270.jpg\" class=\"attachment-small size-small\" alt=\"\" loading=\"lazy\"><i class=\"fa fa-search-plus\" aria-hidden=\"true\"><\/i><br \/>\n\t\t\t\t\t\t<\/span><br \/>\n\t\t\t\t\t<\/figure>\n<figure>\n\t\t\t\t\t<span style=\"cursor: pointer\" data-src=\"https:\/\/autorai.nl\/wp-content\/uploads\/2023\/09\/Mercedes-Benz-E-Klasse-All-Terrain-2023-foto-2-1600x1068.jpg\" data-fancybox=\"galery-0\" title=\"Mercedes-Benz E-Klasse T-Modell All Terrain E 300 de 4MATIC ((vorl\u00e4ufige Angaben) Kraftstoffverbrauch kombiniert, gewichtet (WLTP): 0,9-0,7 l\/100 km; Stromverbrauch kombiniert, gewichtet (WLTP): 25,1-23,8 kWh\/100 km; CO2-Emissionen kombiniert, gewichtet (WLTP): 22-19 g\/km), AVANTGARDE Line, Night Paket; Exterieur: MANUFAKTUR opalithwei\u00df hell; Interieur: Leder macchiatobeige, Zierelemente Holz Ahorn braun offenporig aluminium lines\/\/Mercedes-Benz E-Klasse T-Modell All Terrain E 300 de 4MATIC ((vorl\u00e4ufige Daten) Kraftstoffverbrauch kombiniert, gewichtet (WLTP): 0.9-0,7 l\/100 km; Stromverbrauch kombiniert, gewichtet (WLTP): 25,1-23,8 kWh\/100 km; CO2-Emissionen kombiniert, gewichtet (WLTP): 22-19 g\/km), Line AVANTGARDE, Night-Paket; Exterieur: MANUFAKTUR opalith wei\u00df gl\u00e4nzend; Interieur: Leder macchiato beige, Zierelemente Holz Ahorn braun offenporig mit Aluminium-Linien\"><br \/>\n\t\t\t\t\t\t\t<img decoding=\"async\" width=\"360\" height=\"270\" src=\"https:\/\/autorai.nl\/wp-content\/uploads\/2023\/09\/Mercedes-Benz-E-Klasse-All-Terrain-2023-foto-2-360x270.jpg\" class=\"attachment-small size-small\" alt=\"\" loading=\"lazy\"><i class=\"fa fa-search-plus\" aria-hidden=\"true\"><\/i><br \/>\n\t\t\t\t\t\t<\/span><br \/>\n\t\t\t\t\t<\/figure>\n<figure>\n\t\t\t\t\t<span style=\"cursor: pointer\" data-src=\"https:\/\/autorai.nl\/wp-content\/uploads\/2023\/09\/Mercedes-Benz-E-Klasse-All-Terrain-2023-foto-4-1600x1068.jpg\" data-fancybox=\"galery-0\" title=\"Mercedes-Benz E-Klasse T-Modell All Terrain E 300 de 4MATIC ((vorl\u00e4ufige Angaben) Kraftstoffverbrauch kombiniert, gewichtet (WLTP): 0,9-0,7 l\/100 km; Stromverbrauch kombiniert, gewichtet (WLTP): 25,1-23,8 kWh\/100 km; CO2-Emissionen kombiniert, gewichtet (WLTP): 22-19 g\/km), AVANTGARDE Line, Night Paket; Exterieur: MANUFAKTUR opalithwei\u00df hell; Interieur: Leder macchiatobeige, Zierelemente Holz Ahorn braun offenporig aluminium lines\/\/Mercedes-Benz E-Klasse T-Modell All Terrain E 300 de 4MATIC ((vorl\u00e4ufige Daten) Kraftstoffverbrauch kombiniert, gewichtet (WLTP): 0.9-0,7 l\/100 km; Stromverbrauch kombiniert, gewichtet (WLTP): 25,1-23,8 kWh\/100 km; CO2-Emissionen kombiniert, gewichtet (WLTP): 22-19 g\/km), Line AVANTGARDE, Night-Paket; Exterieur: MANUFAKTUR opalith wei\u00df gl\u00e4nzend; Interieur: Leder macchiato beige, Zierelemente Holz Ahorn braun offenporig mit Aluminium-Linien\"><br \/>\n\t\t\t\t\t\t\t<img decoding=\"async\" width=\"640\" height=\"480\" src=\"https:\/\/autorai.nl\/wp-content\/uploads\/2023\/09\/Mercedes-Benz-E-Klasse-All-Terrain-2023-foto-4-640x480.jpg\" class=\"attachment-medium size-medium\" alt=\"\" loading=\"lazy\"><i class=\"fa fa-search-plus\" aria-hidden=\"true\"><\/i><br \/>\n\t\t\t\t\t\t<\/span><br \/>\n\t\t\t\t\t<\/figure>\n<figure>\n\t\t\t\t\t<span style=\"cursor: pointer\" data-src=\"https:\/\/autorai.nl\/wp-content\/uploads\/2023\/09\/Mercedes-Benz-E-Klasse-All-Terrain-2023-foto-18-1600x1068.jpg\" data-fancybox=\"galery-0\" title=\"Mercedes-Benz E-Klasse T-Modell All Terrain E 300 de 4MATIC ((vorl\u00e4ufige Angaben) Kraftstoffverbrauch kombiniert, gewichtet (WLTP): 0,9-0,7 l\/100 km; Stromverbrauch kombiniert, gewichtet (WLTP): 25,1-23,8 kWh\/100 km; CO2-Emissionen kombiniert, gewichtet (WLTP): 22-19 g\/km), AVANTGARDE Line, Night Paket; Exterieur: MANUFAKTUR opalithwei\u00df hell; Interieur: Leder macchiatobeige, Zierelemente Holz Ahorn braun offenporig aluminium lines\/\/Mercedes-Benz E-Klasse T-Modell All Terrain E 300 de 4MATIC ((vorl\u00e4ufige Daten) Kraftstoffverbrauch kombiniert, gewichtet (WLTP): 0.9-0,7 l\/100 km; Stromverbrauch kombiniert, gewichtet (WLTP): 25,1-23,8 kWh\/100 km; CO2-Emissionen kombiniert, gewichtet (WLTP): 22-19 g\/km), Line AVANTGARDE, Night-Paket; Exterieur: MANUFAKTUR opalith wei\u00df gl\u00e4nzend; Interieur: Leder macchiato beige, Zierelemente Holz Ahorn braun offenporig mit Aluminium-Linien\"><br \/>\n\t\t\t\t\t\t\t<img decoding=\"async\" width=\"360\" height=\"270\" src=\"https:\/\/autorai.nl\/wp-content\/uploads\/2023\/09\/Mercedes-Benz-E-Klasse-All-Terrain-2023-foto-18-360x270.jpg\" class=\"attachment-small size-small\" alt=\"\" loading=\"lazy\"><i class=\"fa fa-search-plus\" aria-hidden=\"true\"><\/i><br \/>\n\t\t\t\t\t\t<\/span><br \/>\n\t\t\t\t\t<\/figure>\n<figure>\n\t\t\t\t\t<span style=\"cursor: pointer\" data-src=\"https:\/\/autorai.nl\/wp-content\/uploads\/2023\/09\/Mercedes-Benz-E-Klasse-All-Terrain-2023-foto-17-1600x1068.jpg\" data-fancybox=\"galery-0\" title=\"Mercedes-Benz E-Klasse T-Modell All Terrain E 300 de 4MATIC ((vorl\u00e4ufige Angaben) Kraftstoffverbrauch kombiniert, gewichtet (WLTP): 0,9-0,7 l\/100 km; Stromverbrauch kombiniert, gewichtet (WLTP): 25,1-23,8 kWh\/100 km; CO2-Emissionen kombiniert, gewichtet (WLTP): 22-19 g\/km), AVANTGARDE Line, Night Paket; Exterieur: MANUFAKTUR opalithwei\u00df hell; Interieur: Leder macchiatobeige, Zierelemente Holz Ahorn braun offenporig aluminium lines\/\/Mercedes-Benz E-Klasse T-Modell All Terrain E 300 de 4MATIC ((vorl\u00e4ufige Daten) Kraftstoffverbrauch kombiniert, gewichtet (WLTP): 0.9-0,7 l\/100 km; Stromverbrauch kombiniert, gewichtet (WLTP): 25,1-23,8 kWh\/100 km; CO2-Emissionen kombiniert, gewichtet (WLTP): 22-19 g\/km), Line AVANTGARDE, Night-Paket; Exterieur: MANUFAKTUR opalith wei\u00df gl\u00e4nzend; Interieur: Leder macchiato beige, Zierelemente Holz Ahorn braun offenporig mit Aluminium-Linien\"><br \/>\n\t\t\t\t\t\t\t<img decoding=\"async\" width=\"360\" height=\"270\" src=\"https:\/\/autorai.nl\/wp-content\/uploads\/2023\/09\/Mercedes-Benz-E-Klasse-All-Terrain-2023-foto-17-360x270.jpg\" class=\"attachment-small size-small\" alt=\"\" loading=\"lazy\"><i class=\"fa fa-search-plus\" aria-hidden=\"true\"><\/i><br \/>\n\t\t\t\t\t\t<\/span><br \/>\n\t\t\t\t\t<\/figure>\n<figure>\n\t\t\t\t\t<span style=\"cursor: pointer\" data-src=\"https:\/\/autorai.nl\/wp-content\/uploads\/2023\/09\/Mercedes-Benz-E-Klasse-All-Terrain-2023-foto-16-1600x1068.jpg\" data-fancybox=\"galery-0\" title=\"Mercedes-Benz E-Klasse T-Modell All Terrain E 300 de 4MATIC ((vorl\u00e4ufige Angaben) Kraftstoffverbrauch kombiniert, gewichtet (WLTP): 0,9-0,7 l\/100 km; Stromverbrauch kombiniert, gewichtet (WLTP): 25,1-23,8 kWh\/100 km; CO2-Emissionen kombiniert, gewichtet (WLTP): 22-19 g\/km), AVANTGARDE Line, Night Paket; Exterieur: MANUFAKTUR opalithwei\u00df hell; Interieur: Leder macchiatobeige, Zierelemente Holz Ahorn braun offenporig aluminium lines\/\/Mercedes-Benz E-Klasse T-Modell All Terrain E 300 de 4MATIC ((vorl\u00e4ufige Daten) Kraftstoffverbrauch kombiniert, gewichtet (WLTP): 0.9-0,7 l\/100 km; Stromverbrauch kombiniert, gewichtet (WLTP): 25,1-23,8 kWh\/100 km; CO2-Emissionen kombiniert, gewichtet (WLTP): 22-19 g\/km), Line AVANTGARDE, Night-Paket; Exterieur: MANUFAKTUR opalith wei\u00df gl\u00e4nzend; Interieur: Leder macchiato beige, Zierelemente Holz Ahorn braun offenporig mit Aluminium-Linien\"><br \/>\n\t\t\t\t\t\t\t<img decoding=\"async\" width=\"640\" height=\"480\" src=\"https:\/\/autorai.nl\/wp-content\/uploads\/2023\/09\/Mercedes-Benz-E-Klasse-All-Terrain-2023-foto-16-640x480.jpg\" class=\"attachment-medium size-medium\" alt=\"\" loading=\"lazy\"><i class=\"fa fa-search-plus\" aria-hidden=\"true\"><\/i><br \/>\n\t\t\t\t\t\t<\/span><br \/>\n\t\t\t\t\t<\/figure>\n<figure>\n\t\t\t\t\t<span style=\"cursor: pointer\" data-src=\"https:\/\/autorai.nl\/wp-content\/uploads\/2023\/09\/Mercedes-Benz-E-Klasse-All-Terrain-2023-foto-15-1600x1068.jpg\" data-fancybox=\"galery-0\" title=\"Mercedes-Benz E-Klasse T-Modell All Terrain E 300 de 4MATIC ((vorl\u00e4ufige Angaben) Kraftstoffverbrauch kombiniert, gewichtet (WLTP): 0,9-0,7 l\/100 km; Stromverbrauch kombiniert, gewichtet (WLTP): 25,1-23,8 kWh\/100 km; CO2-Emissionen kombiniert, gewichtet (WLTP): 22-19 g\/km), AVANTGARDE Line, Night Paket; Exterieur: MANUFAKTUR opalithwei\u00df hell; Interieur: Leder macchiatobeige, Zierelemente Holz Ahorn braun offenporig aluminium lines\/\/Mercedes-Benz E-Klasse T-Modell All Terrain E 300 de 4MATIC ((vorl\u00e4ufige Daten) Kraftstoffverbrauch kombiniert, gewichtet (WLTP): 0.9-0,7 l\/100 km; Stromverbrauch kombiniert, gewichtet (WLTP): 25,1-23,8 kWh\/100 km; CO2-Emissionen kombiniert, gewichtet (WLTP): 22-19 g\/km), Line AVANTGARDE, Night-Paket; Exterieur: MANUFAKTUR opalith wei\u00df gl\u00e4nzend; Interieur: Leder macchiato beige, Zierelemente Holz Ahorn braun offenporig mit Aluminium-Linien\"><br \/>\n\t\t\t\t\t\t\t<img decoding=\"async\" width=\"360\" height=\"270\" src=\"https:\/\/autorai.nl\/wp-content\/uploads\/2023\/09\/Mercedes-Benz-E-Klasse-All-Terrain-2023-foto-15-360x270.jpg\" class=\"attachment-small size-small\" alt=\"\" loading=\"lazy\"><i class=\"fa fa-search-plus\" aria-hidden=\"true\"><\/i><br \/>\n\t\t\t\t\t\t<\/span><br \/>\n\t\t\t\t\t<\/figure>\n<figure>\n\t\t\t\t\t<span style=\"cursor: pointer\" data-src=\"https:\/\/autorai.nl\/wp-content\/uploads\/2023\/09\/Mercedes-Benz-E-Klasse-All-Terrain-2023-foto-14-1600x1068.jpg\" data-fancybox=\"galery-0\" title=\"Mercedes-Benz E-Klasse T-Modell All Terrain E 300 de 4MATIC ((vorl\u00e4ufige Angaben) Kraftstoffverbrauch kombiniert, gewichtet (WLTP): 0,9-0,7 l\/100 km; Stromverbrauch kombiniert, gewichtet (WLTP): 25,1-23,8 kWh\/100 km; CO2-Emissionen kombiniert, gewichtet (WLTP): 22-19 g\/km), AVANTGARDE Line, Night Paket; Exterieur: MANUFAKTUR opalithwei\u00df hell; Interieur: Leder macchiatobeige, Zierelemente Holz Ahorn braun offenporig aluminium lines\/\/Mercedes-Benz E-Klasse T-Modell All Terrain E 300 de 4MATIC ((vorl\u00e4ufige Daten) Kraftstoffverbrauch kombiniert, gewichtet (WLTP): 0.9-0,7 l\/100 km; Stromverbrauch kombiniert, gewichtet (WLTP): 25,1-23,8 kWh\/100 km; CO2-Emissionen kombiniert, gewichtet (WLTP): 22-19 g\/km), Line AVANTGARDE, Night-Paket; Exterieur: MANUFAKTUR opalith wei\u00df gl\u00e4nzend; Interieur: Leder macchiato beige, Zierelemente Holz Ahorn braun offenporig mit Aluminium-Linien\"><br \/>\n\t\t\t\t\t\t\t<img decoding=\"async\" width=\"360\" height=\"270\" src=\"https:\/\/autorai.nl\/wp-content\/uploads\/2023\/09\/Mercedes-Benz-E-Klasse-All-Terrain-2023-foto-14-360x270.jpg\" class=\"attachment-small size-small\" alt=\"\" loading=\"lazy\"><i class=\"fa fa-search-plus\" aria-hidden=\"true\"><\/i><br \/>\n\t\t\t\t\t\t<\/span><br \/>\n\t\t\t\t\t<\/figure>\n<figure>\n\t\t\t\t\t<span style=\"cursor: pointer\" data-src=\"https:\/\/autorai.nl\/wp-content\/uploads\/2023\/09\/Mercedes-Benz-E-Klasse-All-Terrain-2023-foto-1-1600x1068.jpg\" data-fancybox=\"galery-0\" title=\"Mercedes-Benz E-Klasse T-Modell All Terrain E 300 de 4MATIC ((vorl\u00e4ufige Angaben) Kraftstoffverbrauch kombiniert, gewichtet (WLTP): 0,9-0,7 l\/100 km; Stromverbrauch kombiniert, gewichtet (WLTP): 25,1-23,8 kWh\/100 km; CO2-Emissionen kombiniert, gewichtet (WLTP): 22-19 g\/km), AVANTGARDE Line, Night Paket; Exterieur: MANUFAKTUR opalithwei\u00df hell; Interieur: Leder macchiatobeige, Zierelemente Holz Ahorn braun offenporig aluminium lines\/\/Mercedes-Benz E-Klasse T-Modell All Terrain E 300 de 4MATIC ((vorl\u00e4ufige Daten) Kraftstoffverbrauch kombiniert, gewichtet (WLTP): 0.9-0,7 l\/100 km; Stromverbrauch kombiniert, gewichtet (WLTP): 25,1-23,8 kWh\/100 km; CO2-Emissionen kombiniert, gewichtet (WLTP): 22-19 g\/km), Line AVANTGARDE, Night-Paket; Exterieur: MANUFAKTUR opalith wei\u00df gl\u00e4nzend; Interieur: Leder macchiato beige, Zierelemente Holz Ahorn braun offenporig mit Aluminium-Linien\"><br \/>\n\t\t\t\t\t\t\t<img decoding=\"async\" width=\"640\" height=\"480\" src=\"https:\/\/autorai.nl\/wp-content\/uploads\/2023\/09\/Mercedes-Benz-E-Klasse-All-Terrain-2023-foto-1-640x480.jpg\" class=\"attachment-medium size-medium\" alt=\"\" loading=\"lazy\"><i class=\"fa fa-search-plus\" aria-hidden=\"true\"><\/i><br \/>\n\t\t\t\t\t\t<\/span><br \/>\n\t\t\t\t\t<\/figure>\n<figure>\n\t\t\t\t\t<span style=\"cursor: pointer\" data-src=\"https:\/\/autorai.nl\/wp-content\/uploads\/2023\/09\/Mercedes-Benz-E-Klasse-All-Terrain-2023-foto-13-1600x1076.jpg\" data-fancybox=\"galery-0\" title=\"Mercedes-Benz E-Klasse T-Modell All Terrain E 300 de 4MATIC ((vorl\u00e4ufige Angaben) Kraftstoffverbrauch kombiniert, gewichtet (WLTP): 0,9-0,7 l\/100 km; Stromverbrauch kombiniert, gewichtet (WLTP): 25,1-23,8 kWh\/100 km; CO2-Emissionen kombiniert, gewichtet (WLTP): 22-19 g\/km), AVANTGARDE Line, Night Paket; Exterieur: MANUFAKTUR opalithwei\u00df hell; Interieur: Leder macchiatobeige, Zierelemente Holz Ahorn braun offenporig aluminium lines\/\/Mercedes-Benz E-Klasse T-Modell All Terrain E 300 de 4MATIC ((vorl\u00e4ufige Daten) Kraftstoffverbrauch kombiniert, gewichtet (WLTP): 0.9-0,7 l\/100 km; Stromverbrauch kombiniert, gewichtet (WLTP): 25,1-23,8 kWh\/100 km; CO2-Emissionen kombiniert, gewichtet (WLTP): 22-19 g\/km), Line AVANTGARDE, Night-Paket; Exterieur: MANUFAKTUR opalith wei\u00df gl\u00e4nzend; Interieur: Leder macchiato beige, Zierelemente Holz Ahorn braun offenporig mit Aluminium-Linien\"><br \/>\n\t\t\t\t\t\t\t<img decoding=\"async\" width=\"360\" height=\"270\" src=\"https:\/\/autorai.nl\/wp-content\/uploads\/2023\/09\/Mercedes-Benz-E-Klasse-All-Terrain-2023-foto-13-360x270.jpg\" class=\"attachment-small size-small\" alt=\"\" loading=\"lazy\"><i class=\"fa fa-search-plus\" aria-hidden=\"true\"><\/i><br \/>\n\t\t\t\t\t\t<\/span><br \/>\n\t\t\t\t\t<\/figure>\n<figure>\n\t\t\t\t\t<span style=\"cursor: pointer\" data-src=\"https:\/\/autorai.nl\/wp-content\/uploads\/2023\/09\/Mercedes-Benz-E-Klasse-All-Terrain-2023-foto-12-1600x1068.jpg\" data-fancybox=\"galery-0\" title=\"Mercedes-Benz E-Klasse T-Modell All Terrain E 300 de 4MATIC ((vorl\u00e4ufige Angaben) Kraftstoffverbrauch kombiniert, gewichtet (WLTP): 0,9-0,7 l\/100 km; Stromverbrauch kombiniert, gewichtet (WLTP): 25,1-23,8 kWh\/100 km; CO2-Emissionen kombiniert, gewichtet (WLTP): 22-19 g\/km), AVANTGARDE Line, Night Paket; Exterieur: MANUFAKTUR opalithwei\u00df hell; Interieur: Leder macchiatobeige, Zierelemente Holz Ahorn braun offenporig aluminium lines\/\/Mercedes-Benz E-Klasse T-Modell All Terrain E 300 de 4MATIC ((vorl\u00e4ufige Daten) Kraftstoffverbrauch kombiniert, gewichtet (WLTP): 0.9-0,7 l\/100 km; Stromverbrauch kombiniert, gewichtet (WLTP): 25,1-23,8 kWh\/100 km; CO2-Emissionen kombiniert, gewichtet (WLTP): 22-19 g\/km), Line AVANTGARDE, Night-Paket; Exterieur: MANUFAKTUR opalith wei\u00df gl\u00e4nzend; Interieur: Leder macchiato beige, Zierelemente Holz Ahorn braun offenporig mit Aluminium-Linien\"><br \/>\n\t\t\t\t\t\t\t<img decoding=\"async\" width=\"360\" height=\"270\" src=\"https:\/\/autorai.nl\/wp-content\/uploads\/2023\/09\/Mercedes-Benz-E-Klasse-All-Terrain-2023-foto-12-360x270.jpg\" class=\"attachment-small size-small\" alt=\"Die neue Mercedes-Benz E-Klasse All-Terrain\" loading=\"lazy\"><i class=\"fa fa-search-plus\" aria-hidden=\"true\"><\/i><br \/>\n\t\t\t\t\t\t<\/span><br \/>\n\t\t\t\t\t<\/figure>\n<figure>\n\t\t\t\t\t<span style=\"cursor: pointer\" data-src=\"https:\/\/autorai.nl\/wp-content\/uploads\/2023\/09\/Mercedes-Benz-E-Klasse-All-Terrain-2023-foto-11-1600x1065.jpg\" data-fancybox=\"galery-0\" title=\"Mercedes-Benz E-Klasse T-Modell All Terrain E 300 de 4MATIC ((vorl\u00e4ufige Angaben) Kraftstoffverbrauch kombiniert, gewichtet (WLTP): 0,9-0,7 l\/100 km; Stromverbrauch kombiniert, gewichtet (WLTP): 25,1-23,8 kWh\/100 km; CO2-Emissionen kombiniert, gewichtet (WLTP): 22-19 g\/km), AVANTGARDE Line, Night Paket; Exterieur: MANUFAKTUR opalithwei\u00df hell; Interieur: Leder macchiatobeige, Zierelemente Holz Ahorn braun offenporig aluminium lines\/\/Mercedes-Benz E-Klasse T-Modell All Terrain E 300 de 4MATIC ((vorl\u00e4ufige Daten) Kraftstoffverbrauch kombiniert, gewichtet (WLTP): 0.9-0,7 l\/100 km; Stromverbrauch kombiniert, gewichtet (WLTP): 25,1-23,8 kWh\/100 km; CO2-Emissionen kombiniert, gewichtet (WLTP): 22-19 g\/km), Line AVANTGARDE, Night-Paket; Exterieur: MANUFAKTUR opalith wei\u00df gl\u00e4nzend; Interieur: Leder macchiato beige, Zierelemente Holz Ahorn braun offenporig mit Aluminium-Linien\"><br \/>\n\t\t\t\t\t\t\t<img decoding=\"async\" width=\"640\" height=\"480\" src=\"https:\/\/autorai.nl\/wp-content\/uploads\/2023\/09\/Mercedes-Benz-E-Klasse-All-Terrain-2023-foto-11-640x480.jpg\" class=\"attachment-medium size-medium\" alt=\"\" loading=\"lazy\"><i class=\"fa fa-search-plus\" aria-hidden=\"true\"><\/i><br \/>\n\t\t\t\t\t\t<\/span><br \/>\n\t\t\t\t\t<\/figure>\n<figure>\n\t\t\t\t\t<span style=\"cursor: pointer\" data-src=\"https:\/\/autorai.nl\/wp-content\/uploads\/2023\/09\/Mercedes-Benz-E-Klasse-All-Terrain-2023-foto-10-1600x1068.jpg\" data-fancybox=\"galery-0\" title=\"Mercedes-Benz E-Klasse T-Modell All Terrain E 300 de 4MATIC ((vorl\u00e4ufige Angaben) Kraftstoffverbrauch kombiniert, gewichtet (WLTP): 0,9-0,7 l\/100 km; Stromverbrauch kombiniert, gewichtet (WLTP): 25,1-23,8 kWh\/100 km; CO2-Emissionen kombiniert, gewichtet (WLTP): 22-19 g\/km), AVANTGARDE Line, Night Paket; Exterieur: MANUFAKTUR opalithwei\u00df hell; Interieur: Leder macchiatobeige, Zierelemente Holz Ahorn braun offenporig aluminium lines\/\/Mercedes-Benz E-Klasse T-Modell All Terrain E 300 de 4MATIC ((vorl\u00e4ufige Daten) Kraftstoffverbrauch kombiniert, gewichtet (WLTP): 0.9-0,7 l\/100 km; Stromverbrauch kombiniert, gewichtet (WLTP): 25,1-23,8 kWh\/100 km; CO2-Emissionen kombiniert, gewichtet (WLTP): 22-19 g\/km), Line AVANTGARDE, Night-Paket; Exterieur: MANUFAKTUR opalith wei\u00df gl\u00e4nzend; Interieur: Leder macchiato beige, Zierelemente Holz Ahorn braun offenporig mit Aluminium-Linien\"><br \/>\n\t\t\t\t\t\t\t<img decoding=\"async\" width=\"360\" height=\"270\" src=\"https:\/\/autorai.nl\/wp-content\/uploads\/2023\/09\/Mercedes-Benz-E-Klasse-All-Terrain-2023-foto-10-360x270.jpg\" class=\"attachment-small size-small\" alt=\"\" loading=\"lazy\"><i class=\"fa fa-search-plus\" aria-hidden=\"true\"><\/i><br \/>\n\t\t\t\t\t\t<\/span><br \/>\n\t\t\t\t\t<\/figure>\n<figure>\n\t\t\t\t\t<span style=\"cursor: pointer\" data-src=\"https:\/\/autorai.nl\/wp-content\/uploads\/2023\/09\/Mercedes-Benz-E-Klasse-All-Terrain-2023-foto-9-1600x1068.jpg\" data-fancybox=\"galery-0\" title=\"Mercedes-Benz E-Klasse T-Modell All Terrain E 300 de 4MATIC ((vorl\u00e4ufige Angaben) Kraftstoffverbrauch kombiniert, gewichtet (WLTP): 0,9-0,7 l\/100 km; Stromverbrauch kombiniert, gewichtet (WLTP): 25,1-23,8 kWh\/100 km; CO2-Emissionen kombiniert, gewichtet (WLTP): 22-19 g\/km), AVANTGARDE Line, Night Paket; Exterieur: MANUFAKTUR opalithwei\u00df hell; Interieur: Leder macchiatobeige, Zierelemente Holz Ahorn braun offenporig aluminium lines\/\/Mercedes-Benz E-Klasse T-Modell All Terrain E 300 de 4MATIC ((vorl\u00e4ufige Daten) Kraftstoffverbrauch kombiniert, gewichtet (WLTP): 0.9-0,7 l\/100 km; Stromverbrauch kombiniert, gewichtet (WLTP): 25,1-23,8 kWh\/100 km; CO2-Emissionen kombiniert, gewichtet (WLTP): 22-19 g\/km), Line AVANTGARDE, Night-Paket; Exterieur: MANUFAKTUR opalith wei\u00df gl\u00e4nzend; Interieur: Leder macchiato beige, Zierelemente Holz Ahorn braun offenporig mit Aluminium-Linien\"><br \/>\n\t\t\t\t\t\t\t<img decoding=\"async\" width=\"360\" height=\"270\" src=\"https:\/\/autorai.nl\/wp-content\/uploads\/2023\/09\/Mercedes-Benz-E-Klasse-All-Terrain-2023-foto-9-360x270.jpg\" class=\"attachment-small size-small\" alt=\"Die neue Mercedes-Benz E-Klasse All-Terrain\" loading=\"lazy\"><i class=\"fa fa-search-plus\" aria-hidden=\"true\"><\/i><br \/>\n\t\t\t\t\t\t<\/span><br \/>\n\t\t\t\t\t<\/figure>\n<figure>\n\t\t\t\t\t<span style=\"cursor: pointer\" data-src=\"https:\/\/autorai.nl\/wp-content\/uploads\/2023\/09\/Mercedes-Benz-E-Klasse-All-Terrain-2023-foto-8-1600x1068.jpg\" data-fancybox=\"galery-0\" title=\"Mercedes-Benz E-Klasse T-Modell All Terrain E 300 de 4MATIC ((vorl\u00e4ufige Angaben) Kraftstoffverbrauch kombiniert, gewichtet (WLTP): 0,9-0,7 l\/100 km; Stromverbrauch kombiniert, gewichtet (WLTP): 25,1-23,8 kWh\/100 km; CO2-Emissionen kombiniert, gewichtet (WLTP): 22-19 g\/km), AVANTGARDE Line, Night Paket; Exterieur: MANUFAKTUR opalithwei\u00df hell; Interieur: Leder macchiatobeige, Zierelemente Holz Ahorn braun offenporig aluminium lines\/\/Mercedes-Benz E-Klasse T-Modell All Terrain E 300 de 4MATIC ((vorl\u00e4ufige Daten) Kraftstoffverbrauch kombiniert, gewichtet (WLTP): 0.9-0,7 l\/100 km; Stromverbrauch kombiniert, gewichtet (WLTP): 25,1-23,8 kWh\/100 km; CO2-Emissionen kombiniert, gewichtet (WLTP): 22-19 g\/km), Line AVANTGARDE, Night-Paket; Exterieur: MANUFAKTUR opalith wei\u00df gl\u00e4nzend; Interieur: Leder macchiato beige, Zierelemente Holz Ahorn braun offenporig mit Aluminium-Linien\"><br \/>\n\t\t\t\t\t\t\t<img decoding=\"async\" width=\"640\" height=\"480\" src=\"https:\/\/autorai.nl\/wp-content\/uploads\/2023\/09\/Mercedes-Benz-E-Klasse-All-Terrain-2023-foto-8-640x480.jpg\" class=\"attachment-medium size-medium\" alt=\"Die neue Mercedes-Benz E-Klasse All-Terrain\" loading=\"lazy\"><i class=\"fa fa-search-plus\" aria-hidden=\"true\"><\/i><br \/>\n\t\t\t\t\t\t<\/span><br \/>\n\t\t\t\t\t<\/figure>\n<figure>\n\t\t\t\t\t<span style=\"cursor: pointer\" data-src=\"https:\/\/autorai.nl\/wp-content\/uploads\/2023\/09\/Mercedes-Benz-E-Klasse-All-Terrain-2023-foto-7-1600x1068.jpg\" data-fancybox=\"galery-0\" title=\"Mercedes-Benz E-Klasse T-Modell All Terrain E 300 de 4MATIC ((vorl\u00e4ufige Angaben) Kraftstoffverbrauch kombiniert, gewichtet (WLTP): 0,9-0,7 l\/100 km; Stromverbrauch kombiniert, gewichtet (WLTP): 25,1-23,8 kWh\/100 km; CO2-Emissionen kombiniert, gewichtet (WLTP): 22-19 g\/km), AVANTGARDE Line, Night Paket; Exterieur: MANUFAKTUR opalithwei\u00df hell; Interieur: Leder macchiatobeige, Zierelemente Holz Ahorn braun offenporig aluminium lines\/\/Mercedes-Benz E-Klasse T-Modell All Terrain E 300 de 4MATIC ((vorl\u00e4ufige Daten) Kraftstoffverbrauch kombiniert, gewichtet (WLTP): 0.9-0,7 l\/100 km; Stromverbrauch kombiniert, gewichtet (WLTP): 25,1-23,8 kWh\/100 km; CO2-Emissionen kombiniert, gewichtet (WLTP): 22-19 g\/km), Line AVANTGARDE, Night-Paket; Exterieur: MANUFAKTUR opalith wei\u00df gl\u00e4nzend; Interieur: Leder macchiato beige, Zierelemente Holz Ahorn braun offenporig mit Aluminium-Linien\"><br \/>\n\t\t\t\t\t\t\t<img decoding=\"async\" width=\"360\" height=\"270\" src=\"https:\/\/autorai.nl\/wp-content\/uploads\/2023\/09\/Mercedes-Benz-E-Klasse-All-Terrain-2023-foto-7-360x270.jpg\" class=\"attachment-small size-small\" alt=\"\" loading=\"lazy\"><i class=\"fa fa-search-plus\" aria-hidden=\"true\"><\/i><br \/>\n\t\t\t\t\t\t<\/span><br \/>\n\t\t\t\t\t<\/figure>\n<figure>\n\t\t\t\t\t<span style=\"cursor: pointer\" data-src=\"https:\/\/autorai.nl\/wp-content\/uploads\/2023\/09\/Mercedes-Benz-E-Klasse-All-Terrain-2023-foto-5-1600x1068.jpg\" data-fancybox=\"galery-0\" title=\"Mercedes-Benz E-Klasse T-Modell All Terrain E 300 de 4MATIC ((vorl\u00e4ufige Angaben) Kraftstoffverbrauch kombiniert, gewichtet (WLTP): 0,9-0,7 l\/100 km; Stromverbrauch kombiniert, gewichtet (WLTP): 25,1-23,8 kWh\/100 km; CO2-Emissionen kombiniert, gewichtet (WLTP): 22-19 g\/km), AVANTGARDE Line, Night Paket; Exterieur: MANUFAKTUR opalithwei\u00df hell; Interieur: Leder macchiatobeige, Zierelemente Holz Ahorn braun offenporig aluminium lines\/\/Mercedes-Benz E-Klasse T-Modell All Terrain E 300 de 4MATIC ((vorl\u00e4ufige Daten) Kraftstoffverbrauch kombiniert, gewichtet (WLTP): 0.9-0,7 l\/100 km; Stromverbrauch kombiniert, gewichtet (WLTP): 25,1-23,8 kWh\/100 km; CO2-Emissionen kombiniert, gewichtet (WLTP): 22-19 g\/km), Line AVANTGARDE, Night-Paket; Exterieur: MANUFAKTUR opalith wei\u00df gl\u00e4nzend; Interieur: Leder macchiato beige, Zierelemente Holz Ahorn braun offenporig mit Aluminium-Linien\"><br \/>\n\t\t\t\t\t\t\t<img decoding=\"async\" width=\"360\" height=\"270\" src=\"https:\/\/autorai.nl\/wp-content\/uploads\/2023\/09\/Mercedes-Benz-E-Klasse-All-Terrain-2023-foto-5-360x270.jpg\" class=\"attachment-small size-small\" alt=\"\" loading=\"lazy\"><i class=\"fa fa-search-plus\" aria-hidden=\"true\"><\/i><br \/>\n\t\t\t\t\t\t<\/span><br \/>\n\t\t\t\t\t<\/figure>\n<div class=\"clear\"><\/div>\n<\/div>\n","protected":false},"excerpt":{"rendered":"Auf den Punkt gebracht Mit dem serienm\u00e4\u00dfigen Allradantrieb 4MATIC, der gr\u00f6\u00dferen Bodenfreiheit durch die ebenfalls serienm\u00e4\u00dfige Luftfederung AIRMATIC und dem&hellip;","protected":false},"author":0,"featured_media":138679,"comment_status":"","ping_status":"open","sticky":false,"template":"","format":"standard","meta":{"footnotes":""},"categories":[125],"tags":[],"class_list":["post-139360","post","type-post","status-publish","format-standard","has-post-thumbnail","hentry","category-auto-nachrichten"],"acf":[],"yoast_head":"<!-- This site is optimized with the Yoast SEO plugin v21.2 - https:\/\/yoast.com\/wordpress\/plugins\/seo\/ -->\n<title>Die neue Mercedes-Benz E-Klasse All-Terrain auf einen Blick - All cars news<\/title>\n<meta name=\"robots\" content=\"index, follow, max-snippet:-1, max-image-preview:large, max-video-preview:-1\" \/>\n<link rel=\"canonical\" href=\"https:\/\/all-car-news.com\/de\/die-neue-mercedes-benz-e-klasse-all-terrain-auf-einen-blick\/\" \/>\n<meta property=\"og:locale\" content=\"de_DE\" \/>\n<meta property=\"og:type\" content=\"article\" \/>\n<meta property=\"og:title\" content=\"Die neue Mercedes-Benz E-Klasse All-Terrain auf einen Blick - All cars news\" \/>\n<meta property=\"og:description\" content=\"Auf den Punkt gebracht Mit dem serienm\u00e4\u00dfigen Allradantrieb 4MATIC, der gr\u00f6\u00dferen Bodenfreiheit durch die ebenfalls serienm\u00e4\u00dfige Luftfederung AIRMATIC und dem Fahrprogramm Offroad&quot; meistert die neue Mercedes-Benz E-Klasse All-Terrain auch leichtes Gel\u00e4nde, wie z.B. unbefestigte Wege, auf ihren gr\u00f6\u00dferen R\u00e4dern sehr gut. Weitere praktische Details, die das Fahrerlebnis im Gel\u00e4nde verbessern, sind der Offroad-Bildschirm und die &#039;transparente Motorhaube&#039; als [...]\" \/>\n<meta property=\"og:url\" content=\"https:\/\/all-car-news.com\/de\/die-neue-mercedes-benz-e-klasse-all-terrain-auf-einen-blick\/\" \/>\n<meta property=\"og:site_name\" content=\"All cars news\" \/>\n<meta property=\"article:published_time\" content=\"2023-09-04T07:02:00+00:00\" \/>\n<meta property=\"og:image\" content=\"https:\/\/autorai.nl\/wp-content\/uploads\/2023\/09\/Mercedes-Benz-E-Klasse-All-Terrain-2023-foto-12.jpg\" \/>\n<meta name=\"twitter:card\" content=\"summary_large_image\" \/>\n<meta name=\"twitter:label1\" content=\"Gesch\u00e4tzte Lesezeit\" \/>\n\t<meta name=\"twitter:data1\" content=\"6\u00a0Minuten\" \/>\n<script type=\"application\/ld+json\" class=\"yoast-schema-graph\">{\"@context\":\"https:\/\/schema.org\",\"@graph\":[{\"@type\":\"Article\",\"@id\":\"https:\/\/all-car-news.com\/de\/die-neue-mercedes-benz-e-klasse-all-terrain-auf-einen-blick\/#article\",\"isPartOf\":{\"@id\":\"https:\/\/all-car-news.com\/de\/die-neue-mercedes-benz-e-klasse-all-terrain-auf-einen-blick\/\"},\"author\":{\"name\":\"\",\"@id\":\"\"},\"headline\":\"Die neue Mercedes-Benz E-Klasse All-Terrain auf einen Blick\",\"datePublished\":\"2023-09-04T07:02:00+00:00\",\"dateModified\":\"2023-09-04T07:02:00+00:00\",\"mainEntityOfPage\":{\"@id\":\"https:\/\/all-car-news.com\/de\/die-neue-mercedes-benz-e-klasse-all-terrain-auf-einen-blick\/\"},\"wordCount\":1168,\"publisher\":{\"@id\":\"https:\/\/all-car-news.com\/de\/#organization\"},\"articleSection\":[\"Auto Nachrichten\"],\"inLanguage\":\"de\"},{\"@type\":\"WebPage\",\"@id\":\"https:\/\/all-car-news.com\/de\/die-neue-mercedes-benz-e-klasse-all-terrain-auf-einen-blick\/\",\"url\":\"https:\/\/all-car-news.com\/de\/die-neue-mercedes-benz-e-klasse-all-terrain-auf-einen-blick\/\",\"name\":\"Die neue Mercedes-Benz E-Klasse All-Terrain auf einen Blick - All cars news\",\"isPartOf\":{\"@id\":\"https:\/\/all-car-news.com\/de\/#website\"},\"datePublished\":\"2023-09-04T07:02:00+00:00\",\"dateModified\":\"2023-09-04T07:02:00+00:00\",\"breadcrumb\":{\"@id\":\"https:\/\/all-car-news.com\/de\/die-neue-mercedes-benz-e-klasse-all-terrain-auf-einen-blick\/#breadcrumb\"},\"inLanguage\":\"de\",\"potentialAction\":[{\"@type\":\"ReadAction\",\"target\":[\"https:\/\/all-car-news.com\/de\/die-neue-mercedes-benz-e-klasse-all-terrain-auf-einen-blick\/\"]}]},{\"@type\":\"BreadcrumbList\",\"@id\":\"https:\/\/all-car-news.com\/de\/die-neue-mercedes-benz-e-klasse-all-terrain-auf-einen-blick\/#breadcrumb\",\"itemListElement\":[{\"@type\":\"ListItem\",\"position\":1,\"name\":\"Home\",\"item\":\"https:\/\/all-car-news.com\/de\/\"},{\"@type\":\"ListItem\",\"position\":2,\"name\":\"Die neue Mercedes-Benz E-Klasse All-Terrain auf einen Blick\"}]},{\"@type\":\"WebSite\",\"@id\":\"https:\/\/all-car-news.com\/de\/#website\",\"url\":\"https:\/\/all-car-news.com\/de\/\",\"name\":\"All cars news\",\"description\":\"\",\"publisher\":{\"@id\":\"https:\/\/all-car-news.com\/de\/#organization\"},\"potentialAction\":[{\"@type\":\"SearchAction\",\"target\":{\"@type\":\"EntryPoint\",\"urlTemplate\":\"https:\/\/all-car-news.com\/de\/?s={search_term_string}\"},\"query-input\":\"required name=search_term_string\"}],\"inLanguage\":\"de\"},{\"@type\":\"Organization\",\"@id\":\"https:\/\/all-car-news.com\/de\/#organization\",\"name\":\"All cars news\",\"url\":\"https:\/\/all-car-news.com\/de\/\",\"logo\":{\"@type\":\"ImageObject\",\"inLanguage\":\"de\",\"@id\":\"https:\/\/all-car-news.com\/de\/#\/schema\/logo\/image\/\",\"url\":\"https:\/\/all-car-news.com\/wp-content\/uploads\/2022\/02\/CMYK-AllCarNews_LANDSCAPE_300px-1.png\",\"contentUrl\":\"https:\/\/all-car-news.com\/wp-content\/uploads\/2022\/02\/CMYK-AllCarNews_LANDSCAPE_300px-1.png\",\"width\":300,\"height\":100,\"caption\":\"All cars news\"},\"image\":{\"@id\":\"https:\/\/all-car-news.com\/de\/#\/schema\/logo\/image\/\"}}]}<\/script>\n<!-- \/ Yoast SEO plugin. -->","yoast_head_json":{"title":"Die neue Mercedes-Benz E-Klasse All-Terrain auf einen Blick - All cars news","robots":{"index":"index","follow":"follow","max-snippet":"max-snippet:-1","max-image-preview":"max-image-preview:large","max-video-preview":"max-video-preview:-1"},"canonical":"https:\/\/all-car-news.com\/de\/die-neue-mercedes-benz-e-klasse-all-terrain-auf-einen-blick\/","og_locale":"de_DE","og_type":"article","og_title":"Die neue Mercedes-Benz E-Klasse All-Terrain auf einen Blick - All cars news","og_description":"Auf den Punkt gebracht Mit dem serienm\u00e4\u00dfigen Allradantrieb 4MATIC, der gr\u00f6\u00dferen Bodenfreiheit durch die ebenfalls serienm\u00e4\u00dfige Luftfederung AIRMATIC und dem Fahrprogramm Offroad\" meistert die neue Mercedes-Benz E-Klasse All-Terrain auch leichtes Gel\u00e4nde, wie z.B. unbefestigte Wege, auf ihren gr\u00f6\u00dferen R\u00e4dern sehr gut. Weitere praktische Details, die das Fahrerlebnis im Gel\u00e4nde verbessern, sind der Offroad-Bildschirm und die 'transparente Motorhaube' als [...]","og_url":"https:\/\/all-car-news.com\/de\/die-neue-mercedes-benz-e-klasse-all-terrain-auf-einen-blick\/","og_site_name":"All cars news","article_published_time":"2023-09-04T07:02:00+00:00","og_image":[{"url":"https:\/\/autorai.nl\/wp-content\/uploads\/2023\/09\/Mercedes-Benz-E-Klasse-All-Terrain-2023-foto-12.jpg"}],"twitter_card":"summary_large_image","twitter_misc":{"Gesch\u00e4tzte Lesezeit":"6\u00a0Minuten"},"schema":{"@context":"https:\/\/schema.org","@graph":[{"@type":"Article","@id":"https:\/\/all-car-news.com\/de\/die-neue-mercedes-benz-e-klasse-all-terrain-auf-einen-blick\/#article","isPartOf":{"@id":"https:\/\/all-car-news.com\/de\/die-neue-mercedes-benz-e-klasse-all-terrain-auf-einen-blick\/"},"author":{"name":"","@id":""},"headline":"Die neue Mercedes-Benz E-Klasse All-Terrain auf einen Blick","datePublished":"2023-09-04T07:02:00+00:00","dateModified":"2023-09-04T07:02:00+00:00","mainEntityOfPage":{"@id":"https:\/\/all-car-news.com\/de\/die-neue-mercedes-benz-e-klasse-all-terrain-auf-einen-blick\/"},"wordCount":1168,"publisher":{"@id":"https:\/\/all-car-news.com\/de\/#organization"},"articleSection":["Auto Nachrichten"],"inLanguage":"de"},{"@type":"WebPage","@id":"https:\/\/all-car-news.com\/de\/die-neue-mercedes-benz-e-klasse-all-terrain-auf-einen-blick\/","url":"https:\/\/all-car-news.com\/de\/die-neue-mercedes-benz-e-klasse-all-terrain-auf-einen-blick\/","name":"Die neue Mercedes-Benz E-Klasse All-Terrain auf einen Blick - All cars news","isPartOf":{"@id":"https:\/\/all-car-news.com\/de\/#website"},"datePublished":"2023-09-04T07:02:00+00:00","dateModified":"2023-09-04T07:02:00+00:00","breadcrumb":{"@id":"https:\/\/all-car-news.com\/de\/die-neue-mercedes-benz-e-klasse-all-terrain-auf-einen-blick\/#breadcrumb"},"inLanguage":"de","potentialAction":[{"@type":"ReadAction","target":["https:\/\/all-car-news.com\/de\/die-neue-mercedes-benz-e-klasse-all-terrain-auf-einen-blick\/"]}]},{"@type":"BreadcrumbList","@id":"https:\/\/all-car-news.com\/de\/die-neue-mercedes-benz-e-klasse-all-terrain-auf-einen-blick\/#breadcrumb","itemListElement":[{"@type":"ListItem","position":1,"name":"Home","item":"https:\/\/all-car-news.com\/de\/"},{"@type":"ListItem","position":2,"name":"Die neue Mercedes-Benz E-Klasse All-Terrain auf einen Blick"}]},{"@type":"WebSite","@id":"https:\/\/all-car-news.com\/de\/#website","url":"https:\/\/all-car-news.com\/de\/","name":"All cars news","description":"","publisher":{"@id":"https:\/\/all-car-news.com\/de\/#organization"},"potentialAction":[{"@type":"SearchAction","target":{"@type":"EntryPoint","urlTemplate":"https:\/\/all-car-news.com\/de\/?s={search_term_string}"},"query-input":"required name=search_term_string"}],"inLanguage":"de"},{"@type":"Organization","@id":"https:\/\/all-car-news.com\/de\/#organization","name":"All cars news","url":"https:\/\/all-car-news.com\/de\/","logo":{"@type":"ImageObject","inLanguage":"de","@id":"https:\/\/all-car-news.com\/de\/#\/schema\/logo\/image\/","url":"https:\/\/all-car-news.com\/wp-content\/uploads\/2022\/02\/CMYK-AllCarNews_LANDSCAPE_300px-1.png","contentUrl":"https:\/\/all-car-news.com\/wp-content\/uploads\/2022\/02\/CMYK-AllCarNews_LANDSCAPE_300px-1.png","width":300,"height":100,"caption":"All cars news"},"image":{"@id":"https:\/\/all-car-news.com\/de\/#\/schema\/logo\/image\/"}}]}},"_links":{"self":[{"href":"https:\/\/all-car-news.com\/de\/wp-json\/wp\/v2\/posts\/139360","targetHints":{"allow":["GET"]}}],"collection":[{"href":"https:\/\/all-car-news.com\/de\/wp-json\/wp\/v2\/posts"}],"about":[{"href":"https:\/\/all-car-news.com\/de\/wp-json\/wp\/v2\/types\/post"}],"replies":[{"embeddable":true,"href":"https:\/\/all-car-news.com\/de\/wp-json\/wp\/v2\/comments?post=139360"}],"version-history":[{"count":0,"href":"https:\/\/all-car-news.com\/de\/wp-json\/wp\/v2\/posts\/139360\/revisions"}],"wp:featuredmedia":[{"embeddable":true,"href":"https:\/\/all-car-news.com\/de\/wp-json\/wp\/v2\/media\/138679"}],"wp:attachment":[{"href":"https:\/\/all-car-news.com\/de\/wp-json\/wp\/v2\/media?parent=139360"}],"wp:term":[{"taxonomy":"category","embeddable":true,"href":"https:\/\/all-car-news.com\/de\/wp-json\/wp\/v2\/categories?post=139360"},{"taxonomy":"post_tag","embeddable":true,"href":"https:\/\/all-car-news.com\/de\/wp-json\/wp\/v2\/tags?post=139360"}],"curies":[{"name":"wp","href":"https:\/\/api.w.org\/{rel}","templated":true}]}}