{"id":139335,"date":"2023-06-09T10:06:45","date_gmt":"2023-06-09T10:06:45","guid":{"rendered":"https:\/\/all-car-news.com\/porsche-mission-x-tritt-in-die-fussstapfen-von-918-spyder-und-carrera-gt\/"},"modified":"2023-06-09T10:06:45","modified_gmt":"2023-06-09T10:06:45","slug":"porsche-mission-x-tritt-in-die-fussstapfen-von-918-spyder-und-carrera-gt","status":"publish","type":"post","link":"https:\/\/all-car-news.com\/de\/porsche-mission-x-tritt-in-die-fussstapfen-von-918-spyder-und-carrera-gt\/","title":{"rendered":"Porsche Mission X tritt in die Fu\u00dfstapfen von 918 Spyder und Carrera GT"},"content":{"rendered":"<h2>Symbolisch<\/h2>\n<p>Der Zeitpunkt der Enth\u00fcllung des Porsche Mission X ist auch symbolisch: Vor genau 75 Jahren wurde die Marke Porsche geboren. Am 8. Juni 1948 trug der 356 &#8222;No. 1&#8220; Roadster als erster Sportwagen den Namen Porsche.<\/p>\n<h2>Die Zukunft des Porsche-Hypercars<\/h2>\n<p>&#8222;Mit dem Mission X legen wir den Grundstein f\u00fcr den Sportwagen der Zukunft&#8220;, sagt Oliver Blume, Vorstandsvorsitzender von Porsche. &#8222;Er steht in der Nachfolge ber\u00fchmter Sportwagen vergangener Tage, wie dem 959, dem Carrera GT und dem 918 Spyder. Wie diese Ikonen gibt der Mission X der Entwicklung zuk\u00fcnftiger Fahrzeugkonzepte einen wichtigen Impuls. Bei Porsche sind &#8218;dare to dream&#8216; und Traumautos Synonyme: Die Marke hat sich nur durch st\u00e4ndige Ver\u00e4nderung erhalten.&#8220;<\/p>\n<h2>Abmessungen Porsche Mission X<\/h2>\n<p>Der Porsche Mission X &#8211; lackiert in Rocket Metallic &#8211; ist rund 4,50 Meter lang, weniger als 1,20 Meter hoch und 2,00 Meter breit. Das macht ihn zu einem relativ kompakten Hypercar. Sein Radstand von 2,73 Metern entspricht dem des Carrera GT und des 918 Spyder. Aus aerodynamischen Gr\u00fcnden hat der Mission X vorne 20-Zoll-R\u00e4der und hinten 21-Zoll-R\u00e4der. &#8222;Mit seiner unverwechselbaren Motorsport-DNA und seinem Luxus-Look verk\u00f6rpert der Mission X den Kern der Marke Porsche&#8220;, sagt Chefdesigner Michael Mauer.<\/p>\n<figure class=\"wp-block-image size-content\"><img decoding=\"async\" loading=\"lazy\" width=\"1140\" height=\"641\" src=\"https:\/\/autorai.nl\/wp-content\/uploads\/2023\/06\/porschemissionx4-1140x641.jpg\" alt=\"Porsche Mission X\" class=\"wp-image-160717\"><\/figure>\n<h2>Gestaltung Porsche Mission X<\/h2>\n<p>Mehrere Designelemente sind in Carbon ausgef\u00fchrt, dessen charakteristisches Webmuster deutlich sichtbar ist. Auch das Design des Mission X zeichnet sich durch besondere Details aus. So sind die Hinterr\u00e4der mit transparenten Aeroschaufeln ausgestattet, die durch ihren Turbineneffekt die Bremsenk\u00fchlung optimieren. \u00dcber den beiden Insassen befindet sich eine leichte Glaskuppel mit einem Rahmen aus CFK (kohlenstofffaserverst\u00e4rktem Kunststoff). Die T\u00fcren sind an der A-S\u00e4ule und am Dach aufgeh\u00e4ngt. Sie \u00f6ffnen sich im Stil von Le Mans nach vorne und nach oben.&nbsp;<\/p>\n<h2>Einzigartige Beleuchtung<\/h2>\n<p>Auch Porsche nutzte dieses Prinzip beim legend\u00e4ren Rennwagen 917. Die charakteristische Vier-Punkt-Lichtsignatur von Porsche spiegelt sich in Scheinwerfern wider, die von den vertikalen Lichteinheiten historischer Rennwagen wie dem 906 und 908 inspiriert sind. Die LED-Lichtmodule werden von einer ausgekl\u00fcgelten Struktur getragen, in der alle Lichtfunktionen zusammenlaufen. Am Heck scheint die Leuchteinheit mit dem ausgeschriebenen und beleuchteten Porsche-Namen zu schweben. Wenn der Akku geladen ist, pulsiert das &#8222;E&#8220; der Markenanzeige.  <\/p>\n<figure class=\"wp-block-image size-content\"><img decoding=\"async\" loading=\"lazy\" width=\"1140\" height=\"641\" src=\"https:\/\/autorai.nl\/wp-content\/uploads\/2023\/06\/porschemissionx6-1140x641.jpg\" alt=\"Porsche Mission X\" class=\"wp-image-160718\"><\/figure>\n<h2>Mit dem neuen, modernisierten Porsche-Logo<\/h2>\n<p>Der Mission X ist der erste Porsche, der das neue, modernisierte Porsche-Logo tr\u00e4gt. Diese befindet sich auf der vorderen Abdeckung, dem Lenkrad und den Radnaben.<\/p>\n<h2><strong>Innere<\/strong><\/h2>\n<p>Ein asymmetrisches Design und Sitze in verschiedenen Farben machen sofort deutlich, dass der Fahrer im Mittelpunkt des Innenraums steht. Die Sitze haben eine Basis aus Kohlefaser. Die Sechs-Punkt-Gurte sind direkt am Monocoque befestigt. Auch das Rennsport-Lenkrad mit Fahrmodus-Schaltern und Schaltwippen ist eine klare Referenz an den Motorsport. Die Mission X hat mehrere Kameras an Bord, die nach Dr\u00fccken der Aufnahmetaste auch aufzeichnen k\u00f6nnen.<\/p>\n<p>Ein besonderer Blickfang auf der Beifahrerseite ist das Bajonettsystem zur Anbringung eines Stoppuhrmoduls. Darin befindet sich eine von Porsche Design gestaltete Stoppuhr mit einer analogen und einer digitalen Anzeige. Die Uhren sind f\u00fcr den Renn- und Rallyeeinsatz geeignet. Sie zeigen unter anderem die Rundenzeiten an.<\/p>\n<h2><strong>Klare Ziele&nbsp;<\/strong><\/h2>\n<p>Sollte der Mission X in Serie gehen, m\u00fcsste er nach den Vorstellungen von Porsche diese Bedingungen erf\u00fcllen:<\/p>\n<ul>\n<li>Es soll das schnellste Auto mit Stra\u00dfenzulassung auf der N\u00fcrburgring Nordschleife sein<\/li>\n<li>Das Leistungsgewicht sollte etwa 1 PS pro kg betragen.<\/li>\n<li>Die Abtriebswerte sollen die des <a href=\"https:\/\/autorai.nl\/porsche-911-gt3-rs-2023-review\/\">911 GT3 RS<\/a> deutlich \u00fcbertreffen<\/li>\n<li>Mit seinem 900-Volt-System soll die Ladeleistung weiter verbessert werden: doppelt so schnelles Laden wie beim Taycan Turbo S&nbsp;<\/li>\n<\/ul>\n<div class=\"galery shuffle galery-0\">\n<figure>\n\t\t\t\t\t<span style=\"cursor: pointer\" data-src=\"https:\/\/autorai.nl\/wp-content\/uploads\/2023\/06\/porschemissionx1-1600x900.jpg\" data-fancybox=\"galery-0\" title=\"\"><br \/>\n\t\t\t\t\t\t\t<img decoding=\"async\" width=\"640\" height=\"480\" src=\"https:\/\/autorai.nl\/wp-content\/uploads\/2023\/06\/porschemissionx1-640x480.jpg\" class=\"attachment-medium size-medium\" alt=\"\" loading=\"lazy\"><i class=\"fa fa-search-plus\" aria-hidden=\"true\"><\/i><br \/>\n\t\t\t\t\t\t<\/span><br \/>\n\t\t\t\t\t<\/figure>\n<figure>\n\t\t\t\t\t<span style=\"cursor: pointer\" data-src=\"https:\/\/autorai.nl\/wp-content\/uploads\/2023\/06\/porschemissionx19-1600x900.jpg\" data-fancybox=\"galery-0\" title=\"\"><br \/>\n\t\t\t\t\t\t\t<img decoding=\"async\" width=\"360\" height=\"270\" src=\"https:\/\/autorai.nl\/wp-content\/uploads\/2023\/06\/porschemissionx19-360x270.jpg\" class=\"attachment-small size-small\" alt=\"\" loading=\"lazy\"><i class=\"fa fa-search-plus\" aria-hidden=\"true\"><\/i><br \/>\n\t\t\t\t\t\t<\/span><br \/>\n\t\t\t\t\t<\/figure>\n<figure>\n\t\t\t\t\t<span style=\"cursor: pointer\" data-src=\"https:\/\/autorai.nl\/wp-content\/uploads\/2023\/06\/porschemissionx18-1600x900.jpg\" data-fancybox=\"galery-0\" title=\"\"><br \/>\n\t\t\t\t\t\t\t<img decoding=\"async\" width=\"360\" height=\"270\" src=\"https:\/\/autorai.nl\/wp-content\/uploads\/2023\/06\/porschemissionx18-360x270.jpg\" class=\"attachment-small size-small\" alt=\"\" loading=\"lazy\"><i class=\"fa fa-search-plus\" aria-hidden=\"true\"><\/i><br \/>\n\t\t\t\t\t\t<\/span><br \/>\n\t\t\t\t\t<\/figure>\n<figure>\n\t\t\t\t\t<span style=\"cursor: pointer\" data-src=\"https:\/\/autorai.nl\/wp-content\/uploads\/2023\/06\/porschemissionx17-1600x900.jpg\" data-fancybox=\"galery-0\" title=\"\"><br \/>\n\t\t\t\t\t\t\t<img decoding=\"async\" width=\"640\" height=\"480\" src=\"https:\/\/autorai.nl\/wp-content\/uploads\/2023\/06\/porschemissionx17-640x480.jpg\" class=\"attachment-medium size-medium\" alt=\"\" loading=\"lazy\"><i class=\"fa fa-search-plus\" aria-hidden=\"true\"><\/i><br \/>\n\t\t\t\t\t\t<\/span><br \/>\n\t\t\t\t\t<\/figure>\n<figure>\n\t\t\t\t\t<span style=\"cursor: pointer\" data-src=\"https:\/\/autorai.nl\/wp-content\/uploads\/2023\/06\/porschemissionx16-1600x900.jpg\" data-fancybox=\"galery-0\" title=\"\"><br \/>\n\t\t\t\t\t\t\t<img decoding=\"async\" width=\"360\" height=\"270\" src=\"https:\/\/autorai.nl\/wp-content\/uploads\/2023\/06\/porschemissionx16-360x270.jpg\" class=\"attachment-small size-small\" alt=\"\" loading=\"lazy\"><i class=\"fa fa-search-plus\" aria-hidden=\"true\"><\/i><br \/>\n\t\t\t\t\t\t<\/span><br \/>\n\t\t\t\t\t<\/figure>\n<figure>\n\t\t\t\t\t<span style=\"cursor: pointer\" data-src=\"https:\/\/autorai.nl\/wp-content\/uploads\/2023\/06\/porschemissionx15-1600x900.jpg\" data-fancybox=\"galery-0\" title=\"\"><br \/>\n\t\t\t\t\t\t\t<img decoding=\"async\" width=\"360\" height=\"270\" src=\"https:\/\/autorai.nl\/wp-content\/uploads\/2023\/06\/porschemissionx15-360x270.jpg\" class=\"attachment-small size-small\" alt=\"\" loading=\"lazy\"><i class=\"fa fa-search-plus\" aria-hidden=\"true\"><\/i><br \/>\n\t\t\t\t\t\t<\/span><br \/>\n\t\t\t\t\t<\/figure>\n<figure>\n\t\t\t\t\t<span style=\"cursor: pointer\" data-src=\"https:\/\/autorai.nl\/wp-content\/uploads\/2023\/06\/porschemissionx14-1600x900.jpg\" data-fancybox=\"galery-0\" title=\"\"><br \/>\n\t\t\t\t\t\t\t<img decoding=\"async\" width=\"640\" height=\"480\" src=\"https:\/\/autorai.nl\/wp-content\/uploads\/2023\/06\/porschemissionx14-640x480.jpg\" class=\"attachment-medium size-medium\" alt=\"\" loading=\"lazy\"><i class=\"fa fa-search-plus\" aria-hidden=\"true\"><\/i><br \/>\n\t\t\t\t\t\t<\/span><br \/>\n\t\t\t\t\t<\/figure>\n<figure>\n\t\t\t\t\t<span style=\"cursor: pointer\" data-src=\"https:\/\/autorai.nl\/wp-content\/uploads\/2023\/06\/porschemissionx13-1600x900.jpg\" data-fancybox=\"galery-0\" title=\"\"><br \/>\n\t\t\t\t\t\t\t<img decoding=\"async\" width=\"360\" height=\"270\" src=\"https:\/\/autorai.nl\/wp-content\/uploads\/2023\/06\/porschemissionx13-360x270.jpg\" class=\"attachment-small size-small\" alt=\"\" loading=\"lazy\"><i class=\"fa fa-search-plus\" aria-hidden=\"true\"><\/i><br \/>\n\t\t\t\t\t\t<\/span><br \/>\n\t\t\t\t\t<\/figure>\n<figure>\n\t\t\t\t\t<span style=\"cursor: pointer\" data-src=\"https:\/\/autorai.nl\/wp-content\/uploads\/2023\/06\/porschemissionx12-1600x900.jpg\" data-fancybox=\"galery-0\" title=\"\"><br \/>\n\t\t\t\t\t\t\t<img decoding=\"async\" width=\"360\" height=\"270\" src=\"https:\/\/autorai.nl\/wp-content\/uploads\/2023\/06\/porschemissionx12-360x270.jpg\" class=\"attachment-small size-small\" alt=\"\" loading=\"lazy\"><i class=\"fa fa-search-plus\" aria-hidden=\"true\"><\/i><br \/>\n\t\t\t\t\t\t<\/span><br \/>\n\t\t\t\t\t<\/figure>\n<figure>\n\t\t\t\t\t<span style=\"cursor: pointer\" data-src=\"https:\/\/autorai.nl\/wp-content\/uploads\/2023\/06\/porschemissionx11-1600x900.jpg\" data-fancybox=\"galery-0\" title=\"\"><br \/>\n\t\t\t\t\t\t\t<img decoding=\"async\" width=\"640\" height=\"480\" src=\"https:\/\/autorai.nl\/wp-content\/uploads\/2023\/06\/porschemissionx11-640x480.jpg\" class=\"attachment-medium size-medium\" alt=\"\" loading=\"lazy\"><i class=\"fa fa-search-plus\" aria-hidden=\"true\"><\/i><br \/>\n\t\t\t\t\t\t<\/span><br \/>\n\t\t\t\t\t<\/figure>\n<figure>\n\t\t\t\t\t<span style=\"cursor: pointer\" data-src=\"https:\/\/autorai.nl\/wp-content\/uploads\/2023\/06\/porschemissionx10-1600x900.jpg\" data-fancybox=\"galery-0\" title=\"\"><br \/>\n\t\t\t\t\t\t\t<img decoding=\"async\" width=\"360\" height=\"270\" src=\"https:\/\/autorai.nl\/wp-content\/uploads\/2023\/06\/porschemissionx10-360x270.jpg\" class=\"attachment-small size-small\" alt=\"\" loading=\"lazy\"><i class=\"fa fa-search-plus\" aria-hidden=\"true\"><\/i><br \/>\n\t\t\t\t\t\t<\/span><br \/>\n\t\t\t\t\t<\/figure>\n<figure>\n\t\t\t\t\t<span style=\"cursor: pointer\" data-src=\"https:\/\/autorai.nl\/wp-content\/uploads\/2023\/06\/porschemissionx9-1600x900.jpg\" data-fancybox=\"galery-0\" title=\"\"><br \/>\n\t\t\t\t\t\t\t<img decoding=\"async\" width=\"360\" height=\"270\" src=\"https:\/\/autorai.nl\/wp-content\/uploads\/2023\/06\/porschemissionx9-360x270.jpg\" class=\"attachment-small size-small\" alt=\"\" loading=\"lazy\"><i class=\"fa fa-search-plus\" aria-hidden=\"true\"><\/i><br \/>\n\t\t\t\t\t\t<\/span><br \/>\n\t\t\t\t\t<\/figure>\n<figure>\n\t\t\t\t\t<span style=\"cursor: pointer\" data-src=\"https:\/\/autorai.nl\/wp-content\/uploads\/2023\/06\/porschemissionx8-1600x900.jpg\" data-fancybox=\"galery-0\" title=\"\"><br \/>\n\t\t\t\t\t\t\t<img decoding=\"async\" width=\"640\" height=\"480\" src=\"https:\/\/autorai.nl\/wp-content\/uploads\/2023\/06\/porschemissionx8-640x480.jpg\" class=\"attachment-medium size-medium\" alt=\"\" loading=\"lazy\"><i class=\"fa fa-search-plus\" aria-hidden=\"true\"><\/i><br \/>\n\t\t\t\t\t\t<\/span><br \/>\n\t\t\t\t\t<\/figure>\n<figure>\n\t\t\t\t\t<span style=\"cursor: pointer\" data-src=\"https:\/\/autorai.nl\/wp-content\/uploads\/2023\/06\/porschemissionx7-1600x900.jpg\" data-fancybox=\"galery-0\" title=\"\"><br \/>\n\t\t\t\t\t\t\t<img decoding=\"async\" width=\"360\" height=\"270\" src=\"https:\/\/autorai.nl\/wp-content\/uploads\/2023\/06\/porschemissionx7-360x270.jpg\" class=\"attachment-small size-small\" alt=\"\" loading=\"lazy\"><i class=\"fa fa-search-plus\" aria-hidden=\"true\"><\/i><br \/>\n\t\t\t\t\t\t<\/span><br \/>\n\t\t\t\t\t<\/figure>\n<figure>\n\t\t\t\t\t<span style=\"cursor: pointer\" data-src=\"https:\/\/autorai.nl\/wp-content\/uploads\/2023\/06\/porschemissionx6-1600x900.jpg\" data-fancybox=\"galery-0\" title=\"\"><br \/>\n\t\t\t\t\t\t\t<img decoding=\"async\" width=\"360\" height=\"270\" src=\"https:\/\/autorai.nl\/wp-content\/uploads\/2023\/06\/porschemissionx6-360x270.jpg\" class=\"attachment-small size-small\" alt=\"Porsche Mission X\" loading=\"lazy\"><i class=\"fa fa-search-plus\" aria-hidden=\"true\"><\/i><br \/>\n\t\t\t\t\t\t<\/span><br \/>\n\t\t\t\t\t<\/figure>\n<figure>\n\t\t\t\t\t<span style=\"cursor: pointer\" data-src=\"https:\/\/autorai.nl\/wp-content\/uploads\/2023\/06\/porschemissionx4-1600x900.jpg\" data-fancybox=\"galery-0\" title=\"\"><br \/>\n\t\t\t\t\t\t\t<img decoding=\"async\" width=\"640\" height=\"480\" src=\"https:\/\/autorai.nl\/wp-content\/uploads\/2023\/06\/porschemissionx4-640x480.jpg\" class=\"attachment-medium size-medium\" alt=\"Porsche Mission X\" loading=\"lazy\"><i class=\"fa fa-search-plus\" aria-hidden=\"true\"><\/i><br \/>\n\t\t\t\t\t\t<\/span><br \/>\n\t\t\t\t\t<\/figure>\n<figure>\n\t\t\t\t\t<span style=\"cursor: pointer\" data-src=\"https:\/\/autorai.nl\/wp-content\/uploads\/2023\/06\/porschemissionx3-1600x900.jpg\" data-fancybox=\"galery-0\" title=\"\"><br \/>\n\t\t\t\t\t\t\t<img decoding=\"async\" width=\"360\" height=\"270\" src=\"https:\/\/autorai.nl\/wp-content\/uploads\/2023\/06\/porschemissionx3-360x270.jpg\" class=\"attachment-small size-small\" alt=\"\" loading=\"lazy\"><i class=\"fa fa-search-plus\" aria-hidden=\"true\"><\/i><br \/>\n\t\t\t\t\t\t<\/span><br \/>\n\t\t\t\t\t<\/figure>\n<figure>\n\t\t\t\t\t<span style=\"cursor: pointer\" data-src=\"https:\/\/autorai.nl\/wp-content\/uploads\/2023\/06\/porschemissionx2-1600x900.jpg\" data-fancybox=\"galery-0\" title=\"\"><br \/>\n\t\t\t\t\t\t\t<img decoding=\"async\" width=\"360\" height=\"270\" src=\"https:\/\/autorai.nl\/wp-content\/uploads\/2023\/06\/porschemissionx2-360x270.jpg\" class=\"attachment-small size-small\" alt=\"Porsche Mission X\" loading=\"lazy\"><i class=\"fa fa-search-plus\" aria-hidden=\"true\"><\/i><br \/>\n\t\t\t\t\t\t<\/span><br \/>\n\t\t\t\t\t<\/figure>\n<div class=\"clear\"><\/div>\n<\/div>\n<h2>Die Vorg\u00e4ngermodelle des Porsche Mission S&nbsp;<\/h2>\n<p>Alle Vorg\u00e4ngermodelle des Mission X waren \u00e4u\u00dferst innovative Supersportwagen.<\/p>\n<p>Im Jahr 1985 deb\u00fctierte der 959 als Technologieplattform. Er verf\u00fcgte \u00fcber einen 450 PS starken Sechszylinder-Twin-Turbo-Boxermotor und eine sehr stromlinienf\u00f6rmige Karosserie. Damit war er f\u00fcr eine H\u00f6chstgeschwindigkeit von 317 km\/h gut. Damit war er das schnellste Serienfahrzeug seiner Zeit.<\/p>\n<p>Der Carrera GT (2003) war der erste Serien-Porsche, der aus Kohlefaser gefertigt wurde. Auch dank seines 612 PS starken V10 und seines unglaublichen Handlings wurde der Carrera GT zu einer Ikone.<\/p>\n<p>Der 918 Spyder war das erste stra\u00dfenzugelassene Auto, das auf der N\u00fcrburgring-Nordschleife eine Rundenzeit von weniger als 7 Minuten (6:57 min) erzielte. Dies ist vor allem der fortschrittlichen Hybridtechnologie zu verdanken, mit der der 918 Spyder eine Systemleistung von 652 kW\/887 PS erbrachte.&nbsp;&nbsp;<\/p>\n<p>Porsche h\u00e4lt an hohen Ma\u00dfst\u00e4ben fest und wagt laut zu tr\u00e4umen: Sollte der Mission X in Serie gehen, soll er auch und wieder das schnellste stra\u00dfenzugelassene Auto auf der 20,6 Kilometer langen N\u00fcrburgring-Nordschleife sein.<\/p>\n<h2>Wird der Porsche Mission X in Produktion gehen?<\/h2>\n<p>Ob der Porsche Mission X in Serie gehen wird? Eine konkrete Antwort darauf hat Porsche noch nicht. Doch der Hersteller verr\u00e4t mit einem Satz, dass sie tats\u00e4chlich kommen wird. Schlie\u00dflich soll es das schnellste Auto mit Stra\u00dfenzulassung auf der N\u00fcrburgring-Nordschleife sein. Der Begriff &#8222;stra\u00dfenzugelassen&#8220; bedeutet, dass Porsche ein Homologationsverfahren f\u00fcr den Mission X einleitet, das hei\u00dft, das Fahrzeug wird f\u00fcr den Stra\u00dfeneinsatz vorbereitet. Die Chance ist gro\u00df, dass er in limitierter Auflage auf den Markt kommen wird.<\/p><\/p>\n","protected":false},"excerpt":{"rendered":"Symbolisch Der Zeitpunkt der Enth\u00fcllung des Porsche Mission X ist auch symbolisch: Vor genau 75 Jahren wurde die Marke Porsche&hellip;","protected":false},"author":0,"featured_media":136399,"comment_status":"","ping_status":"open","sticky":false,"template":"","format":"standard","meta":{"footnotes":""},"categories":[125,128],"tags":[],"class_list":["post-139335","post","type-post","status-publish","format-standard","has-post-thumbnail","hentry","category-auto-nachrichten","category-hintergrund"],"acf":[],"yoast_head":"<!-- This site is optimized with the Yoast SEO plugin v21.2 - https:\/\/yoast.com\/wordpress\/plugins\/seo\/ -->\n<title>Porsche Mission X tritt in die Fu\u00dfstapfen von 918 Spyder und Carrera GT - All cars news<\/title>\n<meta name=\"robots\" content=\"index, follow, max-snippet:-1, max-image-preview:large, max-video-preview:-1\" \/>\n<link rel=\"canonical\" href=\"https:\/\/all-car-news.com\/de\/porsche-mission-x-tritt-in-die-fussstapfen-von-918-spyder-und-carrera-gt\/\" \/>\n<meta property=\"og:locale\" content=\"de_DE\" \/>\n<meta property=\"og:type\" content=\"article\" \/>\n<meta property=\"og:title\" content=\"Porsche Mission X tritt in die Fu\u00dfstapfen von 918 Spyder und Carrera GT - All cars news\" \/>\n<meta property=\"og:description\" content=\"Symbolisch Der Zeitpunkt der Enth\u00fcllung des Porsche Mission X ist auch symbolisch: Vor genau 75 Jahren wurde die Marke Porsche geboren. Am 8. Juni 1948 trug der 356 &quot;No. 1&quot; Roadster als erster Sportwagen den Namen Porsche. Zukunft des Porsche-Hypercars &quot;Der Mission X legt den Grundstein f\u00fcr den Sportwagen [...]\" \/>\n<meta property=\"og:url\" content=\"https:\/\/all-car-news.com\/de\/porsche-mission-x-tritt-in-die-fussstapfen-von-918-spyder-und-carrera-gt\/\" \/>\n<meta property=\"og:site_name\" content=\"All cars news\" \/>\n<meta property=\"article:published_time\" content=\"2023-06-09T10:06:45+00:00\" \/>\n<meta property=\"og:image\" content=\"https:\/\/autorai.nl\/wp-content\/uploads\/2023\/06\/porschemissionx4-1140x641.jpg\" \/>\n<meta name=\"twitter:card\" content=\"summary_large_image\" \/>\n<meta name=\"twitter:label1\" content=\"Gesch\u00e4tzte Lesezeit\" \/>\n\t<meta name=\"twitter:data1\" content=\"4\u00a0Minuten\" \/>\n<script type=\"application\/ld+json\" class=\"yoast-schema-graph\">{\"@context\":\"https:\/\/schema.org\",\"@graph\":[{\"@type\":\"Article\",\"@id\":\"https:\/\/all-car-news.com\/de\/porsche-mission-x-tritt-in-die-fussstapfen-von-918-spyder-und-carrera-gt\/#article\",\"isPartOf\":{\"@id\":\"https:\/\/all-car-news.com\/de\/porsche-mission-x-tritt-in-die-fussstapfen-von-918-spyder-und-carrera-gt\/\"},\"author\":{\"name\":\"\",\"@id\":\"\"},\"headline\":\"Porsche Mission X tritt in die Fu\u00dfstapfen von 918 Spyder und Carrera GT\",\"datePublished\":\"2023-06-09T10:06:45+00:00\",\"dateModified\":\"2023-06-09T10:06:45+00:00\",\"mainEntityOfPage\":{\"@id\":\"https:\/\/all-car-news.com\/de\/porsche-mission-x-tritt-in-die-fussstapfen-von-918-spyder-und-carrera-gt\/\"},\"wordCount\":844,\"publisher\":{\"@id\":\"https:\/\/all-car-news.com\/de\/#organization\"},\"articleSection\":[\"Auto Nachrichten\",\"Hintergrund\"],\"inLanguage\":\"de\"},{\"@type\":\"WebPage\",\"@id\":\"https:\/\/all-car-news.com\/de\/porsche-mission-x-tritt-in-die-fussstapfen-von-918-spyder-und-carrera-gt\/\",\"url\":\"https:\/\/all-car-news.com\/de\/porsche-mission-x-tritt-in-die-fussstapfen-von-918-spyder-und-carrera-gt\/\",\"name\":\"Porsche Mission X tritt in die Fu\u00dfstapfen von 918 Spyder und Carrera GT - All cars news\",\"isPartOf\":{\"@id\":\"https:\/\/all-car-news.com\/de\/#website\"},\"datePublished\":\"2023-06-09T10:06:45+00:00\",\"dateModified\":\"2023-06-09T10:06:45+00:00\",\"breadcrumb\":{\"@id\":\"https:\/\/all-car-news.com\/de\/porsche-mission-x-tritt-in-die-fussstapfen-von-918-spyder-und-carrera-gt\/#breadcrumb\"},\"inLanguage\":\"de\",\"potentialAction\":[{\"@type\":\"ReadAction\",\"target\":[\"https:\/\/all-car-news.com\/de\/porsche-mission-x-tritt-in-die-fussstapfen-von-918-spyder-und-carrera-gt\/\"]}]},{\"@type\":\"BreadcrumbList\",\"@id\":\"https:\/\/all-car-news.com\/de\/porsche-mission-x-tritt-in-die-fussstapfen-von-918-spyder-und-carrera-gt\/#breadcrumb\",\"itemListElement\":[{\"@type\":\"ListItem\",\"position\":1,\"name\":\"Home\",\"item\":\"https:\/\/all-car-news.com\/de\/\"},{\"@type\":\"ListItem\",\"position\":2,\"name\":\"Porsche Mission X tritt in die Fu\u00dfstapfen von 918 Spyder und Carrera GT\"}]},{\"@type\":\"WebSite\",\"@id\":\"https:\/\/all-car-news.com\/de\/#website\",\"url\":\"https:\/\/all-car-news.com\/de\/\",\"name\":\"All cars news\",\"description\":\"\",\"publisher\":{\"@id\":\"https:\/\/all-car-news.com\/de\/#organization\"},\"potentialAction\":[{\"@type\":\"SearchAction\",\"target\":{\"@type\":\"EntryPoint\",\"urlTemplate\":\"https:\/\/all-car-news.com\/de\/?s={search_term_string}\"},\"query-input\":\"required name=search_term_string\"}],\"inLanguage\":\"de\"},{\"@type\":\"Organization\",\"@id\":\"https:\/\/all-car-news.com\/de\/#organization\",\"name\":\"All cars news\",\"url\":\"https:\/\/all-car-news.com\/de\/\",\"logo\":{\"@type\":\"ImageObject\",\"inLanguage\":\"de\",\"@id\":\"https:\/\/all-car-news.com\/de\/#\/schema\/logo\/image\/\",\"url\":\"https:\/\/all-car-news.com\/wp-content\/uploads\/2022\/02\/CMYK-AllCarNews_LANDSCAPE_300px-1.png\",\"contentUrl\":\"https:\/\/all-car-news.com\/wp-content\/uploads\/2022\/02\/CMYK-AllCarNews_LANDSCAPE_300px-1.png\",\"width\":300,\"height\":100,\"caption\":\"All cars news\"},\"image\":{\"@id\":\"https:\/\/all-car-news.com\/de\/#\/schema\/logo\/image\/\"}}]}<\/script>\n<!-- \/ Yoast SEO plugin. -->","yoast_head_json":{"title":"Porsche Mission X tritt in die Fu\u00dfstapfen von 918 Spyder und Carrera GT - All cars news","robots":{"index":"index","follow":"follow","max-snippet":"max-snippet:-1","max-image-preview":"max-image-preview:large","max-video-preview":"max-video-preview:-1"},"canonical":"https:\/\/all-car-news.com\/de\/porsche-mission-x-tritt-in-die-fussstapfen-von-918-spyder-und-carrera-gt\/","og_locale":"de_DE","og_type":"article","og_title":"Porsche Mission X tritt in die Fu\u00dfstapfen von 918 Spyder und Carrera GT - All cars news","og_description":"Symbolisch Der Zeitpunkt der Enth\u00fcllung des Porsche Mission X ist auch symbolisch: Vor genau 75 Jahren wurde die Marke Porsche geboren. Am 8. Juni 1948 trug der 356 \"No. 1\" Roadster als erster Sportwagen den Namen Porsche. Zukunft des Porsche-Hypercars \"Der Mission X legt den Grundstein f\u00fcr den Sportwagen [...]","og_url":"https:\/\/all-car-news.com\/de\/porsche-mission-x-tritt-in-die-fussstapfen-von-918-spyder-und-carrera-gt\/","og_site_name":"All cars news","article_published_time":"2023-06-09T10:06:45+00:00","og_image":[{"url":"https:\/\/autorai.nl\/wp-content\/uploads\/2023\/06\/porschemissionx4-1140x641.jpg"}],"twitter_card":"summary_large_image","twitter_misc":{"Gesch\u00e4tzte Lesezeit":"4\u00a0Minuten"},"schema":{"@context":"https:\/\/schema.org","@graph":[{"@type":"Article","@id":"https:\/\/all-car-news.com\/de\/porsche-mission-x-tritt-in-die-fussstapfen-von-918-spyder-und-carrera-gt\/#article","isPartOf":{"@id":"https:\/\/all-car-news.com\/de\/porsche-mission-x-tritt-in-die-fussstapfen-von-918-spyder-und-carrera-gt\/"},"author":{"name":"","@id":""},"headline":"Porsche Mission X tritt in die Fu\u00dfstapfen von 918 Spyder und Carrera GT","datePublished":"2023-06-09T10:06:45+00:00","dateModified":"2023-06-09T10:06:45+00:00","mainEntityOfPage":{"@id":"https:\/\/all-car-news.com\/de\/porsche-mission-x-tritt-in-die-fussstapfen-von-918-spyder-und-carrera-gt\/"},"wordCount":844,"publisher":{"@id":"https:\/\/all-car-news.com\/de\/#organization"},"articleSection":["Auto Nachrichten","Hintergrund"],"inLanguage":"de"},{"@type":"WebPage","@id":"https:\/\/all-car-news.com\/de\/porsche-mission-x-tritt-in-die-fussstapfen-von-918-spyder-und-carrera-gt\/","url":"https:\/\/all-car-news.com\/de\/porsche-mission-x-tritt-in-die-fussstapfen-von-918-spyder-und-carrera-gt\/","name":"Porsche Mission X tritt in die Fu\u00dfstapfen von 918 Spyder und Carrera GT - All cars news","isPartOf":{"@id":"https:\/\/all-car-news.com\/de\/#website"},"datePublished":"2023-06-09T10:06:45+00:00","dateModified":"2023-06-09T10:06:45+00:00","breadcrumb":{"@id":"https:\/\/all-car-news.com\/de\/porsche-mission-x-tritt-in-die-fussstapfen-von-918-spyder-und-carrera-gt\/#breadcrumb"},"inLanguage":"de","potentialAction":[{"@type":"ReadAction","target":["https:\/\/all-car-news.com\/de\/porsche-mission-x-tritt-in-die-fussstapfen-von-918-spyder-und-carrera-gt\/"]}]},{"@type":"BreadcrumbList","@id":"https:\/\/all-car-news.com\/de\/porsche-mission-x-tritt-in-die-fussstapfen-von-918-spyder-und-carrera-gt\/#breadcrumb","itemListElement":[{"@type":"ListItem","position":1,"name":"Home","item":"https:\/\/all-car-news.com\/de\/"},{"@type":"ListItem","position":2,"name":"Porsche Mission X tritt in die Fu\u00dfstapfen von 918 Spyder und Carrera GT"}]},{"@type":"WebSite","@id":"https:\/\/all-car-news.com\/de\/#website","url":"https:\/\/all-car-news.com\/de\/","name":"All cars news","description":"","publisher":{"@id":"https:\/\/all-car-news.com\/de\/#organization"},"potentialAction":[{"@type":"SearchAction","target":{"@type":"EntryPoint","urlTemplate":"https:\/\/all-car-news.com\/de\/?s={search_term_string}"},"query-input":"required name=search_term_string"}],"inLanguage":"de"},{"@type":"Organization","@id":"https:\/\/all-car-news.com\/de\/#organization","name":"All cars news","url":"https:\/\/all-car-news.com\/de\/","logo":{"@type":"ImageObject","inLanguage":"de","@id":"https:\/\/all-car-news.com\/de\/#\/schema\/logo\/image\/","url":"https:\/\/all-car-news.com\/wp-content\/uploads\/2022\/02\/CMYK-AllCarNews_LANDSCAPE_300px-1.png","contentUrl":"https:\/\/all-car-news.com\/wp-content\/uploads\/2022\/02\/CMYK-AllCarNews_LANDSCAPE_300px-1.png","width":300,"height":100,"caption":"All cars news"},"image":{"@id":"https:\/\/all-car-news.com\/de\/#\/schema\/logo\/image\/"}}]}},"_links":{"self":[{"href":"https:\/\/all-car-news.com\/de\/wp-json\/wp\/v2\/posts\/139335","targetHints":{"allow":["GET"]}}],"collection":[{"href":"https:\/\/all-car-news.com\/de\/wp-json\/wp\/v2\/posts"}],"about":[{"href":"https:\/\/all-car-news.com\/de\/wp-json\/wp\/v2\/types\/post"}],"replies":[{"embeddable":true,"href":"https:\/\/all-car-news.com\/de\/wp-json\/wp\/v2\/comments?post=139335"}],"version-history":[{"count":0,"href":"https:\/\/all-car-news.com\/de\/wp-json\/wp\/v2\/posts\/139335\/revisions"}],"wp:featuredmedia":[{"embeddable":true,"href":"https:\/\/all-car-news.com\/de\/wp-json\/wp\/v2\/media\/136399"}],"wp:attachment":[{"href":"https:\/\/all-car-news.com\/de\/wp-json\/wp\/v2\/media?parent=139335"}],"wp:term":[{"taxonomy":"category","embeddable":true,"href":"https:\/\/all-car-news.com\/de\/wp-json\/wp\/v2\/categories?post=139335"},{"taxonomy":"post_tag","embeddable":true,"href":"https:\/\/all-car-news.com\/de\/wp-json\/wp\/v2\/tags?post=139335"}],"curies":[{"name":"wp","href":"https:\/\/api.w.org\/{rel}","templated":true}]}}